{"id":425842,"date":"2026-03-29T08:02:18","date_gmt":"2026-03-29T11:02:18","guid":{"rendered":"https:\/\/portaltela.pt\/noticias\/2026\/03\/29\/melhores-fotografias-de-partos-do-ano\/"},"modified":"2026-03-29T08:02:18","modified_gmt":"2026-03-29T11:02:18","slug":"melhores-fotografias-de-partos-do-ano","status":"publish","type":"post","link":"https:\/\/portaltela.pt\/sociedade\/2026\/03\/29\/melhores-fotografias-de-partos-do-ano\/","title":{"rendered":"Melhores fotografias de partos do ano"},"content":{"rendered":"<p>O concurso anual da Associa\u00e7\u00e3o Internacional de Fot\u00f3grafos de Nascimento Profissionais (IAPBP) revelou as melhores imagens de partos de 2026. Participaram 1100 fot\u00f3grafos de 55 pa\u00edses, com imagens de partos em casa, banheiras, cesarianas e momentos de emo\u00e7\u00e3o.<\/p>\n<p>A vencedora foi Parto Renascentista, de Albany Alvarez, do M\u00e9xico. A foto mostra uma mulher a descansar a cabe\u00e7a no colo do companheiro, com luz que sugere uma pintura. A imagem foi premiada entre v\u00e1rias em concurso.<\/p>\n<p>A IAPBP distinguiu ainda trabalhos nas categorias Detalhes do Nascimento, Trabalho de Parto, Parto e P\u00f3s-Parto. A edi\u00e7\u00e3o de 16 anos mostra diversidade de cenas e locais onde a vida come\u00e7a, destacando a sensibilidade do tema.<\/p>\n<h3>Destaques e reconhecimentos<\/h3>\n<p>Entre os vencedores, destacam-se as imagens escolhidas pela equipa do concurso, pela vota\u00e7\u00e3o do p\u00fablico e por men\u00e7\u00f5es honrosas. Os temas v\u00e3o desde detalhes do nascimento at\u00e9 momentos de entrega e de apoio \u00e0 m\u00e3e.<\/p>\n<p>Entre as obras reconhecidas, figuram t\u00edtulos como Birth Details: The Next Push, Renaissance birth e Welcome To The Light, bem como projetos escolhidos pelo p\u00fablico, incluindo Shape of Love e From Within.<\/p>\n<p>As imagens premiadas refletem a diversidade de cen\u00e1rios e abordagens na fotografia de nascimento, mantendo o foco na experi\u00eancia humana envolvida no nascimento.<\/p>\n","protected":false},"excerpt":{"rendered":"<ul>\n<li>O concurso anual da Associa\u00e7\u00e3o Internacional de Fot\u00f3grafos de Nascimento Profissionais (IAPBP) reuniu 1.100 fot\u00f3grafos de 55 pa\u00edses, na sua 16.\u00aa edi\u00e7\u00e3o.<\/li>\n<li>A vencedora \u00e9 Albany Alvarez, do M\u00e9xico, com a foto intitulada &#8220;Parto Renascentista&#8221;, que mostra uma mulher a descansar a cabe\u00e7a no colo do homem.<\/li>\n<li>O j\u00fari distinguiu imagens nas categorias Detalhes do Nascimento, Trabalho de Parto, Parto e P\u00f3s-Parto.<\/li>\n<li>A exposi\u00e7\u00e3o mostra partos em casa, em banheiras, cesarianas, com gritos e l\u00e1grimas, destacando a diversidade de cen\u00e1rios.<\/li>\n<li>A Fotogaleria cont\u00e9m imagens expl\u00edcitas que podem impressionar os leitores menos sens\u00edveis.<\/li>\n<\/ul>\n","protected":false},"author":2,"featured_media":425843,"comment_status":"closed","ping_status":"closed","sticky":false,"template":"","format":"standard","meta":{"footnotes":""},"categories":[6745,6871],"tags":[247,81,115,6380,4737],"class_list":["post-425842","post","type-post","status-publish","format-standard","has-post-thumbnail","hentry","category-saude","category-sociedade","tag-fotografia","tag-internacionais","tag-maternidade","tag-mexico","tag-partos"],"yoast_head":"<!-- This site is optimized with the Yoast SEO plugin v27.2 - https:\/\/yoast.com\/product\/yoast-seo-wordpress\/ -->\n<title>Melhores fotografias de partos do ano - Portal Tela Portugal<\/title>\n<meta name=\"robots\" content=\"index, follow, max-snippet:-1, max-image-preview:large, max-video-preview:-1\" \/>\n<meta property=\"og:locale\" content=\"pt_PT\" \/>\n<meta property=\"og:type\" content=\"article\" \/>\n<meta property=\"og:title\" content=\"Melhores fotografias de partos do ano - Portal Tela Portugal\" \/>\n<meta property=\"og:description\" content=\"O concurso anual da Associa\u00e7\u00e3o Internacional de Fot\u00f3grafos de Nascimento Profissionais (IAPBP) reuniu 1.100 fot\u00f3grafos de 55 pa\u00edses, na sua 16.\u00aa edi\u00e7\u00e3o. A vencedora \u00e9 Albany Alvarez, do M\u00e9xico, com a foto intitulada &quot;Parto Renascentista&quot;, que mostra uma mulher a descansar a cabe\u00e7a no colo do homem. O j\u00fari distinguiu imagens nas categorias Detalhes do Nascimento, Trabalho de Parto, Parto e P\u00f3s-Parto. A exposi\u00e7\u00e3o mostra partos em casa, em banheiras, cesarianas, com gritos e l\u00e1grimas, destacando a diversidade de cen\u00e1rios. A Fotogaleria cont\u00e9m imagens expl\u00edcitas que podem impressionar os leitores menos sens\u00edveis.\" \/>\n<meta property=\"og:url\" content=\"https:\/\/portaltela.pt\/noticias\/2026\/03\/29\/melhores-fotografias-de-partos-do-ano\/\" \/>\n<meta property=\"og:site_name\" content=\"Portal Tela Portugal\" \/>\n<meta property=\"article:published_time\" content=\"2026-03-29T11:02:18+00:00\" \/>\n<meta name=\"author\" content=\"Telinha\" \/>\n<meta name=\"twitter:card\" content=\"summary_large_image\" \/>\n<meta name=\"twitter:label1\" content=\"Escrito por\" \/>\n\t<meta name=\"twitter:data1\" content=\"Telinha\" \/>\n\t<meta name=\"twitter:label2\" content=\"Tempo estimado de leitura\" \/>\n\t<meta name=\"twitter:data2\" content=\"1 minuto\" \/>\n<script type=\"application\/ld+json\" class=\"yoast-schema-graph\">{\"@context\":\"https:\/\/schema.org\",\"@graph\":[{\"@type\":\"Article\",\"@id\":\"https:\/\/portaltela.pt\/noticias\/2026\/03\/29\/melhores-fotografias-de-partos-do-ano\/#article\",\"isPartOf\":{\"@id\":\"https:\/\/portaltela.pt\/noticias\/2026\/03\/29\/melhores-fotografias-de-partos-do-ano\/\"},\"author\":{\"name\":\"Telinha\",\"@id\":\"https:\/\/portaltela.pt\/#\/schema\/person\/c4278d4a6028830caff9ee44b42d32ed\"},\"headline\":\"Melhores fotografias de partos do ano\",\"datePublished\":\"2026-03-29T11:02:18+00:00\",\"mainEntityOfPage\":{\"@id\":\"https:\/\/portaltela.pt\/noticias\/2026\/03\/29\/melhores-fotografias-de-partos-do-ano\/\"},\"wordCount\":225,\"image\":{\"@id\":\"https:\/\/portaltela.pt\/noticias\/2026\/03\/29\/melhores-fotografias-de-partos-do-ano\/#primaryimage\"},\"thumbnailUrl\":\"https:\/\/portaltela.pt\/s.01k8rhncp4jt1\/2026\/03\/822302.jpg\",\"keywords\":[\"fotografia\",\"internacionais\",\"maternidade\",\"M\u00e9xico\",\"Partos\"],\"articleSection\":[\"Sa\u00fade\",\"Sociedade\"],\"inLanguage\":\"pt-PT\"},{\"@type\":\"WebPage\",\"@id\":\"https:\/\/portaltela.pt\/noticias\/2026\/03\/29\/melhores-fotografias-de-partos-do-ano\/\",\"url\":\"https:\/\/portaltela.pt\/noticias\/2026\/03\/29\/melhores-fotografias-de-partos-do-ano\/\",\"name\":\"Melhores fotografias de partos do ano - Portal Tela Portugal\",\"isPartOf\":{\"@id\":\"https:\/\/portaltela.pt\/#website\"},\"primaryImageOfPage\":{\"@id\":\"https:\/\/portaltela.pt\/noticias\/2026\/03\/29\/melhores-fotografias-de-partos-do-ano\/#primaryimage\"},\"image\":{\"@id\":\"https:\/\/portaltela.pt\/noticias\/2026\/03\/29\/melhores-fotografias-de-partos-do-ano\/#primaryimage\"},\"thumbnailUrl\":\"https:\/\/portaltela.pt\/s.01k8rhncp4jt1\/2026\/03\/822302.jpg\",\"datePublished\":\"2026-03-29T11:02:18+00:00\",\"author\":{\"@id\":\"https:\/\/portaltela.pt\/#\/schema\/person\/c4278d4a6028830caff9ee44b42d32ed\"},\"breadcrumb\":{\"@id\":\"https:\/\/portaltela.pt\/noticias\/2026\/03\/29\/melhores-fotografias-de-partos-do-ano\/#breadcrumb\"},\"inLanguage\":\"pt-PT\",\"potentialAction\":[{\"@type\":\"ReadAction\",\"target\":[\"https:\/\/portaltela.pt\/noticias\/2026\/03\/29\/melhores-fotografias-de-partos-do-ano\/\"]}]},{\"@type\":\"ImageObject\",\"inLanguage\":\"pt-PT\",\"@id\":\"https:\/\/portaltela.pt\/noticias\/2026\/03\/29\/melhores-fotografias-de-partos-do-ano\/#primaryimage\",\"url\":\"https:\/\/portaltela.pt\/s.01k8rhncp4jt1\/2026\/03\/822302.jpg\",\"contentUrl\":\"https:\/\/portaltela.pt\/s.01k8rhncp4jt1\/2026\/03\/822302.jpg\",\"width\":796,\"height\":448,\"caption\":\"Fotografia concorrente do Professional Birth Photographers Image of the Year\"},{\"@type\":\"BreadcrumbList\",\"@id\":\"https:\/\/portaltela.pt\/noticias\/2026\/03\/29\/melhores-fotografias-de-partos-do-ano\/#breadcrumb\",\"itemListElement\":[{\"@type\":\"ListItem\",\"position\":1,\"name\":\"In\u00edcio\",\"item\":\"https:\/\/portaltela.pt\/\"},{\"@type\":\"ListItem\",\"position\":2,\"name\":\"Melhores fotografias de partos do ano\"}]},{\"@type\":\"WebSite\",\"@id\":\"https:\/\/portaltela.pt\/#website\",\"url\":\"https:\/\/portaltela.pt\/\",\"name\":\"Portal Tela Portugal\",\"description\":\"\",\"potentialAction\":[{\"@type\":\"SearchAction\",\"target\":{\"@type\":\"EntryPoint\",\"urlTemplate\":\"https:\/\/portaltela.pt\/?s={search_term_string}\"},\"query-input\":{\"@type\":\"PropertyValueSpecification\",\"valueRequired\":true,\"valueName\":\"search_term_string\"}}],\"inLanguage\":\"pt-PT\"},{\"@type\":\"Person\",\"@id\":\"https:\/\/portaltela.pt\/#\/schema\/person\/c4278d4a6028830caff9ee44b42d32ed\",\"name\":\"Telinha\",\"image\":{\"@type\":\"ImageObject\",\"inLanguage\":\"pt-PT\",\"@id\":\"https:\/\/portaltela.pt\/s.01k8rhncp4jt1\/2025\/11\/talking-bot-125x125.png\",\"url\":\"https:\/\/portaltela.pt\/s.01k8rhncp4jt1\/2025\/11\/talking-bot-125x125.png\",\"contentUrl\":\"https:\/\/portaltela.pt\/s.01k8rhncp4jt1\/2025\/11\/talking-bot-125x125.png\",\"caption\":\"Telinha\"},\"sameAs\":[\"https:\/\/portaltela.pt\/\"],\"url\":\"https:\/\/portaltela.pt\/por\/367410592786\/\"}]}<\/script>\n<!-- \/ Yoast SEO plugin. -->","yoast_head_json":{"title":"Melhores fotografias de partos do ano - Portal Tela Portugal","robots":{"index":"index","follow":"follow","max-snippet":"max-snippet:-1","max-image-preview":"max-image-preview:large","max-video-preview":"max-video-preview:-1"},"og_locale":"pt_PT","og_type":"article","og_title":"Melhores fotografias de partos do ano - Portal Tela Portugal","og_description":"O concurso anual da Associa\u00e7\u00e3o Internacional de Fot\u00f3grafos de Nascimento Profissionais (IAPBP) reuniu 1.100 fot\u00f3grafos de 55 pa\u00edses, na sua 16.\u00aa edi\u00e7\u00e3o. A vencedora \u00e9 Albany Alvarez, do M\u00e9xico, com a foto intitulada \"Parto Renascentista\", que mostra uma mulher a descansar a cabe\u00e7a no colo do homem. O j\u00fari distinguiu imagens nas categorias Detalhes do Nascimento, Trabalho de Parto, Parto e P\u00f3s-Parto. A exposi\u00e7\u00e3o mostra partos em casa, em banheiras, cesarianas, com gritos e l\u00e1grimas, destacando a diversidade de cen\u00e1rios. A Fotogaleria cont\u00e9m imagens expl\u00edcitas que podem impressionar os leitores menos sens\u00edveis.","og_url":"https:\/\/portaltela.pt\/noticias\/2026\/03\/29\/melhores-fotografias-de-partos-do-ano\/","og_site_name":"Portal Tela Portugal","article_published_time":"2026-03-29T11:02:18+00:00","author":"Telinha","twitter_card":"summary_large_image","twitter_misc":{"Escrito por":"Telinha","Tempo estimado de leitura":"1 minuto"},"schema":{"@context":"https:\/\/schema.org","@graph":[{"@type":"Article","@id":"https:\/\/portaltela.pt\/noticias\/2026\/03\/29\/melhores-fotografias-de-partos-do-ano\/#article","isPartOf":{"@id":"https:\/\/portaltela.pt\/noticias\/2026\/03\/29\/melhores-fotografias-de-partos-do-ano\/"},"author":{"name":"Telinha","@id":"https:\/\/portaltela.pt\/#\/schema\/person\/c4278d4a6028830caff9ee44b42d32ed"},"headline":"Melhores fotografias de partos do ano","datePublished":"2026-03-29T11:02:18+00:00","mainEntityOfPage":{"@id":"https:\/\/portaltela.pt\/noticias\/2026\/03\/29\/melhores-fotografias-de-partos-do-ano\/"},"wordCount":225,"image":{"@id":"https:\/\/portaltela.pt\/noticias\/2026\/03\/29\/melhores-fotografias-de-partos-do-ano\/#primaryimage"},"thumbnailUrl":"https:\/\/portaltela.pt\/s.01k8rhncp4jt1\/2026\/03\/822302.jpg","keywords":["fotografia","internacionais","maternidade","M\u00e9xico","Partos"],"articleSection":["Sa\u00fade","Sociedade"],"inLanguage":"pt-PT"},{"@type":"WebPage","@id":"https:\/\/portaltela.pt\/noticias\/2026\/03\/29\/melhores-fotografias-de-partos-do-ano\/","url":"https:\/\/portaltela.pt\/noticias\/2026\/03\/29\/melhores-fotografias-de-partos-do-ano\/","name":"Melhores fotografias de partos do ano - Portal Tela Portugal","isPartOf":{"@id":"https:\/\/portaltela.pt\/#website"},"primaryImageOfPage":{"@id":"https:\/\/portaltela.pt\/noticias\/2026\/03\/29\/melhores-fotografias-de-partos-do-ano\/#primaryimage"},"image":{"@id":"https:\/\/portaltela.pt\/noticias\/2026\/03\/29\/melhores-fotografias-de-partos-do-ano\/#primaryimage"},"thumbnailUrl":"https:\/\/portaltela.pt\/s.01k8rhncp4jt1\/2026\/03\/822302.jpg","datePublished":"2026-03-29T11:02:18+00:00","author":{"@id":"https:\/\/portaltela.pt\/#\/schema\/person\/c4278d4a6028830caff9ee44b42d32ed"},"breadcrumb":{"@id":"https:\/\/portaltela.pt\/noticias\/2026\/03\/29\/melhores-fotografias-de-partos-do-ano\/#breadcrumb"},"inLanguage":"pt-PT","potentialAction":[{"@type":"ReadAction","target":["https:\/\/portaltela.pt\/noticias\/2026\/03\/29\/melhores-fotografias-de-partos-do-ano\/"]}]},{"@type":"ImageObject","inLanguage":"pt-PT","@id":"https:\/\/portaltela.pt\/noticias\/2026\/03\/29\/melhores-fotografias-de-partos-do-ano\/#primaryimage","url":"https:\/\/portaltela.pt\/s.01k8rhncp4jt1\/2026\/03\/822302.jpg","contentUrl":"https:\/\/portaltela.pt\/s.01k8rhncp4jt1\/2026\/03\/822302.jpg","width":796,"height":448,"caption":"Fotografia concorrente do Professional Birth Photographers Image of the Year"},{"@type":"BreadcrumbList","@id":"https:\/\/portaltela.pt\/noticias\/2026\/03\/29\/melhores-fotografias-de-partos-do-ano\/#breadcrumb","itemListElement":[{"@type":"ListItem","position":1,"name":"In\u00edcio","item":"https:\/\/portaltela.pt\/"},{"@type":"ListItem","position":2,"name":"Melhores fotografias de partos do ano"}]},{"@type":"WebSite","@id":"https:\/\/portaltela.pt\/#website","url":"https:\/\/portaltela.pt\/","name":"Portal Tela Portugal","description":"","potentialAction":[{"@type":"SearchAction","target":{"@type":"EntryPoint","urlTemplate":"https:\/\/portaltela.pt\/?s={search_term_string}"},"query-input":{"@type":"PropertyValueSpecification","valueRequired":true,"valueName":"search_term_string"}}],"inLanguage":"pt-PT"},{"@type":"Person","@id":"https:\/\/portaltela.pt\/#\/schema\/person\/c4278d4a6028830caff9ee44b42d32ed","name":"Telinha","image":{"@type":"ImageObject","inLanguage":"pt-PT","@id":"https:\/\/portaltela.pt\/s.01k8rhncp4jt1\/2025\/11\/talking-bot-125x125.png","url":"https:\/\/portaltela.pt\/s.01k8rhncp4jt1\/2025\/11\/talking-bot-125x125.png","contentUrl":"https:\/\/portaltela.pt\/s.01k8rhncp4jt1\/2025\/11\/talking-bot-125x125.png","caption":"Telinha"},"sameAs":["https:\/\/portaltela.pt\/"],"url":"https:\/\/portaltela.pt\/por\/367410592786\/"}]}},"_links":{"self":[{"href":"https:\/\/portaltela.pt\/api\/wp\/v2\/posts\/425842","targetHints":{"allow":["GET"]}}],"collection":[{"href":"https:\/\/portaltela.pt\/api\/wp\/v2\/posts"}],"about":[{"href":"https:\/\/portaltela.pt\/api\/wp\/v2\/types\/post"}],"author":[{"embeddable":true,"href":"https:\/\/portaltela.pt\/api\/wp\/v2\/users\/2"}],"replies":[{"embeddable":true,"href":"https:\/\/portaltela.pt\/api\/wp\/v2\/comments?post=425842"}],"version-history":[{"count":0,"href":"https:\/\/portaltela.pt\/api\/wp\/v2\/posts\/425842\/revisions"}],"wp:featuredmedia":[{"embeddable":true,"href":"https:\/\/portaltela.pt\/api\/wp\/v2\/media\/425843"}],"wp:attachment":[{"href":"https:\/\/portaltela.pt\/api\/wp\/v2\/media?parent=425842"}],"wp:term":[{"taxonomy":"category","embeddable":true,"href":"https:\/\/portaltela.pt\/api\/wp\/v2\/categories?post=425842"},{"taxonomy":"post_tag","embeddable":true,"href":"https:\/\/portaltela.pt\/api\/wp\/v2\/tags?post=425842"}],"curies":[{"name":"wp","href":"https:\/\/api.w.org\/{rel}","templated":true}]}}