{"id":425838,"date":"2026-03-29T08:02:14","date_gmt":"2026-03-29T11:02:14","guid":{"rendered":"https:\/\/portaltela.pt\/noticias\/2026\/03\/29\/morschel-vence-premio-do-mes-e-reforca-confianca-na-equipa\/"},"modified":"2026-03-29T08:02:14","modified_gmt":"2026-03-29T11:02:14","slug":"morschel-vence-premio-do-mes-e-reforca-confianca-na-equipa","status":"publish","type":"post","link":"https:\/\/portaltela.pt\/desporto\/futebol\/2026\/03\/29\/morschel-vence-premio-do-mes-e-reforca-confianca-na-equipa\/","title":{"rendered":"M\u00f6rschel vence pr\u00e9mio do m\u00eas e refor\u00e7a confian\u00e7a na equipa"},"content":{"rendered":"<p>M\u00f6rschel j\u00e1 recebeu o pr\u00e9mio de m\u00e9dio do m\u00eas de fevereiro da segunda liga, numa distin\u00e7\u00e3o pela Liga Portugal. O criativo dominicano, de 28 anos, somou tr\u00eas golos no per\u00edodo em an\u00e1lise e influenciou decisivamente o Vizela.<\/p>\n<p>O pr\u00e9mio reconhece o desempenho do jogador e o impacto na equipa, que est\u00e1 numa fase positiva na luta por um lugar de playoff de subida \u00e0 1\u00aa Liga. O Vizela tem apresentado crescimento nos \u00faltimos encontros, com M\u00f6rschel a destacar-se pelo contributo ofensivo.<\/p>\n<p>Para o jogador, o foco continua na equipa: ajudar com golos e assist\u00eancias, mantendo o ciclo vitorioso. O processo de apoio vem da equipa t\u00e9cnica, dos colegas e da fam\u00edlia, que o acompanham nos bons e maus momentos.<\/p>\n<h3>Desempenho e contexto<\/h3>\n<p>O Vizela est\u00e1 em posi\u00e7\u00e3o de playoff, concorrendo com o Torreense pela vaga de subida, e tem mostrado melhoria coletiva. O momento de M\u00f6rschel tem sido determinante para o objetivo comum, que passa por manter a regularidade nos resultados. O clube retorna aos jogos a 7 de abril com uma rece\u00e7\u00e3o ao Benfica B.<\/p>\n<h3>Pr\u00f3ximo jogo e agenda<\/h3>\n<p>A competi\u00e7\u00e3o retoma com o encontro em Vizela, onde a equipa procura consolidar o bom momento. O treinador deve manter a mesma ideia estrat\u00e9gica que tem permitido aos vizelenses transformar rendimentos individuais em desempenho coletivo tang\u00edvel.<\/p>\n","protected":false},"excerpt":{"rendered":"<ul>\n<li>Heinz M\u00f6rschel recebeu o pr\u00e9mio de m\u00e9dio do m\u00eas de fevereiro da Liga Portugal, na 2.\u00aa Liga, ap\u00f3s marcar tr\u00eas golos e ter influ\u00eancia decisiva no Vizela.<\/li>\n<li>O internacional dominicano, de 28 anos, considera o pr\u00e9mio um momento especial, fruto do trabalho de equipa e de um caminho positivo do clube.<\/li>\n<li>O criativo do Vizela afirmou que, se puder, tamb\u00e9m ajuda com golos e assist\u00eancias, mas que o mais importante \u00e9 a equipa continuar a ganhar.<\/li>\n<li>O Vizela segue na luta pelos playoff de subida \u00e0 1.\u00aa Liga, com crescimento noutros jogos recentes.<\/li>\n<li>A equipa volta \u00e0 competi\u00e7\u00e3o no dia 7 de abril, ao receber o Benfica B.<\/li>\n<\/ul>\n","protected":false},"author":2,"featured_media":425847,"comment_status":"closed","ping_status":"closed","sticky":false,"template":"","format":"standard","meta":{"footnotes":""},"categories":[21,24],"tags":[4175,3275,32,4317],"class_list":["post-425838","post","type-post","status-publish","format-standard","has-post-thumbnail","hentry","category-desporto","category-futebol","tag-2-a-liga","tag-benfica-b","tag-futebol","tag-vizela"],"yoast_head":"<!-- This site is optimized with the Yoast SEO plugin v27.2 - https:\/\/yoast.com\/product\/yoast-seo-wordpress\/ -->\n<title>M\u00f6rschel vence pr\u00e9mio do m\u00eas e refor\u00e7a confian\u00e7a na equipa - Portal Tela Portugal<\/title>\n<meta name=\"robots\" content=\"index, follow, max-snippet:-1, max-image-preview:large, max-video-preview:-1\" \/>\n<meta property=\"og:locale\" content=\"pt_PT\" \/>\n<meta property=\"og:type\" content=\"article\" \/>\n<meta property=\"og:title\" content=\"M\u00f6rschel vence pr\u00e9mio do m\u00eas e refor\u00e7a confian\u00e7a na equipa - Portal Tela Portugal\" \/>\n<meta property=\"og:description\" content=\"Heinz M\u00f6rschel recebeu o pr\u00e9mio de m\u00e9dio do m\u00eas de fevereiro da Liga Portugal, na 2.\u00aa Liga, ap\u00f3s marcar tr\u00eas golos e ter influ\u00eancia decisiva no Vizela. O internacional dominicano, de 28 anos, considera o pr\u00e9mio um momento especial, fruto do trabalho de equipa e de um caminho positivo do clube. O criativo do Vizela afirmou que, se puder, tamb\u00e9m ajuda com golos e assist\u00eancias, mas que o mais importante \u00e9 a equipa continuar a ganhar. O Vizela segue na luta pelos playoff de subida \u00e0 1.\u00aa Liga, com crescimento noutros jogos recentes. A equipa volta \u00e0 competi\u00e7\u00e3o no dia 7 de abril, ao receber o Benfica B.\" \/>\n<meta property=\"og:url\" content=\"https:\/\/portaltela.pt\/noticias\/2026\/03\/29\/morschel-vence-premio-do-mes-e-reforca-confianca-na-equipa\/\" \/>\n<meta property=\"og:site_name\" content=\"Portal Tela Portugal\" \/>\n<meta property=\"article:published_time\" content=\"2026-03-29T11:02:14+00:00\" \/>\n<meta name=\"author\" content=\"Telinha\" \/>\n<meta name=\"twitter:card\" content=\"summary_large_image\" \/>\n<meta name=\"twitter:label1\" content=\"Escrito por\" \/>\n\t<meta name=\"twitter:data1\" content=\"Telinha\" \/>\n\t<meta name=\"twitter:label2\" content=\"Tempo estimado de leitura\" \/>\n\t<meta name=\"twitter:data2\" content=\"1 minuto\" \/>\n<script type=\"application\/ld+json\" class=\"yoast-schema-graph\">{\"@context\":\"https:\/\/schema.org\",\"@graph\":[{\"@type\":\"Article\",\"@id\":\"https:\/\/portaltela.pt\/noticias\/2026\/03\/29\/morschel-vence-premio-do-mes-e-reforca-confianca-na-equipa\/#article\",\"isPartOf\":{\"@id\":\"https:\/\/portaltela.pt\/noticias\/2026\/03\/29\/morschel-vence-premio-do-mes-e-reforca-confianca-na-equipa\/\"},\"author\":{\"name\":\"Telinha\",\"@id\":\"https:\/\/portaltela.pt\/#\/schema\/person\/c4278d4a6028830caff9ee44b42d32ed\"},\"headline\":\"M\u00f6rschel vence pr\u00e9mio do m\u00eas e refor\u00e7a confian\u00e7a na equipa\",\"datePublished\":\"2026-03-29T11:02:14+00:00\",\"mainEntityOfPage\":{\"@id\":\"https:\/\/portaltela.pt\/noticias\/2026\/03\/29\/morschel-vence-premio-do-mes-e-reforca-confianca-na-equipa\/\"},\"wordCount\":247,\"image\":{\"@id\":\"https:\/\/portaltela.pt\/noticias\/2026\/03\/29\/morschel-vence-premio-do-mes-e-reforca-confianca-na-equipa\/#primaryimage\"},\"thumbnailUrl\":\"https:\/\/portaltela.pt\/s.01k8rhncp4jt1\/2026\/03\/img_920x518uu2026-03-29-11-45-45-2429968-im-639103815632892352.jpg\",\"keywords\":[\"2.\u00aa Liga\",\"Benfica B\",\"futebol\",\"Vizela\"],\"articleSection\":[\"Desporto\",\"Futebol\"],\"inLanguage\":\"pt-PT\"},{\"@type\":\"WebPage\",\"@id\":\"https:\/\/portaltela.pt\/noticias\/2026\/03\/29\/morschel-vence-premio-do-mes-e-reforca-confianca-na-equipa\/\",\"url\":\"https:\/\/portaltela.pt\/noticias\/2026\/03\/29\/morschel-vence-premio-do-mes-e-reforca-confianca-na-equipa\/\",\"name\":\"M\u00f6rschel vence pr\u00e9mio do m\u00eas e refor\u00e7a confian\u00e7a na equipa - Portal Tela Portugal\",\"isPartOf\":{\"@id\":\"https:\/\/portaltela.pt\/#website\"},\"primaryImageOfPage\":{\"@id\":\"https:\/\/portaltela.pt\/noticias\/2026\/03\/29\/morschel-vence-premio-do-mes-e-reforca-confianca-na-equipa\/#primaryimage\"},\"image\":{\"@id\":\"https:\/\/portaltela.pt\/noticias\/2026\/03\/29\/morschel-vence-premio-do-mes-e-reforca-confianca-na-equipa\/#primaryimage\"},\"thumbnailUrl\":\"https:\/\/portaltela.pt\/s.01k8rhncp4jt1\/2026\/03\/img_920x518uu2026-03-29-11-45-45-2429968-im-639103815632892352.jpg\",\"datePublished\":\"2026-03-29T11:02:14+00:00\",\"author\":{\"@id\":\"https:\/\/portaltela.pt\/#\/schema\/person\/c4278d4a6028830caff9ee44b42d32ed\"},\"breadcrumb\":{\"@id\":\"https:\/\/portaltela.pt\/noticias\/2026\/03\/29\/morschel-vence-premio-do-mes-e-reforca-confianca-na-equipa\/#breadcrumb\"},\"inLanguage\":\"pt-PT\",\"potentialAction\":[{\"@type\":\"ReadAction\",\"target\":[\"https:\/\/portaltela.pt\/noticias\/2026\/03\/29\/morschel-vence-premio-do-mes-e-reforca-confianca-na-equipa\/\"]}]},{\"@type\":\"ImageObject\",\"inLanguage\":\"pt-PT\",\"@id\":\"https:\/\/portaltela.pt\/noticias\/2026\/03\/29\/morschel-vence-premio-do-mes-e-reforca-confianca-na-equipa\/#primaryimage\",\"url\":\"https:\/\/portaltela.pt\/s.01k8rhncp4jt1\/2026\/03\/img_920x518uu2026-03-29-11-45-45-2429968-im-639103815632892352.jpg\",\"contentUrl\":\"https:\/\/portaltela.pt\/s.01k8rhncp4jt1\/2026\/03\/img_920x518uu2026-03-29-11-45-45-2429968-im-639103815632892352.jpg\",\"width\":796,\"height\":448,\"caption\":\"M\u00f6rschel recebe pr\u00e9mio de m\u00e9dio do m\u00eas na Liga Portugal\"},{\"@type\":\"BreadcrumbList\",\"@id\":\"https:\/\/portaltela.pt\/noticias\/2026\/03\/29\/morschel-vence-premio-do-mes-e-reforca-confianca-na-equipa\/#breadcrumb\",\"itemListElement\":[{\"@type\":\"ListItem\",\"position\":1,\"name\":\"In\u00edcio\",\"item\":\"https:\/\/portaltela.pt\/\"},{\"@type\":\"ListItem\",\"position\":2,\"name\":\"M\u00f6rschel vence pr\u00e9mio do m\u00eas e refor\u00e7a confian\u00e7a na equipa\"}]},{\"@type\":\"WebSite\",\"@id\":\"https:\/\/portaltela.pt\/#website\",\"url\":\"https:\/\/portaltela.pt\/\",\"name\":\"Portal Tela Portugal\",\"description\":\"\",\"potentialAction\":[{\"@type\":\"SearchAction\",\"target\":{\"@type\":\"EntryPoint\",\"urlTemplate\":\"https:\/\/portaltela.pt\/?s={search_term_string}\"},\"query-input\":{\"@type\":\"PropertyValueSpecification\",\"valueRequired\":true,\"valueName\":\"search_term_string\"}}],\"inLanguage\":\"pt-PT\"},{\"@type\":\"Person\",\"@id\":\"https:\/\/portaltela.pt\/#\/schema\/person\/c4278d4a6028830caff9ee44b42d32ed\",\"name\":\"Telinha\",\"image\":{\"@type\":\"ImageObject\",\"inLanguage\":\"pt-PT\",\"@id\":\"https:\/\/portaltela.pt\/s.01k8rhncp4jt1\/2025\/11\/talking-bot-125x125.png\",\"url\":\"https:\/\/portaltela.pt\/s.01k8rhncp4jt1\/2025\/11\/talking-bot-125x125.png\",\"contentUrl\":\"https:\/\/portaltela.pt\/s.01k8rhncp4jt1\/2025\/11\/talking-bot-125x125.png\",\"caption\":\"Telinha\"},\"sameAs\":[\"https:\/\/portaltela.pt\/\"],\"url\":\"https:\/\/portaltela.pt\/por\/367410592786\/\"}]}<\/script>\n<!-- \/ Yoast SEO plugin. -->","yoast_head_json":{"title":"M\u00f6rschel vence pr\u00e9mio do m\u00eas e refor\u00e7a confian\u00e7a na equipa - Portal Tela Portugal","robots":{"index":"index","follow":"follow","max-snippet":"max-snippet:-1","max-image-preview":"max-image-preview:large","max-video-preview":"max-video-preview:-1"},"og_locale":"pt_PT","og_type":"article","og_title":"M\u00f6rschel vence pr\u00e9mio do m\u00eas e refor\u00e7a confian\u00e7a na equipa - Portal Tela Portugal","og_description":"Heinz M\u00f6rschel recebeu o pr\u00e9mio de m\u00e9dio do m\u00eas de fevereiro da Liga Portugal, na 2.\u00aa Liga, ap\u00f3s marcar tr\u00eas golos e ter influ\u00eancia decisiva no Vizela. O internacional dominicano, de 28 anos, considera o pr\u00e9mio um momento especial, fruto do trabalho de equipa e de um caminho positivo do clube. O criativo do Vizela afirmou que, se puder, tamb\u00e9m ajuda com golos e assist\u00eancias, mas que o mais importante \u00e9 a equipa continuar a ganhar. O Vizela segue na luta pelos playoff de subida \u00e0 1.\u00aa Liga, com crescimento noutros jogos recentes. A equipa volta \u00e0 competi\u00e7\u00e3o no dia 7 de abril, ao receber o Benfica B.","og_url":"https:\/\/portaltela.pt\/noticias\/2026\/03\/29\/morschel-vence-premio-do-mes-e-reforca-confianca-na-equipa\/","og_site_name":"Portal Tela Portugal","article_published_time":"2026-03-29T11:02:14+00:00","author":"Telinha","twitter_card":"summary_large_image","twitter_misc":{"Escrito por":"Telinha","Tempo estimado de leitura":"1 minuto"},"schema":{"@context":"https:\/\/schema.org","@graph":[{"@type":"Article","@id":"https:\/\/portaltela.pt\/noticias\/2026\/03\/29\/morschel-vence-premio-do-mes-e-reforca-confianca-na-equipa\/#article","isPartOf":{"@id":"https:\/\/portaltela.pt\/noticias\/2026\/03\/29\/morschel-vence-premio-do-mes-e-reforca-confianca-na-equipa\/"},"author":{"name":"Telinha","@id":"https:\/\/portaltela.pt\/#\/schema\/person\/c4278d4a6028830caff9ee44b42d32ed"},"headline":"M\u00f6rschel vence pr\u00e9mio do m\u00eas e refor\u00e7a confian\u00e7a na equipa","datePublished":"2026-03-29T11:02:14+00:00","mainEntityOfPage":{"@id":"https:\/\/portaltela.pt\/noticias\/2026\/03\/29\/morschel-vence-premio-do-mes-e-reforca-confianca-na-equipa\/"},"wordCount":247,"image":{"@id":"https:\/\/portaltela.pt\/noticias\/2026\/03\/29\/morschel-vence-premio-do-mes-e-reforca-confianca-na-equipa\/#primaryimage"},"thumbnailUrl":"https:\/\/portaltela.pt\/s.01k8rhncp4jt1\/2026\/03\/img_920x518uu2026-03-29-11-45-45-2429968-im-639103815632892352.jpg","keywords":["2.\u00aa Liga","Benfica B","futebol","Vizela"],"articleSection":["Desporto","Futebol"],"inLanguage":"pt-PT"},{"@type":"WebPage","@id":"https:\/\/portaltela.pt\/noticias\/2026\/03\/29\/morschel-vence-premio-do-mes-e-reforca-confianca-na-equipa\/","url":"https:\/\/portaltela.pt\/noticias\/2026\/03\/29\/morschel-vence-premio-do-mes-e-reforca-confianca-na-equipa\/","name":"M\u00f6rschel vence pr\u00e9mio do m\u00eas e refor\u00e7a confian\u00e7a na equipa - Portal Tela Portugal","isPartOf":{"@id":"https:\/\/portaltela.pt\/#website"},"primaryImageOfPage":{"@id":"https:\/\/portaltela.pt\/noticias\/2026\/03\/29\/morschel-vence-premio-do-mes-e-reforca-confianca-na-equipa\/#primaryimage"},"image":{"@id":"https:\/\/portaltela.pt\/noticias\/2026\/03\/29\/morschel-vence-premio-do-mes-e-reforca-confianca-na-equipa\/#primaryimage"},"thumbnailUrl":"https:\/\/portaltela.pt\/s.01k8rhncp4jt1\/2026\/03\/img_920x518uu2026-03-29-11-45-45-2429968-im-639103815632892352.jpg","datePublished":"2026-03-29T11:02:14+00:00","author":{"@id":"https:\/\/portaltela.pt\/#\/schema\/person\/c4278d4a6028830caff9ee44b42d32ed"},"breadcrumb":{"@id":"https:\/\/portaltela.pt\/noticias\/2026\/03\/29\/morschel-vence-premio-do-mes-e-reforca-confianca-na-equipa\/#breadcrumb"},"inLanguage":"pt-PT","potentialAction":[{"@type":"ReadAction","target":["https:\/\/portaltela.pt\/noticias\/2026\/03\/29\/morschel-vence-premio-do-mes-e-reforca-confianca-na-equipa\/"]}]},{"@type":"ImageObject","inLanguage":"pt-PT","@id":"https:\/\/portaltela.pt\/noticias\/2026\/03\/29\/morschel-vence-premio-do-mes-e-reforca-confianca-na-equipa\/#primaryimage","url":"https:\/\/portaltela.pt\/s.01k8rhncp4jt1\/2026\/03\/img_920x518uu2026-03-29-11-45-45-2429968-im-639103815632892352.jpg","contentUrl":"https:\/\/portaltela.pt\/s.01k8rhncp4jt1\/2026\/03\/img_920x518uu2026-03-29-11-45-45-2429968-im-639103815632892352.jpg","width":796,"height":448,"caption":"M\u00f6rschel recebe pr\u00e9mio de m\u00e9dio do m\u00eas na Liga Portugal"},{"@type":"BreadcrumbList","@id":"https:\/\/portaltela.pt\/noticias\/2026\/03\/29\/morschel-vence-premio-do-mes-e-reforca-confianca-na-equipa\/#breadcrumb","itemListElement":[{"@type":"ListItem","position":1,"name":"In\u00edcio","item":"https:\/\/portaltela.pt\/"},{"@type":"ListItem","position":2,"name":"M\u00f6rschel vence pr\u00e9mio do m\u00eas e refor\u00e7a confian\u00e7a na equipa"}]},{"@type":"WebSite","@id":"https:\/\/portaltela.pt\/#website","url":"https:\/\/portaltela.pt\/","name":"Portal Tela Portugal","description":"","potentialAction":[{"@type":"SearchAction","target":{"@type":"EntryPoint","urlTemplate":"https:\/\/portaltela.pt\/?s={search_term_string}"},"query-input":{"@type":"PropertyValueSpecification","valueRequired":true,"valueName":"search_term_string"}}],"inLanguage":"pt-PT"},{"@type":"Person","@id":"https:\/\/portaltela.pt\/#\/schema\/person\/c4278d4a6028830caff9ee44b42d32ed","name":"Telinha","image":{"@type":"ImageObject","inLanguage":"pt-PT","@id":"https:\/\/portaltela.pt\/s.01k8rhncp4jt1\/2025\/11\/talking-bot-125x125.png","url":"https:\/\/portaltela.pt\/s.01k8rhncp4jt1\/2025\/11\/talking-bot-125x125.png","contentUrl":"https:\/\/portaltela.pt\/s.01k8rhncp4jt1\/2025\/11\/talking-bot-125x125.png","caption":"Telinha"},"sameAs":["https:\/\/portaltela.pt\/"],"url":"https:\/\/portaltela.pt\/por\/367410592786\/"}]}},"_links":{"self":[{"href":"https:\/\/portaltela.pt\/api\/wp\/v2\/posts\/425838","targetHints":{"allow":["GET"]}}],"collection":[{"href":"https:\/\/portaltela.pt\/api\/wp\/v2\/posts"}],"about":[{"href":"https:\/\/portaltela.pt\/api\/wp\/v2\/types\/post"}],"author":[{"embeddable":true,"href":"https:\/\/portaltela.pt\/api\/wp\/v2\/users\/2"}],"replies":[{"embeddable":true,"href":"https:\/\/portaltela.pt\/api\/wp\/v2\/comments?post=425838"}],"version-history":[{"count":0,"href":"https:\/\/portaltela.pt\/api\/wp\/v2\/posts\/425838\/revisions"}],"wp:featuredmedia":[{"embeddable":true,"href":"https:\/\/portaltela.pt\/api\/wp\/v2\/media\/425847"}],"wp:attachment":[{"href":"https:\/\/portaltela.pt\/api\/wp\/v2\/media?parent=425838"}],"wp:term":[{"taxonomy":"category","embeddable":true,"href":"https:\/\/portaltela.pt\/api\/wp\/v2\/categories?post=425838"},{"taxonomy":"post_tag","embeddable":true,"href":"https:\/\/portaltela.pt\/api\/wp\/v2\/tags?post=425838"}],"curies":[{"name":"wp","href":"https:\/\/api.w.org\/{rel}","templated":true}]}}