{"id":425828,"date":"2026-03-29T07:47:17","date_gmt":"2026-03-29T10:47:17","guid":{"rendered":"https:\/\/portaltela.pt\/noticias\/2026\/03\/29\/despiste-mata-dois-amigos-que-iam-a-passeio-diogo-e-emanuel-tinham-30-anos\/"},"modified":"2026-03-29T07:47:17","modified_gmt":"2026-03-29T10:47:17","slug":"despiste-mata-dois-amigos-que-iam-a-passeio-diogo-e-emanuel-tinham-30-anos","status":"publish","type":"post","link":"https:\/\/portaltela.pt\/acidentes\/2026\/03\/29\/despiste-mata-dois-amigos-que-iam-a-passeio-diogo-e-emanuel-tinham-30-anos\/","title":{"rendered":"Despiste mata dois amigos que iam a passeio; Diogo e Emanuel tinham 30 anos"},"content":{"rendered":"<p>Dois amigos de 30 anos morreram este s\u00e1bado de manh\u00e3 ap\u00f3s serem atingidos por uma carrinha ligeira na estrada principal da Ericeira. Diogo Marques e Emanuel Nogueira, naturais da Lous\u00e3, passavam temporadas naquela vila, quando foram atropelados num despiste que a GNR est\u00e1 a investigar.<\/p>\n<p>O acidente ocorreu por volta das 06h00, numa extens\u00e3o reta de cerca de 600 metros que parte do quartel dos bombeiros. A carrinha seguia no sentido descendente, em alta velocidade, de acordo com os dados recolhidos no local pelos bombeiros.<\/p>\n<p>Os corpos foram encontrados num estacionamento \u00e0 direita da via, perto do muro de um pr\u00e9dio \u00e0 esquerda. As marcas do despiste percorriam v\u00e1rios metros do lado direito. Os \u00f3bitos foram confirmados no local pelo INEM, confirmou o comandante Filipe Courela.<\/p>\n<p>O condutor da carrinha sofreu ferimentos ligeiros e ficou hospitalizado. Estiveram no local mais de duas dezenas de operacionais, incluindo Bombeiros da Ericeira, INEM e GNR. A autoridade n\u00e3o divulgou se houve deten\u00e7\u00e3o nem se o motorista estava sob efeito de \u00e1lcool.<\/p>\n<h3>Investiga\u00e7\u00e3o em curso<\/h3>\n<ul>\n<li>A GNR est\u00e1 a apurar as circunst\u00e2ncias do despiste, incluindo a velocidade e as condi\u00e7\u00f5es da via.<\/li>\n<li>N\u00e3o h\u00e1 informa\u00e7\u00f5es oficiais sobre a motiva\u00e7\u00e3o do acidente nem sobre eventuais testemunhas no local.<\/li>\n<li>A remo\u00e7\u00e3o dos ve\u00edculos e o levantamento de vest\u00edgios dever\u00e3o continuar ao longo do dia.<\/li>\n<\/ul>\n","protected":false},"excerpt":{"rendered":"<ul>\n<li>Dois amigos de 30 anos, Diogo Marques e Emanuel Nogueira, morreram este s\u00e1bado de manh\u00e3 na Ericeira ap\u00f3s serem atingidos por uma carrinha em despiste na estrada principal.<\/li>\n<li>As v\u00edtimas, naturais da Lous\u00e3, passavam temporadas na vila e estariam no passeio quando foram atropeladas.<\/li>\n<li>O acidente ocorreu por volta das 06h00, numa reta de cerca de 600 metros que come\u00e7a no quartel dos bombeiros, com a carrinha a descer em alta velocidade.<\/li>\n<li>Os corpos foram encontrados num estacionamento do lado direito da estrada; a carrinha embateu contra o muro de um pr\u00e9dio do lado esquerdo e deixou marcas de despiste ao longo da via.<\/li>\n<li>O condutor da carrinha sofreu ferimentos ligeiros e foi hospitalizado; estiveram no local mais de duas dezenas de operacionais da Bombeiros da Ericeira, INEM e GNR. Ainda n\u00e3o foi confirmado se houve deten\u00e7\u00e3o ou se houve \u00e1lcool.<\/li>\n<\/ul>\n","protected":false},"author":2,"featured_media":425831,"comment_status":"closed","ping_status":"closed","sticky":false,"template":"","format":"standard","meta":{"footnotes":""},"categories":[6849],"tags":[5487,4169,971,2174,1380,1922],"class_list":["post-425828","post","type-post","status-publish","format-standard","has-post-thumbnail","hentry","category-acidentes","tag-acidente","tag-acidente-rodoviario","tag-bombeiros","tag-ericeira","tag-gnr","tag-inem"],"yoast_head":"<!-- This site is optimized with the Yoast SEO plugin v27.2 - https:\/\/yoast.com\/product\/yoast-seo-wordpress\/ -->\n<title>Despiste mata dois amigos que iam a passeio; Diogo e Emanuel tinham 30 anos - Portal Tela Portugal<\/title>\n<meta name=\"robots\" content=\"index, follow, max-snippet:-1, max-image-preview:large, max-video-preview:-1\" \/>\n<meta property=\"og:locale\" content=\"pt_PT\" \/>\n<meta property=\"og:type\" content=\"article\" \/>\n<meta property=\"og:title\" content=\"Despiste mata dois amigos que iam a passeio; Diogo e Emanuel tinham 30 anos - Portal Tela Portugal\" \/>\n<meta property=\"og:description\" content=\"Dois amigos de 30 anos, Diogo Marques e Emanuel Nogueira, morreram este s\u00e1bado de manh\u00e3 na Ericeira ap\u00f3s serem atingidos por uma carrinha em despiste na estrada principal. As v\u00edtimas, naturais da Lous\u00e3, passavam temporadas na vila e estariam no passeio quando foram atropeladas. O acidente ocorreu por volta das 06h00, numa reta de cerca de 600 metros que come\u00e7a no quartel dos bombeiros, com a carrinha a descer em alta velocidade. Os corpos foram encontrados num estacionamento do lado direito da estrada; a carrinha embateu contra o muro de um pr\u00e9dio do lado esquerdo e deixou marcas de despiste ao longo da via. O condutor da carrinha sofreu ferimentos ligeiros e foi hospitalizado; estiveram no local mais de duas dezenas de operacionais da Bombeiros da Ericeira, INEM e GNR. Ainda n\u00e3o foi confirmado se houve deten\u00e7\u00e3o ou se houve \u00e1lcool.\" \/>\n<meta property=\"og:url\" content=\"https:\/\/portaltela.pt\/noticias\/2026\/03\/29\/despiste-mata-dois-amigos-que-iam-a-passeio-diogo-e-emanuel-tinham-30-anos\/\" \/>\n<meta property=\"og:site_name\" content=\"Portal Tela Portugal\" \/>\n<meta property=\"article:published_time\" content=\"2026-03-29T10:47:17+00:00\" \/>\n<meta name=\"author\" content=\"Telinha\" \/>\n<meta name=\"twitter:card\" content=\"summary_large_image\" \/>\n<meta name=\"twitter:label1\" content=\"Escrito por\" \/>\n\t<meta name=\"twitter:data1\" content=\"Telinha\" \/>\n\t<meta name=\"twitter:label2\" content=\"Tempo estimado de leitura\" \/>\n\t<meta name=\"twitter:data2\" content=\"1 minuto\" \/>\n<script type=\"application\/ld+json\" class=\"yoast-schema-graph\">{\"@context\":\"https:\/\/schema.org\",\"@graph\":[{\"@type\":\"Article\",\"@id\":\"https:\/\/portaltela.pt\/noticias\/2026\/03\/29\/despiste-mata-dois-amigos-que-iam-a-passeio-diogo-e-emanuel-tinham-30-anos\/#article\",\"isPartOf\":{\"@id\":\"https:\/\/portaltela.pt\/noticias\/2026\/03\/29\/despiste-mata-dois-amigos-que-iam-a-passeio-diogo-e-emanuel-tinham-30-anos\/\"},\"author\":{\"name\":\"Telinha\",\"@id\":\"https:\/\/portaltela.pt\/#\/schema\/person\/c4278d4a6028830caff9ee44b42d32ed\"},\"headline\":\"Despiste mata dois amigos que iam a passeio; Diogo e Emanuel tinham 30 anos\",\"datePublished\":\"2026-03-29T10:47:17+00:00\",\"mainEntityOfPage\":{\"@id\":\"https:\/\/portaltela.pt\/noticias\/2026\/03\/29\/despiste-mata-dois-amigos-que-iam-a-passeio-diogo-e-emanuel-tinham-30-anos\/\"},\"wordCount\":244,\"image\":{\"@id\":\"https:\/\/portaltela.pt\/noticias\/2026\/03\/29\/despiste-mata-dois-amigos-que-iam-a-passeio-diogo-e-emanuel-tinham-30-anos\/#primaryimage\"},\"thumbnailUrl\":\"https:\/\/portaltela.pt\/s.01k8rhncp4jt1\/2026\/03\/img_1280x721uu2026-03-28-19-09-48-2275316-im-639103807934475837.jpg\",\"keywords\":[\"acidente\",\"acidente rodovi\u00e1rio\",\"bombeiros\",\"Ericeira\",\"GNR\",\"INEM\"],\"articleSection\":[\"Acidentes\"],\"inLanguage\":\"pt-PT\"},{\"@type\":\"WebPage\",\"@id\":\"https:\/\/portaltela.pt\/noticias\/2026\/03\/29\/despiste-mata-dois-amigos-que-iam-a-passeio-diogo-e-emanuel-tinham-30-anos\/\",\"url\":\"https:\/\/portaltela.pt\/noticias\/2026\/03\/29\/despiste-mata-dois-amigos-que-iam-a-passeio-diogo-e-emanuel-tinham-30-anos\/\",\"name\":\"Despiste mata dois amigos que iam a passeio; Diogo e Emanuel tinham 30 anos - Portal Tela Portugal\",\"isPartOf\":{\"@id\":\"https:\/\/portaltela.pt\/#website\"},\"primaryImageOfPage\":{\"@id\":\"https:\/\/portaltela.pt\/noticias\/2026\/03\/29\/despiste-mata-dois-amigos-que-iam-a-passeio-diogo-e-emanuel-tinham-30-anos\/#primaryimage\"},\"image\":{\"@id\":\"https:\/\/portaltela.pt\/noticias\/2026\/03\/29\/despiste-mata-dois-amigos-que-iam-a-passeio-diogo-e-emanuel-tinham-30-anos\/#primaryimage\"},\"thumbnailUrl\":\"https:\/\/portaltela.pt\/s.01k8rhncp4jt1\/2026\/03\/img_1280x721uu2026-03-28-19-09-48-2275316-im-639103807934475837.jpg\",\"datePublished\":\"2026-03-29T10:47:17+00:00\",\"author\":{\"@id\":\"https:\/\/portaltela.pt\/#\/schema\/person\/c4278d4a6028830caff9ee44b42d32ed\"},\"breadcrumb\":{\"@id\":\"https:\/\/portaltela.pt\/noticias\/2026\/03\/29\/despiste-mata-dois-amigos-que-iam-a-passeio-diogo-e-emanuel-tinham-30-anos\/#breadcrumb\"},\"inLanguage\":\"pt-PT\",\"potentialAction\":[{\"@type\":\"ReadAction\",\"target\":[\"https:\/\/portaltela.pt\/noticias\/2026\/03\/29\/despiste-mata-dois-amigos-que-iam-a-passeio-diogo-e-emanuel-tinham-30-anos\/\"]}]},{\"@type\":\"ImageObject\",\"inLanguage\":\"pt-PT\",\"@id\":\"https:\/\/portaltela.pt\/noticias\/2026\/03\/29\/despiste-mata-dois-amigos-que-iam-a-passeio-diogo-e-emanuel-tinham-30-anos\/#primaryimage\",\"url\":\"https:\/\/portaltela.pt\/s.01k8rhncp4jt1\/2026\/03\/img_1280x721uu2026-03-28-19-09-48-2275316-im-639103807934475837.jpg\",\"contentUrl\":\"https:\/\/portaltela.pt\/s.01k8rhncp4jt1\/2026\/03\/img_1280x721uu2026-03-28-19-09-48-2275316-im-639103807934475837.jpg\",\"width\":796,\"height\":448,\"caption\":\"Despiste de carro mata dois amigos que iam no passeio. Diogo e Emanuel tinham 30 anos\"},{\"@type\":\"BreadcrumbList\",\"@id\":\"https:\/\/portaltela.pt\/noticias\/2026\/03\/29\/despiste-mata-dois-amigos-que-iam-a-passeio-diogo-e-emanuel-tinham-30-anos\/#breadcrumb\",\"itemListElement\":[{\"@type\":\"ListItem\",\"position\":1,\"name\":\"In\u00edcio\",\"item\":\"https:\/\/portaltela.pt\/\"},{\"@type\":\"ListItem\",\"position\":2,\"name\":\"Despiste mata dois amigos que iam a passeio; Diogo e Emanuel tinham 30 anos\"}]},{\"@type\":\"WebSite\",\"@id\":\"https:\/\/portaltela.pt\/#website\",\"url\":\"https:\/\/portaltela.pt\/\",\"name\":\"Portal Tela Portugal\",\"description\":\"\",\"potentialAction\":[{\"@type\":\"SearchAction\",\"target\":{\"@type\":\"EntryPoint\",\"urlTemplate\":\"https:\/\/portaltela.pt\/?s={search_term_string}\"},\"query-input\":{\"@type\":\"PropertyValueSpecification\",\"valueRequired\":true,\"valueName\":\"search_term_string\"}}],\"inLanguage\":\"pt-PT\"},{\"@type\":\"Person\",\"@id\":\"https:\/\/portaltela.pt\/#\/schema\/person\/c4278d4a6028830caff9ee44b42d32ed\",\"name\":\"Telinha\",\"image\":{\"@type\":\"ImageObject\",\"inLanguage\":\"pt-PT\",\"@id\":\"https:\/\/portaltela.pt\/s.01k8rhncp4jt1\/2025\/11\/talking-bot-125x125.png\",\"url\":\"https:\/\/portaltela.pt\/s.01k8rhncp4jt1\/2025\/11\/talking-bot-125x125.png\",\"contentUrl\":\"https:\/\/portaltela.pt\/s.01k8rhncp4jt1\/2025\/11\/talking-bot-125x125.png\",\"caption\":\"Telinha\"},\"sameAs\":[\"https:\/\/portaltela.pt\/\"],\"url\":\"https:\/\/portaltela.pt\/por\/367410592786\/\"}]}<\/script>\n<!-- \/ Yoast SEO plugin. -->","yoast_head_json":{"title":"Despiste mata dois amigos que iam a passeio; Diogo e Emanuel tinham 30 anos - Portal Tela Portugal","robots":{"index":"index","follow":"follow","max-snippet":"max-snippet:-1","max-image-preview":"max-image-preview:large","max-video-preview":"max-video-preview:-1"},"og_locale":"pt_PT","og_type":"article","og_title":"Despiste mata dois amigos que iam a passeio; Diogo e Emanuel tinham 30 anos - Portal Tela Portugal","og_description":"Dois amigos de 30 anos, Diogo Marques e Emanuel Nogueira, morreram este s\u00e1bado de manh\u00e3 na Ericeira ap\u00f3s serem atingidos por uma carrinha em despiste na estrada principal. As v\u00edtimas, naturais da Lous\u00e3, passavam temporadas na vila e estariam no passeio quando foram atropeladas. O acidente ocorreu por volta das 06h00, numa reta de cerca de 600 metros que come\u00e7a no quartel dos bombeiros, com a carrinha a descer em alta velocidade. Os corpos foram encontrados num estacionamento do lado direito da estrada; a carrinha embateu contra o muro de um pr\u00e9dio do lado esquerdo e deixou marcas de despiste ao longo da via. O condutor da carrinha sofreu ferimentos ligeiros e foi hospitalizado; estiveram no local mais de duas dezenas de operacionais da Bombeiros da Ericeira, INEM e GNR. Ainda n\u00e3o foi confirmado se houve deten\u00e7\u00e3o ou se houve \u00e1lcool.","og_url":"https:\/\/portaltela.pt\/noticias\/2026\/03\/29\/despiste-mata-dois-amigos-que-iam-a-passeio-diogo-e-emanuel-tinham-30-anos\/","og_site_name":"Portal Tela Portugal","article_published_time":"2026-03-29T10:47:17+00:00","author":"Telinha","twitter_card":"summary_large_image","twitter_misc":{"Escrito por":"Telinha","Tempo estimado de leitura":"1 minuto"},"schema":{"@context":"https:\/\/schema.org","@graph":[{"@type":"Article","@id":"https:\/\/portaltela.pt\/noticias\/2026\/03\/29\/despiste-mata-dois-amigos-que-iam-a-passeio-diogo-e-emanuel-tinham-30-anos\/#article","isPartOf":{"@id":"https:\/\/portaltela.pt\/noticias\/2026\/03\/29\/despiste-mata-dois-amigos-que-iam-a-passeio-diogo-e-emanuel-tinham-30-anos\/"},"author":{"name":"Telinha","@id":"https:\/\/portaltela.pt\/#\/schema\/person\/c4278d4a6028830caff9ee44b42d32ed"},"headline":"Despiste mata dois amigos que iam a passeio; Diogo e Emanuel tinham 30 anos","datePublished":"2026-03-29T10:47:17+00:00","mainEntityOfPage":{"@id":"https:\/\/portaltela.pt\/noticias\/2026\/03\/29\/despiste-mata-dois-amigos-que-iam-a-passeio-diogo-e-emanuel-tinham-30-anos\/"},"wordCount":244,"image":{"@id":"https:\/\/portaltela.pt\/noticias\/2026\/03\/29\/despiste-mata-dois-amigos-que-iam-a-passeio-diogo-e-emanuel-tinham-30-anos\/#primaryimage"},"thumbnailUrl":"https:\/\/portaltela.pt\/s.01k8rhncp4jt1\/2026\/03\/img_1280x721uu2026-03-28-19-09-48-2275316-im-639103807934475837.jpg","keywords":["acidente","acidente rodovi\u00e1rio","bombeiros","Ericeira","GNR","INEM"],"articleSection":["Acidentes"],"inLanguage":"pt-PT"},{"@type":"WebPage","@id":"https:\/\/portaltela.pt\/noticias\/2026\/03\/29\/despiste-mata-dois-amigos-que-iam-a-passeio-diogo-e-emanuel-tinham-30-anos\/","url":"https:\/\/portaltela.pt\/noticias\/2026\/03\/29\/despiste-mata-dois-amigos-que-iam-a-passeio-diogo-e-emanuel-tinham-30-anos\/","name":"Despiste mata dois amigos que iam a passeio; Diogo e Emanuel tinham 30 anos - Portal Tela Portugal","isPartOf":{"@id":"https:\/\/portaltela.pt\/#website"},"primaryImageOfPage":{"@id":"https:\/\/portaltela.pt\/noticias\/2026\/03\/29\/despiste-mata-dois-amigos-que-iam-a-passeio-diogo-e-emanuel-tinham-30-anos\/#primaryimage"},"image":{"@id":"https:\/\/portaltela.pt\/noticias\/2026\/03\/29\/despiste-mata-dois-amigos-que-iam-a-passeio-diogo-e-emanuel-tinham-30-anos\/#primaryimage"},"thumbnailUrl":"https:\/\/portaltela.pt\/s.01k8rhncp4jt1\/2026\/03\/img_1280x721uu2026-03-28-19-09-48-2275316-im-639103807934475837.jpg","datePublished":"2026-03-29T10:47:17+00:00","author":{"@id":"https:\/\/portaltela.pt\/#\/schema\/person\/c4278d4a6028830caff9ee44b42d32ed"},"breadcrumb":{"@id":"https:\/\/portaltela.pt\/noticias\/2026\/03\/29\/despiste-mata-dois-amigos-que-iam-a-passeio-diogo-e-emanuel-tinham-30-anos\/#breadcrumb"},"inLanguage":"pt-PT","potentialAction":[{"@type":"ReadAction","target":["https:\/\/portaltela.pt\/noticias\/2026\/03\/29\/despiste-mata-dois-amigos-que-iam-a-passeio-diogo-e-emanuel-tinham-30-anos\/"]}]},{"@type":"ImageObject","inLanguage":"pt-PT","@id":"https:\/\/portaltela.pt\/noticias\/2026\/03\/29\/despiste-mata-dois-amigos-que-iam-a-passeio-diogo-e-emanuel-tinham-30-anos\/#primaryimage","url":"https:\/\/portaltela.pt\/s.01k8rhncp4jt1\/2026\/03\/img_1280x721uu2026-03-28-19-09-48-2275316-im-639103807934475837.jpg","contentUrl":"https:\/\/portaltela.pt\/s.01k8rhncp4jt1\/2026\/03\/img_1280x721uu2026-03-28-19-09-48-2275316-im-639103807934475837.jpg","width":796,"height":448,"caption":"Despiste de carro mata dois amigos que iam no passeio. Diogo e Emanuel tinham 30 anos"},{"@type":"BreadcrumbList","@id":"https:\/\/portaltela.pt\/noticias\/2026\/03\/29\/despiste-mata-dois-amigos-que-iam-a-passeio-diogo-e-emanuel-tinham-30-anos\/#breadcrumb","itemListElement":[{"@type":"ListItem","position":1,"name":"In\u00edcio","item":"https:\/\/portaltela.pt\/"},{"@type":"ListItem","position":2,"name":"Despiste mata dois amigos que iam a passeio; Diogo e Emanuel tinham 30 anos"}]},{"@type":"WebSite","@id":"https:\/\/portaltela.pt\/#website","url":"https:\/\/portaltela.pt\/","name":"Portal Tela Portugal","description":"","potentialAction":[{"@type":"SearchAction","target":{"@type":"EntryPoint","urlTemplate":"https:\/\/portaltela.pt\/?s={search_term_string}"},"query-input":{"@type":"PropertyValueSpecification","valueRequired":true,"valueName":"search_term_string"}}],"inLanguage":"pt-PT"},{"@type":"Person","@id":"https:\/\/portaltela.pt\/#\/schema\/person\/c4278d4a6028830caff9ee44b42d32ed","name":"Telinha","image":{"@type":"ImageObject","inLanguage":"pt-PT","@id":"https:\/\/portaltela.pt\/s.01k8rhncp4jt1\/2025\/11\/talking-bot-125x125.png","url":"https:\/\/portaltela.pt\/s.01k8rhncp4jt1\/2025\/11\/talking-bot-125x125.png","contentUrl":"https:\/\/portaltela.pt\/s.01k8rhncp4jt1\/2025\/11\/talking-bot-125x125.png","caption":"Telinha"},"sameAs":["https:\/\/portaltela.pt\/"],"url":"https:\/\/portaltela.pt\/por\/367410592786\/"}]}},"_links":{"self":[{"href":"https:\/\/portaltela.pt\/api\/wp\/v2\/posts\/425828","targetHints":{"allow":["GET"]}}],"collection":[{"href":"https:\/\/portaltela.pt\/api\/wp\/v2\/posts"}],"about":[{"href":"https:\/\/portaltela.pt\/api\/wp\/v2\/types\/post"}],"author":[{"embeddable":true,"href":"https:\/\/portaltela.pt\/api\/wp\/v2\/users\/2"}],"replies":[{"embeddable":true,"href":"https:\/\/portaltela.pt\/api\/wp\/v2\/comments?post=425828"}],"version-history":[{"count":0,"href":"https:\/\/portaltela.pt\/api\/wp\/v2\/posts\/425828\/revisions"}],"wp:featuredmedia":[{"embeddable":true,"href":"https:\/\/portaltela.pt\/api\/wp\/v2\/media\/425831"}],"wp:attachment":[{"href":"https:\/\/portaltela.pt\/api\/wp\/v2\/media?parent=425828"}],"wp:term":[{"taxonomy":"category","embeddable":true,"href":"https:\/\/portaltela.pt\/api\/wp\/v2\/categories?post=425828"},{"taxonomy":"post_tag","embeddable":true,"href":"https:\/\/portaltela.pt\/api\/wp\/v2\/tags?post=425828"}],"curies":[{"name":"wp","href":"https:\/\/api.w.org\/{rel}","templated":true}]}}