{"id":425825,"date":"2026-03-29T07:47:09","date_gmt":"2026-03-29T10:47:09","guid":{"rendered":"https:\/\/portaltela.pt\/noticias\/2026\/03\/29\/psp-prende-homens-por-roubo-de-combustivel-a-camiao-em-vila-franca-de-xira\/"},"modified":"2026-03-29T07:47:09","modified_gmt":"2026-03-29T10:47:09","slug":"psp-prende-homens-por-roubo-de-combustivel-a-camiao-em-vila-franca-de-xira","status":"publish","type":"post","link":"https:\/\/portaltela.pt\/policia\/2026\/03\/29\/psp-prende-homens-por-roubo-de-combustivel-a-camiao-em-vila-franca-de-xira\/","title":{"rendered":"PSP prende homens por roubo de combust\u00edvel a cami\u00e3o em Vila Franca de Xira"},"content":{"rendered":"<p>A PSP deteve dois homens em Vila Franca de Xira por roubo de combust\u00edvel de um cami\u00e3o. O incidente ocorreu na sexta-feira, quando a pol\u00edcia encontrou o ve\u00edculo dos suspeitos junto ao cami\u00e3o, com um deles dentro do autom\u00f3vel e o outro junto ao dep\u00f3sito de combust\u00edvel, munido de duas garrafas.<\/p>\n<p>Ao serem abordados, os indiv\u00edduos admitiram o furto de combust\u00edvel. Um dos homens tentou esconder-se debaixo do cami\u00e3o, sendo intercetado pela PSP. A empresa propriet\u00e1ria do cami\u00e3o formalizou a den\u00fancia, levando \u00e0 deten\u00e7\u00e3o.<\/p>\n<p>Os suspeitos, de 21 e 24 anos e com antecedentes criminais por furto qualificado, foram detidos no local. Al\u00e9m do combust\u00edvel, armazenado em tr\u00eas garrafas de um litro, foram apreendidas uma chave inglesa e uma chave de fendas. Posteriormente foram libertados e notificados para comparecer no Minist\u00e9rio P\u00fablico.<\/p>\n<h3>A\u00e7\u00e3o policial e pr\u00f3ximos passos<\/h3>\n<p>A PSP manteve o caso a cargo das autoridades competentes, com o processo a seguir para avalia\u00e7\u00e3o e eventual prossecu\u00e7\u00e3o legal. N\u00e3o foram divulgados detalhes adicionais sobre a investiga\u00e7\u00e3o.<\/p>\n","protected":false},"excerpt":{"rendered":"<ul>\n<li>A PSP deteve, em Vila Franca de Xira, dois homens a roubar combust\u00edvel de um cami\u00e3o, na sexta-feira.<\/li>\n<li>Ao abordar a viatura, os agentes viram um dos suspeitos sentado no interior e o outro agachado junto ao dep\u00f3sito de combust\u00edvel, munido de duas garrafas.<\/li>\n<li>Um dos homens tentou esconder-se debaixo do cami\u00e3o e foi intercetado; ambos confessaram o furto quando questionados.<\/li>\n<li>A empresa propriet\u00e1ria do cami\u00e3o apresentou a den\u00fancia; os dois homens, de 21 e 24 anos, tinham antecedentes criminais por furto qualificado.<\/li>\n<li>Al\u00e9m do combust\u00edvel (em tr\u00eas garrafas de um litro), foram apreendidas uma chave inglesa e uma chave de fendas; os suspeitos foram libertados pela PSP e notificados para comparecer no Minist\u00e9rio P\u00fablico.<\/li>\n<\/ul>\n","protected":false},"author":2,"featured_media":425826,"comment_status":"closed","ping_status":"closed","sticky":false,"template":"","format":"standard","meta":{"footnotes":""},"categories":[6907,6781],"tags":[147,5493,1381,203,250,3980],"class_list":["post-425825","post","type-post","status-publish","format-standard","has-post-thumbnail","hentry","category-crime","category-policia","tag-crime","tag-furto-de-combustivel","tag-psp","tag-roubo","tag-seguranca-publica","tag-vila-franca-de-xira"],"yoast_head":"<!-- This site is optimized with the Yoast SEO plugin v27.2 - https:\/\/yoast.com\/product\/yoast-seo-wordpress\/ -->\n<title>PSP prende homens por roubo de combust\u00edvel a cami\u00e3o em Vila Franca de Xira - Portal Tela Portugal<\/title>\n<meta name=\"robots\" content=\"index, follow, max-snippet:-1, max-image-preview:large, max-video-preview:-1\" \/>\n<meta property=\"og:locale\" content=\"pt_PT\" \/>\n<meta property=\"og:type\" content=\"article\" \/>\n<meta property=\"og:title\" content=\"PSP prende homens por roubo de combust\u00edvel a cami\u00e3o em Vila Franca de Xira - Portal Tela Portugal\" \/>\n<meta property=\"og:description\" content=\"A PSP deteve, em Vila Franca de Xira, dois homens a roubar combust\u00edvel de um cami\u00e3o, na sexta-feira. Ao abordar a viatura, os agentes viram um dos suspeitos sentado no interior e o outro agachado junto ao dep\u00f3sito de combust\u00edvel, munido de duas garrafas. Um dos homens tentou esconder-se debaixo do cami\u00e3o e foi intercetado; ambos confessaram o furto quando questionados. A empresa propriet\u00e1ria do cami\u00e3o apresentou a den\u00fancia; os dois homens, de 21 e 24 anos, tinham antecedentes criminais por furto qualificado. Al\u00e9m do combust\u00edvel (em tr\u00eas garrafas de um litro), foram apreendidas uma chave inglesa e uma chave de fendas; os suspeitos foram libertados pela PSP e notificados para comparecer no Minist\u00e9rio P\u00fablico.\" \/>\n<meta property=\"og:url\" content=\"https:\/\/portaltela.pt\/noticias\/2026\/03\/29\/psp-prende-homens-por-roubo-de-combustivel-a-camiao-em-vila-franca-de-xira\/\" \/>\n<meta property=\"og:site_name\" content=\"Portal Tela Portugal\" \/>\n<meta property=\"article:published_time\" content=\"2026-03-29T10:47:09+00:00\" \/>\n<meta name=\"author\" content=\"Telinha\" \/>\n<meta name=\"twitter:card\" content=\"summary_large_image\" \/>\n<meta name=\"twitter:label1\" content=\"Escrito por\" \/>\n\t<meta name=\"twitter:data1\" content=\"Telinha\" \/>\n\t<meta name=\"twitter:label2\" content=\"Tempo estimado de leitura\" \/>\n\t<meta name=\"twitter:data2\" content=\"1 minuto\" \/>\n<script type=\"application\/ld+json\" class=\"yoast-schema-graph\">{\"@context\":\"https:\/\/schema.org\",\"@graph\":[{\"@type\":\"Article\",\"@id\":\"https:\/\/portaltela.pt\/noticias\/2026\/03\/29\/psp-prende-homens-por-roubo-de-combustivel-a-camiao-em-vila-franca-de-xira\/#article\",\"isPartOf\":{\"@id\":\"https:\/\/portaltela.pt\/noticias\/2026\/03\/29\/psp-prende-homens-por-roubo-de-combustivel-a-camiao-em-vila-franca-de-xira\/\"},\"author\":{\"name\":\"Telinha\",\"@id\":\"https:\/\/portaltela.pt\/#\/schema\/person\/c4278d4a6028830caff9ee44b42d32ed\"},\"headline\":\"PSP prende homens por roubo de combust\u00edvel a cami\u00e3o em Vila Franca de Xira\",\"datePublished\":\"2026-03-29T10:47:09+00:00\",\"mainEntityOfPage\":{\"@id\":\"https:\/\/portaltela.pt\/noticias\/2026\/03\/29\/psp-prende-homens-por-roubo-de-combustivel-a-camiao-em-vila-franca-de-xira\/\"},\"wordCount\":205,\"image\":{\"@id\":\"https:\/\/portaltela.pt\/noticias\/2026\/03\/29\/psp-prende-homens-por-roubo-de-combustivel-a-camiao-em-vila-franca-de-xira\/#primaryimage\"},\"thumbnailUrl\":\"https:\/\/portaltela.pt\/s.01k8rhncp4jt1\/2026\/03\/img_1500x1000uu2026-01-15-11-08-02-2260267-im-639078809623196724.jpg\",\"keywords\":[\"crime\",\"furto de combust\u00edvel\",\"PSP\",\"roubo\",\"seguran\u00e7a p\u00fablica\",\"Vila Franca de Xira\"],\"articleSection\":[\"Crime\",\"Pol\u00edcia\"],\"inLanguage\":\"pt-PT\"},{\"@type\":\"WebPage\",\"@id\":\"https:\/\/portaltela.pt\/noticias\/2026\/03\/29\/psp-prende-homens-por-roubo-de-combustivel-a-camiao-em-vila-franca-de-xira\/\",\"url\":\"https:\/\/portaltela.pt\/noticias\/2026\/03\/29\/psp-prende-homens-por-roubo-de-combustivel-a-camiao-em-vila-franca-de-xira\/\",\"name\":\"PSP prende homens por roubo de combust\u00edvel a cami\u00e3o em Vila Franca de Xira - Portal Tela Portugal\",\"isPartOf\":{\"@id\":\"https:\/\/portaltela.pt\/#website\"},\"primaryImageOfPage\":{\"@id\":\"https:\/\/portaltela.pt\/noticias\/2026\/03\/29\/psp-prende-homens-por-roubo-de-combustivel-a-camiao-em-vila-franca-de-xira\/#primaryimage\"},\"image\":{\"@id\":\"https:\/\/portaltela.pt\/noticias\/2026\/03\/29\/psp-prende-homens-por-roubo-de-combustivel-a-camiao-em-vila-franca-de-xira\/#primaryimage\"},\"thumbnailUrl\":\"https:\/\/portaltela.pt\/s.01k8rhncp4jt1\/2026\/03\/img_1500x1000uu2026-01-15-11-08-02-2260267-im-639078809623196724.jpg\",\"datePublished\":\"2026-03-29T10:47:09+00:00\",\"author\":{\"@id\":\"https:\/\/portaltela.pt\/#\/schema\/person\/c4278d4a6028830caff9ee44b42d32ed\"},\"breadcrumb\":{\"@id\":\"https:\/\/portaltela.pt\/noticias\/2026\/03\/29\/psp-prende-homens-por-roubo-de-combustivel-a-camiao-em-vila-franca-de-xira\/#breadcrumb\"},\"inLanguage\":\"pt-PT\",\"potentialAction\":[{\"@type\":\"ReadAction\",\"target\":[\"https:\/\/portaltela.pt\/noticias\/2026\/03\/29\/psp-prende-homens-por-roubo-de-combustivel-a-camiao-em-vila-franca-de-xira\/\"]}]},{\"@type\":\"ImageObject\",\"inLanguage\":\"pt-PT\",\"@id\":\"https:\/\/portaltela.pt\/noticias\/2026\/03\/29\/psp-prende-homens-por-roubo-de-combustivel-a-camiao-em-vila-franca-de-xira\/#primaryimage\",\"url\":\"https:\/\/portaltela.pt\/s.01k8rhncp4jt1\/2026\/03\/img_1500x1000uu2026-01-15-11-08-02-2260267-im-639078809623196724.jpg\",\"contentUrl\":\"https:\/\/portaltela.pt\/s.01k8rhncp4jt1\/2026\/03\/img_1500x1000uu2026-01-15-11-08-02-2260267-im-639078809623196724.jpg\",\"width\":796,\"height\":448,\"caption\":\"Homens foram detidos na sexta-feira.\"},{\"@type\":\"BreadcrumbList\",\"@id\":\"https:\/\/portaltela.pt\/noticias\/2026\/03\/29\/psp-prende-homens-por-roubo-de-combustivel-a-camiao-em-vila-franca-de-xira\/#breadcrumb\",\"itemListElement\":[{\"@type\":\"ListItem\",\"position\":1,\"name\":\"In\u00edcio\",\"item\":\"https:\/\/portaltela.pt\/\"},{\"@type\":\"ListItem\",\"position\":2,\"name\":\"PSP prende homens por roubo de combust\u00edvel a cami\u00e3o em Vila Franca de Xira\"}]},{\"@type\":\"WebSite\",\"@id\":\"https:\/\/portaltela.pt\/#website\",\"url\":\"https:\/\/portaltela.pt\/\",\"name\":\"Portal Tela Portugal\",\"description\":\"\",\"potentialAction\":[{\"@type\":\"SearchAction\",\"target\":{\"@type\":\"EntryPoint\",\"urlTemplate\":\"https:\/\/portaltela.pt\/?s={search_term_string}\"},\"query-input\":{\"@type\":\"PropertyValueSpecification\",\"valueRequired\":true,\"valueName\":\"search_term_string\"}}],\"inLanguage\":\"pt-PT\"},{\"@type\":\"Person\",\"@id\":\"https:\/\/portaltela.pt\/#\/schema\/person\/c4278d4a6028830caff9ee44b42d32ed\",\"name\":\"Telinha\",\"image\":{\"@type\":\"ImageObject\",\"inLanguage\":\"pt-PT\",\"@id\":\"https:\/\/portaltela.pt\/s.01k8rhncp4jt1\/2025\/11\/talking-bot-125x125.png\",\"url\":\"https:\/\/portaltela.pt\/s.01k8rhncp4jt1\/2025\/11\/talking-bot-125x125.png\",\"contentUrl\":\"https:\/\/portaltela.pt\/s.01k8rhncp4jt1\/2025\/11\/talking-bot-125x125.png\",\"caption\":\"Telinha\"},\"sameAs\":[\"https:\/\/portaltela.pt\/\"],\"url\":\"https:\/\/portaltela.pt\/por\/367410592786\/\"}]}<\/script>\n<!-- \/ Yoast SEO plugin. -->","yoast_head_json":{"title":"PSP prende homens por roubo de combust\u00edvel a cami\u00e3o em Vila Franca de Xira - Portal Tela Portugal","robots":{"index":"index","follow":"follow","max-snippet":"max-snippet:-1","max-image-preview":"max-image-preview:large","max-video-preview":"max-video-preview:-1"},"og_locale":"pt_PT","og_type":"article","og_title":"PSP prende homens por roubo de combust\u00edvel a cami\u00e3o em Vila Franca de Xira - Portal Tela Portugal","og_description":"A PSP deteve, em Vila Franca de Xira, dois homens a roubar combust\u00edvel de um cami\u00e3o, na sexta-feira. Ao abordar a viatura, os agentes viram um dos suspeitos sentado no interior e o outro agachado junto ao dep\u00f3sito de combust\u00edvel, munido de duas garrafas. Um dos homens tentou esconder-se debaixo do cami\u00e3o e foi intercetado; ambos confessaram o furto quando questionados. A empresa propriet\u00e1ria do cami\u00e3o apresentou a den\u00fancia; os dois homens, de 21 e 24 anos, tinham antecedentes criminais por furto qualificado. Al\u00e9m do combust\u00edvel (em tr\u00eas garrafas de um litro), foram apreendidas uma chave inglesa e uma chave de fendas; os suspeitos foram libertados pela PSP e notificados para comparecer no Minist\u00e9rio P\u00fablico.","og_url":"https:\/\/portaltela.pt\/noticias\/2026\/03\/29\/psp-prende-homens-por-roubo-de-combustivel-a-camiao-em-vila-franca-de-xira\/","og_site_name":"Portal Tela Portugal","article_published_time":"2026-03-29T10:47:09+00:00","author":"Telinha","twitter_card":"summary_large_image","twitter_misc":{"Escrito por":"Telinha","Tempo estimado de leitura":"1 minuto"},"schema":{"@context":"https:\/\/schema.org","@graph":[{"@type":"Article","@id":"https:\/\/portaltela.pt\/noticias\/2026\/03\/29\/psp-prende-homens-por-roubo-de-combustivel-a-camiao-em-vila-franca-de-xira\/#article","isPartOf":{"@id":"https:\/\/portaltela.pt\/noticias\/2026\/03\/29\/psp-prende-homens-por-roubo-de-combustivel-a-camiao-em-vila-franca-de-xira\/"},"author":{"name":"Telinha","@id":"https:\/\/portaltela.pt\/#\/schema\/person\/c4278d4a6028830caff9ee44b42d32ed"},"headline":"PSP prende homens por roubo de combust\u00edvel a cami\u00e3o em Vila Franca de Xira","datePublished":"2026-03-29T10:47:09+00:00","mainEntityOfPage":{"@id":"https:\/\/portaltela.pt\/noticias\/2026\/03\/29\/psp-prende-homens-por-roubo-de-combustivel-a-camiao-em-vila-franca-de-xira\/"},"wordCount":205,"image":{"@id":"https:\/\/portaltela.pt\/noticias\/2026\/03\/29\/psp-prende-homens-por-roubo-de-combustivel-a-camiao-em-vila-franca-de-xira\/#primaryimage"},"thumbnailUrl":"https:\/\/portaltela.pt\/s.01k8rhncp4jt1\/2026\/03\/img_1500x1000uu2026-01-15-11-08-02-2260267-im-639078809623196724.jpg","keywords":["crime","furto de combust\u00edvel","PSP","roubo","seguran\u00e7a p\u00fablica","Vila Franca de Xira"],"articleSection":["Crime","Pol\u00edcia"],"inLanguage":"pt-PT"},{"@type":"WebPage","@id":"https:\/\/portaltela.pt\/noticias\/2026\/03\/29\/psp-prende-homens-por-roubo-de-combustivel-a-camiao-em-vila-franca-de-xira\/","url":"https:\/\/portaltela.pt\/noticias\/2026\/03\/29\/psp-prende-homens-por-roubo-de-combustivel-a-camiao-em-vila-franca-de-xira\/","name":"PSP prende homens por roubo de combust\u00edvel a cami\u00e3o em Vila Franca de Xira - Portal Tela Portugal","isPartOf":{"@id":"https:\/\/portaltela.pt\/#website"},"primaryImageOfPage":{"@id":"https:\/\/portaltela.pt\/noticias\/2026\/03\/29\/psp-prende-homens-por-roubo-de-combustivel-a-camiao-em-vila-franca-de-xira\/#primaryimage"},"image":{"@id":"https:\/\/portaltela.pt\/noticias\/2026\/03\/29\/psp-prende-homens-por-roubo-de-combustivel-a-camiao-em-vila-franca-de-xira\/#primaryimage"},"thumbnailUrl":"https:\/\/portaltela.pt\/s.01k8rhncp4jt1\/2026\/03\/img_1500x1000uu2026-01-15-11-08-02-2260267-im-639078809623196724.jpg","datePublished":"2026-03-29T10:47:09+00:00","author":{"@id":"https:\/\/portaltela.pt\/#\/schema\/person\/c4278d4a6028830caff9ee44b42d32ed"},"breadcrumb":{"@id":"https:\/\/portaltela.pt\/noticias\/2026\/03\/29\/psp-prende-homens-por-roubo-de-combustivel-a-camiao-em-vila-franca-de-xira\/#breadcrumb"},"inLanguage":"pt-PT","potentialAction":[{"@type":"ReadAction","target":["https:\/\/portaltela.pt\/noticias\/2026\/03\/29\/psp-prende-homens-por-roubo-de-combustivel-a-camiao-em-vila-franca-de-xira\/"]}]},{"@type":"ImageObject","inLanguage":"pt-PT","@id":"https:\/\/portaltela.pt\/noticias\/2026\/03\/29\/psp-prende-homens-por-roubo-de-combustivel-a-camiao-em-vila-franca-de-xira\/#primaryimage","url":"https:\/\/portaltela.pt\/s.01k8rhncp4jt1\/2026\/03\/img_1500x1000uu2026-01-15-11-08-02-2260267-im-639078809623196724.jpg","contentUrl":"https:\/\/portaltela.pt\/s.01k8rhncp4jt1\/2026\/03\/img_1500x1000uu2026-01-15-11-08-02-2260267-im-639078809623196724.jpg","width":796,"height":448,"caption":"Homens foram detidos na sexta-feira."},{"@type":"BreadcrumbList","@id":"https:\/\/portaltela.pt\/noticias\/2026\/03\/29\/psp-prende-homens-por-roubo-de-combustivel-a-camiao-em-vila-franca-de-xira\/#breadcrumb","itemListElement":[{"@type":"ListItem","position":1,"name":"In\u00edcio","item":"https:\/\/portaltela.pt\/"},{"@type":"ListItem","position":2,"name":"PSP prende homens por roubo de combust\u00edvel a cami\u00e3o em Vila Franca de Xira"}]},{"@type":"WebSite","@id":"https:\/\/portaltela.pt\/#website","url":"https:\/\/portaltela.pt\/","name":"Portal Tela Portugal","description":"","potentialAction":[{"@type":"SearchAction","target":{"@type":"EntryPoint","urlTemplate":"https:\/\/portaltela.pt\/?s={search_term_string}"},"query-input":{"@type":"PropertyValueSpecification","valueRequired":true,"valueName":"search_term_string"}}],"inLanguage":"pt-PT"},{"@type":"Person","@id":"https:\/\/portaltela.pt\/#\/schema\/person\/c4278d4a6028830caff9ee44b42d32ed","name":"Telinha","image":{"@type":"ImageObject","inLanguage":"pt-PT","@id":"https:\/\/portaltela.pt\/s.01k8rhncp4jt1\/2025\/11\/talking-bot-125x125.png","url":"https:\/\/portaltela.pt\/s.01k8rhncp4jt1\/2025\/11\/talking-bot-125x125.png","contentUrl":"https:\/\/portaltela.pt\/s.01k8rhncp4jt1\/2025\/11\/talking-bot-125x125.png","caption":"Telinha"},"sameAs":["https:\/\/portaltela.pt\/"],"url":"https:\/\/portaltela.pt\/por\/367410592786\/"}]}},"_links":{"self":[{"href":"https:\/\/portaltela.pt\/api\/wp\/v2\/posts\/425825","targetHints":{"allow":["GET"]}}],"collection":[{"href":"https:\/\/portaltela.pt\/api\/wp\/v2\/posts"}],"about":[{"href":"https:\/\/portaltela.pt\/api\/wp\/v2\/types\/post"}],"author":[{"embeddable":true,"href":"https:\/\/portaltela.pt\/api\/wp\/v2\/users\/2"}],"replies":[{"embeddable":true,"href":"https:\/\/portaltela.pt\/api\/wp\/v2\/comments?post=425825"}],"version-history":[{"count":0,"href":"https:\/\/portaltela.pt\/api\/wp\/v2\/posts\/425825\/revisions"}],"wp:featuredmedia":[{"embeddable":true,"href":"https:\/\/portaltela.pt\/api\/wp\/v2\/media\/425826"}],"wp:attachment":[{"href":"https:\/\/portaltela.pt\/api\/wp\/v2\/media?parent=425825"}],"wp:term":[{"taxonomy":"category","embeddable":true,"href":"https:\/\/portaltela.pt\/api\/wp\/v2\/categories?post=425825"},{"taxonomy":"post_tag","embeddable":true,"href":"https:\/\/portaltela.pt\/api\/wp\/v2\/tags?post=425825"}],"curies":[{"name":"wp","href":"https:\/\/api.w.org\/{rel}","templated":true}]}}