{"id":425801,"date":"2026-03-29T07:02:16","date_gmt":"2026-03-29T10:02:16","guid":{"rendered":"https:\/\/portaltela.pt\/noticias\/2026\/03\/29\/incendio-no-parque-peneda-geres-continua-ativo-sem-pontos-sensiveis\/"},"modified":"2026-03-29T07:02:16","modified_gmt":"2026-03-29T10:02:16","slug":"incendio-no-parque-peneda-geres-continua-ativo-sem-pontos-sensiveis","status":"publish","type":"post","link":"https:\/\/portaltela.pt\/meio-ambiente\/2026\/03\/29\/incendio-no-parque-peneda-geres-continua-ativo-sem-pontos-sensiveis\/","title":{"rendered":"Inc\u00eandio no Parque Peneda-Ger\u00eas continua ativo, sem pontos sens\u00edveis"},"content":{"rendered":"<p>O fogo deflagrou na tarde de s\u00e1bado na freguesia de Vilar da Veiga, Terras de Bouro, no distrito de Braga, e permanece activo no domingo. A origem exata ainda n\u00e3o foi avan\u00e7ada, mas o inc\u00eandio est\u00e1 a lavrar em mato de dif\u00edcil acesso.<\/p>\n<p>Ao combate est\u00e3o envolvidos meios de apoio a\u00e9reo, v\u00e1rias corpora\u00e7\u00f5es de bombeiros da regi\u00e3o e o Instituto da Conserva\u00e7\u00e3o da Natureza e das Florestas (ICNF), com a GNR a acompanhar a opera\u00e7\u00e3o. N\u00e3o h\u00e1 indica\u00e7\u00e3o de pontos sens\u00edveis como habita\u00e7\u00f5es em risco.<\/p>\n<p>Segundo a Autoridade Nacional de Emerg\u00eancia e Prote\u00e7\u00e3o Civil, \u00e0s 9h50 de hoje estavam no local 81 operacionais, apoiados por 22 ve\u00edculos e um meio a\u00e9reo. A situa\u00e7\u00e3o mant\u00e9m-se est\u00e1vel, sem altera\u00e7\u00f5es significativas no contacto com zonas habitadas.<\/p>\n","protected":false},"excerpt":{"rendered":"<ul>\n<li>O inc\u00eandio deflagrou na tarde de s\u00e1bado na freguesia de Vilar da Veiga, Terras de Bouro, distrito de Braga, no Parque Nacional da Peneda-Ger\u00eas, por volta das 13h45.<\/li>\n<li>O fogo continua activo no domingo, em zona de mato de dif\u00edcil acesso, mas sem pontos sens\u00edveis como habita\u00e7\u00f5es em risco.<\/li>\n<li>No combate, trabalham meio a\u00e9reo, v\u00e1rias corpora\u00e7\u00f5es de bombeiros da zona, o Instituto da Conserva\u00e7\u00e3o da Natureza e das Florestas (ICNF) e a Guarda Nacional Republicana (GNR).<\/li>\n<li>Na manh\u00e3 de domingo, eram 81 operacionais no local, com 22 ve\u00edculos e um meio a\u00e9reo, segundo a Autoridade Nacional de Emerg\u00eancia e Prote\u00e7\u00e3o Civil.<\/li>\n<li>A situa\u00e7\u00e3o permanece est\u00e1vel em termos de risco a habita\u00e7\u00f5es, com monitoriza\u00e7\u00e3o cont\u00ednua das chamas.<\/li>\n<\/ul>\n","protected":false},"author":2,"featured_media":425804,"comment_status":"closed","ping_status":"closed","sticky":false,"template":"","format":"standard","meta":{"footnotes":""},"categories":[6725],"tags":[971,1207,3142,1438,2617,320],"class_list":["post-425801","post","type-post","status-publish","format-standard","has-post-thumbnail","hentry","category-meio-ambiente","tag-bombeiros","tag-braga","tag-icnf","tag-incendio","tag-incendios","tag-protecao-civil"],"yoast_head":"<!-- This site is optimized with the Yoast SEO plugin v27.2 - https:\/\/yoast.com\/product\/yoast-seo-wordpress\/ -->\n<title>Inc\u00eandio no Parque Peneda-Ger\u00eas continua ativo, sem pontos sens\u00edveis - Portal Tela Portugal<\/title>\n<meta name=\"robots\" content=\"index, follow, max-snippet:-1, max-image-preview:large, max-video-preview:-1\" \/>\n<meta property=\"og:locale\" content=\"pt_PT\" \/>\n<meta property=\"og:type\" content=\"article\" \/>\n<meta property=\"og:title\" content=\"Inc\u00eandio no Parque Peneda-Ger\u00eas continua ativo, sem pontos sens\u00edveis - Portal Tela Portugal\" \/>\n<meta property=\"og:description\" content=\"O inc\u00eandio deflagrou na tarde de s\u00e1bado na freguesia de Vilar da Veiga, Terras de Bouro, distrito de Braga, no Parque Nacional da Peneda-Ger\u00eas, por volta das 13h45. O fogo continua activo no domingo, em zona de mato de dif\u00edcil acesso, mas sem pontos sens\u00edveis como habita\u00e7\u00f5es em risco. No combate, trabalham meio a\u00e9reo, v\u00e1rias corpora\u00e7\u00f5es de bombeiros da zona, o Instituto da Conserva\u00e7\u00e3o da Natureza e das Florestas (ICNF) e a Guarda Nacional Republicana (GNR). Na manh\u00e3 de domingo, eram 81 operacionais no local, com 22 ve\u00edculos e um meio a\u00e9reo, segundo a Autoridade Nacional de Emerg\u00eancia e Prote\u00e7\u00e3o Civil. A situa\u00e7\u00e3o permanece est\u00e1vel em termos de risco a habita\u00e7\u00f5es, com monitoriza\u00e7\u00e3o cont\u00ednua das chamas.\" \/>\n<meta property=\"og:url\" content=\"https:\/\/portaltela.pt\/noticias\/2026\/03\/29\/incendio-no-parque-peneda-geres-continua-ativo-sem-pontos-sensiveis\/\" \/>\n<meta property=\"og:site_name\" content=\"Portal Tela Portugal\" \/>\n<meta property=\"article:published_time\" content=\"2026-03-29T10:02:16+00:00\" \/>\n<meta name=\"author\" content=\"Telinha\" \/>\n<meta name=\"twitter:card\" content=\"summary_large_image\" \/>\n<meta name=\"twitter:label1\" content=\"Escrito por\" \/>\n\t<meta name=\"twitter:data1\" content=\"Telinha\" \/>\n\t<meta name=\"twitter:label2\" content=\"Tempo estimado de leitura\" \/>\n\t<meta name=\"twitter:data2\" content=\"1 minuto\" \/>\n<script type=\"application\/ld+json\" class=\"yoast-schema-graph\">{\"@context\":\"https:\/\/schema.org\",\"@graph\":[{\"@type\":\"Article\",\"@id\":\"https:\/\/portaltela.pt\/noticias\/2026\/03\/29\/incendio-no-parque-peneda-geres-continua-ativo-sem-pontos-sensiveis\/#article\",\"isPartOf\":{\"@id\":\"https:\/\/portaltela.pt\/noticias\/2026\/03\/29\/incendio-no-parque-peneda-geres-continua-ativo-sem-pontos-sensiveis\/\"},\"author\":{\"name\":\"Telinha\",\"@id\":\"https:\/\/portaltela.pt\/#\/schema\/person\/c4278d4a6028830caff9ee44b42d32ed\"},\"headline\":\"Inc\u00eandio no Parque Peneda-Ger\u00eas continua ativo, sem pontos sens\u00edveis\",\"datePublished\":\"2026-03-29T10:02:16+00:00\",\"mainEntityOfPage\":{\"@id\":\"https:\/\/portaltela.pt\/noticias\/2026\/03\/29\/incendio-no-parque-peneda-geres-continua-ativo-sem-pontos-sensiveis\/\"},\"wordCount\":157,\"image\":{\"@id\":\"https:\/\/portaltela.pt\/noticias\/2026\/03\/29\/incendio-no-parque-peneda-geres-continua-ativo-sem-pontos-sensiveis\/#primaryimage\"},\"thumbnailUrl\":\"https:\/\/portaltela.pt\/s.01k8rhncp4jt1\/2026\/03\/2077762.jpg\",\"keywords\":[\"bombeiros\",\"Braga\",\"ICNF\",\"inc\u00eandio\",\"inc\u00eandios\",\"prote\u00e7\u00e3o civil\"],\"articleSection\":[\"Meio Ambiente\"],\"inLanguage\":\"pt-PT\"},{\"@type\":\"WebPage\",\"@id\":\"https:\/\/portaltela.pt\/noticias\/2026\/03\/29\/incendio-no-parque-peneda-geres-continua-ativo-sem-pontos-sensiveis\/\",\"url\":\"https:\/\/portaltela.pt\/noticias\/2026\/03\/29\/incendio-no-parque-peneda-geres-continua-ativo-sem-pontos-sensiveis\/\",\"name\":\"Inc\u00eandio no Parque Peneda-Ger\u00eas continua ativo, sem pontos sens\u00edveis - Portal Tela Portugal\",\"isPartOf\":{\"@id\":\"https:\/\/portaltela.pt\/#website\"},\"primaryImageOfPage\":{\"@id\":\"https:\/\/portaltela.pt\/noticias\/2026\/03\/29\/incendio-no-parque-peneda-geres-continua-ativo-sem-pontos-sensiveis\/#primaryimage\"},\"image\":{\"@id\":\"https:\/\/portaltela.pt\/noticias\/2026\/03\/29\/incendio-no-parque-peneda-geres-continua-ativo-sem-pontos-sensiveis\/#primaryimage\"},\"thumbnailUrl\":\"https:\/\/portaltela.pt\/s.01k8rhncp4jt1\/2026\/03\/2077762.jpg\",\"datePublished\":\"2026-03-29T10:02:16+00:00\",\"author\":{\"@id\":\"https:\/\/portaltela.pt\/#\/schema\/person\/c4278d4a6028830caff9ee44b42d32ed\"},\"breadcrumb\":{\"@id\":\"https:\/\/portaltela.pt\/noticias\/2026\/03\/29\/incendio-no-parque-peneda-geres-continua-ativo-sem-pontos-sensiveis\/#breadcrumb\"},\"inLanguage\":\"pt-PT\",\"potentialAction\":[{\"@type\":\"ReadAction\",\"target\":[\"https:\/\/portaltela.pt\/noticias\/2026\/03\/29\/incendio-no-parque-peneda-geres-continua-ativo-sem-pontos-sensiveis\/\"]}]},{\"@type\":\"ImageObject\",\"inLanguage\":\"pt-PT\",\"@id\":\"https:\/\/portaltela.pt\/noticias\/2026\/03\/29\/incendio-no-parque-peneda-geres-continua-ativo-sem-pontos-sensiveis\/#primaryimage\",\"url\":\"https:\/\/portaltela.pt\/s.01k8rhncp4jt1\/2026\/03\/2077762.jpg\",\"contentUrl\":\"https:\/\/portaltela.pt\/s.01k8rhncp4jt1\/2026\/03\/2077762.jpg\",\"width\":796,\"height\":448,\"caption\":\"Fotografia de um inc\u00eandio no Parque Nacional da Peneda-Ger\u00eas em 2022\"},{\"@type\":\"BreadcrumbList\",\"@id\":\"https:\/\/portaltela.pt\/noticias\/2026\/03\/29\/incendio-no-parque-peneda-geres-continua-ativo-sem-pontos-sensiveis\/#breadcrumb\",\"itemListElement\":[{\"@type\":\"ListItem\",\"position\":1,\"name\":\"In\u00edcio\",\"item\":\"https:\/\/portaltela.pt\/\"},{\"@type\":\"ListItem\",\"position\":2,\"name\":\"Inc\u00eandio no Parque Peneda-Ger\u00eas continua ativo, sem pontos sens\u00edveis\"}]},{\"@type\":\"WebSite\",\"@id\":\"https:\/\/portaltela.pt\/#website\",\"url\":\"https:\/\/portaltela.pt\/\",\"name\":\"Portal Tela Portugal\",\"description\":\"\",\"potentialAction\":[{\"@type\":\"SearchAction\",\"target\":{\"@type\":\"EntryPoint\",\"urlTemplate\":\"https:\/\/portaltela.pt\/?s={search_term_string}\"},\"query-input\":{\"@type\":\"PropertyValueSpecification\",\"valueRequired\":true,\"valueName\":\"search_term_string\"}}],\"inLanguage\":\"pt-PT\"},{\"@type\":\"Person\",\"@id\":\"https:\/\/portaltela.pt\/#\/schema\/person\/c4278d4a6028830caff9ee44b42d32ed\",\"name\":\"Telinha\",\"image\":{\"@type\":\"ImageObject\",\"inLanguage\":\"pt-PT\",\"@id\":\"https:\/\/portaltela.pt\/s.01k8rhncp4jt1\/2025\/11\/talking-bot-125x125.png\",\"url\":\"https:\/\/portaltela.pt\/s.01k8rhncp4jt1\/2025\/11\/talking-bot-125x125.png\",\"contentUrl\":\"https:\/\/portaltela.pt\/s.01k8rhncp4jt1\/2025\/11\/talking-bot-125x125.png\",\"caption\":\"Telinha\"},\"sameAs\":[\"https:\/\/portaltela.pt\/\"],\"url\":\"https:\/\/portaltela.pt\/por\/367410592786\/\"}]}<\/script>\n<!-- \/ Yoast SEO plugin. -->","yoast_head_json":{"title":"Inc\u00eandio no Parque Peneda-Ger\u00eas continua ativo, sem pontos sens\u00edveis - Portal Tela Portugal","robots":{"index":"index","follow":"follow","max-snippet":"max-snippet:-1","max-image-preview":"max-image-preview:large","max-video-preview":"max-video-preview:-1"},"og_locale":"pt_PT","og_type":"article","og_title":"Inc\u00eandio no Parque Peneda-Ger\u00eas continua ativo, sem pontos sens\u00edveis - Portal Tela Portugal","og_description":"O inc\u00eandio deflagrou na tarde de s\u00e1bado na freguesia de Vilar da Veiga, Terras de Bouro, distrito de Braga, no Parque Nacional da Peneda-Ger\u00eas, por volta das 13h45. O fogo continua activo no domingo, em zona de mato de dif\u00edcil acesso, mas sem pontos sens\u00edveis como habita\u00e7\u00f5es em risco. No combate, trabalham meio a\u00e9reo, v\u00e1rias corpora\u00e7\u00f5es de bombeiros da zona, o Instituto da Conserva\u00e7\u00e3o da Natureza e das Florestas (ICNF) e a Guarda Nacional Republicana (GNR). Na manh\u00e3 de domingo, eram 81 operacionais no local, com 22 ve\u00edculos e um meio a\u00e9reo, segundo a Autoridade Nacional de Emerg\u00eancia e Prote\u00e7\u00e3o Civil. A situa\u00e7\u00e3o permanece est\u00e1vel em termos de risco a habita\u00e7\u00f5es, com monitoriza\u00e7\u00e3o cont\u00ednua das chamas.","og_url":"https:\/\/portaltela.pt\/noticias\/2026\/03\/29\/incendio-no-parque-peneda-geres-continua-ativo-sem-pontos-sensiveis\/","og_site_name":"Portal Tela Portugal","article_published_time":"2026-03-29T10:02:16+00:00","author":"Telinha","twitter_card":"summary_large_image","twitter_misc":{"Escrito por":"Telinha","Tempo estimado de leitura":"1 minuto"},"schema":{"@context":"https:\/\/schema.org","@graph":[{"@type":"Article","@id":"https:\/\/portaltela.pt\/noticias\/2026\/03\/29\/incendio-no-parque-peneda-geres-continua-ativo-sem-pontos-sensiveis\/#article","isPartOf":{"@id":"https:\/\/portaltela.pt\/noticias\/2026\/03\/29\/incendio-no-parque-peneda-geres-continua-ativo-sem-pontos-sensiveis\/"},"author":{"name":"Telinha","@id":"https:\/\/portaltela.pt\/#\/schema\/person\/c4278d4a6028830caff9ee44b42d32ed"},"headline":"Inc\u00eandio no Parque Peneda-Ger\u00eas continua ativo, sem pontos sens\u00edveis","datePublished":"2026-03-29T10:02:16+00:00","mainEntityOfPage":{"@id":"https:\/\/portaltela.pt\/noticias\/2026\/03\/29\/incendio-no-parque-peneda-geres-continua-ativo-sem-pontos-sensiveis\/"},"wordCount":157,"image":{"@id":"https:\/\/portaltela.pt\/noticias\/2026\/03\/29\/incendio-no-parque-peneda-geres-continua-ativo-sem-pontos-sensiveis\/#primaryimage"},"thumbnailUrl":"https:\/\/portaltela.pt\/s.01k8rhncp4jt1\/2026\/03\/2077762.jpg","keywords":["bombeiros","Braga","ICNF","inc\u00eandio","inc\u00eandios","prote\u00e7\u00e3o civil"],"articleSection":["Meio Ambiente"],"inLanguage":"pt-PT"},{"@type":"WebPage","@id":"https:\/\/portaltela.pt\/noticias\/2026\/03\/29\/incendio-no-parque-peneda-geres-continua-ativo-sem-pontos-sensiveis\/","url":"https:\/\/portaltela.pt\/noticias\/2026\/03\/29\/incendio-no-parque-peneda-geres-continua-ativo-sem-pontos-sensiveis\/","name":"Inc\u00eandio no Parque Peneda-Ger\u00eas continua ativo, sem pontos sens\u00edveis - Portal Tela Portugal","isPartOf":{"@id":"https:\/\/portaltela.pt\/#website"},"primaryImageOfPage":{"@id":"https:\/\/portaltela.pt\/noticias\/2026\/03\/29\/incendio-no-parque-peneda-geres-continua-ativo-sem-pontos-sensiveis\/#primaryimage"},"image":{"@id":"https:\/\/portaltela.pt\/noticias\/2026\/03\/29\/incendio-no-parque-peneda-geres-continua-ativo-sem-pontos-sensiveis\/#primaryimage"},"thumbnailUrl":"https:\/\/portaltela.pt\/s.01k8rhncp4jt1\/2026\/03\/2077762.jpg","datePublished":"2026-03-29T10:02:16+00:00","author":{"@id":"https:\/\/portaltela.pt\/#\/schema\/person\/c4278d4a6028830caff9ee44b42d32ed"},"breadcrumb":{"@id":"https:\/\/portaltela.pt\/noticias\/2026\/03\/29\/incendio-no-parque-peneda-geres-continua-ativo-sem-pontos-sensiveis\/#breadcrumb"},"inLanguage":"pt-PT","potentialAction":[{"@type":"ReadAction","target":["https:\/\/portaltela.pt\/noticias\/2026\/03\/29\/incendio-no-parque-peneda-geres-continua-ativo-sem-pontos-sensiveis\/"]}]},{"@type":"ImageObject","inLanguage":"pt-PT","@id":"https:\/\/portaltela.pt\/noticias\/2026\/03\/29\/incendio-no-parque-peneda-geres-continua-ativo-sem-pontos-sensiveis\/#primaryimage","url":"https:\/\/portaltela.pt\/s.01k8rhncp4jt1\/2026\/03\/2077762.jpg","contentUrl":"https:\/\/portaltela.pt\/s.01k8rhncp4jt1\/2026\/03\/2077762.jpg","width":796,"height":448,"caption":"Fotografia de um inc\u00eandio no Parque Nacional da Peneda-Ger\u00eas em 2022"},{"@type":"BreadcrumbList","@id":"https:\/\/portaltela.pt\/noticias\/2026\/03\/29\/incendio-no-parque-peneda-geres-continua-ativo-sem-pontos-sensiveis\/#breadcrumb","itemListElement":[{"@type":"ListItem","position":1,"name":"In\u00edcio","item":"https:\/\/portaltela.pt\/"},{"@type":"ListItem","position":2,"name":"Inc\u00eandio no Parque Peneda-Ger\u00eas continua ativo, sem pontos sens\u00edveis"}]},{"@type":"WebSite","@id":"https:\/\/portaltela.pt\/#website","url":"https:\/\/portaltela.pt\/","name":"Portal Tela Portugal","description":"","potentialAction":[{"@type":"SearchAction","target":{"@type":"EntryPoint","urlTemplate":"https:\/\/portaltela.pt\/?s={search_term_string}"},"query-input":{"@type":"PropertyValueSpecification","valueRequired":true,"valueName":"search_term_string"}}],"inLanguage":"pt-PT"},{"@type":"Person","@id":"https:\/\/portaltela.pt\/#\/schema\/person\/c4278d4a6028830caff9ee44b42d32ed","name":"Telinha","image":{"@type":"ImageObject","inLanguage":"pt-PT","@id":"https:\/\/portaltela.pt\/s.01k8rhncp4jt1\/2025\/11\/talking-bot-125x125.png","url":"https:\/\/portaltela.pt\/s.01k8rhncp4jt1\/2025\/11\/talking-bot-125x125.png","contentUrl":"https:\/\/portaltela.pt\/s.01k8rhncp4jt1\/2025\/11\/talking-bot-125x125.png","caption":"Telinha"},"sameAs":["https:\/\/portaltela.pt\/"],"url":"https:\/\/portaltela.pt\/por\/367410592786\/"}]}},"_links":{"self":[{"href":"https:\/\/portaltela.pt\/api\/wp\/v2\/posts\/425801","targetHints":{"allow":["GET"]}}],"collection":[{"href":"https:\/\/portaltela.pt\/api\/wp\/v2\/posts"}],"about":[{"href":"https:\/\/portaltela.pt\/api\/wp\/v2\/types\/post"}],"author":[{"embeddable":true,"href":"https:\/\/portaltela.pt\/api\/wp\/v2\/users\/2"}],"replies":[{"embeddable":true,"href":"https:\/\/portaltela.pt\/api\/wp\/v2\/comments?post=425801"}],"version-history":[{"count":0,"href":"https:\/\/portaltela.pt\/api\/wp\/v2\/posts\/425801\/revisions"}],"wp:featuredmedia":[{"embeddable":true,"href":"https:\/\/portaltela.pt\/api\/wp\/v2\/media\/425804"}],"wp:attachment":[{"href":"https:\/\/portaltela.pt\/api\/wp\/v2\/media?parent=425801"}],"wp:term":[{"taxonomy":"category","embeddable":true,"href":"https:\/\/portaltela.pt\/api\/wp\/v2\/categories?post=425801"},{"taxonomy":"post_tag","embeddable":true,"href":"https:\/\/portaltela.pt\/api\/wp\/v2\/tags?post=425801"}],"curies":[{"name":"wp","href":"https:\/\/api.w.org\/{rel}","templated":true}]}}