{"id":425799,"date":"2026-03-29T07:02:15","date_gmt":"2026-03-29T10:02:15","guid":{"rendered":"https:\/\/portaltela.pt\/noticias\/2026\/03\/29\/luisa-salgueiro-e-eduardo-cabrita-integram-lista-unica-da-comissao-do-ps\/"},"modified":"2026-03-29T07:02:15","modified_gmt":"2026-03-29T10:02:15","slug":"luisa-salgueiro-e-eduardo-cabrita-integram-lista-unica-da-comissao-do-ps","status":"publish","type":"post","link":"https:\/\/portaltela.pt\/noticias\/politica\/2026\/03\/29\/luisa-salgueiro-e-eduardo-cabrita-integram-lista-unica-da-comissao-do-ps\/","title":{"rendered":"Lu\u00edsa Salgueiro e Eduardo Cabrita integram lista \u00fanica da Comiss\u00e3o do PS"},"content":{"rendered":"<p>A lista \u00fanica \u00e0 Comiss\u00e3o Nacional do PS, apresentada pela dire\u00e7\u00e3o de Jos\u00e9 Lu\u00eds Carneiro, inclui 251 nomes. Entre eles figuram a presidente da C\u00e2mara de Matosinhos, Lu\u00edsa Salgueiro, e o ex-ministro da Administra\u00e7\u00e3o Interna, Eduardo Cabrita. A divulga\u00e7\u00e3o ocorreu durante o 25.\u00ba Congresso Nacional, em Viseu, onde as vota\u00e7\u00f5es eletr\u00f3nicas decorre\u00adriam esta manh\u00e3.<\/p>\n<p>A lideran\u00e7a da lista \u00e9 ocupada pela presidente da C\u00e2mara de Almada, In\u00eas de Medeiros. A vota\u00e7\u00e3o para este e os restantes \u00f3rg\u00e3os nacionais come\u00e7ou neste domingo, \u00faltimo dia do congresso. A Comiss\u00e3o Nacional dever\u00e1 depois eleger, na sua primeira reuni\u00e3o, a Comiss\u00e3o Pol\u00edtica Nacional e o Secretariado Nacional.<\/p>\n<p>Al\u00e9m de Salgueiro e Cabrita, passam a integrar a lista os deputados Lu\u00eds Dias e Elza Pais. Tamb\u00e9m passam a fazer parte os ex-deputados Maria da Luz Rosinha e Fernando Jesus. A inclus\u00e3o destes nomes amplia a representatividade entre dirigentes e antigos membros do parlamento.<\/p>\n<p>No s\u00e1bado houve um incidente durante os trabalhos do congresso: a mesa rejeitou uma lista do antigo deputado Ricardo Gon\u00e7alves por n\u00e3o cumprir o n\u00famero m\u00ednimo de 251 nomes. De madrugada, Gon\u00e7alves pediu reaprecia\u00e7\u00e3o para plen\u00e1rio da decis\u00e3o.<\/p>\n<p>Ao longo da manh\u00e3 de hoje, Ricardo Gon\u00e7alves informou aos jornalistas que apresentaria um pedido de impugna\u00e7\u00e3o dos atos eleitorais do congresso. O processo de composi\u00e7\u00e3o inclui ainda vota\u00e7\u00f5es para a Comiss\u00e3o Nacional de Jurisdi\u00e7\u00e3o e para a Comiss\u00e3o Nacional de Fiscaliza\u00e7\u00e3o Econ\u00f3mica e Financeira.<\/p>\n<p>Recorde-se que, no \u00faltimo congresso, em janeiro de 2024, a lista \u00fanica para a Comiss\u00e3o Nacional resultou de um acordo entre o ex-l\u00edder socialista Pedro Nuno Santos, Jos\u00e9 Lu\u00eds Carneiro e Daniel Adri\u00e3o. Na altura, a lista conseguiu 90,78% dos votos, com 9,22% em branco, liderada por Francisco Assis.<\/p>\n","protected":false},"excerpt":{"rendered":"<ul>\n<li>A lista \u00fanica \u00e0 Comiss\u00e3o Nacional do PS inclui Lu\u00edsa Salgueiro (presidente da C\u00e2mara de Matosinhos) e Eduardo Cabrita entre os 251 nomes, segundo a dire\u00e7\u00e3o de Jos\u00e9 Lu\u00eds Carneiro.<\/li>\n<li>A lista \u00e9 liderada pela presidente da C\u00e2mara de Almada, In\u00eas de Medeiros; as vota\u00e7\u00f5es eletr\u00f3nicas para este e os restantes \u00f3rg\u00e3os nacionais do PS come\u00e7aram hoje, \u00faltimo dia do 25.\u00ba Congresso Nacional, em Viseu.<\/li>\n<li>Al\u00e9m de Lu\u00edsa Salgueiro e Eduardo Cabrita, entram na lista os deputados Lu\u00eds Dias e Elza Pais, bem como os ex-deputados Maria da Luz Rosinha e Fernando Jesus.<\/li>\n<li>O processo ficou marcado por um incidente: a mesa do congresso rejeitou uma lista do antigo deputado Ricardo Gon\u00e7alves por ter sido entregue com sete nomes dos 251; houve pedido de reaprecia\u00e7\u00e3o e de impugna\u00e7\u00e3o dos atos eleitorais.<\/li>\n<li>Para al\u00e9m da Comiss\u00e3o Nacional, os delegados votam na Comiss\u00e3o Nacional de Jurisdi\u00e7\u00e3o e na Comiss\u00e3o Nacional de Fiscaliza\u00e7\u00e3o Econ\u00f3mica e Financeira.<\/li>\n<\/ul>\n","protected":false},"author":2,"featured_media":425805,"comment_status":"closed","ping_status":"closed","sticky":false,"template":"","format":"standard","meta":{"footnotes":""},"categories":[1,5],"tags":[3776,68,34,1732,2832,2144],"class_list":["post-425799","post","type-post","status-publish","format-standard","has-post-thumbnail","hentry","category-noticias","category-politica","tag-comissao","tag-eleicoes","tag-governo","tag-partidos","tag-politica","tag-ps"],"yoast_head":"<!-- This site is optimized with the Yoast SEO plugin v27.2 - https:\/\/yoast.com\/product\/yoast-seo-wordpress\/ -->\n<title>Lu\u00edsa Salgueiro e Eduardo Cabrita integram lista \u00fanica da Comiss\u00e3o do PS - Portal Tela Portugal<\/title>\n<meta name=\"robots\" content=\"index, follow, max-snippet:-1, max-image-preview:large, max-video-preview:-1\" \/>\n<meta property=\"og:locale\" content=\"pt_PT\" \/>\n<meta property=\"og:type\" content=\"article\" \/>\n<meta property=\"og:title\" content=\"Lu\u00edsa Salgueiro e Eduardo Cabrita integram lista \u00fanica da Comiss\u00e3o do PS - Portal Tela Portugal\" \/>\n<meta property=\"og:description\" content=\"A lista \u00fanica \u00e0 Comiss\u00e3o Nacional do PS inclui Lu\u00edsa Salgueiro (presidente da C\u00e2mara de Matosinhos) e Eduardo Cabrita entre os 251 nomes, segundo a dire\u00e7\u00e3o de Jos\u00e9 Lu\u00eds Carneiro. A lista \u00e9 liderada pela presidente da C\u00e2mara de Almada, In\u00eas de Medeiros; as vota\u00e7\u00f5es eletr\u00f3nicas para este e os restantes \u00f3rg\u00e3os nacionais do PS come\u00e7aram hoje, \u00faltimo dia do 25.\u00ba Congresso Nacional, em Viseu. Al\u00e9m de Lu\u00edsa Salgueiro e Eduardo Cabrita, entram na lista os deputados Lu\u00eds Dias e Elza Pais, bem como os ex-deputados Maria da Luz Rosinha e Fernando Jesus. O processo ficou marcado por um incidente: a mesa do congresso rejeitou uma lista do antigo deputado Ricardo Gon\u00e7alves por ter sido entregue com sete nomes dos 251; houve pedido de reaprecia\u00e7\u00e3o e de impugna\u00e7\u00e3o dos atos eleitorais. Para al\u00e9m da Comiss\u00e3o Nacional, os delegados votam na Comiss\u00e3o Nacional de Jurisdi\u00e7\u00e3o e na Comiss\u00e3o Nacional de Fiscaliza\u00e7\u00e3o Econ\u00f3mica e Financeira.\" \/>\n<meta property=\"og:url\" content=\"https:\/\/portaltela.pt\/noticias\/2026\/03\/29\/luisa-salgueiro-e-eduardo-cabrita-integram-lista-unica-da-comissao-do-ps\/\" \/>\n<meta property=\"og:site_name\" content=\"Portal Tela Portugal\" \/>\n<meta property=\"article:published_time\" content=\"2026-03-29T10:02:15+00:00\" \/>\n<meta name=\"author\" content=\"Telinha\" \/>\n<meta name=\"twitter:card\" content=\"summary_large_image\" \/>\n<meta name=\"twitter:label1\" content=\"Escrito por\" \/>\n\t<meta name=\"twitter:data1\" content=\"Telinha\" \/>\n\t<meta name=\"twitter:label2\" content=\"Tempo estimado de leitura\" \/>\n\t<meta name=\"twitter:data2\" content=\"2 minutos\" \/>\n<script type=\"application\/ld+json\" class=\"yoast-schema-graph\">{\"@context\":\"https:\/\/schema.org\",\"@graph\":[{\"@type\":\"Article\",\"@id\":\"https:\/\/portaltela.pt\/noticias\/2026\/03\/29\/luisa-salgueiro-e-eduardo-cabrita-integram-lista-unica-da-comissao-do-ps\/#article\",\"isPartOf\":{\"@id\":\"https:\/\/portaltela.pt\/noticias\/2026\/03\/29\/luisa-salgueiro-e-eduardo-cabrita-integram-lista-unica-da-comissao-do-ps\/\"},\"author\":{\"name\":\"Telinha\",\"@id\":\"https:\/\/portaltela.pt\/#\/schema\/person\/c4278d4a6028830caff9ee44b42d32ed\"},\"headline\":\"Lu\u00edsa Salgueiro e Eduardo Cabrita integram lista \u00fanica da Comiss\u00e3o do PS\",\"datePublished\":\"2026-03-29T10:02:15+00:00\",\"mainEntityOfPage\":{\"@id\":\"https:\/\/portaltela.pt\/noticias\/2026\/03\/29\/luisa-salgueiro-e-eduardo-cabrita-integram-lista-unica-da-comissao-do-ps\/\"},\"wordCount\":332,\"image\":{\"@id\":\"https:\/\/portaltela.pt\/noticias\/2026\/03\/29\/luisa-salgueiro-e-eduardo-cabrita-integram-lista-unica-da-comissao-do-ps\/#primaryimage\"},\"thumbnailUrl\":\"https:\/\/portaltela.pt\/s.01k8rhncp4jt1\/2026\/03\/image-1732.jpg\",\"keywords\":[\"comiss\u00e3o\",\"elei\u00e7\u00f5es\",\"governo\",\"partidos\",\"pol\u00edtica\",\"PS\"],\"articleSection\":[\"Not\u00edcias\",\"Pol\u00edtica\"],\"inLanguage\":\"pt-PT\"},{\"@type\":\"WebPage\",\"@id\":\"https:\/\/portaltela.pt\/noticias\/2026\/03\/29\/luisa-salgueiro-e-eduardo-cabrita-integram-lista-unica-da-comissao-do-ps\/\",\"url\":\"https:\/\/portaltela.pt\/noticias\/2026\/03\/29\/luisa-salgueiro-e-eduardo-cabrita-integram-lista-unica-da-comissao-do-ps\/\",\"name\":\"Lu\u00edsa Salgueiro e Eduardo Cabrita integram lista \u00fanica da Comiss\u00e3o do PS - Portal Tela Portugal\",\"isPartOf\":{\"@id\":\"https:\/\/portaltela.pt\/#website\"},\"primaryImageOfPage\":{\"@id\":\"https:\/\/portaltela.pt\/noticias\/2026\/03\/29\/luisa-salgueiro-e-eduardo-cabrita-integram-lista-unica-da-comissao-do-ps\/#primaryimage\"},\"image\":{\"@id\":\"https:\/\/portaltela.pt\/noticias\/2026\/03\/29\/luisa-salgueiro-e-eduardo-cabrita-integram-lista-unica-da-comissao-do-ps\/#primaryimage\"},\"thumbnailUrl\":\"https:\/\/portaltela.pt\/s.01k8rhncp4jt1\/2026\/03\/image-1732.jpg\",\"datePublished\":\"2026-03-29T10:02:15+00:00\",\"author\":{\"@id\":\"https:\/\/portaltela.pt\/#\/schema\/person\/c4278d4a6028830caff9ee44b42d32ed\"},\"breadcrumb\":{\"@id\":\"https:\/\/portaltela.pt\/noticias\/2026\/03\/29\/luisa-salgueiro-e-eduardo-cabrita-integram-lista-unica-da-comissao-do-ps\/#breadcrumb\"},\"inLanguage\":\"pt-PT\",\"potentialAction\":[{\"@type\":\"ReadAction\",\"target\":[\"https:\/\/portaltela.pt\/noticias\/2026\/03\/29\/luisa-salgueiro-e-eduardo-cabrita-integram-lista-unica-da-comissao-do-ps\/\"]}]},{\"@type\":\"ImageObject\",\"inLanguage\":\"pt-PT\",\"@id\":\"https:\/\/portaltela.pt\/noticias\/2026\/03\/29\/luisa-salgueiro-e-eduardo-cabrita-integram-lista-unica-da-comissao-do-ps\/#primaryimage\",\"url\":\"https:\/\/portaltela.pt\/s.01k8rhncp4jt1\/2026\/03\/image-1732.jpg\",\"contentUrl\":\"https:\/\/portaltela.pt\/s.01k8rhncp4jt1\/2026\/03\/image-1732.jpg\",\"width\":796,\"height\":448,\"caption\":\"A presidente da C\u00e2mara de Matosinhos, Lu\u00edsa Salgueiro\"},{\"@type\":\"BreadcrumbList\",\"@id\":\"https:\/\/portaltela.pt\/noticias\/2026\/03\/29\/luisa-salgueiro-e-eduardo-cabrita-integram-lista-unica-da-comissao-do-ps\/#breadcrumb\",\"itemListElement\":[{\"@type\":\"ListItem\",\"position\":1,\"name\":\"In\u00edcio\",\"item\":\"https:\/\/portaltela.pt\/\"},{\"@type\":\"ListItem\",\"position\":2,\"name\":\"Lu\u00edsa Salgueiro e Eduardo Cabrita integram lista \u00fanica da Comiss\u00e3o do PS\"}]},{\"@type\":\"WebSite\",\"@id\":\"https:\/\/portaltela.pt\/#website\",\"url\":\"https:\/\/portaltela.pt\/\",\"name\":\"Portal Tela Portugal\",\"description\":\"\",\"potentialAction\":[{\"@type\":\"SearchAction\",\"target\":{\"@type\":\"EntryPoint\",\"urlTemplate\":\"https:\/\/portaltela.pt\/?s={search_term_string}\"},\"query-input\":{\"@type\":\"PropertyValueSpecification\",\"valueRequired\":true,\"valueName\":\"search_term_string\"}}],\"inLanguage\":\"pt-PT\"},{\"@type\":\"Person\",\"@id\":\"https:\/\/portaltela.pt\/#\/schema\/person\/c4278d4a6028830caff9ee44b42d32ed\",\"name\":\"Telinha\",\"image\":{\"@type\":\"ImageObject\",\"inLanguage\":\"pt-PT\",\"@id\":\"https:\/\/portaltela.pt\/s.01k8rhncp4jt1\/2025\/11\/talking-bot-125x125.png\",\"url\":\"https:\/\/portaltela.pt\/s.01k8rhncp4jt1\/2025\/11\/talking-bot-125x125.png\",\"contentUrl\":\"https:\/\/portaltela.pt\/s.01k8rhncp4jt1\/2025\/11\/talking-bot-125x125.png\",\"caption\":\"Telinha\"},\"sameAs\":[\"https:\/\/portaltela.pt\/\"],\"url\":\"https:\/\/portaltela.pt\/por\/367410592786\/\"}]}<\/script>\n<!-- \/ Yoast SEO plugin. -->","yoast_head_json":{"title":"Lu\u00edsa Salgueiro e Eduardo Cabrita integram lista \u00fanica da Comiss\u00e3o do PS - Portal Tela Portugal","robots":{"index":"index","follow":"follow","max-snippet":"max-snippet:-1","max-image-preview":"max-image-preview:large","max-video-preview":"max-video-preview:-1"},"og_locale":"pt_PT","og_type":"article","og_title":"Lu\u00edsa Salgueiro e Eduardo Cabrita integram lista \u00fanica da Comiss\u00e3o do PS - Portal Tela Portugal","og_description":"A lista \u00fanica \u00e0 Comiss\u00e3o Nacional do PS inclui Lu\u00edsa Salgueiro (presidente da C\u00e2mara de Matosinhos) e Eduardo Cabrita entre os 251 nomes, segundo a dire\u00e7\u00e3o de Jos\u00e9 Lu\u00eds Carneiro. A lista \u00e9 liderada pela presidente da C\u00e2mara de Almada, In\u00eas de Medeiros; as vota\u00e7\u00f5es eletr\u00f3nicas para este e os restantes \u00f3rg\u00e3os nacionais do PS come\u00e7aram hoje, \u00faltimo dia do 25.\u00ba Congresso Nacional, em Viseu. Al\u00e9m de Lu\u00edsa Salgueiro e Eduardo Cabrita, entram na lista os deputados Lu\u00eds Dias e Elza Pais, bem como os ex-deputados Maria da Luz Rosinha e Fernando Jesus. O processo ficou marcado por um incidente: a mesa do congresso rejeitou uma lista do antigo deputado Ricardo Gon\u00e7alves por ter sido entregue com sete nomes dos 251; houve pedido de reaprecia\u00e7\u00e3o e de impugna\u00e7\u00e3o dos atos eleitorais. Para al\u00e9m da Comiss\u00e3o Nacional, os delegados votam na Comiss\u00e3o Nacional de Jurisdi\u00e7\u00e3o e na Comiss\u00e3o Nacional de Fiscaliza\u00e7\u00e3o Econ\u00f3mica e Financeira.","og_url":"https:\/\/portaltela.pt\/noticias\/2026\/03\/29\/luisa-salgueiro-e-eduardo-cabrita-integram-lista-unica-da-comissao-do-ps\/","og_site_name":"Portal Tela Portugal","article_published_time":"2026-03-29T10:02:15+00:00","author":"Telinha","twitter_card":"summary_large_image","twitter_misc":{"Escrito por":"Telinha","Tempo estimado de leitura":"2 minutos"},"schema":{"@context":"https:\/\/schema.org","@graph":[{"@type":"Article","@id":"https:\/\/portaltela.pt\/noticias\/2026\/03\/29\/luisa-salgueiro-e-eduardo-cabrita-integram-lista-unica-da-comissao-do-ps\/#article","isPartOf":{"@id":"https:\/\/portaltela.pt\/noticias\/2026\/03\/29\/luisa-salgueiro-e-eduardo-cabrita-integram-lista-unica-da-comissao-do-ps\/"},"author":{"name":"Telinha","@id":"https:\/\/portaltela.pt\/#\/schema\/person\/c4278d4a6028830caff9ee44b42d32ed"},"headline":"Lu\u00edsa Salgueiro e Eduardo Cabrita integram lista \u00fanica da Comiss\u00e3o do PS","datePublished":"2026-03-29T10:02:15+00:00","mainEntityOfPage":{"@id":"https:\/\/portaltela.pt\/noticias\/2026\/03\/29\/luisa-salgueiro-e-eduardo-cabrita-integram-lista-unica-da-comissao-do-ps\/"},"wordCount":332,"image":{"@id":"https:\/\/portaltela.pt\/noticias\/2026\/03\/29\/luisa-salgueiro-e-eduardo-cabrita-integram-lista-unica-da-comissao-do-ps\/#primaryimage"},"thumbnailUrl":"https:\/\/portaltela.pt\/s.01k8rhncp4jt1\/2026\/03\/image-1732.jpg","keywords":["comiss\u00e3o","elei\u00e7\u00f5es","governo","partidos","pol\u00edtica","PS"],"articleSection":["Not\u00edcias","Pol\u00edtica"],"inLanguage":"pt-PT"},{"@type":"WebPage","@id":"https:\/\/portaltela.pt\/noticias\/2026\/03\/29\/luisa-salgueiro-e-eduardo-cabrita-integram-lista-unica-da-comissao-do-ps\/","url":"https:\/\/portaltela.pt\/noticias\/2026\/03\/29\/luisa-salgueiro-e-eduardo-cabrita-integram-lista-unica-da-comissao-do-ps\/","name":"Lu\u00edsa Salgueiro e Eduardo Cabrita integram lista \u00fanica da Comiss\u00e3o do PS - Portal Tela Portugal","isPartOf":{"@id":"https:\/\/portaltela.pt\/#website"},"primaryImageOfPage":{"@id":"https:\/\/portaltela.pt\/noticias\/2026\/03\/29\/luisa-salgueiro-e-eduardo-cabrita-integram-lista-unica-da-comissao-do-ps\/#primaryimage"},"image":{"@id":"https:\/\/portaltela.pt\/noticias\/2026\/03\/29\/luisa-salgueiro-e-eduardo-cabrita-integram-lista-unica-da-comissao-do-ps\/#primaryimage"},"thumbnailUrl":"https:\/\/portaltela.pt\/s.01k8rhncp4jt1\/2026\/03\/image-1732.jpg","datePublished":"2026-03-29T10:02:15+00:00","author":{"@id":"https:\/\/portaltela.pt\/#\/schema\/person\/c4278d4a6028830caff9ee44b42d32ed"},"breadcrumb":{"@id":"https:\/\/portaltela.pt\/noticias\/2026\/03\/29\/luisa-salgueiro-e-eduardo-cabrita-integram-lista-unica-da-comissao-do-ps\/#breadcrumb"},"inLanguage":"pt-PT","potentialAction":[{"@type":"ReadAction","target":["https:\/\/portaltela.pt\/noticias\/2026\/03\/29\/luisa-salgueiro-e-eduardo-cabrita-integram-lista-unica-da-comissao-do-ps\/"]}]},{"@type":"ImageObject","inLanguage":"pt-PT","@id":"https:\/\/portaltela.pt\/noticias\/2026\/03\/29\/luisa-salgueiro-e-eduardo-cabrita-integram-lista-unica-da-comissao-do-ps\/#primaryimage","url":"https:\/\/portaltela.pt\/s.01k8rhncp4jt1\/2026\/03\/image-1732.jpg","contentUrl":"https:\/\/portaltela.pt\/s.01k8rhncp4jt1\/2026\/03\/image-1732.jpg","width":796,"height":448,"caption":"A presidente da C\u00e2mara de Matosinhos, Lu\u00edsa Salgueiro"},{"@type":"BreadcrumbList","@id":"https:\/\/portaltela.pt\/noticias\/2026\/03\/29\/luisa-salgueiro-e-eduardo-cabrita-integram-lista-unica-da-comissao-do-ps\/#breadcrumb","itemListElement":[{"@type":"ListItem","position":1,"name":"In\u00edcio","item":"https:\/\/portaltela.pt\/"},{"@type":"ListItem","position":2,"name":"Lu\u00edsa Salgueiro e Eduardo Cabrita integram lista \u00fanica da Comiss\u00e3o do PS"}]},{"@type":"WebSite","@id":"https:\/\/portaltela.pt\/#website","url":"https:\/\/portaltela.pt\/","name":"Portal Tela Portugal","description":"","potentialAction":[{"@type":"SearchAction","target":{"@type":"EntryPoint","urlTemplate":"https:\/\/portaltela.pt\/?s={search_term_string}"},"query-input":{"@type":"PropertyValueSpecification","valueRequired":true,"valueName":"search_term_string"}}],"inLanguage":"pt-PT"},{"@type":"Person","@id":"https:\/\/portaltela.pt\/#\/schema\/person\/c4278d4a6028830caff9ee44b42d32ed","name":"Telinha","image":{"@type":"ImageObject","inLanguage":"pt-PT","@id":"https:\/\/portaltela.pt\/s.01k8rhncp4jt1\/2025\/11\/talking-bot-125x125.png","url":"https:\/\/portaltela.pt\/s.01k8rhncp4jt1\/2025\/11\/talking-bot-125x125.png","contentUrl":"https:\/\/portaltela.pt\/s.01k8rhncp4jt1\/2025\/11\/talking-bot-125x125.png","caption":"Telinha"},"sameAs":["https:\/\/portaltela.pt\/"],"url":"https:\/\/portaltela.pt\/por\/367410592786\/"}]}},"_links":{"self":[{"href":"https:\/\/portaltela.pt\/api\/wp\/v2\/posts\/425799","targetHints":{"allow":["GET"]}}],"collection":[{"href":"https:\/\/portaltela.pt\/api\/wp\/v2\/posts"}],"about":[{"href":"https:\/\/portaltela.pt\/api\/wp\/v2\/types\/post"}],"author":[{"embeddable":true,"href":"https:\/\/portaltela.pt\/api\/wp\/v2\/users\/2"}],"replies":[{"embeddable":true,"href":"https:\/\/portaltela.pt\/api\/wp\/v2\/comments?post=425799"}],"version-history":[{"count":0,"href":"https:\/\/portaltela.pt\/api\/wp\/v2\/posts\/425799\/revisions"}],"wp:featuredmedia":[{"embeddable":true,"href":"https:\/\/portaltela.pt\/api\/wp\/v2\/media\/425805"}],"wp:attachment":[{"href":"https:\/\/portaltela.pt\/api\/wp\/v2\/media?parent=425799"}],"wp:term":[{"taxonomy":"category","embeddable":true,"href":"https:\/\/portaltela.pt\/api\/wp\/v2\/categories?post=425799"},{"taxonomy":"post_tag","embeddable":true,"href":"https:\/\/portaltela.pt\/api\/wp\/v2\/tags?post=425799"}],"curies":[{"name":"wp","href":"https:\/\/api.w.org\/{rel}","templated":true}]}}