{"id":425797,"date":"2026-03-29T07:01:59","date_gmt":"2026-03-29T10:01:59","guid":{"rendered":"https:\/\/portaltela.pt\/noticias\/2026\/03\/29\/eleicao-dos-orgaos-nacionais-do-ps-quase-encerrada\/"},"modified":"2026-03-29T07:01:59","modified_gmt":"2026-03-29T10:01:59","slug":"eleicao-dos-orgaos-nacionais-do-ps-quase-encerrada","status":"publish","type":"post","link":"https:\/\/portaltela.pt\/noticias\/politica\/2026\/03\/29\/eleicao-dos-orgaos-nacionais-do-ps-quase-encerrada\/","title":{"rendered":"Elei\u00e7\u00e3o dos \u00f3rg\u00e3os nacionais do PS quase encerrada"},"content":{"rendered":"<p>O terceiro e \u00faltimo dia do Congresso do Partido Socialista (PS) j\u00e1 arrancou este domingo. O foco principal \u00e9 a elei\u00e7\u00e3o dos \u00f3rg\u00e3os nacionais do partido, em curso ao longo do dia.<\/p>\n<p>O momento mais aguardado \u00e9 o discurso de encerramento do secret\u00e1rio-geral Jos\u00e9 Lu\u00eds Carneiro, que encerra o ciclo de trabalhos desta edi\u00e7\u00e3o do congresso. A interven\u00e7\u00e3o deve marcar o desfecho das delibera\u00e7\u00f5es e apresentar\u00e1 encaminhamentos para o futuro imediato do PS.<\/p>\n<p>Entre os temas em debate est\u00e3o as candidaturas a diferentes \u00f3rg\u00e3os internos, bem como as linhas estrat\u00e9gicas do partido para os pr\u00f3ximos meses. Os delegados discutem propostas aprovadas ao longo da edi\u00e7\u00e3o, com vota\u00e7\u00e3o em curso.<\/p>\n<p>O Congresso est\u00e1 a decorrer sob a orienta\u00e7\u00e3o das regras internas do PS, com participa\u00e7\u00e3o de delegados nacionais e dirigentes do partido. A conclus\u00e3o dos trabalhos est\u00e1 prevista para este domingo, ap\u00f3s a vota\u00e7\u00e3o final e o discurso de encerramento.<\/p>\n","protected":false},"excerpt":{"rendered":"<ul>\n<li>Terceiro e \u00faltimo dia do Congresso do Partido Socialista arrancou.<\/li>\n<li>Al\u00e9m da elei\u00e7\u00e3o dos \u00f3rg\u00e3os nacionais do PS, esse processo encontra-se quase fechado.<\/li>\n<li>O momento mais aguardado \u00e9 o discurso de encerramento do secret\u00e1rio-geral Jos\u00e9 Lu\u00eds Carneiro.<\/li>\n<li>O Congresso do PS encerra neste domingo.<\/li>\n<\/ul>\n","protected":false},"author":2,"featured_media":425798,"comment_status":"closed","ping_status":"closed","sticky":false,"template":"","format":"standard","meta":{"footnotes":""},"categories":[1,5],"tags":[4120,68,3676,1732,2832,2144],"class_list":["post-425797","post","type-post","status-publish","format-standard","has-post-thumbnail","hentry","category-noticias","category-politica","tag-congresso-nacional","tag-eleicoes","tag-partido-socialista","tag-partidos","tag-politica","tag-ps"],"yoast_head":"<!-- This site is optimized with the Yoast SEO plugin v27.2 - https:\/\/yoast.com\/product\/yoast-seo-wordpress\/ -->\n<title>Elei\u00e7\u00e3o dos \u00f3rg\u00e3os nacionais do PS quase encerrada - Portal Tela Portugal<\/title>\n<meta name=\"robots\" content=\"index, follow, max-snippet:-1, max-image-preview:large, max-video-preview:-1\" \/>\n<meta property=\"og:locale\" content=\"pt_PT\" \/>\n<meta property=\"og:type\" content=\"article\" \/>\n<meta property=\"og:title\" content=\"Elei\u00e7\u00e3o dos \u00f3rg\u00e3os nacionais do PS quase encerrada - Portal Tela Portugal\" \/>\n<meta property=\"og:description\" content=\"Terceiro e \u00faltimo dia do Congresso do Partido Socialista arrancou. Al\u00e9m da elei\u00e7\u00e3o dos \u00f3rg\u00e3os nacionais do PS, esse processo encontra-se quase fechado. O momento mais aguardado \u00e9 o discurso de encerramento do secret\u00e1rio-geral Jos\u00e9 Lu\u00eds Carneiro. O Congresso do PS encerra neste domingo.\" \/>\n<meta property=\"og:url\" content=\"https:\/\/portaltela.pt\/noticias\/2026\/03\/29\/eleicao-dos-orgaos-nacionais-do-ps-quase-encerrada\/\" \/>\n<meta property=\"og:site_name\" content=\"Portal Tela Portugal\" \/>\n<meta property=\"article:published_time\" content=\"2026-03-29T10:01:59+00:00\" \/>\n<meta name=\"author\" content=\"Telinha\" \/>\n<meta name=\"twitter:card\" content=\"summary_large_image\" \/>\n<meta name=\"twitter:label1\" content=\"Escrito por\" \/>\n\t<meta name=\"twitter:data1\" content=\"Telinha\" \/>\n\t<meta name=\"twitter:label2\" content=\"Tempo estimado de leitura\" \/>\n\t<meta name=\"twitter:data2\" content=\"1 minuto\" \/>\n<script type=\"application\/ld+json\" class=\"yoast-schema-graph\">{\"@context\":\"https:\/\/schema.org\",\"@graph\":[{\"@type\":\"Article\",\"@id\":\"https:\/\/portaltela.pt\/noticias\/2026\/03\/29\/eleicao-dos-orgaos-nacionais-do-ps-quase-encerrada\/#article\",\"isPartOf\":{\"@id\":\"https:\/\/portaltela.pt\/noticias\/2026\/03\/29\/eleicao-dos-orgaos-nacionais-do-ps-quase-encerrada\/\"},\"author\":{\"name\":\"Telinha\",\"@id\":\"https:\/\/portaltela.pt\/#\/schema\/person\/c4278d4a6028830caff9ee44b42d32ed\"},\"headline\":\"Elei\u00e7\u00e3o dos \u00f3rg\u00e3os nacionais do PS quase encerrada\",\"datePublished\":\"2026-03-29T10:01:59+00:00\",\"mainEntityOfPage\":{\"@id\":\"https:\/\/portaltela.pt\/noticias\/2026\/03\/29\/eleicao-dos-orgaos-nacionais-do-ps-quase-encerrada\/\"},\"wordCount\":175,\"image\":{\"@id\":\"https:\/\/portaltela.pt\/noticias\/2026\/03\/29\/eleicao-dos-orgaos-nacionais-do-ps-quase-encerrada\/#primaryimage\"},\"thumbnailUrl\":\"https:\/\/portaltela.pt\/s.01k8rhncp4jt1\/2026\/03\/2077764.jpg\",\"keywords\":[\"Congresso Nacional\",\"elei\u00e7\u00f5es\",\"Partido Socialista\",\"partidos\",\"pol\u00edtica\",\"PS\"],\"articleSection\":[\"Not\u00edcias\",\"Pol\u00edtica\"],\"inLanguage\":\"pt-PT\"},{\"@type\":\"WebPage\",\"@id\":\"https:\/\/portaltela.pt\/noticias\/2026\/03\/29\/eleicao-dos-orgaos-nacionais-do-ps-quase-encerrada\/\",\"url\":\"https:\/\/portaltela.pt\/noticias\/2026\/03\/29\/eleicao-dos-orgaos-nacionais-do-ps-quase-encerrada\/\",\"name\":\"Elei\u00e7\u00e3o dos \u00f3rg\u00e3os nacionais do PS quase encerrada - Portal Tela Portugal\",\"isPartOf\":{\"@id\":\"https:\/\/portaltela.pt\/#website\"},\"primaryImageOfPage\":{\"@id\":\"https:\/\/portaltela.pt\/noticias\/2026\/03\/29\/eleicao-dos-orgaos-nacionais-do-ps-quase-encerrada\/#primaryimage\"},\"image\":{\"@id\":\"https:\/\/portaltela.pt\/noticias\/2026\/03\/29\/eleicao-dos-orgaos-nacionais-do-ps-quase-encerrada\/#primaryimage\"},\"thumbnailUrl\":\"https:\/\/portaltela.pt\/s.01k8rhncp4jt1\/2026\/03\/2077764.jpg\",\"datePublished\":\"2026-03-29T10:01:59+00:00\",\"author\":{\"@id\":\"https:\/\/portaltela.pt\/#\/schema\/person\/c4278d4a6028830caff9ee44b42d32ed\"},\"breadcrumb\":{\"@id\":\"https:\/\/portaltela.pt\/noticias\/2026\/03\/29\/eleicao-dos-orgaos-nacionais-do-ps-quase-encerrada\/#breadcrumb\"},\"inLanguage\":\"pt-PT\",\"potentialAction\":[{\"@type\":\"ReadAction\",\"target\":[\"https:\/\/portaltela.pt\/noticias\/2026\/03\/29\/eleicao-dos-orgaos-nacionais-do-ps-quase-encerrada\/\"]}]},{\"@type\":\"ImageObject\",\"inLanguage\":\"pt-PT\",\"@id\":\"https:\/\/portaltela.pt\/noticias\/2026\/03\/29\/eleicao-dos-orgaos-nacionais-do-ps-quase-encerrada\/#primaryimage\",\"url\":\"https:\/\/portaltela.pt\/s.01k8rhncp4jt1\/2026\/03\/2077764.jpg\",\"contentUrl\":\"https:\/\/portaltela.pt\/s.01k8rhncp4jt1\/2026\/03\/2077764.jpg\",\"width\":796,\"height\":448,\"caption\":\"Congresso do PS termina neste domingo\"},{\"@type\":\"BreadcrumbList\",\"@id\":\"https:\/\/portaltela.pt\/noticias\/2026\/03\/29\/eleicao-dos-orgaos-nacionais-do-ps-quase-encerrada\/#breadcrumb\",\"itemListElement\":[{\"@type\":\"ListItem\",\"position\":1,\"name\":\"In\u00edcio\",\"item\":\"https:\/\/portaltela.pt\/\"},{\"@type\":\"ListItem\",\"position\":2,\"name\":\"Elei\u00e7\u00e3o dos \u00f3rg\u00e3os nacionais do PS quase encerrada\"}]},{\"@type\":\"WebSite\",\"@id\":\"https:\/\/portaltela.pt\/#website\",\"url\":\"https:\/\/portaltela.pt\/\",\"name\":\"Portal Tela Portugal\",\"description\":\"\",\"potentialAction\":[{\"@type\":\"SearchAction\",\"target\":{\"@type\":\"EntryPoint\",\"urlTemplate\":\"https:\/\/portaltela.pt\/?s={search_term_string}\"},\"query-input\":{\"@type\":\"PropertyValueSpecification\",\"valueRequired\":true,\"valueName\":\"search_term_string\"}}],\"inLanguage\":\"pt-PT\"},{\"@type\":\"Person\",\"@id\":\"https:\/\/portaltela.pt\/#\/schema\/person\/c4278d4a6028830caff9ee44b42d32ed\",\"name\":\"Telinha\",\"image\":{\"@type\":\"ImageObject\",\"inLanguage\":\"pt-PT\",\"@id\":\"https:\/\/portaltela.pt\/s.01k8rhncp4jt1\/2025\/11\/talking-bot-125x125.png\",\"url\":\"https:\/\/portaltela.pt\/s.01k8rhncp4jt1\/2025\/11\/talking-bot-125x125.png\",\"contentUrl\":\"https:\/\/portaltela.pt\/s.01k8rhncp4jt1\/2025\/11\/talking-bot-125x125.png\",\"caption\":\"Telinha\"},\"sameAs\":[\"https:\/\/portaltela.pt\/\"],\"url\":\"https:\/\/portaltela.pt\/por\/367410592786\/\"}]}<\/script>\n<!-- \/ Yoast SEO plugin. -->","yoast_head_json":{"title":"Elei\u00e7\u00e3o dos \u00f3rg\u00e3os nacionais do PS quase encerrada - Portal Tela Portugal","robots":{"index":"index","follow":"follow","max-snippet":"max-snippet:-1","max-image-preview":"max-image-preview:large","max-video-preview":"max-video-preview:-1"},"og_locale":"pt_PT","og_type":"article","og_title":"Elei\u00e7\u00e3o dos \u00f3rg\u00e3os nacionais do PS quase encerrada - Portal Tela Portugal","og_description":"Terceiro e \u00faltimo dia do Congresso do Partido Socialista arrancou. Al\u00e9m da elei\u00e7\u00e3o dos \u00f3rg\u00e3os nacionais do PS, esse processo encontra-se quase fechado. O momento mais aguardado \u00e9 o discurso de encerramento do secret\u00e1rio-geral Jos\u00e9 Lu\u00eds Carneiro. O Congresso do PS encerra neste domingo.","og_url":"https:\/\/portaltela.pt\/noticias\/2026\/03\/29\/eleicao-dos-orgaos-nacionais-do-ps-quase-encerrada\/","og_site_name":"Portal Tela Portugal","article_published_time":"2026-03-29T10:01:59+00:00","author":"Telinha","twitter_card":"summary_large_image","twitter_misc":{"Escrito por":"Telinha","Tempo estimado de leitura":"1 minuto"},"schema":{"@context":"https:\/\/schema.org","@graph":[{"@type":"Article","@id":"https:\/\/portaltela.pt\/noticias\/2026\/03\/29\/eleicao-dos-orgaos-nacionais-do-ps-quase-encerrada\/#article","isPartOf":{"@id":"https:\/\/portaltela.pt\/noticias\/2026\/03\/29\/eleicao-dos-orgaos-nacionais-do-ps-quase-encerrada\/"},"author":{"name":"Telinha","@id":"https:\/\/portaltela.pt\/#\/schema\/person\/c4278d4a6028830caff9ee44b42d32ed"},"headline":"Elei\u00e7\u00e3o dos \u00f3rg\u00e3os nacionais do PS quase encerrada","datePublished":"2026-03-29T10:01:59+00:00","mainEntityOfPage":{"@id":"https:\/\/portaltela.pt\/noticias\/2026\/03\/29\/eleicao-dos-orgaos-nacionais-do-ps-quase-encerrada\/"},"wordCount":175,"image":{"@id":"https:\/\/portaltela.pt\/noticias\/2026\/03\/29\/eleicao-dos-orgaos-nacionais-do-ps-quase-encerrada\/#primaryimage"},"thumbnailUrl":"https:\/\/portaltela.pt\/s.01k8rhncp4jt1\/2026\/03\/2077764.jpg","keywords":["Congresso Nacional","elei\u00e7\u00f5es","Partido Socialista","partidos","pol\u00edtica","PS"],"articleSection":["Not\u00edcias","Pol\u00edtica"],"inLanguage":"pt-PT"},{"@type":"WebPage","@id":"https:\/\/portaltela.pt\/noticias\/2026\/03\/29\/eleicao-dos-orgaos-nacionais-do-ps-quase-encerrada\/","url":"https:\/\/portaltela.pt\/noticias\/2026\/03\/29\/eleicao-dos-orgaos-nacionais-do-ps-quase-encerrada\/","name":"Elei\u00e7\u00e3o dos \u00f3rg\u00e3os nacionais do PS quase encerrada - Portal Tela Portugal","isPartOf":{"@id":"https:\/\/portaltela.pt\/#website"},"primaryImageOfPage":{"@id":"https:\/\/portaltela.pt\/noticias\/2026\/03\/29\/eleicao-dos-orgaos-nacionais-do-ps-quase-encerrada\/#primaryimage"},"image":{"@id":"https:\/\/portaltela.pt\/noticias\/2026\/03\/29\/eleicao-dos-orgaos-nacionais-do-ps-quase-encerrada\/#primaryimage"},"thumbnailUrl":"https:\/\/portaltela.pt\/s.01k8rhncp4jt1\/2026\/03\/2077764.jpg","datePublished":"2026-03-29T10:01:59+00:00","author":{"@id":"https:\/\/portaltela.pt\/#\/schema\/person\/c4278d4a6028830caff9ee44b42d32ed"},"breadcrumb":{"@id":"https:\/\/portaltela.pt\/noticias\/2026\/03\/29\/eleicao-dos-orgaos-nacionais-do-ps-quase-encerrada\/#breadcrumb"},"inLanguage":"pt-PT","potentialAction":[{"@type":"ReadAction","target":["https:\/\/portaltela.pt\/noticias\/2026\/03\/29\/eleicao-dos-orgaos-nacionais-do-ps-quase-encerrada\/"]}]},{"@type":"ImageObject","inLanguage":"pt-PT","@id":"https:\/\/portaltela.pt\/noticias\/2026\/03\/29\/eleicao-dos-orgaos-nacionais-do-ps-quase-encerrada\/#primaryimage","url":"https:\/\/portaltela.pt\/s.01k8rhncp4jt1\/2026\/03\/2077764.jpg","contentUrl":"https:\/\/portaltela.pt\/s.01k8rhncp4jt1\/2026\/03\/2077764.jpg","width":796,"height":448,"caption":"Congresso do PS termina neste domingo"},{"@type":"BreadcrumbList","@id":"https:\/\/portaltela.pt\/noticias\/2026\/03\/29\/eleicao-dos-orgaos-nacionais-do-ps-quase-encerrada\/#breadcrumb","itemListElement":[{"@type":"ListItem","position":1,"name":"In\u00edcio","item":"https:\/\/portaltela.pt\/"},{"@type":"ListItem","position":2,"name":"Elei\u00e7\u00e3o dos \u00f3rg\u00e3os nacionais do PS quase encerrada"}]},{"@type":"WebSite","@id":"https:\/\/portaltela.pt\/#website","url":"https:\/\/portaltela.pt\/","name":"Portal Tela Portugal","description":"","potentialAction":[{"@type":"SearchAction","target":{"@type":"EntryPoint","urlTemplate":"https:\/\/portaltela.pt\/?s={search_term_string}"},"query-input":{"@type":"PropertyValueSpecification","valueRequired":true,"valueName":"search_term_string"}}],"inLanguage":"pt-PT"},{"@type":"Person","@id":"https:\/\/portaltela.pt\/#\/schema\/person\/c4278d4a6028830caff9ee44b42d32ed","name":"Telinha","image":{"@type":"ImageObject","inLanguage":"pt-PT","@id":"https:\/\/portaltela.pt\/s.01k8rhncp4jt1\/2025\/11\/talking-bot-125x125.png","url":"https:\/\/portaltela.pt\/s.01k8rhncp4jt1\/2025\/11\/talking-bot-125x125.png","contentUrl":"https:\/\/portaltela.pt\/s.01k8rhncp4jt1\/2025\/11\/talking-bot-125x125.png","caption":"Telinha"},"sameAs":["https:\/\/portaltela.pt\/"],"url":"https:\/\/portaltela.pt\/por\/367410592786\/"}]}},"_links":{"self":[{"href":"https:\/\/portaltela.pt\/api\/wp\/v2\/posts\/425797","targetHints":{"allow":["GET"]}}],"collection":[{"href":"https:\/\/portaltela.pt\/api\/wp\/v2\/posts"}],"about":[{"href":"https:\/\/portaltela.pt\/api\/wp\/v2\/types\/post"}],"author":[{"embeddable":true,"href":"https:\/\/portaltela.pt\/api\/wp\/v2\/users\/2"}],"replies":[{"embeddable":true,"href":"https:\/\/portaltela.pt\/api\/wp\/v2\/comments?post=425797"}],"version-history":[{"count":0,"href":"https:\/\/portaltela.pt\/api\/wp\/v2\/posts\/425797\/revisions"}],"wp:featuredmedia":[{"embeddable":true,"href":"https:\/\/portaltela.pt\/api\/wp\/v2\/media\/425798"}],"wp:attachment":[{"href":"https:\/\/portaltela.pt\/api\/wp\/v2\/media?parent=425797"}],"wp:term":[{"taxonomy":"category","embeddable":true,"href":"https:\/\/portaltela.pt\/api\/wp\/v2\/categories?post=425797"},{"taxonomy":"post_tag","embeddable":true,"href":"https:\/\/portaltela.pt\/api\/wp\/v2\/tags?post=425797"}],"curies":[{"name":"wp","href":"https:\/\/api.w.org\/{rel}","templated":true}]}}