{"id":425771,"date":"2026-03-29T06:02:30","date_gmt":"2026-03-29T09:02:30","guid":{"rendered":"https:\/\/portaltela.pt\/noticias\/2026\/03\/29\/cabo-verde-realiza-primeiro-transplante-renal-com-apoio-de-portugal\/"},"modified":"2026-03-29T06:02:30","modified_gmt":"2026-03-29T09:02:30","slug":"cabo-verde-realiza-primeiro-transplante-renal-com-apoio-de-portugal","status":"publish","type":"post","link":"https:\/\/portaltela.pt\/noticias\/2026\/03\/29\/cabo-verde-realiza-primeiro-transplante-renal-com-apoio-de-portugal\/","title":{"rendered":"Cabo Verde realiza primeiro transplante renal com apoio de Portugal"},"content":{"rendered":"<p>Cabo Verde realizou o seu primeiro transplante renal com o apoio de Portugal. O procedimento foi feito a um homem de 44 anos, que recebeu um rim doado pela irm\u00e3.<\/p>\n<p>O projeto foi liderado pelo cirurgi\u00e3o portugu\u00eas Ant\u00f3nio Norton de Matos, com a participa\u00e7\u00e3o de equipas de ambos os pa\u00edses. A colabora\u00e7\u00e3o incluiu treino, coordena\u00e7\u00e3o cl\u00ednica e suporte t\u00e9cnico.<\/p>\n<p>A opera\u00e7\u00e3o marca um marco na sa\u00fade de Cabo Verde, visando ampliar o acesso a transplantes e melhorar a gest\u00e3o de doadores no arquip\u00e9lago. Este avan\u00e7o ocorre no \u00e2mbito de coopera\u00e7\u00e3o internacional na \u00e1rea m\u00e9dica.<\/p>\n","protected":false},"excerpt":{"rendered":"<ul>\n<li>Cabo Verde realizou o seu primeiro transplante renal com o apoio de Portugal.<\/li>\n<li>O procedimento ocorreu em um homem de 44 anos.<\/li>\n<li>O rim foi doado pela irm\u00e3 do paciente.<\/li>\n<li>O projeto foi liderado pelo cirurgi\u00e3o portugu\u00eas Ant\u00f3nio Norton de Matos.<\/li>\n<\/ul>\n","protected":false},"author":2,"featured_media":425775,"comment_status":"closed","ping_status":"closed","sticky":false,"template":"","format":"standard","meta":{"footnotes":""},"categories":[7371,1],"tags":[256,3640,7211,1014,172,5128],"class_list":["post-425771","post","type-post","status-publish","format-standard","has-post-thumbnail","hentry","category-medicina","category-noticias","tag-cooperacao-internacional","tag-doacao-de-orgaos","tag-medicina","tag-portugal","tag-saude","tag-transplantes"],"yoast_head":"<!-- This site is optimized with the Yoast SEO plugin v27.2 - https:\/\/yoast.com\/product\/yoast-seo-wordpress\/ -->\n<title>Cabo Verde realiza primeiro transplante renal com apoio de Portugal - Portal Tela Portugal<\/title>\n<meta name=\"robots\" content=\"index, follow, max-snippet:-1, max-image-preview:large, max-video-preview:-1\" \/>\n<meta property=\"og:locale\" content=\"pt_PT\" \/>\n<meta property=\"og:type\" content=\"article\" \/>\n<meta property=\"og:title\" content=\"Cabo Verde realiza primeiro transplante renal com apoio de Portugal - Portal Tela Portugal\" \/>\n<meta property=\"og:description\" content=\"Cabo Verde realizou o seu primeiro transplante renal com o apoio de Portugal. O procedimento ocorreu em um homem de 44 anos. O rim foi doado pela irm\u00e3 do paciente. O projeto foi liderado pelo cirurgi\u00e3o portugu\u00eas Ant\u00f3nio Norton de Matos.\" \/>\n<meta property=\"og:url\" content=\"https:\/\/portaltela.pt\/noticias\/2026\/03\/29\/cabo-verde-realiza-primeiro-transplante-renal-com-apoio-de-portugal\/\" \/>\n<meta property=\"og:site_name\" content=\"Portal Tela Portugal\" \/>\n<meta property=\"article:published_time\" content=\"2026-03-29T09:02:30+00:00\" \/>\n<meta name=\"author\" content=\"Telinha\" \/>\n<meta name=\"twitter:card\" content=\"summary_large_image\" \/>\n<meta name=\"twitter:label1\" content=\"Escrito por\" \/>\n\t<meta name=\"twitter:data1\" content=\"Telinha\" \/>\n\t<meta name=\"twitter:label2\" content=\"Tempo estimado de leitura\" \/>\n\t<meta name=\"twitter:data2\" content=\"1 minuto\" \/>\n<script type=\"application\/ld+json\" class=\"yoast-schema-graph\">{\"@context\":\"https:\/\/schema.org\",\"@graph\":[{\"@type\":\"Article\",\"@id\":\"https:\/\/portaltela.pt\/noticias\/2026\/03\/29\/cabo-verde-realiza-primeiro-transplante-renal-com-apoio-de-portugal\/#article\",\"isPartOf\":{\"@id\":\"https:\/\/portaltela.pt\/noticias\/2026\/03\/29\/cabo-verde-realiza-primeiro-transplante-renal-com-apoio-de-portugal\/\"},\"author\":{\"name\":\"Telinha\",\"@id\":\"https:\/\/portaltela.pt\/#\/schema\/person\/c4278d4a6028830caff9ee44b42d32ed\"},\"headline\":\"Cabo Verde realiza primeiro transplante renal com apoio de Portugal\",\"datePublished\":\"2026-03-29T09:02:30+00:00\",\"mainEntityOfPage\":{\"@id\":\"https:\/\/portaltela.pt\/noticias\/2026\/03\/29\/cabo-verde-realiza-primeiro-transplante-renal-com-apoio-de-portugal\/\"},\"wordCount\":119,\"image\":{\"@id\":\"https:\/\/portaltela.pt\/noticias\/2026\/03\/29\/cabo-verde-realiza-primeiro-transplante-renal-com-apoio-de-portugal\/#primaryimage\"},\"thumbnailUrl\":\"https:\/\/portaltela.pt\/s.01k8rhncp4jt1\/2026\/03\/img_1280x722uu2026-03-29-09-54-37-2275431.jpg\",\"keywords\":[\"coopera\u00e7\u00e3o internacional\",\"doa\u00e7\u00e3o de \u00f3rg\u00e3os\",\"medicina\",\"Portugal\",\"sa\u00fade\",\"transplantes\"],\"articleSection\":[\"Medicina\",\"Not\u00edcias\"],\"inLanguage\":\"pt-PT\"},{\"@type\":\"WebPage\",\"@id\":\"https:\/\/portaltela.pt\/noticias\/2026\/03\/29\/cabo-verde-realiza-primeiro-transplante-renal-com-apoio-de-portugal\/\",\"url\":\"https:\/\/portaltela.pt\/noticias\/2026\/03\/29\/cabo-verde-realiza-primeiro-transplante-renal-com-apoio-de-portugal\/\",\"name\":\"Cabo Verde realiza primeiro transplante renal com apoio de Portugal - Portal Tela Portugal\",\"isPartOf\":{\"@id\":\"https:\/\/portaltela.pt\/#website\"},\"primaryImageOfPage\":{\"@id\":\"https:\/\/portaltela.pt\/noticias\/2026\/03\/29\/cabo-verde-realiza-primeiro-transplante-renal-com-apoio-de-portugal\/#primaryimage\"},\"image\":{\"@id\":\"https:\/\/portaltela.pt\/noticias\/2026\/03\/29\/cabo-verde-realiza-primeiro-transplante-renal-com-apoio-de-portugal\/#primaryimage\"},\"thumbnailUrl\":\"https:\/\/portaltela.pt\/s.01k8rhncp4jt1\/2026\/03\/img_1280x722uu2026-03-29-09-54-37-2275431.jpg\",\"datePublished\":\"2026-03-29T09:02:30+00:00\",\"author\":{\"@id\":\"https:\/\/portaltela.pt\/#\/schema\/person\/c4278d4a6028830caff9ee44b42d32ed\"},\"breadcrumb\":{\"@id\":\"https:\/\/portaltela.pt\/noticias\/2026\/03\/29\/cabo-verde-realiza-primeiro-transplante-renal-com-apoio-de-portugal\/#breadcrumb\"},\"inLanguage\":\"pt-PT\",\"potentialAction\":[{\"@type\":\"ReadAction\",\"target\":[\"https:\/\/portaltela.pt\/noticias\/2026\/03\/29\/cabo-verde-realiza-primeiro-transplante-renal-com-apoio-de-portugal\/\"]}]},{\"@type\":\"ImageObject\",\"inLanguage\":\"pt-PT\",\"@id\":\"https:\/\/portaltela.pt\/noticias\/2026\/03\/29\/cabo-verde-realiza-primeiro-transplante-renal-com-apoio-de-portugal\/#primaryimage\",\"url\":\"https:\/\/portaltela.pt\/s.01k8rhncp4jt1\/2026\/03\/img_1280x722uu2026-03-29-09-54-37-2275431.jpg\",\"contentUrl\":\"https:\/\/portaltela.pt\/s.01k8rhncp4jt1\/2026\/03\/img_1280x722uu2026-03-29-09-54-37-2275431.jpg\",\"width\":796,\"height\":448,\"caption\":\"Photo\"},{\"@type\":\"BreadcrumbList\",\"@id\":\"https:\/\/portaltela.pt\/noticias\/2026\/03\/29\/cabo-verde-realiza-primeiro-transplante-renal-com-apoio-de-portugal\/#breadcrumb\",\"itemListElement\":[{\"@type\":\"ListItem\",\"position\":1,\"name\":\"In\u00edcio\",\"item\":\"https:\/\/portaltela.pt\/\"},{\"@type\":\"ListItem\",\"position\":2,\"name\":\"Cabo Verde realiza primeiro transplante renal com apoio de Portugal\"}]},{\"@type\":\"WebSite\",\"@id\":\"https:\/\/portaltela.pt\/#website\",\"url\":\"https:\/\/portaltela.pt\/\",\"name\":\"Portal Tela Portugal\",\"description\":\"\",\"potentialAction\":[{\"@type\":\"SearchAction\",\"target\":{\"@type\":\"EntryPoint\",\"urlTemplate\":\"https:\/\/portaltela.pt\/?s={search_term_string}\"},\"query-input\":{\"@type\":\"PropertyValueSpecification\",\"valueRequired\":true,\"valueName\":\"search_term_string\"}}],\"inLanguage\":\"pt-PT\"},{\"@type\":\"Person\",\"@id\":\"https:\/\/portaltela.pt\/#\/schema\/person\/c4278d4a6028830caff9ee44b42d32ed\",\"name\":\"Telinha\",\"image\":{\"@type\":\"ImageObject\",\"inLanguage\":\"pt-PT\",\"@id\":\"https:\/\/portaltela.pt\/s.01k8rhncp4jt1\/2025\/11\/talking-bot-125x125.png\",\"url\":\"https:\/\/portaltela.pt\/s.01k8rhncp4jt1\/2025\/11\/talking-bot-125x125.png\",\"contentUrl\":\"https:\/\/portaltela.pt\/s.01k8rhncp4jt1\/2025\/11\/talking-bot-125x125.png\",\"caption\":\"Telinha\"},\"sameAs\":[\"https:\/\/portaltela.pt\/\"],\"url\":\"https:\/\/portaltela.pt\/por\/367410592786\/\"}]}<\/script>\n<!-- \/ Yoast SEO plugin. -->","yoast_head_json":{"title":"Cabo Verde realiza primeiro transplante renal com apoio de Portugal - Portal Tela Portugal","robots":{"index":"index","follow":"follow","max-snippet":"max-snippet:-1","max-image-preview":"max-image-preview:large","max-video-preview":"max-video-preview:-1"},"og_locale":"pt_PT","og_type":"article","og_title":"Cabo Verde realiza primeiro transplante renal com apoio de Portugal - Portal Tela Portugal","og_description":"Cabo Verde realizou o seu primeiro transplante renal com o apoio de Portugal. O procedimento ocorreu em um homem de 44 anos. O rim foi doado pela irm\u00e3 do paciente. O projeto foi liderado pelo cirurgi\u00e3o portugu\u00eas Ant\u00f3nio Norton de Matos.","og_url":"https:\/\/portaltela.pt\/noticias\/2026\/03\/29\/cabo-verde-realiza-primeiro-transplante-renal-com-apoio-de-portugal\/","og_site_name":"Portal Tela Portugal","article_published_time":"2026-03-29T09:02:30+00:00","author":"Telinha","twitter_card":"summary_large_image","twitter_misc":{"Escrito por":"Telinha","Tempo estimado de leitura":"1 minuto"},"schema":{"@context":"https:\/\/schema.org","@graph":[{"@type":"Article","@id":"https:\/\/portaltela.pt\/noticias\/2026\/03\/29\/cabo-verde-realiza-primeiro-transplante-renal-com-apoio-de-portugal\/#article","isPartOf":{"@id":"https:\/\/portaltela.pt\/noticias\/2026\/03\/29\/cabo-verde-realiza-primeiro-transplante-renal-com-apoio-de-portugal\/"},"author":{"name":"Telinha","@id":"https:\/\/portaltela.pt\/#\/schema\/person\/c4278d4a6028830caff9ee44b42d32ed"},"headline":"Cabo Verde realiza primeiro transplante renal com apoio de Portugal","datePublished":"2026-03-29T09:02:30+00:00","mainEntityOfPage":{"@id":"https:\/\/portaltela.pt\/noticias\/2026\/03\/29\/cabo-verde-realiza-primeiro-transplante-renal-com-apoio-de-portugal\/"},"wordCount":119,"image":{"@id":"https:\/\/portaltela.pt\/noticias\/2026\/03\/29\/cabo-verde-realiza-primeiro-transplante-renal-com-apoio-de-portugal\/#primaryimage"},"thumbnailUrl":"https:\/\/portaltela.pt\/s.01k8rhncp4jt1\/2026\/03\/img_1280x722uu2026-03-29-09-54-37-2275431.jpg","keywords":["coopera\u00e7\u00e3o internacional","doa\u00e7\u00e3o de \u00f3rg\u00e3os","medicina","Portugal","sa\u00fade","transplantes"],"articleSection":["Medicina","Not\u00edcias"],"inLanguage":"pt-PT"},{"@type":"WebPage","@id":"https:\/\/portaltela.pt\/noticias\/2026\/03\/29\/cabo-verde-realiza-primeiro-transplante-renal-com-apoio-de-portugal\/","url":"https:\/\/portaltela.pt\/noticias\/2026\/03\/29\/cabo-verde-realiza-primeiro-transplante-renal-com-apoio-de-portugal\/","name":"Cabo Verde realiza primeiro transplante renal com apoio de Portugal - Portal Tela Portugal","isPartOf":{"@id":"https:\/\/portaltela.pt\/#website"},"primaryImageOfPage":{"@id":"https:\/\/portaltela.pt\/noticias\/2026\/03\/29\/cabo-verde-realiza-primeiro-transplante-renal-com-apoio-de-portugal\/#primaryimage"},"image":{"@id":"https:\/\/portaltela.pt\/noticias\/2026\/03\/29\/cabo-verde-realiza-primeiro-transplante-renal-com-apoio-de-portugal\/#primaryimage"},"thumbnailUrl":"https:\/\/portaltela.pt\/s.01k8rhncp4jt1\/2026\/03\/img_1280x722uu2026-03-29-09-54-37-2275431.jpg","datePublished":"2026-03-29T09:02:30+00:00","author":{"@id":"https:\/\/portaltela.pt\/#\/schema\/person\/c4278d4a6028830caff9ee44b42d32ed"},"breadcrumb":{"@id":"https:\/\/portaltela.pt\/noticias\/2026\/03\/29\/cabo-verde-realiza-primeiro-transplante-renal-com-apoio-de-portugal\/#breadcrumb"},"inLanguage":"pt-PT","potentialAction":[{"@type":"ReadAction","target":["https:\/\/portaltela.pt\/noticias\/2026\/03\/29\/cabo-verde-realiza-primeiro-transplante-renal-com-apoio-de-portugal\/"]}]},{"@type":"ImageObject","inLanguage":"pt-PT","@id":"https:\/\/portaltela.pt\/noticias\/2026\/03\/29\/cabo-verde-realiza-primeiro-transplante-renal-com-apoio-de-portugal\/#primaryimage","url":"https:\/\/portaltela.pt\/s.01k8rhncp4jt1\/2026\/03\/img_1280x722uu2026-03-29-09-54-37-2275431.jpg","contentUrl":"https:\/\/portaltela.pt\/s.01k8rhncp4jt1\/2026\/03\/img_1280x722uu2026-03-29-09-54-37-2275431.jpg","width":796,"height":448,"caption":"Photo"},{"@type":"BreadcrumbList","@id":"https:\/\/portaltela.pt\/noticias\/2026\/03\/29\/cabo-verde-realiza-primeiro-transplante-renal-com-apoio-de-portugal\/#breadcrumb","itemListElement":[{"@type":"ListItem","position":1,"name":"In\u00edcio","item":"https:\/\/portaltela.pt\/"},{"@type":"ListItem","position":2,"name":"Cabo Verde realiza primeiro transplante renal com apoio de Portugal"}]},{"@type":"WebSite","@id":"https:\/\/portaltela.pt\/#website","url":"https:\/\/portaltela.pt\/","name":"Portal Tela Portugal","description":"","potentialAction":[{"@type":"SearchAction","target":{"@type":"EntryPoint","urlTemplate":"https:\/\/portaltela.pt\/?s={search_term_string}"},"query-input":{"@type":"PropertyValueSpecification","valueRequired":true,"valueName":"search_term_string"}}],"inLanguage":"pt-PT"},{"@type":"Person","@id":"https:\/\/portaltela.pt\/#\/schema\/person\/c4278d4a6028830caff9ee44b42d32ed","name":"Telinha","image":{"@type":"ImageObject","inLanguage":"pt-PT","@id":"https:\/\/portaltela.pt\/s.01k8rhncp4jt1\/2025\/11\/talking-bot-125x125.png","url":"https:\/\/portaltela.pt\/s.01k8rhncp4jt1\/2025\/11\/talking-bot-125x125.png","contentUrl":"https:\/\/portaltela.pt\/s.01k8rhncp4jt1\/2025\/11\/talking-bot-125x125.png","caption":"Telinha"},"sameAs":["https:\/\/portaltela.pt\/"],"url":"https:\/\/portaltela.pt\/por\/367410592786\/"}]}},"_links":{"self":[{"href":"https:\/\/portaltela.pt\/api\/wp\/v2\/posts\/425771","targetHints":{"allow":["GET"]}}],"collection":[{"href":"https:\/\/portaltela.pt\/api\/wp\/v2\/posts"}],"about":[{"href":"https:\/\/portaltela.pt\/api\/wp\/v2\/types\/post"}],"author":[{"embeddable":true,"href":"https:\/\/portaltela.pt\/api\/wp\/v2\/users\/2"}],"replies":[{"embeddable":true,"href":"https:\/\/portaltela.pt\/api\/wp\/v2\/comments?post=425771"}],"version-history":[{"count":0,"href":"https:\/\/portaltela.pt\/api\/wp\/v2\/posts\/425771\/revisions"}],"wp:featuredmedia":[{"embeddable":true,"href":"https:\/\/portaltela.pt\/api\/wp\/v2\/media\/425775"}],"wp:attachment":[{"href":"https:\/\/portaltela.pt\/api\/wp\/v2\/media?parent=425771"}],"wp:term":[{"taxonomy":"category","embeddable":true,"href":"https:\/\/portaltela.pt\/api\/wp\/v2\/categories?post=425771"},{"taxonomy":"post_tag","embeddable":true,"href":"https:\/\/portaltela.pt\/api\/wp\/v2\/tags?post=425771"}],"curies":[{"name":"wp","href":"https:\/\/api.w.org\/{rel}","templated":true}]}}