{"id":425770,"date":"2026-03-29T06:02:25","date_gmt":"2026-03-29T09:02:25","guid":{"rendered":"https:\/\/portaltela.pt\/noticias\/2026\/03\/29\/prazo-para-reclamarem-despesas-do-irs-termina-na-terca-feira\/"},"modified":"2026-03-29T06:02:25","modified_gmt":"2026-03-29T09:02:25","slug":"prazo-para-reclamarem-despesas-do-irs-termina-na-terca-feira","status":"publish","type":"post","link":"https:\/\/portaltela.pt\/noticias\/2026\/03\/29\/prazo-para-reclamarem-despesas-do-irs-termina-na-terca-feira\/","title":{"rendered":"Prazo para reclamarem despesas do IRS termina na ter\u00e7a-feira"},"content":{"rendered":"<p>At\u00e9 31 de mar\u00e7o, os contribuintes podem reclamar do valor das despesas consideradas pelo fisco para o IRS. A consulta \u00e9 feita no site da Autoridade Tribut\u00e1ria, na \u00e1rea pessoal do IRS, para verificar dedu\u00e7\u00f5es e faturas com NIF.<\/p>\n<p>O fisco preenche dedu\u00e7\u00f5es \u00e0 coleta (sa\u00fade, educa\u00e7\u00e3o, habita\u00e7\u00e3o, despesas gerais familiares etc.) com base em faturas emitidas por entidades com NIF do contribuinte. A reclama\u00e7\u00e3o abrange despesas gerais familiares e d\u00e9bitos com fatura.<\/p>\n<p>Despesas de sa\u00fade, educa\u00e7\u00e3o, im\u00f3veis e contribui\u00e7\u00f5es \u00e0 Seguran\u00e7a Social de trabalhadores do servi\u00e7o dom\u00e9stico podem ser ajustadas no momento da entrega da declara\u00e7\u00e3o, entre 1 de abril e 30 de junho, via Anexo H.<\/p>\n<h3>Prazos, corre\u00e7\u00f5es e consigna\u00e7\u00e3o<\/h3>\n<p>At\u00e9 31 de mar\u00e7o \u00e9 poss\u00edvel indicar, no Portal das Finan\u00e7as, a entidade para a consigna\u00e7\u00e3o de parte do IRS e, opcionalmente, do IVA pela exig\u00eancia de fatura. Se n\u00e3o for feito, a decis\u00e3o pode ser tomada na entrega da declara\u00e7\u00e3o.<\/p>\n<p>A entrega das declara\u00e7\u00f5es de IRS relativas aos rendimentos de 2025 est\u00e1 prevista entre 1 de abril e 30 de junho. H\u00e1 tr\u00eas meses para submeter o documento, com prazo para corre\u00e7\u00f5es posteriores em datas espec\u00edficas.<\/p>\n","protected":false},"excerpt":{"rendered":"<ul>\n<li>O prazo para reclamar das despesas do IRS termina no dia 31 de mar\u00e7o, apenas no Portal das Finan\u00e7as, \u00e1rea pessoal do IRS.<\/li>\n<li>At\u00e9 essa data \u00e9 poss\u00edvel consultar no portal as despesas apuradas pelo fisco e o valor da dedu\u00e7\u00e3o correspondente, por categoria e entidade emissoa de faturas com NIF.<\/li>\n<li>As reclama\u00e7\u00f5es dizem respeito apenas \u00e0s despesas gerais familiares e \u00e0 dedu\u00e7\u00e3o do IVA pela exig\u00eancia de fatura; outras despesas podem ser corrigidas na entrega da declara\u00e7\u00e3o entre 1 de abril e 30 de junho via anexo H.<\/li>\n<li>Al\u00e9m da reclama\u00e7\u00e3o, at\u00e9 31 de mar\u00e7o pode indicar a entidade para consignar uma parte do IRS e, opcionalmente, do IVA; a decis\u00e3o pode ser tomada mais tarde na entrega da declara\u00e7\u00e3o.<\/li>\n<li>A entrega das declara\u00e7\u00f5es de IRS para rendimentos de 2025 decorrer\u00e1 entre 1 de abril e 30 de junho.<\/li>\n<\/ul>\n","protected":false},"author":2,"featured_media":425772,"comment_status":"closed","ping_status":"closed","sticky":false,"template":"","format":"standard","meta":{"footnotes":""},"categories":[6850,1],"tags":[6115,7603,155,6024,3613,6474],"class_list":["post-425770","post","type-post","status-publish","format-standard","has-post-thumbnail","hentry","category-financas","category-noticias","tag-_economia","tag-consignacao","tag-despesas","tag-faturas","tag-impostos","tag-irs"],"yoast_head":"<!-- This site is optimized with the Yoast SEO plugin v27.2 - https:\/\/yoast.com\/product\/yoast-seo-wordpress\/ -->\n<title>Prazo para reclamarem despesas do IRS termina na ter\u00e7a-feira - Portal Tela Portugal<\/title>\n<meta name=\"robots\" content=\"index, follow, max-snippet:-1, max-image-preview:large, max-video-preview:-1\" \/>\n<meta property=\"og:locale\" content=\"pt_PT\" \/>\n<meta property=\"og:type\" content=\"article\" \/>\n<meta property=\"og:title\" content=\"Prazo para reclamarem despesas do IRS termina na ter\u00e7a-feira - Portal Tela Portugal\" \/>\n<meta property=\"og:description\" content=\"O prazo para reclamar das despesas do IRS termina no dia 31 de mar\u00e7o, apenas no Portal das Finan\u00e7as, \u00e1rea pessoal do IRS. At\u00e9 essa data \u00e9 poss\u00edvel consultar no portal as despesas apuradas pelo fisco e o valor da dedu\u00e7\u00e3o correspondente, por categoria e entidade emissoa de faturas com NIF. As reclama\u00e7\u00f5es dizem respeito apenas \u00e0s despesas gerais familiares e \u00e0 dedu\u00e7\u00e3o do IVA pela exig\u00eancia de fatura; outras despesas podem ser corrigidas na entrega da declara\u00e7\u00e3o entre 1 de abril e 30 de junho via anexo H. Al\u00e9m da reclama\u00e7\u00e3o, at\u00e9 31 de mar\u00e7o pode indicar a entidade para consignar uma parte do IRS e, opcionalmente, do IVA; a decis\u00e3o pode ser tomada mais tarde na entrega da declara\u00e7\u00e3o. A entrega das declara\u00e7\u00f5es de IRS para rendimentos de 2025 decorrer\u00e1 entre 1 de abril e 30 de junho.\" \/>\n<meta property=\"og:url\" content=\"https:\/\/portaltela.pt\/noticias\/2026\/03\/29\/prazo-para-reclamarem-despesas-do-irs-termina-na-terca-feira\/\" \/>\n<meta property=\"og:site_name\" content=\"Portal Tela Portugal\" \/>\n<meta property=\"article:published_time\" content=\"2026-03-29T09:02:25+00:00\" \/>\n<meta name=\"author\" content=\"Telinha\" \/>\n<meta name=\"twitter:card\" content=\"summary_large_image\" \/>\n<meta name=\"twitter:label1\" content=\"Escrito por\" \/>\n\t<meta name=\"twitter:data1\" content=\"Telinha\" \/>\n\t<meta name=\"twitter:label2\" content=\"Tempo estimado de leitura\" \/>\n\t<meta name=\"twitter:data2\" content=\"1 minuto\" \/>\n<script type=\"application\/ld+json\" class=\"yoast-schema-graph\">{\"@context\":\"https:\/\/schema.org\",\"@graph\":[{\"@type\":\"Article\",\"@id\":\"https:\/\/portaltela.pt\/noticias\/2026\/03\/29\/prazo-para-reclamarem-despesas-do-irs-termina-na-terca-feira\/#article\",\"isPartOf\":{\"@id\":\"https:\/\/portaltela.pt\/noticias\/2026\/03\/29\/prazo-para-reclamarem-despesas-do-irs-termina-na-terca-feira\/\"},\"author\":{\"name\":\"Telinha\",\"@id\":\"https:\/\/portaltela.pt\/#\/schema\/person\/c4278d4a6028830caff9ee44b42d32ed\"},\"headline\":\"Prazo para reclamarem despesas do IRS termina na ter\u00e7a-feira\",\"datePublished\":\"2026-03-29T09:02:25+00:00\",\"mainEntityOfPage\":{\"@id\":\"https:\/\/portaltela.pt\/noticias\/2026\/03\/29\/prazo-para-reclamarem-despesas-do-irs-termina-na-terca-feira\/\"},\"wordCount\":219,\"image\":{\"@id\":\"https:\/\/portaltela.pt\/noticias\/2026\/03\/29\/prazo-para-reclamarem-despesas-do-irs-termina-na-terca-feira\/#primaryimage\"},\"thumbnailUrl\":\"https:\/\/portaltela.pt\/s.01k8rhncp4jt1\/2026\/03\/img_1500x1000uu2024-12-30-23-23-56-2185250.jpg\",\"keywords\":[\"_economia\",\"consigna\u00e7\u00e3o\",\"despesas\",\"faturas\",\"impostos\",\"IRS\"],\"articleSection\":[\"Finan\u00e7as\",\"Not\u00edcias\"],\"inLanguage\":\"pt-PT\"},{\"@type\":\"WebPage\",\"@id\":\"https:\/\/portaltela.pt\/noticias\/2026\/03\/29\/prazo-para-reclamarem-despesas-do-irs-termina-na-terca-feira\/\",\"url\":\"https:\/\/portaltela.pt\/noticias\/2026\/03\/29\/prazo-para-reclamarem-despesas-do-irs-termina-na-terca-feira\/\",\"name\":\"Prazo para reclamarem despesas do IRS termina na ter\u00e7a-feira - Portal Tela Portugal\",\"isPartOf\":{\"@id\":\"https:\/\/portaltela.pt\/#website\"},\"primaryImageOfPage\":{\"@id\":\"https:\/\/portaltela.pt\/noticias\/2026\/03\/29\/prazo-para-reclamarem-despesas-do-irs-termina-na-terca-feira\/#primaryimage\"},\"image\":{\"@id\":\"https:\/\/portaltela.pt\/noticias\/2026\/03\/29\/prazo-para-reclamarem-despesas-do-irs-termina-na-terca-feira\/#primaryimage\"},\"thumbnailUrl\":\"https:\/\/portaltela.pt\/s.01k8rhncp4jt1\/2026\/03\/img_1500x1000uu2024-12-30-23-23-56-2185250.jpg\",\"datePublished\":\"2026-03-29T09:02:25+00:00\",\"author\":{\"@id\":\"https:\/\/portaltela.pt\/#\/schema\/person\/c4278d4a6028830caff9ee44b42d32ed\"},\"breadcrumb\":{\"@id\":\"https:\/\/portaltela.pt\/noticias\/2026\/03\/29\/prazo-para-reclamarem-despesas-do-irs-termina-na-terca-feira\/#breadcrumb\"},\"inLanguage\":\"pt-PT\",\"potentialAction\":[{\"@type\":\"ReadAction\",\"target\":[\"https:\/\/portaltela.pt\/noticias\/2026\/03\/29\/prazo-para-reclamarem-despesas-do-irs-termina-na-terca-feira\/\"]}]},{\"@type\":\"ImageObject\",\"inLanguage\":\"pt-PT\",\"@id\":\"https:\/\/portaltela.pt\/noticias\/2026\/03\/29\/prazo-para-reclamarem-despesas-do-irs-termina-na-terca-feira\/#primaryimage\",\"url\":\"https:\/\/portaltela.pt\/s.01k8rhncp4jt1\/2026\/03\/img_1500x1000uu2024-12-30-23-23-56-2185250.jpg\",\"contentUrl\":\"https:\/\/portaltela.pt\/s.01k8rhncp4jt1\/2026\/03\/img_1500x1000uu2024-12-30-23-23-56-2185250.jpg\",\"width\":796,\"height\":448,\"caption\":\"Prazo para contribuintes reclamarem das despesas do IRS termina ter\u00e7a-feira\"},{\"@type\":\"BreadcrumbList\",\"@id\":\"https:\/\/portaltela.pt\/noticias\/2026\/03\/29\/prazo-para-reclamarem-despesas-do-irs-termina-na-terca-feira\/#breadcrumb\",\"itemListElement\":[{\"@type\":\"ListItem\",\"position\":1,\"name\":\"In\u00edcio\",\"item\":\"https:\/\/portaltela.pt\/\"},{\"@type\":\"ListItem\",\"position\":2,\"name\":\"Prazo para reclamarem despesas do IRS termina na ter\u00e7a-feira\"}]},{\"@type\":\"WebSite\",\"@id\":\"https:\/\/portaltela.pt\/#website\",\"url\":\"https:\/\/portaltela.pt\/\",\"name\":\"Portal Tela Portugal\",\"description\":\"\",\"potentialAction\":[{\"@type\":\"SearchAction\",\"target\":{\"@type\":\"EntryPoint\",\"urlTemplate\":\"https:\/\/portaltela.pt\/?s={search_term_string}\"},\"query-input\":{\"@type\":\"PropertyValueSpecification\",\"valueRequired\":true,\"valueName\":\"search_term_string\"}}],\"inLanguage\":\"pt-PT\"},{\"@type\":\"Person\",\"@id\":\"https:\/\/portaltela.pt\/#\/schema\/person\/c4278d4a6028830caff9ee44b42d32ed\",\"name\":\"Telinha\",\"image\":{\"@type\":\"ImageObject\",\"inLanguage\":\"pt-PT\",\"@id\":\"https:\/\/portaltela.pt\/s.01k8rhncp4jt1\/2025\/11\/talking-bot-125x125.png\",\"url\":\"https:\/\/portaltela.pt\/s.01k8rhncp4jt1\/2025\/11\/talking-bot-125x125.png\",\"contentUrl\":\"https:\/\/portaltela.pt\/s.01k8rhncp4jt1\/2025\/11\/talking-bot-125x125.png\",\"caption\":\"Telinha\"},\"sameAs\":[\"https:\/\/portaltela.pt\/\"],\"url\":\"https:\/\/portaltela.pt\/por\/367410592786\/\"}]}<\/script>\n<!-- \/ Yoast SEO plugin. -->","yoast_head_json":{"title":"Prazo para reclamarem despesas do IRS termina na ter\u00e7a-feira - Portal Tela Portugal","robots":{"index":"index","follow":"follow","max-snippet":"max-snippet:-1","max-image-preview":"max-image-preview:large","max-video-preview":"max-video-preview:-1"},"og_locale":"pt_PT","og_type":"article","og_title":"Prazo para reclamarem despesas do IRS termina na ter\u00e7a-feira - Portal Tela Portugal","og_description":"O prazo para reclamar das despesas do IRS termina no dia 31 de mar\u00e7o, apenas no Portal das Finan\u00e7as, \u00e1rea pessoal do IRS. At\u00e9 essa data \u00e9 poss\u00edvel consultar no portal as despesas apuradas pelo fisco e o valor da dedu\u00e7\u00e3o correspondente, por categoria e entidade emissoa de faturas com NIF. As reclama\u00e7\u00f5es dizem respeito apenas \u00e0s despesas gerais familiares e \u00e0 dedu\u00e7\u00e3o do IVA pela exig\u00eancia de fatura; outras despesas podem ser corrigidas na entrega da declara\u00e7\u00e3o entre 1 de abril e 30 de junho via anexo H. Al\u00e9m da reclama\u00e7\u00e3o, at\u00e9 31 de mar\u00e7o pode indicar a entidade para consignar uma parte do IRS e, opcionalmente, do IVA; a decis\u00e3o pode ser tomada mais tarde na entrega da declara\u00e7\u00e3o. A entrega das declara\u00e7\u00f5es de IRS para rendimentos de 2025 decorrer\u00e1 entre 1 de abril e 30 de junho.","og_url":"https:\/\/portaltela.pt\/noticias\/2026\/03\/29\/prazo-para-reclamarem-despesas-do-irs-termina-na-terca-feira\/","og_site_name":"Portal Tela Portugal","article_published_time":"2026-03-29T09:02:25+00:00","author":"Telinha","twitter_card":"summary_large_image","twitter_misc":{"Escrito por":"Telinha","Tempo estimado de leitura":"1 minuto"},"schema":{"@context":"https:\/\/schema.org","@graph":[{"@type":"Article","@id":"https:\/\/portaltela.pt\/noticias\/2026\/03\/29\/prazo-para-reclamarem-despesas-do-irs-termina-na-terca-feira\/#article","isPartOf":{"@id":"https:\/\/portaltela.pt\/noticias\/2026\/03\/29\/prazo-para-reclamarem-despesas-do-irs-termina-na-terca-feira\/"},"author":{"name":"Telinha","@id":"https:\/\/portaltela.pt\/#\/schema\/person\/c4278d4a6028830caff9ee44b42d32ed"},"headline":"Prazo para reclamarem despesas do IRS termina na ter\u00e7a-feira","datePublished":"2026-03-29T09:02:25+00:00","mainEntityOfPage":{"@id":"https:\/\/portaltela.pt\/noticias\/2026\/03\/29\/prazo-para-reclamarem-despesas-do-irs-termina-na-terca-feira\/"},"wordCount":219,"image":{"@id":"https:\/\/portaltela.pt\/noticias\/2026\/03\/29\/prazo-para-reclamarem-despesas-do-irs-termina-na-terca-feira\/#primaryimage"},"thumbnailUrl":"https:\/\/portaltela.pt\/s.01k8rhncp4jt1\/2026\/03\/img_1500x1000uu2024-12-30-23-23-56-2185250.jpg","keywords":["_economia","consigna\u00e7\u00e3o","despesas","faturas","impostos","IRS"],"articleSection":["Finan\u00e7as","Not\u00edcias"],"inLanguage":"pt-PT"},{"@type":"WebPage","@id":"https:\/\/portaltela.pt\/noticias\/2026\/03\/29\/prazo-para-reclamarem-despesas-do-irs-termina-na-terca-feira\/","url":"https:\/\/portaltela.pt\/noticias\/2026\/03\/29\/prazo-para-reclamarem-despesas-do-irs-termina-na-terca-feira\/","name":"Prazo para reclamarem despesas do IRS termina na ter\u00e7a-feira - Portal Tela Portugal","isPartOf":{"@id":"https:\/\/portaltela.pt\/#website"},"primaryImageOfPage":{"@id":"https:\/\/portaltela.pt\/noticias\/2026\/03\/29\/prazo-para-reclamarem-despesas-do-irs-termina-na-terca-feira\/#primaryimage"},"image":{"@id":"https:\/\/portaltela.pt\/noticias\/2026\/03\/29\/prazo-para-reclamarem-despesas-do-irs-termina-na-terca-feira\/#primaryimage"},"thumbnailUrl":"https:\/\/portaltela.pt\/s.01k8rhncp4jt1\/2026\/03\/img_1500x1000uu2024-12-30-23-23-56-2185250.jpg","datePublished":"2026-03-29T09:02:25+00:00","author":{"@id":"https:\/\/portaltela.pt\/#\/schema\/person\/c4278d4a6028830caff9ee44b42d32ed"},"breadcrumb":{"@id":"https:\/\/portaltela.pt\/noticias\/2026\/03\/29\/prazo-para-reclamarem-despesas-do-irs-termina-na-terca-feira\/#breadcrumb"},"inLanguage":"pt-PT","potentialAction":[{"@type":"ReadAction","target":["https:\/\/portaltela.pt\/noticias\/2026\/03\/29\/prazo-para-reclamarem-despesas-do-irs-termina-na-terca-feira\/"]}]},{"@type":"ImageObject","inLanguage":"pt-PT","@id":"https:\/\/portaltela.pt\/noticias\/2026\/03\/29\/prazo-para-reclamarem-despesas-do-irs-termina-na-terca-feira\/#primaryimage","url":"https:\/\/portaltela.pt\/s.01k8rhncp4jt1\/2026\/03\/img_1500x1000uu2024-12-30-23-23-56-2185250.jpg","contentUrl":"https:\/\/portaltela.pt\/s.01k8rhncp4jt1\/2026\/03\/img_1500x1000uu2024-12-30-23-23-56-2185250.jpg","width":796,"height":448,"caption":"Prazo para contribuintes reclamarem das despesas do IRS termina ter\u00e7a-feira"},{"@type":"BreadcrumbList","@id":"https:\/\/portaltela.pt\/noticias\/2026\/03\/29\/prazo-para-reclamarem-despesas-do-irs-termina-na-terca-feira\/#breadcrumb","itemListElement":[{"@type":"ListItem","position":1,"name":"In\u00edcio","item":"https:\/\/portaltela.pt\/"},{"@type":"ListItem","position":2,"name":"Prazo para reclamarem despesas do IRS termina na ter\u00e7a-feira"}]},{"@type":"WebSite","@id":"https:\/\/portaltela.pt\/#website","url":"https:\/\/portaltela.pt\/","name":"Portal Tela Portugal","description":"","potentialAction":[{"@type":"SearchAction","target":{"@type":"EntryPoint","urlTemplate":"https:\/\/portaltela.pt\/?s={search_term_string}"},"query-input":{"@type":"PropertyValueSpecification","valueRequired":true,"valueName":"search_term_string"}}],"inLanguage":"pt-PT"},{"@type":"Person","@id":"https:\/\/portaltela.pt\/#\/schema\/person\/c4278d4a6028830caff9ee44b42d32ed","name":"Telinha","image":{"@type":"ImageObject","inLanguage":"pt-PT","@id":"https:\/\/portaltela.pt\/s.01k8rhncp4jt1\/2025\/11\/talking-bot-125x125.png","url":"https:\/\/portaltela.pt\/s.01k8rhncp4jt1\/2025\/11\/talking-bot-125x125.png","contentUrl":"https:\/\/portaltela.pt\/s.01k8rhncp4jt1\/2025\/11\/talking-bot-125x125.png","caption":"Telinha"},"sameAs":["https:\/\/portaltela.pt\/"],"url":"https:\/\/portaltela.pt\/por\/367410592786\/"}]}},"_links":{"self":[{"href":"https:\/\/portaltela.pt\/api\/wp\/v2\/posts\/425770","targetHints":{"allow":["GET"]}}],"collection":[{"href":"https:\/\/portaltela.pt\/api\/wp\/v2\/posts"}],"about":[{"href":"https:\/\/portaltela.pt\/api\/wp\/v2\/types\/post"}],"author":[{"embeddable":true,"href":"https:\/\/portaltela.pt\/api\/wp\/v2\/users\/2"}],"replies":[{"embeddable":true,"href":"https:\/\/portaltela.pt\/api\/wp\/v2\/comments?post=425770"}],"version-history":[{"count":0,"href":"https:\/\/portaltela.pt\/api\/wp\/v2\/posts\/425770\/revisions"}],"wp:featuredmedia":[{"embeddable":true,"href":"https:\/\/portaltela.pt\/api\/wp\/v2\/media\/425772"}],"wp:attachment":[{"href":"https:\/\/portaltela.pt\/api\/wp\/v2\/media?parent=425770"}],"wp:term":[{"taxonomy":"category","embeddable":true,"href":"https:\/\/portaltela.pt\/api\/wp\/v2\/categories?post=425770"},{"taxonomy":"post_tag","embeddable":true,"href":"https:\/\/portaltela.pt\/api\/wp\/v2\/tags?post=425770"}],"curies":[{"name":"wp","href":"https:\/\/api.w.org\/{rel}","templated":true}]}}