{"id":425769,"date":"2026-03-29T06:02:26","date_gmt":"2026-03-29T09:02:26","guid":{"rendered":"https:\/\/portaltela.pt\/noticias\/2026\/03\/29\/antonelli-vence-no-japao-torna-se-o-piloto-mais-jovem-a-liderar\/"},"modified":"2026-03-29T06:02:26","modified_gmt":"2026-03-29T09:02:26","slug":"antonelli-vence-no-japao-torna-se-o-piloto-mais-jovem-a-liderar","status":"publish","type":"post","link":"https:\/\/portaltela.pt\/desporto\/futebol\/2026\/03\/29\/antonelli-vence-no-japao-torna-se-o-piloto-mais-jovem-a-liderar\/","title":{"rendered":"Antonelli vence no Jap\u00e3o, torna-se o piloto mais jovem a liderar"},"content":{"rendered":"<p>Kimi Antonelli, italiano de 19 anos, venceu o Grande Pr\u00e9mio do Jap\u00e3o em Suzuka pela Mercedes, somando a segunda vit\u00f3ria consecutiva na F\u00f3rmula 1. O jovem l\u00edder da temporada, que partiu da pole, superou Oscar Piastri da McLaren na linha de chegada.<\/p>\n<p>A corrida come\u00e7ou com Piastri a passar os dois na primeira curva, deixando Antonelli em sexto. O piloto da Haas, Oliver Bearman, provocou o safety car ao embater numa barreira, o que atrasou a prova e permitiu a recupera\u00e7\u00e3o de Antonelli para o topo da classifica\u00e7\u00e3o.<\/p>\n<p>Leclerc (Ferrari) terminou em terceiro, seguido de Russell (Mercedes) em quarto, Norris (McLaren) em quinto e Hamilton (Ferrari) em sexto. A Mercedes lidera o in\u00edcio da \u00e9poca de 2026, com tr\u00eas vit\u00f3rias nas primeiras corridas.<\/p>\n<h3>Contexto da conquista<\/h3>\n<p>Antonelli tornou-se o piloto mais jovem a liderar o campeonato de F1, e a primeira vit\u00f3ria consecutiva de um italiano em 74 anos. Tamb\u00e9m tornou-se o primeiro italiano a vencer dois GPs seguidos desde 1952, ap\u00f3s vencer anteriormente na China.<\/p>\n<p>O desempenho da Mercedes continuou a demonstrar a adapta\u00e7\u00e3o \u00e0 nova configura\u00e7\u00e3o de 2026, com carros mais leves, mais estreitos e com equil\u00edbrio 50-50 entre motor de combust\u00e3o e energia el\u00e9trica. O piloto comentou que o arranque falhou e que o safety car foi decisivo para o desfecho.<\/p>\n<p>A F\u00f3rmula 1 entra numa pausa de cinco semanas, ap\u00f3s cancelamentos de corridas no Bahrein e na Ar\u00e1bia Saudita devido a quest\u00f5es regionais. A pr\u00f3xima prova est\u00e1 marcada para 3 de maio, em Miami.<\/p>\n","protected":false},"excerpt":{"rendered":"<ul>\n<li>Kimi Antonelli, de 19 anos, venceu o Grande Pr\u00e9mio do Jap\u00e3o em Suzuka, a segunda vit\u00f3ria consecutiva na F\u00f3rmula 1.<\/li>\n<li>Com o triunfo, tornou-se o piloto mais jovem a liderar o campeonato e o primeiro italiano a vencer dois GPs seguidos em 74 anos.<\/li>\n<li>Oscar Piastri terminou em segundo, com Charles Leclerc em terceiro; George Russell ficou em quarto, seguido por Lando Norris e Lewis Hamilton.<\/li>\n<li>A Mercedes venceu as tr\u00eas primeiras corridas de 2026, com Antonelli a conquistar duas delas.<\/li>\n<li>A corrida ficou marcada por um safety car ap\u00f3s o acidente de Oliver Bearman; h\u00e1 pausa de cinco semanas at\u00e9 a pr\u00f3xima prova, a 3 de maio em Miami.<\/li>\n<\/ul>\n","protected":false},"author":2,"featured_media":425773,"comment_status":"closed","ping_status":"closed","sticky":false,"template":"","format":"standard","meta":{"footnotes":""},"categories":[21,24],"tags":[3504,5417,152,3833,3189,5972],"class_list":["post-425769","post","type-post","status-publish","format-standard","has-post-thumbnail","hentry","category-desporto","category-futebol","tag-corridas","tag-corridas-internacionais","tag-desporto","tag-f1","tag-formula-1","tag-pilotos"],"yoast_head":"<!-- This site is optimized with the Yoast SEO plugin v27.2 - https:\/\/yoast.com\/product\/yoast-seo-wordpress\/ -->\n<title>Antonelli vence no Jap\u00e3o, torna-se o piloto mais jovem a liderar - Portal Tela Portugal<\/title>\n<meta name=\"robots\" content=\"index, follow, max-snippet:-1, max-image-preview:large, max-video-preview:-1\" \/>\n<meta property=\"og:locale\" content=\"pt_PT\" \/>\n<meta property=\"og:type\" content=\"article\" \/>\n<meta property=\"og:title\" content=\"Antonelli vence no Jap\u00e3o, torna-se o piloto mais jovem a liderar - Portal Tela Portugal\" \/>\n<meta property=\"og:description\" content=\"Kimi Antonelli, de 19 anos, venceu o Grande Pr\u00e9mio do Jap\u00e3o em Suzuka, a segunda vit\u00f3ria consecutiva na F\u00f3rmula 1. Com o triunfo, tornou-se o piloto mais jovem a liderar o campeonato e o primeiro italiano a vencer dois GPs seguidos em 74 anos. Oscar Piastri terminou em segundo, com Charles Leclerc em terceiro; George Russell ficou em quarto, seguido por Lando Norris e Lewis Hamilton. A Mercedes venceu as tr\u00eas primeiras corridas de 2026, com Antonelli a conquistar duas delas. A corrida ficou marcada por um safety car ap\u00f3s o acidente de Oliver Bearman; h\u00e1 pausa de cinco semanas at\u00e9 a pr\u00f3xima prova, a 3 de maio em Miami.\" \/>\n<meta property=\"og:url\" content=\"https:\/\/portaltela.pt\/noticias\/2026\/03\/29\/antonelli-vence-no-japao-torna-se-o-piloto-mais-jovem-a-liderar\/\" \/>\n<meta property=\"og:site_name\" content=\"Portal Tela Portugal\" \/>\n<meta property=\"article:published_time\" content=\"2026-03-29T09:02:26+00:00\" \/>\n<meta name=\"author\" content=\"Telinha\" \/>\n<meta name=\"twitter:card\" content=\"summary_large_image\" \/>\n<meta name=\"twitter:label1\" content=\"Escrito por\" \/>\n\t<meta name=\"twitter:data1\" content=\"Telinha\" \/>\n\t<meta name=\"twitter:label2\" content=\"Tempo estimado de leitura\" \/>\n\t<meta name=\"twitter:data2\" content=\"1 minuto\" \/>\n<script type=\"application\/ld+json\" class=\"yoast-schema-graph\">{\"@context\":\"https:\/\/schema.org\",\"@graph\":[{\"@type\":\"Article\",\"@id\":\"https:\/\/portaltela.pt\/noticias\/2026\/03\/29\/antonelli-vence-no-japao-torna-se-o-piloto-mais-jovem-a-liderar\/#article\",\"isPartOf\":{\"@id\":\"https:\/\/portaltela.pt\/noticias\/2026\/03\/29\/antonelli-vence-no-japao-torna-se-o-piloto-mais-jovem-a-liderar\/\"},\"author\":{\"name\":\"Telinha\",\"@id\":\"https:\/\/portaltela.pt\/#\/schema\/person\/c4278d4a6028830caff9ee44b42d32ed\"},\"headline\":\"Antonelli vence no Jap\u00e3o, torna-se o piloto mais jovem a liderar\",\"datePublished\":\"2026-03-29T09:02:26+00:00\",\"mainEntityOfPage\":{\"@id\":\"https:\/\/portaltela.pt\/noticias\/2026\/03\/29\/antonelli-vence-no-japao-torna-se-o-piloto-mais-jovem-a-liderar\/\"},\"wordCount\":275,\"image\":{\"@id\":\"https:\/\/portaltela.pt\/noticias\/2026\/03\/29\/antonelli-vence-no-japao-torna-se-o-piloto-mais-jovem-a-liderar\/#primaryimage\"},\"thumbnailUrl\":\"https:\/\/portaltela.pt\/s.01k8rhncp4jt1\/2026\/03\/1536x864_cmsv2_651b4bbc-2e25-5928-b6dd-2396e6a15439-9702766.jpg\",\"keywords\":[\"corridas\",\"corridas internacionais\",\"desporto\",\"F1\",\"F\u00f3rmula 1\",\"pilotos\"],\"articleSection\":[\"Desporto\",\"Futebol\"],\"inLanguage\":\"pt-PT\"},{\"@type\":\"WebPage\",\"@id\":\"https:\/\/portaltela.pt\/noticias\/2026\/03\/29\/antonelli-vence-no-japao-torna-se-o-piloto-mais-jovem-a-liderar\/\",\"url\":\"https:\/\/portaltela.pt\/noticias\/2026\/03\/29\/antonelli-vence-no-japao-torna-se-o-piloto-mais-jovem-a-liderar\/\",\"name\":\"Antonelli vence no Jap\u00e3o, torna-se o piloto mais jovem a liderar - Portal Tela Portugal\",\"isPartOf\":{\"@id\":\"https:\/\/portaltela.pt\/#website\"},\"primaryImageOfPage\":{\"@id\":\"https:\/\/portaltela.pt\/noticias\/2026\/03\/29\/antonelli-vence-no-japao-torna-se-o-piloto-mais-jovem-a-liderar\/#primaryimage\"},\"image\":{\"@id\":\"https:\/\/portaltela.pt\/noticias\/2026\/03\/29\/antonelli-vence-no-japao-torna-se-o-piloto-mais-jovem-a-liderar\/#primaryimage\"},\"thumbnailUrl\":\"https:\/\/portaltela.pt\/s.01k8rhncp4jt1\/2026\/03\/1536x864_cmsv2_651b4bbc-2e25-5928-b6dd-2396e6a15439-9702766.jpg\",\"datePublished\":\"2026-03-29T09:02:26+00:00\",\"author\":{\"@id\":\"https:\/\/portaltela.pt\/#\/schema\/person\/c4278d4a6028830caff9ee44b42d32ed\"},\"breadcrumb\":{\"@id\":\"https:\/\/portaltela.pt\/noticias\/2026\/03\/29\/antonelli-vence-no-japao-torna-se-o-piloto-mais-jovem-a-liderar\/#breadcrumb\"},\"inLanguage\":\"pt-PT\",\"potentialAction\":[{\"@type\":\"ReadAction\",\"target\":[\"https:\/\/portaltela.pt\/noticias\/2026\/03\/29\/antonelli-vence-no-japao-torna-se-o-piloto-mais-jovem-a-liderar\/\"]}]},{\"@type\":\"ImageObject\",\"inLanguage\":\"pt-PT\",\"@id\":\"https:\/\/portaltela.pt\/noticias\/2026\/03\/29\/antonelli-vence-no-japao-torna-se-o-piloto-mais-jovem-a-liderar\/#primaryimage\",\"url\":\"https:\/\/portaltela.pt\/s.01k8rhncp4jt1\/2026\/03\/1536x864_cmsv2_651b4bbc-2e25-5928-b6dd-2396e6a15439-9702766.jpg\",\"contentUrl\":\"https:\/\/portaltela.pt\/s.01k8rhncp4jt1\/2026\/03\/1536x864_cmsv2_651b4bbc-2e25-5928-b6dd-2396e6a15439-9702766.jpg\",\"width\":796,\"height\":448,\"caption\":\"Kimi Antonelli festeja a vit\u00f3ria\"},{\"@type\":\"BreadcrumbList\",\"@id\":\"https:\/\/portaltela.pt\/noticias\/2026\/03\/29\/antonelli-vence-no-japao-torna-se-o-piloto-mais-jovem-a-liderar\/#breadcrumb\",\"itemListElement\":[{\"@type\":\"ListItem\",\"position\":1,\"name\":\"In\u00edcio\",\"item\":\"https:\/\/portaltela.pt\/\"},{\"@type\":\"ListItem\",\"position\":2,\"name\":\"Antonelli vence no Jap\u00e3o, torna-se o piloto mais jovem a liderar\"}]},{\"@type\":\"WebSite\",\"@id\":\"https:\/\/portaltela.pt\/#website\",\"url\":\"https:\/\/portaltela.pt\/\",\"name\":\"Portal Tela Portugal\",\"description\":\"\",\"potentialAction\":[{\"@type\":\"SearchAction\",\"target\":{\"@type\":\"EntryPoint\",\"urlTemplate\":\"https:\/\/portaltela.pt\/?s={search_term_string}\"},\"query-input\":{\"@type\":\"PropertyValueSpecification\",\"valueRequired\":true,\"valueName\":\"search_term_string\"}}],\"inLanguage\":\"pt-PT\"},{\"@type\":\"Person\",\"@id\":\"https:\/\/portaltela.pt\/#\/schema\/person\/c4278d4a6028830caff9ee44b42d32ed\",\"name\":\"Telinha\",\"image\":{\"@type\":\"ImageObject\",\"inLanguage\":\"pt-PT\",\"@id\":\"https:\/\/portaltela.pt\/s.01k8rhncp4jt1\/2025\/11\/talking-bot-125x125.png\",\"url\":\"https:\/\/portaltela.pt\/s.01k8rhncp4jt1\/2025\/11\/talking-bot-125x125.png\",\"contentUrl\":\"https:\/\/portaltela.pt\/s.01k8rhncp4jt1\/2025\/11\/talking-bot-125x125.png\",\"caption\":\"Telinha\"},\"sameAs\":[\"https:\/\/portaltela.pt\/\"],\"url\":\"https:\/\/portaltela.pt\/por\/367410592786\/\"}]}<\/script>\n<!-- \/ Yoast SEO plugin. -->","yoast_head_json":{"title":"Antonelli vence no Jap\u00e3o, torna-se o piloto mais jovem a liderar - Portal Tela Portugal","robots":{"index":"index","follow":"follow","max-snippet":"max-snippet:-1","max-image-preview":"max-image-preview:large","max-video-preview":"max-video-preview:-1"},"og_locale":"pt_PT","og_type":"article","og_title":"Antonelli vence no Jap\u00e3o, torna-se o piloto mais jovem a liderar - Portal Tela Portugal","og_description":"Kimi Antonelli, de 19 anos, venceu o Grande Pr\u00e9mio do Jap\u00e3o em Suzuka, a segunda vit\u00f3ria consecutiva na F\u00f3rmula 1. Com o triunfo, tornou-se o piloto mais jovem a liderar o campeonato e o primeiro italiano a vencer dois GPs seguidos em 74 anos. Oscar Piastri terminou em segundo, com Charles Leclerc em terceiro; George Russell ficou em quarto, seguido por Lando Norris e Lewis Hamilton. A Mercedes venceu as tr\u00eas primeiras corridas de 2026, com Antonelli a conquistar duas delas. A corrida ficou marcada por um safety car ap\u00f3s o acidente de Oliver Bearman; h\u00e1 pausa de cinco semanas at\u00e9 a pr\u00f3xima prova, a 3 de maio em Miami.","og_url":"https:\/\/portaltela.pt\/noticias\/2026\/03\/29\/antonelli-vence-no-japao-torna-se-o-piloto-mais-jovem-a-liderar\/","og_site_name":"Portal Tela Portugal","article_published_time":"2026-03-29T09:02:26+00:00","author":"Telinha","twitter_card":"summary_large_image","twitter_misc":{"Escrito por":"Telinha","Tempo estimado de leitura":"1 minuto"},"schema":{"@context":"https:\/\/schema.org","@graph":[{"@type":"Article","@id":"https:\/\/portaltela.pt\/noticias\/2026\/03\/29\/antonelli-vence-no-japao-torna-se-o-piloto-mais-jovem-a-liderar\/#article","isPartOf":{"@id":"https:\/\/portaltela.pt\/noticias\/2026\/03\/29\/antonelli-vence-no-japao-torna-se-o-piloto-mais-jovem-a-liderar\/"},"author":{"name":"Telinha","@id":"https:\/\/portaltela.pt\/#\/schema\/person\/c4278d4a6028830caff9ee44b42d32ed"},"headline":"Antonelli vence no Jap\u00e3o, torna-se o piloto mais jovem a liderar","datePublished":"2026-03-29T09:02:26+00:00","mainEntityOfPage":{"@id":"https:\/\/portaltela.pt\/noticias\/2026\/03\/29\/antonelli-vence-no-japao-torna-se-o-piloto-mais-jovem-a-liderar\/"},"wordCount":275,"image":{"@id":"https:\/\/portaltela.pt\/noticias\/2026\/03\/29\/antonelli-vence-no-japao-torna-se-o-piloto-mais-jovem-a-liderar\/#primaryimage"},"thumbnailUrl":"https:\/\/portaltela.pt\/s.01k8rhncp4jt1\/2026\/03\/1536x864_cmsv2_651b4bbc-2e25-5928-b6dd-2396e6a15439-9702766.jpg","keywords":["corridas","corridas internacionais","desporto","F1","F\u00f3rmula 1","pilotos"],"articleSection":["Desporto","Futebol"],"inLanguage":"pt-PT"},{"@type":"WebPage","@id":"https:\/\/portaltela.pt\/noticias\/2026\/03\/29\/antonelli-vence-no-japao-torna-se-o-piloto-mais-jovem-a-liderar\/","url":"https:\/\/portaltela.pt\/noticias\/2026\/03\/29\/antonelli-vence-no-japao-torna-se-o-piloto-mais-jovem-a-liderar\/","name":"Antonelli vence no Jap\u00e3o, torna-se o piloto mais jovem a liderar - Portal Tela Portugal","isPartOf":{"@id":"https:\/\/portaltela.pt\/#website"},"primaryImageOfPage":{"@id":"https:\/\/portaltela.pt\/noticias\/2026\/03\/29\/antonelli-vence-no-japao-torna-se-o-piloto-mais-jovem-a-liderar\/#primaryimage"},"image":{"@id":"https:\/\/portaltela.pt\/noticias\/2026\/03\/29\/antonelli-vence-no-japao-torna-se-o-piloto-mais-jovem-a-liderar\/#primaryimage"},"thumbnailUrl":"https:\/\/portaltela.pt\/s.01k8rhncp4jt1\/2026\/03\/1536x864_cmsv2_651b4bbc-2e25-5928-b6dd-2396e6a15439-9702766.jpg","datePublished":"2026-03-29T09:02:26+00:00","author":{"@id":"https:\/\/portaltela.pt\/#\/schema\/person\/c4278d4a6028830caff9ee44b42d32ed"},"breadcrumb":{"@id":"https:\/\/portaltela.pt\/noticias\/2026\/03\/29\/antonelli-vence-no-japao-torna-se-o-piloto-mais-jovem-a-liderar\/#breadcrumb"},"inLanguage":"pt-PT","potentialAction":[{"@type":"ReadAction","target":["https:\/\/portaltela.pt\/noticias\/2026\/03\/29\/antonelli-vence-no-japao-torna-se-o-piloto-mais-jovem-a-liderar\/"]}]},{"@type":"ImageObject","inLanguage":"pt-PT","@id":"https:\/\/portaltela.pt\/noticias\/2026\/03\/29\/antonelli-vence-no-japao-torna-se-o-piloto-mais-jovem-a-liderar\/#primaryimage","url":"https:\/\/portaltela.pt\/s.01k8rhncp4jt1\/2026\/03\/1536x864_cmsv2_651b4bbc-2e25-5928-b6dd-2396e6a15439-9702766.jpg","contentUrl":"https:\/\/portaltela.pt\/s.01k8rhncp4jt1\/2026\/03\/1536x864_cmsv2_651b4bbc-2e25-5928-b6dd-2396e6a15439-9702766.jpg","width":796,"height":448,"caption":"Kimi Antonelli festeja a vit\u00f3ria"},{"@type":"BreadcrumbList","@id":"https:\/\/portaltela.pt\/noticias\/2026\/03\/29\/antonelli-vence-no-japao-torna-se-o-piloto-mais-jovem-a-liderar\/#breadcrumb","itemListElement":[{"@type":"ListItem","position":1,"name":"In\u00edcio","item":"https:\/\/portaltela.pt\/"},{"@type":"ListItem","position":2,"name":"Antonelli vence no Jap\u00e3o, torna-se o piloto mais jovem a liderar"}]},{"@type":"WebSite","@id":"https:\/\/portaltela.pt\/#website","url":"https:\/\/portaltela.pt\/","name":"Portal Tela Portugal","description":"","potentialAction":[{"@type":"SearchAction","target":{"@type":"EntryPoint","urlTemplate":"https:\/\/portaltela.pt\/?s={search_term_string}"},"query-input":{"@type":"PropertyValueSpecification","valueRequired":true,"valueName":"search_term_string"}}],"inLanguage":"pt-PT"},{"@type":"Person","@id":"https:\/\/portaltela.pt\/#\/schema\/person\/c4278d4a6028830caff9ee44b42d32ed","name":"Telinha","image":{"@type":"ImageObject","inLanguage":"pt-PT","@id":"https:\/\/portaltela.pt\/s.01k8rhncp4jt1\/2025\/11\/talking-bot-125x125.png","url":"https:\/\/portaltela.pt\/s.01k8rhncp4jt1\/2025\/11\/talking-bot-125x125.png","contentUrl":"https:\/\/portaltela.pt\/s.01k8rhncp4jt1\/2025\/11\/talking-bot-125x125.png","caption":"Telinha"},"sameAs":["https:\/\/portaltela.pt\/"],"url":"https:\/\/portaltela.pt\/por\/367410592786\/"}]}},"_links":{"self":[{"href":"https:\/\/portaltela.pt\/api\/wp\/v2\/posts\/425769","targetHints":{"allow":["GET"]}}],"collection":[{"href":"https:\/\/portaltela.pt\/api\/wp\/v2\/posts"}],"about":[{"href":"https:\/\/portaltela.pt\/api\/wp\/v2\/types\/post"}],"author":[{"embeddable":true,"href":"https:\/\/portaltela.pt\/api\/wp\/v2\/users\/2"}],"replies":[{"embeddable":true,"href":"https:\/\/portaltela.pt\/api\/wp\/v2\/comments?post=425769"}],"version-history":[{"count":0,"href":"https:\/\/portaltela.pt\/api\/wp\/v2\/posts\/425769\/revisions"}],"wp:featuredmedia":[{"embeddable":true,"href":"https:\/\/portaltela.pt\/api\/wp\/v2\/media\/425773"}],"wp:attachment":[{"href":"https:\/\/portaltela.pt\/api\/wp\/v2\/media?parent=425769"}],"wp:term":[{"taxonomy":"category","embeddable":true,"href":"https:\/\/portaltela.pt\/api\/wp\/v2\/categories?post=425769"},{"taxonomy":"post_tag","embeddable":true,"href":"https:\/\/portaltela.pt\/api\/wp\/v2\/tags?post=425769"}],"curies":[{"name":"wp","href":"https:\/\/api.w.org\/{rel}","templated":true}]}}