{"id":425763,"date":"2026-03-29T06:02:08","date_gmt":"2026-03-29T09:02:08","guid":{"rendered":"https:\/\/portaltela.pt\/noticias\/2026\/03\/29\/luz-branca-futuro-dos-semaforos-e-automacao-do-transito\/"},"modified":"2026-03-29T06:02:08","modified_gmt":"2026-03-29T09:02:08","slug":"luz-branca-futuro-dos-semaforos-e-automacao-do-transito","status":"publish","type":"post","link":"https:\/\/portaltela.pt\/tecnologia\/2026\/03\/29\/luz-branca-futuro-dos-semaforos-e-automacao-do-transito\/","title":{"rendered":"Luz Branca: Futuro dos sem\u00e1foros e automa\u00e7\u00e3o do tr\u00e2nsito"},"content":{"rendered":"<p>Investigadores da Carolina do Norte apresentaram uma proposta para uma quarta luz no sem\u00e1foro. A ideia \u00e9 usar Intelig\u00eancia Artificial para orientar o condutor, reduzindo a necessidade de decis\u00e3o humana em determinadas situa\u00e7\u00f5es. O objetivo \u00e9 tornar a condu\u00e7\u00e3o mais previs\u00edvel atrav\u00e9s de algoritmos.<\/p>\n<p>Segundo os proponentes, a chamada fase branca funcionaria como complemento aos sinais existentes, orientando a\u00e7\u00f5es com base em dados em tempo real. A proposta aponta para maior coordena\u00e7\u00e3o entre ve\u00edculos e infraestruturas, com potencial de reduzir atrasos.<\/p>\n<p>A proposta surge no contexto de debates sobre automa\u00e7\u00e3o no tr\u00e2nsito e seguran\u00e7a rodovi\u00e1ria. Os investigadores destacam a import\u00e2ncia de estudos adicionais e de avalia\u00e7\u00f5es em cen\u00e1rios reais antes de qualquer implementa\u00e7\u00e3o.<\/p>\n<h3>Implica\u00e7\u00f5es e contexto<\/h3>\n<p>A ideia envolve mudan\u00e7as na gest\u00e3o de sem\u00e1foros e na participa\u00e7\u00e3o do condutor na tomada de decis\u00e3o. Ainda n\u00e3o h\u00e1 detalhes sobre prazos, custos ou padr\u00f5es regulat\u00f3rios a cumprir para poss\u00edvel teste piloto.<\/p>\n<p>Apesar do interesse cient\u00edfico, especialistas ressaltam a necessidade de salvaguardas para manter a responsabilidade humana em situa\u00e7\u00f5es cr\u00edticas. A comunidade t\u00e9cnica aguarda resultados de estudos independentes.<\/p>\n","protected":false},"excerpt":{"rendered":"<ul>\n<li>Investigadores da Carolina do Norte prop\u00f5em uma &#8220;fase branca&#8221; que pretende que condutores humanos abdiquem do seu discernimento em favor da Intelig\u00eancia Artificial.<\/li>\n<li>A quarta luz no sem\u00e1foro j\u00e1 tem cor e prop\u00f3sito: transformar o condutor num seguidor passivo de algoritmos.<\/li>\n<li>O objetivo \u00e9 que o condutor perca a liberdade de decidir, confiando na IA para orientar a\u00e7\u00f5es no tr\u00e2nsito.<\/li>\n<li>A ideia sugere uma maior integra\u00e7\u00e3o entre automa\u00e7\u00e3o e comportamento humano no sistema de sinaliza\u00e7\u00e3o.<\/li>\n<li>N\u00e3o h\u00e1 detalhes pr\u00e1ticos, como prazos, sobre implementa\u00e7\u00e3o, apenas a apresenta\u00e7\u00e3o da proposta.<\/li>\n<\/ul>\n","protected":false},"author":2,"featured_media":425765,"comment_status":"closed","ping_status":"closed","sticky":false,"template":"","format":"standard","meta":{"footnotes":""},"categories":[1,6716],"tags":[6317,51,3263,2761,153,1629],"class_list":["post-425763","post","type-post","status-publish","format-standard","has-post-thumbnail","hentry","category-noticias","category-tecnologia","tag-infraestrutura-rodoviaria","tag-inteligencia-artificial","tag-mobilidade-urbana","tag-seguranca-rodoviaria","tag-tecnologia","tag-transito"],"yoast_head":"<!-- This site is optimized with the Yoast SEO plugin v27.2 - https:\/\/yoast.com\/product\/yoast-seo-wordpress\/ -->\n<title>Luz Branca: Futuro dos sem\u00e1foros e automa\u00e7\u00e3o do tr\u00e2nsito - Portal Tela Portugal<\/title>\n<meta name=\"robots\" content=\"index, follow, max-snippet:-1, max-image-preview:large, max-video-preview:-1\" \/>\n<meta property=\"og:locale\" content=\"pt_PT\" \/>\n<meta property=\"og:type\" content=\"article\" \/>\n<meta property=\"og:title\" content=\"Luz Branca: Futuro dos sem\u00e1foros e automa\u00e7\u00e3o do tr\u00e2nsito - Portal Tela Portugal\" \/>\n<meta property=\"og:description\" content=\"Investigadores da Carolina do Norte prop\u00f5em uma &quot;fase branca&quot; que pretende que condutores humanos abdiquem do seu discernimento em favor da Intelig\u00eancia Artificial. A quarta luz no sem\u00e1foro j\u00e1 tem cor e prop\u00f3sito: transformar o condutor num seguidor passivo de algoritmos. O objetivo \u00e9 que o condutor perca a liberdade de decidir, confiando na IA para orientar a\u00e7\u00f5es no tr\u00e2nsito. A ideia sugere uma maior integra\u00e7\u00e3o entre automa\u00e7\u00e3o e comportamento humano no sistema de sinaliza\u00e7\u00e3o. N\u00e3o h\u00e1 detalhes pr\u00e1ticos, como prazos, sobre implementa\u00e7\u00e3o, apenas a apresenta\u00e7\u00e3o da proposta.\" \/>\n<meta property=\"og:url\" content=\"https:\/\/portaltela.pt\/noticias\/2026\/03\/29\/luz-branca-futuro-dos-semaforos-e-automacao-do-transito\/\" \/>\n<meta property=\"og:site_name\" content=\"Portal Tela Portugal\" \/>\n<meta property=\"article:published_time\" content=\"2026-03-29T09:02:08+00:00\" \/>\n<meta name=\"author\" content=\"Telinha\" \/>\n<meta name=\"twitter:card\" content=\"summary_large_image\" \/>\n<meta name=\"twitter:label1\" content=\"Escrito por\" \/>\n\t<meta name=\"twitter:data1\" content=\"Telinha\" \/>\n\t<meta name=\"twitter:label2\" content=\"Tempo estimado de leitura\" \/>\n\t<meta name=\"twitter:data2\" content=\"1 minuto\" \/>\n<script type=\"application\/ld+json\" class=\"yoast-schema-graph\">{\"@context\":\"https:\/\/schema.org\",\"@graph\":[{\"@type\":\"Article\",\"@id\":\"https:\/\/portaltela.pt\/noticias\/2026\/03\/29\/luz-branca-futuro-dos-semaforos-e-automacao-do-transito\/#article\",\"isPartOf\":{\"@id\":\"https:\/\/portaltela.pt\/noticias\/2026\/03\/29\/luz-branca-futuro-dos-semaforos-e-automacao-do-transito\/\"},\"author\":{\"name\":\"Telinha\",\"@id\":\"https:\/\/portaltela.pt\/#\/schema\/person\/c4278d4a6028830caff9ee44b42d32ed\"},\"headline\":\"Luz Branca: Futuro dos sem\u00e1foros e automa\u00e7\u00e3o do tr\u00e2nsito\",\"datePublished\":\"2026-03-29T09:02:08+00:00\",\"mainEntityOfPage\":{\"@id\":\"https:\/\/portaltela.pt\/noticias\/2026\/03\/29\/luz-branca-futuro-dos-semaforos-e-automacao-do-transito\/\"},\"wordCount\":217,\"image\":{\"@id\":\"https:\/\/portaltela.pt\/noticias\/2026\/03\/29\/luz-branca-futuro-dos-semaforos-e-automacao-do-transito\/#primaryimage\"},\"thumbnailUrl\":\"https:\/\/portaltela.pt\/s.01k8rhncp4jt1\/2026\/03\/dn2F2026-03-272Ftcbo8lvk2FWhiteLigthTraffic.jpg\",\"keywords\":[\"infraestrutura rodovi\u00e1ria\",\"intelig\u00eancia artificial\",\"mobilidade urbana\",\"seguran\u00e7a rodovi\u00e1ria\",\"tecnologia\",\"tr\u00e2nsito\"],\"articleSection\":[\"Not\u00edcias\",\"Tecnologia\"],\"inLanguage\":\"pt-PT\"},{\"@type\":\"WebPage\",\"@id\":\"https:\/\/portaltela.pt\/noticias\/2026\/03\/29\/luz-branca-futuro-dos-semaforos-e-automacao-do-transito\/\",\"url\":\"https:\/\/portaltela.pt\/noticias\/2026\/03\/29\/luz-branca-futuro-dos-semaforos-e-automacao-do-transito\/\",\"name\":\"Luz Branca: Futuro dos sem\u00e1foros e automa\u00e7\u00e3o do tr\u00e2nsito - Portal Tela Portugal\",\"isPartOf\":{\"@id\":\"https:\/\/portaltela.pt\/#website\"},\"primaryImageOfPage\":{\"@id\":\"https:\/\/portaltela.pt\/noticias\/2026\/03\/29\/luz-branca-futuro-dos-semaforos-e-automacao-do-transito\/#primaryimage\"},\"image\":{\"@id\":\"https:\/\/portaltela.pt\/noticias\/2026\/03\/29\/luz-branca-futuro-dos-semaforos-e-automacao-do-transito\/#primaryimage\"},\"thumbnailUrl\":\"https:\/\/portaltela.pt\/s.01k8rhncp4jt1\/2026\/03\/dn2F2026-03-272Ftcbo8lvk2FWhiteLigthTraffic.jpg\",\"datePublished\":\"2026-03-29T09:02:08+00:00\",\"author\":{\"@id\":\"https:\/\/portaltela.pt\/#\/schema\/person\/c4278d4a6028830caff9ee44b42d32ed\"},\"breadcrumb\":{\"@id\":\"https:\/\/portaltela.pt\/noticias\/2026\/03\/29\/luz-branca-futuro-dos-semaforos-e-automacao-do-transito\/#breadcrumb\"},\"inLanguage\":\"pt-PT\",\"potentialAction\":[{\"@type\":\"ReadAction\",\"target\":[\"https:\/\/portaltela.pt\/noticias\/2026\/03\/29\/luz-branca-futuro-dos-semaforos-e-automacao-do-transito\/\"]}]},{\"@type\":\"ImageObject\",\"inLanguage\":\"pt-PT\",\"@id\":\"https:\/\/portaltela.pt\/noticias\/2026\/03\/29\/luz-branca-futuro-dos-semaforos-e-automacao-do-transito\/#primaryimage\",\"url\":\"https:\/\/portaltela.pt\/s.01k8rhncp4jt1\/2026\/03\/dn2F2026-03-272Ftcbo8lvk2FWhiteLigthTraffic.jpg\",\"contentUrl\":\"https:\/\/portaltela.pt\/s.01k8rhncp4jt1\/2026\/03\/dn2F2026-03-272Ftcbo8lvk2FWhiteLigthTraffic.jpg\",\"width\":1200,\"height\":654,\"caption\":\"Ilustra\u00e7\u00e3o: RSF \/ Gemini AI\"},{\"@type\":\"BreadcrumbList\",\"@id\":\"https:\/\/portaltela.pt\/noticias\/2026\/03\/29\/luz-branca-futuro-dos-semaforos-e-automacao-do-transito\/#breadcrumb\",\"itemListElement\":[{\"@type\":\"ListItem\",\"position\":1,\"name\":\"In\u00edcio\",\"item\":\"https:\/\/portaltela.pt\/\"},{\"@type\":\"ListItem\",\"position\":2,\"name\":\"Luz Branca: Futuro dos sem\u00e1foros e automa\u00e7\u00e3o do tr\u00e2nsito\"}]},{\"@type\":\"WebSite\",\"@id\":\"https:\/\/portaltela.pt\/#website\",\"url\":\"https:\/\/portaltela.pt\/\",\"name\":\"Portal Tela Portugal\",\"description\":\"\",\"potentialAction\":[{\"@type\":\"SearchAction\",\"target\":{\"@type\":\"EntryPoint\",\"urlTemplate\":\"https:\/\/portaltela.pt\/?s={search_term_string}\"},\"query-input\":{\"@type\":\"PropertyValueSpecification\",\"valueRequired\":true,\"valueName\":\"search_term_string\"}}],\"inLanguage\":\"pt-PT\"},{\"@type\":\"Person\",\"@id\":\"https:\/\/portaltela.pt\/#\/schema\/person\/c4278d4a6028830caff9ee44b42d32ed\",\"name\":\"Telinha\",\"image\":{\"@type\":\"ImageObject\",\"inLanguage\":\"pt-PT\",\"@id\":\"https:\/\/portaltela.pt\/s.01k8rhncp4jt1\/2025\/11\/talking-bot-125x125.png\",\"url\":\"https:\/\/portaltela.pt\/s.01k8rhncp4jt1\/2025\/11\/talking-bot-125x125.png\",\"contentUrl\":\"https:\/\/portaltela.pt\/s.01k8rhncp4jt1\/2025\/11\/talking-bot-125x125.png\",\"caption\":\"Telinha\"},\"sameAs\":[\"https:\/\/portaltela.pt\/\"],\"url\":\"https:\/\/portaltela.pt\/por\/367410592786\/\"}]}<\/script>\n<!-- \/ Yoast SEO plugin. -->","yoast_head_json":{"title":"Luz Branca: Futuro dos sem\u00e1foros e automa\u00e7\u00e3o do tr\u00e2nsito - Portal Tela Portugal","robots":{"index":"index","follow":"follow","max-snippet":"max-snippet:-1","max-image-preview":"max-image-preview:large","max-video-preview":"max-video-preview:-1"},"og_locale":"pt_PT","og_type":"article","og_title":"Luz Branca: Futuro dos sem\u00e1foros e automa\u00e7\u00e3o do tr\u00e2nsito - Portal Tela Portugal","og_description":"Investigadores da Carolina do Norte prop\u00f5em uma \"fase branca\" que pretende que condutores humanos abdiquem do seu discernimento em favor da Intelig\u00eancia Artificial. A quarta luz no sem\u00e1foro j\u00e1 tem cor e prop\u00f3sito: transformar o condutor num seguidor passivo de algoritmos. O objetivo \u00e9 que o condutor perca a liberdade de decidir, confiando na IA para orientar a\u00e7\u00f5es no tr\u00e2nsito. A ideia sugere uma maior integra\u00e7\u00e3o entre automa\u00e7\u00e3o e comportamento humano no sistema de sinaliza\u00e7\u00e3o. N\u00e3o h\u00e1 detalhes pr\u00e1ticos, como prazos, sobre implementa\u00e7\u00e3o, apenas a apresenta\u00e7\u00e3o da proposta.","og_url":"https:\/\/portaltela.pt\/noticias\/2026\/03\/29\/luz-branca-futuro-dos-semaforos-e-automacao-do-transito\/","og_site_name":"Portal Tela Portugal","article_published_time":"2026-03-29T09:02:08+00:00","author":"Telinha","twitter_card":"summary_large_image","twitter_misc":{"Escrito por":"Telinha","Tempo estimado de leitura":"1 minuto"},"schema":{"@context":"https:\/\/schema.org","@graph":[{"@type":"Article","@id":"https:\/\/portaltela.pt\/noticias\/2026\/03\/29\/luz-branca-futuro-dos-semaforos-e-automacao-do-transito\/#article","isPartOf":{"@id":"https:\/\/portaltela.pt\/noticias\/2026\/03\/29\/luz-branca-futuro-dos-semaforos-e-automacao-do-transito\/"},"author":{"name":"Telinha","@id":"https:\/\/portaltela.pt\/#\/schema\/person\/c4278d4a6028830caff9ee44b42d32ed"},"headline":"Luz Branca: Futuro dos sem\u00e1foros e automa\u00e7\u00e3o do tr\u00e2nsito","datePublished":"2026-03-29T09:02:08+00:00","mainEntityOfPage":{"@id":"https:\/\/portaltela.pt\/noticias\/2026\/03\/29\/luz-branca-futuro-dos-semaforos-e-automacao-do-transito\/"},"wordCount":217,"image":{"@id":"https:\/\/portaltela.pt\/noticias\/2026\/03\/29\/luz-branca-futuro-dos-semaforos-e-automacao-do-transito\/#primaryimage"},"thumbnailUrl":"https:\/\/portaltela.pt\/s.01k8rhncp4jt1\/2026\/03\/dn2F2026-03-272Ftcbo8lvk2FWhiteLigthTraffic.jpg","keywords":["infraestrutura rodovi\u00e1ria","intelig\u00eancia artificial","mobilidade urbana","seguran\u00e7a rodovi\u00e1ria","tecnologia","tr\u00e2nsito"],"articleSection":["Not\u00edcias","Tecnologia"],"inLanguage":"pt-PT"},{"@type":"WebPage","@id":"https:\/\/portaltela.pt\/noticias\/2026\/03\/29\/luz-branca-futuro-dos-semaforos-e-automacao-do-transito\/","url":"https:\/\/portaltela.pt\/noticias\/2026\/03\/29\/luz-branca-futuro-dos-semaforos-e-automacao-do-transito\/","name":"Luz Branca: Futuro dos sem\u00e1foros e automa\u00e7\u00e3o do tr\u00e2nsito - Portal Tela Portugal","isPartOf":{"@id":"https:\/\/portaltela.pt\/#website"},"primaryImageOfPage":{"@id":"https:\/\/portaltela.pt\/noticias\/2026\/03\/29\/luz-branca-futuro-dos-semaforos-e-automacao-do-transito\/#primaryimage"},"image":{"@id":"https:\/\/portaltela.pt\/noticias\/2026\/03\/29\/luz-branca-futuro-dos-semaforos-e-automacao-do-transito\/#primaryimage"},"thumbnailUrl":"https:\/\/portaltela.pt\/s.01k8rhncp4jt1\/2026\/03\/dn2F2026-03-272Ftcbo8lvk2FWhiteLigthTraffic.jpg","datePublished":"2026-03-29T09:02:08+00:00","author":{"@id":"https:\/\/portaltela.pt\/#\/schema\/person\/c4278d4a6028830caff9ee44b42d32ed"},"breadcrumb":{"@id":"https:\/\/portaltela.pt\/noticias\/2026\/03\/29\/luz-branca-futuro-dos-semaforos-e-automacao-do-transito\/#breadcrumb"},"inLanguage":"pt-PT","potentialAction":[{"@type":"ReadAction","target":["https:\/\/portaltela.pt\/noticias\/2026\/03\/29\/luz-branca-futuro-dos-semaforos-e-automacao-do-transito\/"]}]},{"@type":"ImageObject","inLanguage":"pt-PT","@id":"https:\/\/portaltela.pt\/noticias\/2026\/03\/29\/luz-branca-futuro-dos-semaforos-e-automacao-do-transito\/#primaryimage","url":"https:\/\/portaltela.pt\/s.01k8rhncp4jt1\/2026\/03\/dn2F2026-03-272Ftcbo8lvk2FWhiteLigthTraffic.jpg","contentUrl":"https:\/\/portaltela.pt\/s.01k8rhncp4jt1\/2026\/03\/dn2F2026-03-272Ftcbo8lvk2FWhiteLigthTraffic.jpg","width":1200,"height":654,"caption":"Ilustra\u00e7\u00e3o: RSF \/ Gemini AI"},{"@type":"BreadcrumbList","@id":"https:\/\/portaltela.pt\/noticias\/2026\/03\/29\/luz-branca-futuro-dos-semaforos-e-automacao-do-transito\/#breadcrumb","itemListElement":[{"@type":"ListItem","position":1,"name":"In\u00edcio","item":"https:\/\/portaltela.pt\/"},{"@type":"ListItem","position":2,"name":"Luz Branca: Futuro dos sem\u00e1foros e automa\u00e7\u00e3o do tr\u00e2nsito"}]},{"@type":"WebSite","@id":"https:\/\/portaltela.pt\/#website","url":"https:\/\/portaltela.pt\/","name":"Portal Tela Portugal","description":"","potentialAction":[{"@type":"SearchAction","target":{"@type":"EntryPoint","urlTemplate":"https:\/\/portaltela.pt\/?s={search_term_string}"},"query-input":{"@type":"PropertyValueSpecification","valueRequired":true,"valueName":"search_term_string"}}],"inLanguage":"pt-PT"},{"@type":"Person","@id":"https:\/\/portaltela.pt\/#\/schema\/person\/c4278d4a6028830caff9ee44b42d32ed","name":"Telinha","image":{"@type":"ImageObject","inLanguage":"pt-PT","@id":"https:\/\/portaltela.pt\/s.01k8rhncp4jt1\/2025\/11\/talking-bot-125x125.png","url":"https:\/\/portaltela.pt\/s.01k8rhncp4jt1\/2025\/11\/talking-bot-125x125.png","contentUrl":"https:\/\/portaltela.pt\/s.01k8rhncp4jt1\/2025\/11\/talking-bot-125x125.png","caption":"Telinha"},"sameAs":["https:\/\/portaltela.pt\/"],"url":"https:\/\/portaltela.pt\/por\/367410592786\/"}]}},"_links":{"self":[{"href":"https:\/\/portaltela.pt\/api\/wp\/v2\/posts\/425763","targetHints":{"allow":["GET"]}}],"collection":[{"href":"https:\/\/portaltela.pt\/api\/wp\/v2\/posts"}],"about":[{"href":"https:\/\/portaltela.pt\/api\/wp\/v2\/types\/post"}],"author":[{"embeddable":true,"href":"https:\/\/portaltela.pt\/api\/wp\/v2\/users\/2"}],"replies":[{"embeddable":true,"href":"https:\/\/portaltela.pt\/api\/wp\/v2\/comments?post=425763"}],"version-history":[{"count":0,"href":"https:\/\/portaltela.pt\/api\/wp\/v2\/posts\/425763\/revisions"}],"wp:featuredmedia":[{"embeddable":true,"href":"https:\/\/portaltela.pt\/api\/wp\/v2\/media\/425765"}],"wp:attachment":[{"href":"https:\/\/portaltela.pt\/api\/wp\/v2\/media?parent=425763"}],"wp:term":[{"taxonomy":"category","embeddable":true,"href":"https:\/\/portaltela.pt\/api\/wp\/v2\/categories?post=425763"},{"taxonomy":"post_tag","embeddable":true,"href":"https:\/\/portaltela.pt\/api\/wp\/v2\/tags?post=425763"}],"curies":[{"name":"wp","href":"https:\/\/api.w.org\/{rel}","templated":true}]}}