{"id":425748,"date":"2026-03-29T05:17:15","date_gmt":"2026-03-29T08:17:15","guid":{"rendered":"https:\/\/portaltela.pt\/noticias\/2026\/03\/29\/teerao-condena-israel-pela-morte-de-tres-jornalistas-libaneses\/"},"modified":"2026-03-29T05:17:15","modified_gmt":"2026-03-29T08:17:15","slug":"teerao-condena-israel-pela-morte-de-tres-jornalistas-libaneses","status":"publish","type":"post","link":"https:\/\/portaltela.pt\/noticias\/internacional\/2026\/03\/29\/teerao-condena-israel-pela-morte-de-tres-jornalistas-libaneses\/","title":{"rendered":"Teer\u00e3o condena Israel pela morte de tr\u00eas jornalistas libaneses"},"content":{"rendered":"<p>O ministro dos Neg\u00f3cios Estrangeiros do Ir\u00e3o, Abbas Araghchi, condenou o ataque israelita que, na v\u00e9spera, tirou a vida de tr\u00eas jornalistas libaneses. Considera o ato um assassinato seletivo e uma viola\u00e7\u00e3o do direito internacional.<\/p>\n<p>Segundo fontes militares, Fatima Ftouni, correspondente da al-Mayadeen, e Ali Shouaib, rep\u00f3rter da al-Manar, foram mortos num ataque a\u00e9reo que visou o carro em que seguiam, na regi\u00e3o de Jezzine. O irm\u00e3o de Ftouni, operador de c\u00e2mara, tamb\u00e9m morreu.<\/p>\n<p>A al-Mayadeen confirmou a morte de Ftouni na rede Telegram, enquanto a al-Manar informou a morte do seu correspondente de guerra. O Ex\u00e9rcito israelita indicou que Ali Shouaib poderia pertencer \u00e0 unidade al-Radwan do Hezbollah.<\/p>\n<h3>Contexto regional e respostas<\/h3>\n<p>A ofensiva coordenada entre os EUA e Israel j\u00e1 durou um m\u00eas, e o Ir\u00e3o afirmou ter respondido com drones e m\u00edsseis a alvos de pa\u00edses aliados de Washington no M\u00e9dio Oriente. Washington e Teer\u00e3o mant\u00eam negocia\u00e7\u00f5es indiretas mediadas pelo Paquist\u00e3o.<\/p>\n<p>Na v\u00e9spera, houve tamb\u00e9m um incidente envolvendo jornalistas da CNN. A AIE denunciou viol\u00eancia e deten\u00e7\u00e3o de uma equipa em Tayasir, na Cisjord\u00e2nia, durante cobertura de conflitos com colonos. O ex\u00e9rcito israelita anunciou abertura de investiga\u00e7\u00e3o.<\/p>\n","protected":false},"excerpt":{"rendered":"<ul>\n<li>O ministro dos Neg\u00f3cios Estrangeiros do Ir\u00e3o, Abbas Araghchi, condenou o ataque israelita que, na v\u00e9spera, matou tr\u00eas jornalistas libaneses, descrevendo-o como assassinato seletivo e viola\u00e7\u00e3o do direito internacional.<\/li>\n<li>Entre as v\u00edtimas est\u00e3o Fatima Ftouni, correspondente da al-Mayadeen, e um correspondente da al-Manar; o carro em que seguiam foi atingido na regi\u00e3o de Jezzine, e o irm\u00e3o de Ftouni, operador de c\u00e2mara, tamb\u00e9m morreu.<\/li>\n<li>A al-Mayadeen confirmou a morte de Ftouni; a al-Manar informou j\u00e1 a morte do seu correspondente de guerra.<\/li>\n<li>O ataque insere-se numa ofensiva no M\u00e9dio Oriente, com retalia\u00e7\u00e3o iraniana e negocia\u00e7\u00f5es indiretas entre Estados Unidos e Ir\u00e3o, mediadas pelo Paquist\u00e3o; Donald Trump adiou at\u00e9 6 de abril o ultimato ao Ir\u00e3o para desbloquear o estreito de Ormuz.<\/li>\n<li>Na quinta-feira registou-se um incidente com uma equipa da CNN na Cisjord\u00e2nia; a Associa\u00e7\u00e3o de Imprensa Estrangeira condenou o uso de viol\u00eancia e a deten\u00e7\u00e3o dos jornalistas, enquanto o ex\u00e9rcito israelita prometeu investiga\u00e7\u00e3o.<\/li>\n<\/ul>\n","protected":false},"author":2,"featured_media":425750,"comment_status":"closed","ping_status":"closed","sticky":false,"template":"","format":"standard","meta":{"footnotes":""},"categories":[6814,4],"tags":[6543,2198,3153,3708,5707,5854],"class_list":["post-425748","post","type-post","status-publish","format-standard","has-post-thumbnail","hentry","category-geopolitica","category-internacional","tag-condenacao","tag-conflitos-internacionais","tag-ira","tag-israel","tag-jornalistas","tag-violacao-de-direitos-humanos"],"yoast_head":"<!-- This site is optimized with the Yoast SEO plugin v27.2 - https:\/\/yoast.com\/product\/yoast-seo-wordpress\/ -->\n<title>Teer\u00e3o condena Israel pela morte de tr\u00eas jornalistas libaneses - Portal Tela Portugal<\/title>\n<meta name=\"robots\" content=\"index, follow, max-snippet:-1, max-image-preview:large, max-video-preview:-1\" \/>\n<meta property=\"og:locale\" content=\"pt_PT\" \/>\n<meta property=\"og:type\" content=\"article\" \/>\n<meta property=\"og:title\" content=\"Teer\u00e3o condena Israel pela morte de tr\u00eas jornalistas libaneses - Portal Tela Portugal\" \/>\n<meta property=\"og:description\" content=\"O ministro dos Neg\u00f3cios Estrangeiros do Ir\u00e3o, Abbas Araghchi, condenou o ataque israelita que, na v\u00e9spera, matou tr\u00eas jornalistas libaneses, descrevendo-o como assassinato seletivo e viola\u00e7\u00e3o do direito internacional. Entre as v\u00edtimas est\u00e3o Fatima Ftouni, correspondente da al-Mayadeen, e um correspondente da al-Manar; o carro em que seguiam foi atingido na regi\u00e3o de Jezzine, e o irm\u00e3o de Ftouni, operador de c\u00e2mara, tamb\u00e9m morreu. A al-Mayadeen confirmou a morte de Ftouni; a al-Manar informou j\u00e1 a morte do seu correspondente de guerra. O ataque insere-se numa ofensiva no M\u00e9dio Oriente, com retalia\u00e7\u00e3o iraniana e negocia\u00e7\u00f5es indiretas entre Estados Unidos e Ir\u00e3o, mediadas pelo Paquist\u00e3o; Donald Trump adiou at\u00e9 6 de abril o ultimato ao Ir\u00e3o para desbloquear o estreito de Ormuz. Na quinta-feira registou-se um incidente com uma equipa da CNN na Cisjord\u00e2nia; a Associa\u00e7\u00e3o de Imprensa Estrangeira condenou o uso de viol\u00eancia e a deten\u00e7\u00e3o dos jornalistas, enquanto o ex\u00e9rcito israelita prometeu investiga\u00e7\u00e3o.\" \/>\n<meta property=\"og:url\" content=\"https:\/\/portaltela.pt\/noticias\/2026\/03\/29\/teerao-condena-israel-pela-morte-de-tres-jornalistas-libaneses\/\" \/>\n<meta property=\"og:site_name\" content=\"Portal Tela Portugal\" \/>\n<meta property=\"article:published_time\" content=\"2026-03-29T08:17:15+00:00\" \/>\n<meta name=\"author\" content=\"Telinha\" \/>\n<meta name=\"twitter:card\" content=\"summary_large_image\" \/>\n<meta name=\"twitter:label1\" content=\"Escrito por\" \/>\n\t<meta name=\"twitter:data1\" content=\"Telinha\" \/>\n\t<meta name=\"twitter:label2\" content=\"Tempo estimado de leitura\" \/>\n\t<meta name=\"twitter:data2\" content=\"1 minuto\" \/>\n<script type=\"application\/ld+json\" class=\"yoast-schema-graph\">{\"@context\":\"https:\/\/schema.org\",\"@graph\":[{\"@type\":\"Article\",\"@id\":\"https:\/\/portaltela.pt\/noticias\/2026\/03\/29\/teerao-condena-israel-pela-morte-de-tres-jornalistas-libaneses\/#article\",\"isPartOf\":{\"@id\":\"https:\/\/portaltela.pt\/noticias\/2026\/03\/29\/teerao-condena-israel-pela-morte-de-tres-jornalistas-libaneses\/\"},\"author\":{\"name\":\"Telinha\",\"@id\":\"https:\/\/portaltela.pt\/#\/schema\/person\/c4278d4a6028830caff9ee44b42d32ed\"},\"headline\":\"Teer\u00e3o condena Israel pela morte de tr\u00eas jornalistas libaneses\",\"datePublished\":\"2026-03-29T08:17:15+00:00\",\"mainEntityOfPage\":{\"@id\":\"https:\/\/portaltela.pt\/noticias\/2026\/03\/29\/teerao-condena-israel-pela-morte-de-tres-jornalistas-libaneses\/\"},\"wordCount\":228,\"image\":{\"@id\":\"https:\/\/portaltela.pt\/noticias\/2026\/03\/29\/teerao-condena-israel-pela-morte-de-tres-jornalistas-libaneses\/#primaryimage\"},\"thumbnailUrl\":\"https:\/\/portaltela.pt\/s.01k8rhncp4jt1\/2026\/03\/image-1728.jpg\",\"keywords\":[\"condena\u00e7\u00e3o\",\"conflitos internacionais\",\"Ir\u00e3\",\"Israel\",\"jornalistas\",\"viola\u00e7\u00e3o de direitos humanos\"],\"articleSection\":[\"Geopol\u00edtica\",\"Internacional\"],\"inLanguage\":\"pt-PT\"},{\"@type\":\"WebPage\",\"@id\":\"https:\/\/portaltela.pt\/noticias\/2026\/03\/29\/teerao-condena-israel-pela-morte-de-tres-jornalistas-libaneses\/\",\"url\":\"https:\/\/portaltela.pt\/noticias\/2026\/03\/29\/teerao-condena-israel-pela-morte-de-tres-jornalistas-libaneses\/\",\"name\":\"Teer\u00e3o condena Israel pela morte de tr\u00eas jornalistas libaneses - Portal Tela Portugal\",\"isPartOf\":{\"@id\":\"https:\/\/portaltela.pt\/#website\"},\"primaryImageOfPage\":{\"@id\":\"https:\/\/portaltela.pt\/noticias\/2026\/03\/29\/teerao-condena-israel-pela-morte-de-tres-jornalistas-libaneses\/#primaryimage\"},\"image\":{\"@id\":\"https:\/\/portaltela.pt\/noticias\/2026\/03\/29\/teerao-condena-israel-pela-morte-de-tres-jornalistas-libaneses\/#primaryimage\"},\"thumbnailUrl\":\"https:\/\/portaltela.pt\/s.01k8rhncp4jt1\/2026\/03\/image-1728.jpg\",\"datePublished\":\"2026-03-29T08:17:15+00:00\",\"author\":{\"@id\":\"https:\/\/portaltela.pt\/#\/schema\/person\/c4278d4a6028830caff9ee44b42d32ed\"},\"breadcrumb\":{\"@id\":\"https:\/\/portaltela.pt\/noticias\/2026\/03\/29\/teerao-condena-israel-pela-morte-de-tres-jornalistas-libaneses\/#breadcrumb\"},\"inLanguage\":\"pt-PT\",\"potentialAction\":[{\"@type\":\"ReadAction\",\"target\":[\"https:\/\/portaltela.pt\/noticias\/2026\/03\/29\/teerao-condena-israel-pela-morte-de-tres-jornalistas-libaneses\/\"]}]},{\"@type\":\"ImageObject\",\"inLanguage\":\"pt-PT\",\"@id\":\"https:\/\/portaltela.pt\/noticias\/2026\/03\/29\/teerao-condena-israel-pela-morte-de-tres-jornalistas-libaneses\/#primaryimage\",\"url\":\"https:\/\/portaltela.pt\/s.01k8rhncp4jt1\/2026\/03\/image-1728.jpg\",\"contentUrl\":\"https:\/\/portaltela.pt\/s.01k8rhncp4jt1\/2026\/03\/image-1728.jpg\",\"width\":796,\"height\":448,\"caption\":\"Ataque israelita matou tr\u00eas jornalistas libaneses\"},{\"@type\":\"BreadcrumbList\",\"@id\":\"https:\/\/portaltela.pt\/noticias\/2026\/03\/29\/teerao-condena-israel-pela-morte-de-tres-jornalistas-libaneses\/#breadcrumb\",\"itemListElement\":[{\"@type\":\"ListItem\",\"position\":1,\"name\":\"In\u00edcio\",\"item\":\"https:\/\/portaltela.pt\/\"},{\"@type\":\"ListItem\",\"position\":2,\"name\":\"Teer\u00e3o condena Israel pela morte de tr\u00eas jornalistas libaneses\"}]},{\"@type\":\"WebSite\",\"@id\":\"https:\/\/portaltela.pt\/#website\",\"url\":\"https:\/\/portaltela.pt\/\",\"name\":\"Portal Tela Portugal\",\"description\":\"\",\"potentialAction\":[{\"@type\":\"SearchAction\",\"target\":{\"@type\":\"EntryPoint\",\"urlTemplate\":\"https:\/\/portaltela.pt\/?s={search_term_string}\"},\"query-input\":{\"@type\":\"PropertyValueSpecification\",\"valueRequired\":true,\"valueName\":\"search_term_string\"}}],\"inLanguage\":\"pt-PT\"},{\"@type\":\"Person\",\"@id\":\"https:\/\/portaltela.pt\/#\/schema\/person\/c4278d4a6028830caff9ee44b42d32ed\",\"name\":\"Telinha\",\"image\":{\"@type\":\"ImageObject\",\"inLanguage\":\"pt-PT\",\"@id\":\"https:\/\/portaltela.pt\/s.01k8rhncp4jt1\/2025\/11\/talking-bot-125x125.png\",\"url\":\"https:\/\/portaltela.pt\/s.01k8rhncp4jt1\/2025\/11\/talking-bot-125x125.png\",\"contentUrl\":\"https:\/\/portaltela.pt\/s.01k8rhncp4jt1\/2025\/11\/talking-bot-125x125.png\",\"caption\":\"Telinha\"},\"sameAs\":[\"https:\/\/portaltela.pt\/\"],\"url\":\"https:\/\/portaltela.pt\/por\/367410592786\/\"}]}<\/script>\n<!-- \/ Yoast SEO plugin. -->","yoast_head_json":{"title":"Teer\u00e3o condena Israel pela morte de tr\u00eas jornalistas libaneses - Portal Tela Portugal","robots":{"index":"index","follow":"follow","max-snippet":"max-snippet:-1","max-image-preview":"max-image-preview:large","max-video-preview":"max-video-preview:-1"},"og_locale":"pt_PT","og_type":"article","og_title":"Teer\u00e3o condena Israel pela morte de tr\u00eas jornalistas libaneses - Portal Tela Portugal","og_description":"O ministro dos Neg\u00f3cios Estrangeiros do Ir\u00e3o, Abbas Araghchi, condenou o ataque israelita que, na v\u00e9spera, matou tr\u00eas jornalistas libaneses, descrevendo-o como assassinato seletivo e viola\u00e7\u00e3o do direito internacional. Entre as v\u00edtimas est\u00e3o Fatima Ftouni, correspondente da al-Mayadeen, e um correspondente da al-Manar; o carro em que seguiam foi atingido na regi\u00e3o de Jezzine, e o irm\u00e3o de Ftouni, operador de c\u00e2mara, tamb\u00e9m morreu. A al-Mayadeen confirmou a morte de Ftouni; a al-Manar informou j\u00e1 a morte do seu correspondente de guerra. O ataque insere-se numa ofensiva no M\u00e9dio Oriente, com retalia\u00e7\u00e3o iraniana e negocia\u00e7\u00f5es indiretas entre Estados Unidos e Ir\u00e3o, mediadas pelo Paquist\u00e3o; Donald Trump adiou at\u00e9 6 de abril o ultimato ao Ir\u00e3o para desbloquear o estreito de Ormuz. Na quinta-feira registou-se um incidente com uma equipa da CNN na Cisjord\u00e2nia; a Associa\u00e7\u00e3o de Imprensa Estrangeira condenou o uso de viol\u00eancia e a deten\u00e7\u00e3o dos jornalistas, enquanto o ex\u00e9rcito israelita prometeu investiga\u00e7\u00e3o.","og_url":"https:\/\/portaltela.pt\/noticias\/2026\/03\/29\/teerao-condena-israel-pela-morte-de-tres-jornalistas-libaneses\/","og_site_name":"Portal Tela Portugal","article_published_time":"2026-03-29T08:17:15+00:00","author":"Telinha","twitter_card":"summary_large_image","twitter_misc":{"Escrito por":"Telinha","Tempo estimado de leitura":"1 minuto"},"schema":{"@context":"https:\/\/schema.org","@graph":[{"@type":"Article","@id":"https:\/\/portaltela.pt\/noticias\/2026\/03\/29\/teerao-condena-israel-pela-morte-de-tres-jornalistas-libaneses\/#article","isPartOf":{"@id":"https:\/\/portaltela.pt\/noticias\/2026\/03\/29\/teerao-condena-israel-pela-morte-de-tres-jornalistas-libaneses\/"},"author":{"name":"Telinha","@id":"https:\/\/portaltela.pt\/#\/schema\/person\/c4278d4a6028830caff9ee44b42d32ed"},"headline":"Teer\u00e3o condena Israel pela morte de tr\u00eas jornalistas libaneses","datePublished":"2026-03-29T08:17:15+00:00","mainEntityOfPage":{"@id":"https:\/\/portaltela.pt\/noticias\/2026\/03\/29\/teerao-condena-israel-pela-morte-de-tres-jornalistas-libaneses\/"},"wordCount":228,"image":{"@id":"https:\/\/portaltela.pt\/noticias\/2026\/03\/29\/teerao-condena-israel-pela-morte-de-tres-jornalistas-libaneses\/#primaryimage"},"thumbnailUrl":"https:\/\/portaltela.pt\/s.01k8rhncp4jt1\/2026\/03\/image-1728.jpg","keywords":["condena\u00e7\u00e3o","conflitos internacionais","Ir\u00e3","Israel","jornalistas","viola\u00e7\u00e3o de direitos humanos"],"articleSection":["Geopol\u00edtica","Internacional"],"inLanguage":"pt-PT"},{"@type":"WebPage","@id":"https:\/\/portaltela.pt\/noticias\/2026\/03\/29\/teerao-condena-israel-pela-morte-de-tres-jornalistas-libaneses\/","url":"https:\/\/portaltela.pt\/noticias\/2026\/03\/29\/teerao-condena-israel-pela-morte-de-tres-jornalistas-libaneses\/","name":"Teer\u00e3o condena Israel pela morte de tr\u00eas jornalistas libaneses - Portal Tela Portugal","isPartOf":{"@id":"https:\/\/portaltela.pt\/#website"},"primaryImageOfPage":{"@id":"https:\/\/portaltela.pt\/noticias\/2026\/03\/29\/teerao-condena-israel-pela-morte-de-tres-jornalistas-libaneses\/#primaryimage"},"image":{"@id":"https:\/\/portaltela.pt\/noticias\/2026\/03\/29\/teerao-condena-israel-pela-morte-de-tres-jornalistas-libaneses\/#primaryimage"},"thumbnailUrl":"https:\/\/portaltela.pt\/s.01k8rhncp4jt1\/2026\/03\/image-1728.jpg","datePublished":"2026-03-29T08:17:15+00:00","author":{"@id":"https:\/\/portaltela.pt\/#\/schema\/person\/c4278d4a6028830caff9ee44b42d32ed"},"breadcrumb":{"@id":"https:\/\/portaltela.pt\/noticias\/2026\/03\/29\/teerao-condena-israel-pela-morte-de-tres-jornalistas-libaneses\/#breadcrumb"},"inLanguage":"pt-PT","potentialAction":[{"@type":"ReadAction","target":["https:\/\/portaltela.pt\/noticias\/2026\/03\/29\/teerao-condena-israel-pela-morte-de-tres-jornalistas-libaneses\/"]}]},{"@type":"ImageObject","inLanguage":"pt-PT","@id":"https:\/\/portaltela.pt\/noticias\/2026\/03\/29\/teerao-condena-israel-pela-morte-de-tres-jornalistas-libaneses\/#primaryimage","url":"https:\/\/portaltela.pt\/s.01k8rhncp4jt1\/2026\/03\/image-1728.jpg","contentUrl":"https:\/\/portaltela.pt\/s.01k8rhncp4jt1\/2026\/03\/image-1728.jpg","width":796,"height":448,"caption":"Ataque israelita matou tr\u00eas jornalistas libaneses"},{"@type":"BreadcrumbList","@id":"https:\/\/portaltela.pt\/noticias\/2026\/03\/29\/teerao-condena-israel-pela-morte-de-tres-jornalistas-libaneses\/#breadcrumb","itemListElement":[{"@type":"ListItem","position":1,"name":"In\u00edcio","item":"https:\/\/portaltela.pt\/"},{"@type":"ListItem","position":2,"name":"Teer\u00e3o condena Israel pela morte de tr\u00eas jornalistas libaneses"}]},{"@type":"WebSite","@id":"https:\/\/portaltela.pt\/#website","url":"https:\/\/portaltela.pt\/","name":"Portal Tela Portugal","description":"","potentialAction":[{"@type":"SearchAction","target":{"@type":"EntryPoint","urlTemplate":"https:\/\/portaltela.pt\/?s={search_term_string}"},"query-input":{"@type":"PropertyValueSpecification","valueRequired":true,"valueName":"search_term_string"}}],"inLanguage":"pt-PT"},{"@type":"Person","@id":"https:\/\/portaltela.pt\/#\/schema\/person\/c4278d4a6028830caff9ee44b42d32ed","name":"Telinha","image":{"@type":"ImageObject","inLanguage":"pt-PT","@id":"https:\/\/portaltela.pt\/s.01k8rhncp4jt1\/2025\/11\/talking-bot-125x125.png","url":"https:\/\/portaltela.pt\/s.01k8rhncp4jt1\/2025\/11\/talking-bot-125x125.png","contentUrl":"https:\/\/portaltela.pt\/s.01k8rhncp4jt1\/2025\/11\/talking-bot-125x125.png","caption":"Telinha"},"sameAs":["https:\/\/portaltela.pt\/"],"url":"https:\/\/portaltela.pt\/por\/367410592786\/"}]}},"_links":{"self":[{"href":"https:\/\/portaltela.pt\/api\/wp\/v2\/posts\/425748","targetHints":{"allow":["GET"]}}],"collection":[{"href":"https:\/\/portaltela.pt\/api\/wp\/v2\/posts"}],"about":[{"href":"https:\/\/portaltela.pt\/api\/wp\/v2\/types\/post"}],"author":[{"embeddable":true,"href":"https:\/\/portaltela.pt\/api\/wp\/v2\/users\/2"}],"replies":[{"embeddable":true,"href":"https:\/\/portaltela.pt\/api\/wp\/v2\/comments?post=425748"}],"version-history":[{"count":0,"href":"https:\/\/portaltela.pt\/api\/wp\/v2\/posts\/425748\/revisions"}],"wp:featuredmedia":[{"embeddable":true,"href":"https:\/\/portaltela.pt\/api\/wp\/v2\/media\/425750"}],"wp:attachment":[{"href":"https:\/\/portaltela.pt\/api\/wp\/v2\/media?parent=425748"}],"wp:term":[{"taxonomy":"category","embeddable":true,"href":"https:\/\/portaltela.pt\/api\/wp\/v2\/categories?post=425748"},{"taxonomy":"post_tag","embeddable":true,"href":"https:\/\/portaltela.pt\/api\/wp\/v2\/tags?post=425748"}],"curies":[{"name":"wp","href":"https:\/\/api.w.org\/{rel}","templated":true}]}}