{"id":425737,"date":"2026-03-29T05:17:00","date_gmt":"2026-03-29T08:17:00","guid":{"rendered":"https:\/\/portaltela.pt\/noticias\/2026\/03\/29\/presidente-da-u-almeirim-confia-em-lucas-anjos-para-singrar-no-futebol-profissional\/"},"modified":"2026-03-29T05:17:00","modified_gmt":"2026-03-29T08:17:00","slug":"presidente-da-u-almeirim-confia-em-lucas-anjos-para-singrar-no-futebol-profissional","status":"publish","type":"post","link":"https:\/\/portaltela.pt\/desporto\/futebol\/2026\/03\/29\/presidente-da-u-almeirim-confia-em-lucas-anjos-para-singrar-no-futebol-profissional\/","title":{"rendered":"Presidente da U. Almeirim confia em Lucas Anjos para singrar no futebol profissional"},"content":{"rendered":"<p>O Presidente do U. Almeirim afirmou que Lucas Anjos pode vir a singrar profissionalmente, valorizando o seu potencial.<\/p>\n<p>Anjos, 21 anos, tem estado presente na equipa B dos le\u00f5es, comandada por Jo\u00e3o Gi\u00e3o, somando presen\u00e7a regular.<\/p>\n<p>A convocat\u00f3ria de Rui Borges para o encontro com o Casa Pia inclui o jogador a acompanhar Rafael Nel, devido \u00e0 les\u00e3o de Ioannidis e ao castigo de Luis Su\u00e1rez.<\/p>\n<p>O m\u00e9dio j\u00e1 contabiliza 17 jogos (710 minutos) pela equipa B, com 4 golos marcados e sem assist\u00eancias.<\/p>\n","protected":false},"excerpt":{"rendered":"<ul>\n<li>O presidente do Uni\u00e3o de Almeirim confia em Lucas Anjos: pode vir a singrar profissionalmente.<\/li>\n<\/ul>\n<p>\u2022<\/p>\n<ul>\n<li>Lucas Anjos, 21 anos, tem sido presen\u00e7a regular na equipa B dos\/le\u00f5es, treinada por Jo\u00e3o Gi\u00e3o, e est\u00e1 convocado por Rui Borges para o encontro com o Casa Pia.<\/li>\n<\/ul>\n<p>\u2022<\/p>\n<ul>\n<li>O jogo marca o regresso dos le\u00f5es \u00e0 Liga Betclic, devido \u00e0s aus\u00eancias de Ioannidis, lesionado, e de Luis Su\u00e1rez, suspenso por um jogo.<\/li>\n<\/ul>\n<p>\u2022<\/p>\n<ul>\n<li>Na equipa B, Anjos soma dezessete jogos realizados (710 minutos) e quatro golos marcados; n\u00e3o regista assist\u00eancias at\u00e9 ao momento.<\/li>\n<\/ul>\n","protected":false},"author":2,"featured_media":425740,"comment_status":"closed","ping_status":"closed","sticky":false,"template":"","format":"standard","meta":{"footnotes":""},"categories":[21,24],"tags":[1457,5176,3364,32,242,2844],"class_list":["post-425737","post","type-post","status-publish","format-standard","has-post-thumbnail","hentry","category-desporto","category-futebol","tag-almeirim","tag-casa-pia","tag-convocacoes","tag-futebol","tag-jogadores","tag-jovens"],"yoast_head":"<!-- This site is optimized with the Yoast SEO plugin v27.2 - https:\/\/yoast.com\/product\/yoast-seo-wordpress\/ -->\n<title>Presidente da U. Almeirim confia em Lucas Anjos para singrar no futebol profissional - Portal Tela Portugal<\/title>\n<meta name=\"robots\" content=\"index, follow, max-snippet:-1, max-image-preview:large, max-video-preview:-1\" \/>\n<meta property=\"og:locale\" content=\"pt_PT\" \/>\n<meta property=\"og:type\" content=\"article\" \/>\n<meta property=\"og:title\" content=\"Presidente da U. Almeirim confia em Lucas Anjos para singrar no futebol profissional - Portal Tela Portugal\" \/>\n<meta property=\"og:description\" content=\"O presidente do Uni\u00e3o de Almeirim confia em Lucas Anjos: pode vir a singrar profissionalmente. \u2022 Lucas Anjos, 21 anos, tem sido presen\u00e7a regular na equipa B dos\/le\u00f5es, treinada por Jo\u00e3o Gi\u00e3o, e est\u00e1 convocado por Rui Borges para o encontro com o Casa Pia. \u2022 O jogo marca o regresso dos le\u00f5es \u00e0 Liga Betclic, devido \u00e0s aus\u00eancias de Ioannidis, lesionado, e de Luis Su\u00e1rez, suspenso por um jogo. \u2022 Na equipa B, Anjos soma dezessete jogos realizados (710 minutos) e quatro golos marcados; n\u00e3o regista assist\u00eancias at\u00e9 ao momento.\" \/>\n<meta property=\"og:url\" content=\"https:\/\/portaltela.pt\/noticias\/2026\/03\/29\/presidente-da-u-almeirim-confia-em-lucas-anjos-para-singrar-no-futebol-profissional\/\" \/>\n<meta property=\"og:site_name\" content=\"Portal Tela Portugal\" \/>\n<meta property=\"article:published_time\" content=\"2026-03-29T08:17:00+00:00\" \/>\n<meta name=\"author\" content=\"Telinha\" \/>\n<meta name=\"twitter:card\" content=\"summary_large_image\" \/>\n<meta name=\"twitter:label1\" content=\"Escrito por\" \/>\n\t<meta name=\"twitter:data1\" content=\"Telinha\" \/>\n<script type=\"application\/ld+json\" class=\"yoast-schema-graph\">{\"@context\":\"https:\/\/schema.org\",\"@graph\":[{\"@type\":\"Article\",\"@id\":\"https:\/\/portaltela.pt\/noticias\/2026\/03\/29\/presidente-da-u-almeirim-confia-em-lucas-anjos-para-singrar-no-futebol-profissional\/#article\",\"isPartOf\":{\"@id\":\"https:\/\/portaltela.pt\/noticias\/2026\/03\/29\/presidente-da-u-almeirim-confia-em-lucas-anjos-para-singrar-no-futebol-profissional\/\"},\"author\":{\"name\":\"Telinha\",\"@id\":\"https:\/\/portaltela.pt\/#\/schema\/person\/c4278d4a6028830caff9ee44b42d32ed\"},\"headline\":\"Presidente da U. Almeirim confia em Lucas Anjos para singrar no futebol profissional\",\"datePublished\":\"2026-03-29T08:17:00+00:00\",\"mainEntityOfPage\":{\"@id\":\"https:\/\/portaltela.pt\/noticias\/2026\/03\/29\/presidente-da-u-almeirim-confia-em-lucas-anjos-para-singrar-no-futebol-profissional\/\"},\"wordCount\":101,\"image\":{\"@id\":\"https:\/\/portaltela.pt\/noticias\/2026\/03\/29\/presidente-da-u-almeirim-confia-em-lucas-anjos-para-singrar-no-futebol-profissional\/#primaryimage\"},\"thumbnailUrl\":\"https:\/\/portaltela.pt\/s.01k8rhncp4jt1\/2026\/03\/img_920x518uu2026-03-28-23-59-14-2429932.jpg\",\"keywords\":[\"Almeirim\",\"Casa Pia\",\"convoca\u00e7\u00f5es\",\"futebol\",\"jogadores\",\"jovens\"],\"articleSection\":[\"Desporto\",\"Futebol\"],\"inLanguage\":\"pt-PT\"},{\"@type\":\"WebPage\",\"@id\":\"https:\/\/portaltela.pt\/noticias\/2026\/03\/29\/presidente-da-u-almeirim-confia-em-lucas-anjos-para-singrar-no-futebol-profissional\/\",\"url\":\"https:\/\/portaltela.pt\/noticias\/2026\/03\/29\/presidente-da-u-almeirim-confia-em-lucas-anjos-para-singrar-no-futebol-profissional\/\",\"name\":\"Presidente da U. Almeirim confia em Lucas Anjos para singrar no futebol profissional - Portal Tela Portugal\",\"isPartOf\":{\"@id\":\"https:\/\/portaltela.pt\/#website\"},\"primaryImageOfPage\":{\"@id\":\"https:\/\/portaltela.pt\/noticias\/2026\/03\/29\/presidente-da-u-almeirim-confia-em-lucas-anjos-para-singrar-no-futebol-profissional\/#primaryimage\"},\"image\":{\"@id\":\"https:\/\/portaltela.pt\/noticias\/2026\/03\/29\/presidente-da-u-almeirim-confia-em-lucas-anjos-para-singrar-no-futebol-profissional\/#primaryimage\"},\"thumbnailUrl\":\"https:\/\/portaltela.pt\/s.01k8rhncp4jt1\/2026\/03\/img_920x518uu2026-03-28-23-59-14-2429932.jpg\",\"datePublished\":\"2026-03-29T08:17:00+00:00\",\"author\":{\"@id\":\"https:\/\/portaltela.pt\/#\/schema\/person\/c4278d4a6028830caff9ee44b42d32ed\"},\"breadcrumb\":{\"@id\":\"https:\/\/portaltela.pt\/noticias\/2026\/03\/29\/presidente-da-u-almeirim-confia-em-lucas-anjos-para-singrar-no-futebol-profissional\/#breadcrumb\"},\"inLanguage\":\"pt-PT\",\"potentialAction\":[{\"@type\":\"ReadAction\",\"target\":[\"https:\/\/portaltela.pt\/noticias\/2026\/03\/29\/presidente-da-u-almeirim-confia-em-lucas-anjos-para-singrar-no-futebol-profissional\/\"]}]},{\"@type\":\"ImageObject\",\"inLanguage\":\"pt-PT\",\"@id\":\"https:\/\/portaltela.pt\/noticias\/2026\/03\/29\/presidente-da-u-almeirim-confia-em-lucas-anjos-para-singrar-no-futebol-profissional\/#primaryimage\",\"url\":\"https:\/\/portaltela.pt\/s.01k8rhncp4jt1\/2026\/03\/img_920x518uu2026-03-28-23-59-14-2429932.jpg\",\"contentUrl\":\"https:\/\/portaltela.pt\/s.01k8rhncp4jt1\/2026\/03\/img_920x518uu2026-03-28-23-59-14-2429932.jpg\",\"width\":796,\"height\":448,\"caption\":\"Lucas Anjos\"},{\"@type\":\"BreadcrumbList\",\"@id\":\"https:\/\/portaltela.pt\/noticias\/2026\/03\/29\/presidente-da-u-almeirim-confia-em-lucas-anjos-para-singrar-no-futebol-profissional\/#breadcrumb\",\"itemListElement\":[{\"@type\":\"ListItem\",\"position\":1,\"name\":\"In\u00edcio\",\"item\":\"https:\/\/portaltela.pt\/\"},{\"@type\":\"ListItem\",\"position\":2,\"name\":\"Presidente da U. Almeirim confia em Lucas Anjos para singrar no futebol profissional\"}]},{\"@type\":\"WebSite\",\"@id\":\"https:\/\/portaltela.pt\/#website\",\"url\":\"https:\/\/portaltela.pt\/\",\"name\":\"Portal Tela Portugal\",\"description\":\"\",\"potentialAction\":[{\"@type\":\"SearchAction\",\"target\":{\"@type\":\"EntryPoint\",\"urlTemplate\":\"https:\/\/portaltela.pt\/?s={search_term_string}\"},\"query-input\":{\"@type\":\"PropertyValueSpecification\",\"valueRequired\":true,\"valueName\":\"search_term_string\"}}],\"inLanguage\":\"pt-PT\"},{\"@type\":\"Person\",\"@id\":\"https:\/\/portaltela.pt\/#\/schema\/person\/c4278d4a6028830caff9ee44b42d32ed\",\"name\":\"Telinha\",\"image\":{\"@type\":\"ImageObject\",\"inLanguage\":\"pt-PT\",\"@id\":\"https:\/\/portaltela.pt\/s.01k8rhncp4jt1\/2025\/11\/talking-bot-125x125.png\",\"url\":\"https:\/\/portaltela.pt\/s.01k8rhncp4jt1\/2025\/11\/talking-bot-125x125.png\",\"contentUrl\":\"https:\/\/portaltela.pt\/s.01k8rhncp4jt1\/2025\/11\/talking-bot-125x125.png\",\"caption\":\"Telinha\"},\"sameAs\":[\"https:\/\/portaltela.pt\/\"],\"url\":\"https:\/\/portaltela.pt\/por\/367410592786\/\"}]}<\/script>\n<!-- \/ Yoast SEO plugin. -->","yoast_head_json":{"title":"Presidente da U. Almeirim confia em Lucas Anjos para singrar no futebol profissional - Portal Tela Portugal","robots":{"index":"index","follow":"follow","max-snippet":"max-snippet:-1","max-image-preview":"max-image-preview:large","max-video-preview":"max-video-preview:-1"},"og_locale":"pt_PT","og_type":"article","og_title":"Presidente da U. Almeirim confia em Lucas Anjos para singrar no futebol profissional - Portal Tela Portugal","og_description":"O presidente do Uni\u00e3o de Almeirim confia em Lucas Anjos: pode vir a singrar profissionalmente. \u2022 Lucas Anjos, 21 anos, tem sido presen\u00e7a regular na equipa B dos\/le\u00f5es, treinada por Jo\u00e3o Gi\u00e3o, e est\u00e1 convocado por Rui Borges para o encontro com o Casa Pia. \u2022 O jogo marca o regresso dos le\u00f5es \u00e0 Liga Betclic, devido \u00e0s aus\u00eancias de Ioannidis, lesionado, e de Luis Su\u00e1rez, suspenso por um jogo. \u2022 Na equipa B, Anjos soma dezessete jogos realizados (710 minutos) e quatro golos marcados; n\u00e3o regista assist\u00eancias at\u00e9 ao momento.","og_url":"https:\/\/portaltela.pt\/noticias\/2026\/03\/29\/presidente-da-u-almeirim-confia-em-lucas-anjos-para-singrar-no-futebol-profissional\/","og_site_name":"Portal Tela Portugal","article_published_time":"2026-03-29T08:17:00+00:00","author":"Telinha","twitter_card":"summary_large_image","twitter_misc":{"Escrito por":"Telinha"},"schema":{"@context":"https:\/\/schema.org","@graph":[{"@type":"Article","@id":"https:\/\/portaltela.pt\/noticias\/2026\/03\/29\/presidente-da-u-almeirim-confia-em-lucas-anjos-para-singrar-no-futebol-profissional\/#article","isPartOf":{"@id":"https:\/\/portaltela.pt\/noticias\/2026\/03\/29\/presidente-da-u-almeirim-confia-em-lucas-anjos-para-singrar-no-futebol-profissional\/"},"author":{"name":"Telinha","@id":"https:\/\/portaltela.pt\/#\/schema\/person\/c4278d4a6028830caff9ee44b42d32ed"},"headline":"Presidente da U. Almeirim confia em Lucas Anjos para singrar no futebol profissional","datePublished":"2026-03-29T08:17:00+00:00","mainEntityOfPage":{"@id":"https:\/\/portaltela.pt\/noticias\/2026\/03\/29\/presidente-da-u-almeirim-confia-em-lucas-anjos-para-singrar-no-futebol-profissional\/"},"wordCount":101,"image":{"@id":"https:\/\/portaltela.pt\/noticias\/2026\/03\/29\/presidente-da-u-almeirim-confia-em-lucas-anjos-para-singrar-no-futebol-profissional\/#primaryimage"},"thumbnailUrl":"https:\/\/portaltela.pt\/s.01k8rhncp4jt1\/2026\/03\/img_920x518uu2026-03-28-23-59-14-2429932.jpg","keywords":["Almeirim","Casa Pia","convoca\u00e7\u00f5es","futebol","jogadores","jovens"],"articleSection":["Desporto","Futebol"],"inLanguage":"pt-PT"},{"@type":"WebPage","@id":"https:\/\/portaltela.pt\/noticias\/2026\/03\/29\/presidente-da-u-almeirim-confia-em-lucas-anjos-para-singrar-no-futebol-profissional\/","url":"https:\/\/portaltela.pt\/noticias\/2026\/03\/29\/presidente-da-u-almeirim-confia-em-lucas-anjos-para-singrar-no-futebol-profissional\/","name":"Presidente da U. Almeirim confia em Lucas Anjos para singrar no futebol profissional - Portal Tela Portugal","isPartOf":{"@id":"https:\/\/portaltela.pt\/#website"},"primaryImageOfPage":{"@id":"https:\/\/portaltela.pt\/noticias\/2026\/03\/29\/presidente-da-u-almeirim-confia-em-lucas-anjos-para-singrar-no-futebol-profissional\/#primaryimage"},"image":{"@id":"https:\/\/portaltela.pt\/noticias\/2026\/03\/29\/presidente-da-u-almeirim-confia-em-lucas-anjos-para-singrar-no-futebol-profissional\/#primaryimage"},"thumbnailUrl":"https:\/\/portaltela.pt\/s.01k8rhncp4jt1\/2026\/03\/img_920x518uu2026-03-28-23-59-14-2429932.jpg","datePublished":"2026-03-29T08:17:00+00:00","author":{"@id":"https:\/\/portaltela.pt\/#\/schema\/person\/c4278d4a6028830caff9ee44b42d32ed"},"breadcrumb":{"@id":"https:\/\/portaltela.pt\/noticias\/2026\/03\/29\/presidente-da-u-almeirim-confia-em-lucas-anjos-para-singrar-no-futebol-profissional\/#breadcrumb"},"inLanguage":"pt-PT","potentialAction":[{"@type":"ReadAction","target":["https:\/\/portaltela.pt\/noticias\/2026\/03\/29\/presidente-da-u-almeirim-confia-em-lucas-anjos-para-singrar-no-futebol-profissional\/"]}]},{"@type":"ImageObject","inLanguage":"pt-PT","@id":"https:\/\/portaltela.pt\/noticias\/2026\/03\/29\/presidente-da-u-almeirim-confia-em-lucas-anjos-para-singrar-no-futebol-profissional\/#primaryimage","url":"https:\/\/portaltela.pt\/s.01k8rhncp4jt1\/2026\/03\/img_920x518uu2026-03-28-23-59-14-2429932.jpg","contentUrl":"https:\/\/portaltela.pt\/s.01k8rhncp4jt1\/2026\/03\/img_920x518uu2026-03-28-23-59-14-2429932.jpg","width":796,"height":448,"caption":"Lucas Anjos"},{"@type":"BreadcrumbList","@id":"https:\/\/portaltela.pt\/noticias\/2026\/03\/29\/presidente-da-u-almeirim-confia-em-lucas-anjos-para-singrar-no-futebol-profissional\/#breadcrumb","itemListElement":[{"@type":"ListItem","position":1,"name":"In\u00edcio","item":"https:\/\/portaltela.pt\/"},{"@type":"ListItem","position":2,"name":"Presidente da U. Almeirim confia em Lucas Anjos para singrar no futebol profissional"}]},{"@type":"WebSite","@id":"https:\/\/portaltela.pt\/#website","url":"https:\/\/portaltela.pt\/","name":"Portal Tela Portugal","description":"","potentialAction":[{"@type":"SearchAction","target":{"@type":"EntryPoint","urlTemplate":"https:\/\/portaltela.pt\/?s={search_term_string}"},"query-input":{"@type":"PropertyValueSpecification","valueRequired":true,"valueName":"search_term_string"}}],"inLanguage":"pt-PT"},{"@type":"Person","@id":"https:\/\/portaltela.pt\/#\/schema\/person\/c4278d4a6028830caff9ee44b42d32ed","name":"Telinha","image":{"@type":"ImageObject","inLanguage":"pt-PT","@id":"https:\/\/portaltela.pt\/s.01k8rhncp4jt1\/2025\/11\/talking-bot-125x125.png","url":"https:\/\/portaltela.pt\/s.01k8rhncp4jt1\/2025\/11\/talking-bot-125x125.png","contentUrl":"https:\/\/portaltela.pt\/s.01k8rhncp4jt1\/2025\/11\/talking-bot-125x125.png","caption":"Telinha"},"sameAs":["https:\/\/portaltela.pt\/"],"url":"https:\/\/portaltela.pt\/por\/367410592786\/"}]}},"_links":{"self":[{"href":"https:\/\/portaltela.pt\/api\/wp\/v2\/posts\/425737","targetHints":{"allow":["GET"]}}],"collection":[{"href":"https:\/\/portaltela.pt\/api\/wp\/v2\/posts"}],"about":[{"href":"https:\/\/portaltela.pt\/api\/wp\/v2\/types\/post"}],"author":[{"embeddable":true,"href":"https:\/\/portaltela.pt\/api\/wp\/v2\/users\/2"}],"replies":[{"embeddable":true,"href":"https:\/\/portaltela.pt\/api\/wp\/v2\/comments?post=425737"}],"version-history":[{"count":0,"href":"https:\/\/portaltela.pt\/api\/wp\/v2\/posts\/425737\/revisions"}],"wp:featuredmedia":[{"embeddable":true,"href":"https:\/\/portaltela.pt\/api\/wp\/v2\/media\/425740"}],"wp:attachment":[{"href":"https:\/\/portaltela.pt\/api\/wp\/v2\/media?parent=425737"}],"wp:term":[{"taxonomy":"category","embeddable":true,"href":"https:\/\/portaltela.pt\/api\/wp\/v2\/categories?post=425737"},{"taxonomy":"post_tag","embeddable":true,"href":"https:\/\/portaltela.pt\/api\/wp\/v2\/tags?post=425737"}],"curies":[{"name":"wp","href":"https:\/\/api.w.org\/{rel}","templated":true}]}}