{"id":425728,"date":"2026-03-29T05:02:25","date_gmt":"2026-03-29T08:02:25","guid":{"rendered":"https:\/\/portaltela.pt\/noticias\/2026\/03\/29\/portugueses-estudam-metodo-para-detectar-risco-de-defice-cognitivo-apos-avc\/"},"modified":"2026-03-29T05:02:25","modified_gmt":"2026-03-29T08:02:25","slug":"portugueses-estudam-metodo-para-detectar-risco-de-defice-cognitivo-apos-avc","status":"publish","type":"post","link":"https:\/\/portaltela.pt\/saude\/2026\/03\/29\/portugueses-estudam-metodo-para-detectar-risco-de-defice-cognitivo-apos-avc\/","title":{"rendered":"Portugueses estudam m\u00e9todo para detectar risco de d\u00e9fice cognitivo ap\u00f3s AVC"},"content":{"rendered":"<p>Um grupo de investigadores da Faculdade de Medicina da Universidade do Porto (FMUP) est\u00e1 a desenvolver um m\u00e9todo n\u00e3o invasivo para identificar doentes com maior risco de d\u00e9fice cognitivo ap\u00f3s AVC. O estudo, divulgado este domingo, envolve an\u00e1lise de micro-\u00eambolos durante as primeiras 72 horas ap\u00f3s o evento. O objetivo \u00e9 permitir tratamentos mais protetores e reduzir sequelas futuras.<\/p>\n<p>A investiga\u00e7\u00e3o, baseada em 316 sobreviventes de AVC admitidos no Hospital de S\u00e3o Jo\u00e3o, no Porto, conclui que a passagem de micro-\u00eembolos para o c\u00e9rebro aumenta o risco de d\u00e9fices cognitivos a longo prazo. Os investigadores destacam que o condicionamento n\u00e3o depende apenas da les\u00e3o inicial, mas da continua\u00e7\u00e3o do microembolismo cerebral.<\/p>\n<p>O que se verifica no terreno \u00e9 que a monitoriza\u00e7\u00e3o com doppler transcraniano deteta sinais microemb\u00f3licos em tempo real, funcionando como um radar junto ao leito do paciente. O m\u00e9todo foi descrito como n\u00e3o invasivo, port\u00e1til, de baixo custo e sem radia\u00e7\u00e3o, podendo ser realizado \u00e0 cabeceira.<\/p>\n<h3>Voos de continuidade cl\u00ednica<\/h3>\n<p>Segundo Pedro Castro, professor da FMUP e investigador principal, os d\u00e9fices cognitivos podem resultar da continua\u00e7\u00e3o do microembolismo, mesmo que a les\u00e3o do AVC n\u00e3o seja grave. A pesquisa alerta para um mecanismo fisiopatol\u00f3gico de decl\u00ednio cognitivo que pode coexistir com les\u00f5es j\u00e1 existentes.<\/p>\n<p>A equipa real\u00e7a que esta \u00e9 a primeira aplica\u00e7\u00e3o da neurossonologia para prever d\u00e9fices cognitivos em doentes na fase aguda de AVC. O estudo enfatiza a utilidade cl\u00ednica de uma ferramenta simples que pode orientar decis\u00f5es terap\u00eauticas mais assertivas.<\/p>\n<p>A publica\u00e7\u00e3o da descoberta ocorreu na revista Stroke em setembro de 2025. O estudo foi financiado pela Funda\u00e7\u00e3o para a Ci\u00eancia e a Tecnologia (FCT). A FMUP adianta que o pr\u00f3ximo passo \u00e9 um novo ensaio cl\u00ednico para confirmar se interven\u00e7\u00f5es mais agressivas em doentes com sinais microemb\u00f3licos reduzem o decl\u00ednio cognitivo a longo prazo.<\/p>\n<h3>Perspetivas e lideran\u00e7a cient\u00edfica<\/h3>\n<p>A linha de investiga\u00e7\u00e3o cerebrovascular, que utiliza ultrassonografia, foi criada pela professora Elsa Azevedo, neurologista e l\u00edder de investiga\u00e7\u00e3o na \u00e1rea das Neuroci\u00eancias do RISE-Health. A equipa sublinha que os resultados apontam para um caminho de rastreio de alto risco, com benef\u00edcios potenciais para tratamentos espec\u00edficos.<\/p>\n","protected":false},"excerpt":{"rendered":"<ul>\n<li>Investigadores da Faculdade de Medicina da Universidade do Porto desenvolveram um m\u00e9todo n\u00e3o invasivo para identificar pacientes com maior risco de d\u00e9fice cognitivo ap\u00f3s o AVC, usando doppler transcraniano.<\/li>\n<li>Estudo com 316 doentes, com m\u00e9dia de idade de 67 anos, revelou que a passagem de micro-\u00eambolos para o c\u00e9rebro duplica o risco de d\u00e9fices cognitivos a longo prazo.<\/li>\n<li>A monitoriza\u00e7\u00e3o ocorre nas primeiras 72 horas ap\u00f3s o AVC, \u00e0 cabeceira do doente, envolvendo uma t\u00e9cnica simples, port\u00e1til e sem radia\u00e7\u00e3o.<\/li>\n<li>Os resultados foram publicados na revista Stroke, em setembro de 2025, e destacam o potencial da neurossonologia como ferramenta cl\u00ednica.<\/li>\n<li>O pr\u00f3ximo passo \u00e9 um novo ensaio cl\u00ednico para verificar se tratar mais agressivamente os pacientes com microembolismo reduz o decl\u00ednio cognitivo; o estudo foi financiado pela Funda\u00e7\u00e3o para a Ci\u00eancia e a Tecnologia.<\/li>\n<\/ul>\n","protected":false},"author":2,"featured_media":425732,"comment_status":"closed","ping_status":"closed","sticky":false,"template":"","format":"standard","meta":{"footnotes":""},"categories":[6745],"tags":[7048,215,7211,5234,4800,172],"class_list":["post-425728","post","type-post","status-publish","format-standard","has-post-thumbnail","hentry","category-saude","tag-avc","tag-investigacao","tag-medicina","tag-neurociencia","tag-neurologia","tag-saude"],"yoast_head":"<!-- This site is optimized with the Yoast SEO plugin v27.2 - https:\/\/yoast.com\/product\/yoast-seo-wordpress\/ -->\n<title>Portugueses estudam m\u00e9todo para detectar risco de d\u00e9fice cognitivo ap\u00f3s AVC - Portal Tela Portugal<\/title>\n<meta name=\"robots\" content=\"index, follow, max-snippet:-1, max-image-preview:large, max-video-preview:-1\" \/>\n<meta property=\"og:locale\" content=\"pt_PT\" \/>\n<meta property=\"og:type\" content=\"article\" \/>\n<meta property=\"og:title\" content=\"Portugueses estudam m\u00e9todo para detectar risco de d\u00e9fice cognitivo ap\u00f3s AVC - Portal Tela Portugal\" \/>\n<meta property=\"og:description\" content=\"Investigadores da Faculdade de Medicina da Universidade do Porto desenvolveram um m\u00e9todo n\u00e3o invasivo para identificar pacientes com maior risco de d\u00e9fice cognitivo ap\u00f3s o AVC, usando doppler transcraniano. Estudo com 316 doentes, com m\u00e9dia de idade de 67 anos, revelou que a passagem de micro-\u00eambolos para o c\u00e9rebro duplica o risco de d\u00e9fices cognitivos a longo prazo. A monitoriza\u00e7\u00e3o ocorre nas primeiras 72 horas ap\u00f3s o AVC, \u00e0 cabeceira do doente, envolvendo uma t\u00e9cnica simples, port\u00e1til e sem radia\u00e7\u00e3o. Os resultados foram publicados na revista Stroke, em setembro de 2025, e destacam o potencial da neurossonologia como ferramenta cl\u00ednica. O pr\u00f3ximo passo \u00e9 um novo ensaio cl\u00ednico para verificar se tratar mais agressivamente os pacientes com microembolismo reduz o decl\u00ednio cognitivo; o estudo foi financiado pela Funda\u00e7\u00e3o para a Ci\u00eancia e a Tecnologia.\" \/>\n<meta property=\"og:url\" content=\"https:\/\/portaltela.pt\/noticias\/2026\/03\/29\/portugueses-estudam-metodo-para-detectar-risco-de-defice-cognitivo-apos-avc\/\" \/>\n<meta property=\"og:site_name\" content=\"Portal Tela Portugal\" \/>\n<meta property=\"article:published_time\" content=\"2026-03-29T08:02:25+00:00\" \/>\n<meta name=\"author\" content=\"Telinha\" \/>\n<meta name=\"twitter:card\" content=\"summary_large_image\" \/>\n<meta name=\"twitter:label1\" content=\"Escrito por\" \/>\n\t<meta name=\"twitter:data1\" content=\"Telinha\" \/>\n\t<meta name=\"twitter:label2\" content=\"Tempo estimado de leitura\" \/>\n\t<meta name=\"twitter:data2\" content=\"2 minutos\" \/>\n<script type=\"application\/ld+json\" class=\"yoast-schema-graph\">{\"@context\":\"https:\/\/schema.org\",\"@graph\":[{\"@type\":\"Article\",\"@id\":\"https:\/\/portaltela.pt\/noticias\/2026\/03\/29\/portugueses-estudam-metodo-para-detectar-risco-de-defice-cognitivo-apos-avc\/#article\",\"isPartOf\":{\"@id\":\"https:\/\/portaltela.pt\/noticias\/2026\/03\/29\/portugueses-estudam-metodo-para-detectar-risco-de-defice-cognitivo-apos-avc\/\"},\"author\":{\"name\":\"Telinha\",\"@id\":\"https:\/\/portaltela.pt\/#\/schema\/person\/c4278d4a6028830caff9ee44b42d32ed\"},\"headline\":\"Portugueses estudam m\u00e9todo para detectar risco de d\u00e9fice cognitivo ap\u00f3s AVC\",\"datePublished\":\"2026-03-29T08:02:25+00:00\",\"mainEntityOfPage\":{\"@id\":\"https:\/\/portaltela.pt\/noticias\/2026\/03\/29\/portugueses-estudam-metodo-para-detectar-risco-de-defice-cognitivo-apos-avc\/\"},\"wordCount\":408,\"image\":{\"@id\":\"https:\/\/portaltela.pt\/noticias\/2026\/03\/29\/portugueses-estudam-metodo-para-detectar-risco-de-defice-cognitivo-apos-avc\/#primaryimage\"},\"thumbnailUrl\":\"https:\/\/portaltela.pt\/s.01k8rhncp4jt1\/2026\/03\/img_1500x1000uu2019-04-13-01-43-40-841530.jpg\",\"keywords\":[\"AVC\",\"investiga\u00e7\u00e3o\",\"medicina\",\"neuroci\u00eancia\",\"neurologia\",\"sa\u00fade\"],\"articleSection\":[\"Sa\u00fade\"],\"inLanguage\":\"pt-PT\"},{\"@type\":\"WebPage\",\"@id\":\"https:\/\/portaltela.pt\/noticias\/2026\/03\/29\/portugueses-estudam-metodo-para-detectar-risco-de-defice-cognitivo-apos-avc\/\",\"url\":\"https:\/\/portaltela.pt\/noticias\/2026\/03\/29\/portugueses-estudam-metodo-para-detectar-risco-de-defice-cognitivo-apos-avc\/\",\"name\":\"Portugueses estudam m\u00e9todo para detectar risco de d\u00e9fice cognitivo ap\u00f3s AVC - Portal Tela Portugal\",\"isPartOf\":{\"@id\":\"https:\/\/portaltela.pt\/#website\"},\"primaryImageOfPage\":{\"@id\":\"https:\/\/portaltela.pt\/noticias\/2026\/03\/29\/portugueses-estudam-metodo-para-detectar-risco-de-defice-cognitivo-apos-avc\/#primaryimage\"},\"image\":{\"@id\":\"https:\/\/portaltela.pt\/noticias\/2026\/03\/29\/portugueses-estudam-metodo-para-detectar-risco-de-defice-cognitivo-apos-avc\/#primaryimage\"},\"thumbnailUrl\":\"https:\/\/portaltela.pt\/s.01k8rhncp4jt1\/2026\/03\/img_1500x1000uu2019-04-13-01-43-40-841530.jpg\",\"datePublished\":\"2026-03-29T08:02:25+00:00\",\"author\":{\"@id\":\"https:\/\/portaltela.pt\/#\/schema\/person\/c4278d4a6028830caff9ee44b42d32ed\"},\"breadcrumb\":{\"@id\":\"https:\/\/portaltela.pt\/noticias\/2026\/03\/29\/portugueses-estudam-metodo-para-detectar-risco-de-defice-cognitivo-apos-avc\/#breadcrumb\"},\"inLanguage\":\"pt-PT\",\"potentialAction\":[{\"@type\":\"ReadAction\",\"target\":[\"https:\/\/portaltela.pt\/noticias\/2026\/03\/29\/portugueses-estudam-metodo-para-detectar-risco-de-defice-cognitivo-apos-avc\/\"]}]},{\"@type\":\"ImageObject\",\"inLanguage\":\"pt-PT\",\"@id\":\"https:\/\/portaltela.pt\/noticias\/2026\/03\/29\/portugueses-estudam-metodo-para-detectar-risco-de-defice-cognitivo-apos-avc\/#primaryimage\",\"url\":\"https:\/\/portaltela.pt\/s.01k8rhncp4jt1\/2026\/03\/img_1500x1000uu2019-04-13-01-43-40-841530.jpg\",\"contentUrl\":\"https:\/\/portaltela.pt\/s.01k8rhncp4jt1\/2026\/03\/img_1500x1000uu2019-04-13-01-43-40-841530.jpg\",\"width\":796,\"height\":448,\"caption\":\"Portugueses estudam m\u00e9todo para identificar risco de d\u00e9fice cognitivo ap\u00f3s AVC\"},{\"@type\":\"BreadcrumbList\",\"@id\":\"https:\/\/portaltela.pt\/noticias\/2026\/03\/29\/portugueses-estudam-metodo-para-detectar-risco-de-defice-cognitivo-apos-avc\/#breadcrumb\",\"itemListElement\":[{\"@type\":\"ListItem\",\"position\":1,\"name\":\"In\u00edcio\",\"item\":\"https:\/\/portaltela.pt\/\"},{\"@type\":\"ListItem\",\"position\":2,\"name\":\"Portugueses estudam m\u00e9todo para detectar risco de d\u00e9fice cognitivo ap\u00f3s AVC\"}]},{\"@type\":\"WebSite\",\"@id\":\"https:\/\/portaltela.pt\/#website\",\"url\":\"https:\/\/portaltela.pt\/\",\"name\":\"Portal Tela Portugal\",\"description\":\"\",\"potentialAction\":[{\"@type\":\"SearchAction\",\"target\":{\"@type\":\"EntryPoint\",\"urlTemplate\":\"https:\/\/portaltela.pt\/?s={search_term_string}\"},\"query-input\":{\"@type\":\"PropertyValueSpecification\",\"valueRequired\":true,\"valueName\":\"search_term_string\"}}],\"inLanguage\":\"pt-PT\"},{\"@type\":\"Person\",\"@id\":\"https:\/\/portaltela.pt\/#\/schema\/person\/c4278d4a6028830caff9ee44b42d32ed\",\"name\":\"Telinha\",\"image\":{\"@type\":\"ImageObject\",\"inLanguage\":\"pt-PT\",\"@id\":\"https:\/\/portaltela.pt\/s.01k8rhncp4jt1\/2025\/11\/talking-bot-125x125.png\",\"url\":\"https:\/\/portaltela.pt\/s.01k8rhncp4jt1\/2025\/11\/talking-bot-125x125.png\",\"contentUrl\":\"https:\/\/portaltela.pt\/s.01k8rhncp4jt1\/2025\/11\/talking-bot-125x125.png\",\"caption\":\"Telinha\"},\"sameAs\":[\"https:\/\/portaltela.pt\/\"],\"url\":\"https:\/\/portaltela.pt\/por\/367410592786\/\"}]}<\/script>\n<!-- \/ Yoast SEO plugin. -->","yoast_head_json":{"title":"Portugueses estudam m\u00e9todo para detectar risco de d\u00e9fice cognitivo ap\u00f3s AVC - Portal Tela Portugal","robots":{"index":"index","follow":"follow","max-snippet":"max-snippet:-1","max-image-preview":"max-image-preview:large","max-video-preview":"max-video-preview:-1"},"og_locale":"pt_PT","og_type":"article","og_title":"Portugueses estudam m\u00e9todo para detectar risco de d\u00e9fice cognitivo ap\u00f3s AVC - Portal Tela Portugal","og_description":"Investigadores da Faculdade de Medicina da Universidade do Porto desenvolveram um m\u00e9todo n\u00e3o invasivo para identificar pacientes com maior risco de d\u00e9fice cognitivo ap\u00f3s o AVC, usando doppler transcraniano. Estudo com 316 doentes, com m\u00e9dia de idade de 67 anos, revelou que a passagem de micro-\u00eambolos para o c\u00e9rebro duplica o risco de d\u00e9fices cognitivos a longo prazo. A monitoriza\u00e7\u00e3o ocorre nas primeiras 72 horas ap\u00f3s o AVC, \u00e0 cabeceira do doente, envolvendo uma t\u00e9cnica simples, port\u00e1til e sem radia\u00e7\u00e3o. Os resultados foram publicados na revista Stroke, em setembro de 2025, e destacam o potencial da neurossonologia como ferramenta cl\u00ednica. O pr\u00f3ximo passo \u00e9 um novo ensaio cl\u00ednico para verificar se tratar mais agressivamente os pacientes com microembolismo reduz o decl\u00ednio cognitivo; o estudo foi financiado pela Funda\u00e7\u00e3o para a Ci\u00eancia e a Tecnologia.","og_url":"https:\/\/portaltela.pt\/noticias\/2026\/03\/29\/portugueses-estudam-metodo-para-detectar-risco-de-defice-cognitivo-apos-avc\/","og_site_name":"Portal Tela Portugal","article_published_time":"2026-03-29T08:02:25+00:00","author":"Telinha","twitter_card":"summary_large_image","twitter_misc":{"Escrito por":"Telinha","Tempo estimado de leitura":"2 minutos"},"schema":{"@context":"https:\/\/schema.org","@graph":[{"@type":"Article","@id":"https:\/\/portaltela.pt\/noticias\/2026\/03\/29\/portugueses-estudam-metodo-para-detectar-risco-de-defice-cognitivo-apos-avc\/#article","isPartOf":{"@id":"https:\/\/portaltela.pt\/noticias\/2026\/03\/29\/portugueses-estudam-metodo-para-detectar-risco-de-defice-cognitivo-apos-avc\/"},"author":{"name":"Telinha","@id":"https:\/\/portaltela.pt\/#\/schema\/person\/c4278d4a6028830caff9ee44b42d32ed"},"headline":"Portugueses estudam m\u00e9todo para detectar risco de d\u00e9fice cognitivo ap\u00f3s AVC","datePublished":"2026-03-29T08:02:25+00:00","mainEntityOfPage":{"@id":"https:\/\/portaltela.pt\/noticias\/2026\/03\/29\/portugueses-estudam-metodo-para-detectar-risco-de-defice-cognitivo-apos-avc\/"},"wordCount":408,"image":{"@id":"https:\/\/portaltela.pt\/noticias\/2026\/03\/29\/portugueses-estudam-metodo-para-detectar-risco-de-defice-cognitivo-apos-avc\/#primaryimage"},"thumbnailUrl":"https:\/\/portaltela.pt\/s.01k8rhncp4jt1\/2026\/03\/img_1500x1000uu2019-04-13-01-43-40-841530.jpg","keywords":["AVC","investiga\u00e7\u00e3o","medicina","neuroci\u00eancia","neurologia","sa\u00fade"],"articleSection":["Sa\u00fade"],"inLanguage":"pt-PT"},{"@type":"WebPage","@id":"https:\/\/portaltela.pt\/noticias\/2026\/03\/29\/portugueses-estudam-metodo-para-detectar-risco-de-defice-cognitivo-apos-avc\/","url":"https:\/\/portaltela.pt\/noticias\/2026\/03\/29\/portugueses-estudam-metodo-para-detectar-risco-de-defice-cognitivo-apos-avc\/","name":"Portugueses estudam m\u00e9todo para detectar risco de d\u00e9fice cognitivo ap\u00f3s AVC - Portal Tela Portugal","isPartOf":{"@id":"https:\/\/portaltela.pt\/#website"},"primaryImageOfPage":{"@id":"https:\/\/portaltela.pt\/noticias\/2026\/03\/29\/portugueses-estudam-metodo-para-detectar-risco-de-defice-cognitivo-apos-avc\/#primaryimage"},"image":{"@id":"https:\/\/portaltela.pt\/noticias\/2026\/03\/29\/portugueses-estudam-metodo-para-detectar-risco-de-defice-cognitivo-apos-avc\/#primaryimage"},"thumbnailUrl":"https:\/\/portaltela.pt\/s.01k8rhncp4jt1\/2026\/03\/img_1500x1000uu2019-04-13-01-43-40-841530.jpg","datePublished":"2026-03-29T08:02:25+00:00","author":{"@id":"https:\/\/portaltela.pt\/#\/schema\/person\/c4278d4a6028830caff9ee44b42d32ed"},"breadcrumb":{"@id":"https:\/\/portaltela.pt\/noticias\/2026\/03\/29\/portugueses-estudam-metodo-para-detectar-risco-de-defice-cognitivo-apos-avc\/#breadcrumb"},"inLanguage":"pt-PT","potentialAction":[{"@type":"ReadAction","target":["https:\/\/portaltela.pt\/noticias\/2026\/03\/29\/portugueses-estudam-metodo-para-detectar-risco-de-defice-cognitivo-apos-avc\/"]}]},{"@type":"ImageObject","inLanguage":"pt-PT","@id":"https:\/\/portaltela.pt\/noticias\/2026\/03\/29\/portugueses-estudam-metodo-para-detectar-risco-de-defice-cognitivo-apos-avc\/#primaryimage","url":"https:\/\/portaltela.pt\/s.01k8rhncp4jt1\/2026\/03\/img_1500x1000uu2019-04-13-01-43-40-841530.jpg","contentUrl":"https:\/\/portaltela.pt\/s.01k8rhncp4jt1\/2026\/03\/img_1500x1000uu2019-04-13-01-43-40-841530.jpg","width":796,"height":448,"caption":"Portugueses estudam m\u00e9todo para identificar risco de d\u00e9fice cognitivo ap\u00f3s AVC"},{"@type":"BreadcrumbList","@id":"https:\/\/portaltela.pt\/noticias\/2026\/03\/29\/portugueses-estudam-metodo-para-detectar-risco-de-defice-cognitivo-apos-avc\/#breadcrumb","itemListElement":[{"@type":"ListItem","position":1,"name":"In\u00edcio","item":"https:\/\/portaltela.pt\/"},{"@type":"ListItem","position":2,"name":"Portugueses estudam m\u00e9todo para detectar risco de d\u00e9fice cognitivo ap\u00f3s AVC"}]},{"@type":"WebSite","@id":"https:\/\/portaltela.pt\/#website","url":"https:\/\/portaltela.pt\/","name":"Portal Tela Portugal","description":"","potentialAction":[{"@type":"SearchAction","target":{"@type":"EntryPoint","urlTemplate":"https:\/\/portaltela.pt\/?s={search_term_string}"},"query-input":{"@type":"PropertyValueSpecification","valueRequired":true,"valueName":"search_term_string"}}],"inLanguage":"pt-PT"},{"@type":"Person","@id":"https:\/\/portaltela.pt\/#\/schema\/person\/c4278d4a6028830caff9ee44b42d32ed","name":"Telinha","image":{"@type":"ImageObject","inLanguage":"pt-PT","@id":"https:\/\/portaltela.pt\/s.01k8rhncp4jt1\/2025\/11\/talking-bot-125x125.png","url":"https:\/\/portaltela.pt\/s.01k8rhncp4jt1\/2025\/11\/talking-bot-125x125.png","contentUrl":"https:\/\/portaltela.pt\/s.01k8rhncp4jt1\/2025\/11\/talking-bot-125x125.png","caption":"Telinha"},"sameAs":["https:\/\/portaltela.pt\/"],"url":"https:\/\/portaltela.pt\/por\/367410592786\/"}]}},"_links":{"self":[{"href":"https:\/\/portaltela.pt\/api\/wp\/v2\/posts\/425728","targetHints":{"allow":["GET"]}}],"collection":[{"href":"https:\/\/portaltela.pt\/api\/wp\/v2\/posts"}],"about":[{"href":"https:\/\/portaltela.pt\/api\/wp\/v2\/types\/post"}],"author":[{"embeddable":true,"href":"https:\/\/portaltela.pt\/api\/wp\/v2\/users\/2"}],"replies":[{"embeddable":true,"href":"https:\/\/portaltela.pt\/api\/wp\/v2\/comments?post=425728"}],"version-history":[{"count":0,"href":"https:\/\/portaltela.pt\/api\/wp\/v2\/posts\/425728\/revisions"}],"wp:featuredmedia":[{"embeddable":true,"href":"https:\/\/portaltela.pt\/api\/wp\/v2\/media\/425732"}],"wp:attachment":[{"href":"https:\/\/portaltela.pt\/api\/wp\/v2\/media?parent=425728"}],"wp:term":[{"taxonomy":"category","embeddable":true,"href":"https:\/\/portaltela.pt\/api\/wp\/v2\/categories?post=425728"},{"taxonomy":"post_tag","embeddable":true,"href":"https:\/\/portaltela.pt\/api\/wp\/v2\/tags?post=425728"}],"curies":[{"name":"wp","href":"https:\/\/api.w.org\/{rel}","templated":true}]}}