{"id":425724,"date":"2026-03-29T05:02:21","date_gmt":"2026-03-29T08:02:21","guid":{"rendered":"https:\/\/portaltela.pt\/noticias\/2026\/03\/29\/autocarro-no-porto-utilizador-usa-o-diariamente-e-destaca-pontualidade-de-manha\/"},"modified":"2026-03-29T05:02:21","modified_gmt":"2026-03-29T08:02:21","slug":"autocarro-no-porto-utilizador-usa-o-diariamente-e-destaca-pontualidade-de-manha","status":"publish","type":"post","link":"https:\/\/portaltela.pt\/noticias\/economia\/2026\/03\/29\/autocarro-no-porto-utilizador-usa-o-diariamente-e-destaca-pontualidade-de-manha\/","title":{"rendered":"Autocarro no Porto: utilizador usa-o diariamente e destaca pontualidade de manh\u00e3"},"content":{"rendered":"<p>A Linha 205 da STCP, entre Campanh\u00e3 e Castelo do Queijo, \u00e9 hoje a mais procurada pelos utentes do Porto. Em 2025 transportou cerca de 3,5 milh\u00f5es de pessoas, segundo dados da empresa.<\/p>\n<p>O trajeto da 205 percorre a Estrada da Circunvala\u00e7\u00e3o at\u00e9 \u00e0 beira-mar, ligando a zona de Campanh\u00e3 ao Castelo do Queijo com frequ\u00eancia elevada ao longo do dia.<\/p>\n<p>Manuela e Domingos recordam a viagem pela marginal a bordo do antigo autocarro 88, um ve\u00edculo de dois andares que deu origem ao atual 205. A linha atual \u00e9, hoje, a mais utilizada pela comunidade.<\/p>\n<p>O servi\u00e7o da STCP mant\u00e9m-se como principal op\u00e7\u00e3o de transporte p\u00fablico entre estas zonas da cidade, com a procura a reflectir o padr\u00e3o di\u00e1rio de mobilidade no Porto.<\/p>\n","protected":false},"excerpt":{"rendered":"<ul>\n<li>A Linha 205 da STCP, entre Campanh\u00e3 e Castelo do Queijo, \u00e9 a que tem maior procura.<\/li>\n<li>Em 2025, transportou 3,5 milh\u00f5es de pessoas.<\/li>\n<li>O trajeto segue pela Estrada da Circunvala\u00e7\u00e3o at\u00e9 \u00e0 beira-mar.<\/li>\n<li>Recorda-se o antigo autocarro 88, de dois andares, precursor do 205, que hoje \u00e9 o trajeto mais utilizado pelos utentes.<\/li>\n<\/ul>\n","protected":false},"author":2,"featured_media":425729,"comment_status":"closed","ping_status":"closed","sticky":false,"template":"","format":"standard","meta":{"footnotes":""},"categories":[2,1],"tags":[3769,5795,3263,982,192],"class_list":["post-425724","post","type-post","status-publish","format-standard","has-post-thumbnail","hentry","category-economia","category-noticias","tag-autocarros","tag-linha","tag-mobilidade-urbana","tag-porto","tag-transporte"],"yoast_head":"<!-- This site is optimized with the Yoast SEO plugin v27.2 - https:\/\/yoast.com\/product\/yoast-seo-wordpress\/ -->\n<title>Autocarro no Porto: utilizador usa-o diariamente e destaca pontualidade de manh\u00e3 - Portal Tela Portugal<\/title>\n<meta name=\"robots\" content=\"index, follow, max-snippet:-1, max-image-preview:large, max-video-preview:-1\" \/>\n<meta property=\"og:locale\" content=\"pt_PT\" \/>\n<meta property=\"og:type\" content=\"article\" \/>\n<meta property=\"og:title\" content=\"Autocarro no Porto: utilizador usa-o diariamente e destaca pontualidade de manh\u00e3 - Portal Tela Portugal\" \/>\n<meta property=\"og:description\" content=\"A Linha 205 da STCP, entre Campanh\u00e3 e Castelo do Queijo, \u00e9 a que tem maior procura. Em 2025, transportou 3,5 milh\u00f5es de pessoas. O trajeto segue pela Estrada da Circunvala\u00e7\u00e3o at\u00e9 \u00e0 beira-mar. Recorda-se o antigo autocarro 88, de dois andares, precursor do 205, que hoje \u00e9 o trajeto mais utilizado pelos utentes.\" \/>\n<meta property=\"og:url\" content=\"https:\/\/portaltela.pt\/noticias\/2026\/03\/29\/autocarro-no-porto-utilizador-usa-o-diariamente-e-destaca-pontualidade-de-manha\/\" \/>\n<meta property=\"og:site_name\" content=\"Portal Tela Portugal\" \/>\n<meta property=\"article:published_time\" content=\"2026-03-29T08:02:21+00:00\" \/>\n<meta name=\"author\" content=\"Telinha\" \/>\n<meta name=\"twitter:card\" content=\"summary_large_image\" \/>\n<meta name=\"twitter:label1\" content=\"Escrito por\" \/>\n\t<meta name=\"twitter:data1\" content=\"Telinha\" \/>\n\t<meta name=\"twitter:label2\" content=\"Tempo estimado de leitura\" \/>\n\t<meta name=\"twitter:data2\" content=\"1 minuto\" \/>\n<script type=\"application\/ld+json\" class=\"yoast-schema-graph\">{\"@context\":\"https:\/\/schema.org\",\"@graph\":[{\"@type\":\"Article\",\"@id\":\"https:\/\/portaltela.pt\/noticias\/2026\/03\/29\/autocarro-no-porto-utilizador-usa-o-diariamente-e-destaca-pontualidade-de-manha\/#article\",\"isPartOf\":{\"@id\":\"https:\/\/portaltela.pt\/noticias\/2026\/03\/29\/autocarro-no-porto-utilizador-usa-o-diariamente-e-destaca-pontualidade-de-manha\/\"},\"author\":{\"name\":\"Telinha\",\"@id\":\"https:\/\/portaltela.pt\/#\/schema\/person\/c4278d4a6028830caff9ee44b42d32ed\"},\"headline\":\"Autocarro no Porto: utilizador usa-o diariamente e destaca pontualidade de manh\u00e3\",\"datePublished\":\"2026-03-29T08:02:21+00:00\",\"mainEntityOfPage\":{\"@id\":\"https:\/\/portaltela.pt\/noticias\/2026\/03\/29\/autocarro-no-porto-utilizador-usa-o-diariamente-e-destaca-pontualidade-de-manha\/\"},\"wordCount\":136,\"image\":{\"@id\":\"https:\/\/portaltela.pt\/noticias\/2026\/03\/29\/autocarro-no-porto-utilizador-usa-o-diariamente-e-destaca-pontualidade-de-manha\/#primaryimage\"},\"thumbnailUrl\":\"https:\/\/portaltela.pt\/s.01k8rhncp4jt1\/2026\/03\/image-1725.jpg\",\"keywords\":[\"autocarros\",\"Linha\",\"mobilidade urbana\",\"Porto\",\"transporte\"],\"articleSection\":[\"Economia\",\"Not\u00edcias\"],\"inLanguage\":\"pt-PT\"},{\"@type\":\"WebPage\",\"@id\":\"https:\/\/portaltela.pt\/noticias\/2026\/03\/29\/autocarro-no-porto-utilizador-usa-o-diariamente-e-destaca-pontualidade-de-manha\/\",\"url\":\"https:\/\/portaltela.pt\/noticias\/2026\/03\/29\/autocarro-no-porto-utilizador-usa-o-diariamente-e-destaca-pontualidade-de-manha\/\",\"name\":\"Autocarro no Porto: utilizador usa-o diariamente e destaca pontualidade de manh\u00e3 - Portal Tela Portugal\",\"isPartOf\":{\"@id\":\"https:\/\/portaltela.pt\/#website\"},\"primaryImageOfPage\":{\"@id\":\"https:\/\/portaltela.pt\/noticias\/2026\/03\/29\/autocarro-no-porto-utilizador-usa-o-diariamente-e-destaca-pontualidade-de-manha\/#primaryimage\"},\"image\":{\"@id\":\"https:\/\/portaltela.pt\/noticias\/2026\/03\/29\/autocarro-no-porto-utilizador-usa-o-diariamente-e-destaca-pontualidade-de-manha\/#primaryimage\"},\"thumbnailUrl\":\"https:\/\/portaltela.pt\/s.01k8rhncp4jt1\/2026\/03\/image-1725.jpg\",\"datePublished\":\"2026-03-29T08:02:21+00:00\",\"author\":{\"@id\":\"https:\/\/portaltela.pt\/#\/schema\/person\/c4278d4a6028830caff9ee44b42d32ed\"},\"breadcrumb\":{\"@id\":\"https:\/\/portaltela.pt\/noticias\/2026\/03\/29\/autocarro-no-porto-utilizador-usa-o-diariamente-e-destaca-pontualidade-de-manha\/#breadcrumb\"},\"inLanguage\":\"pt-PT\",\"potentialAction\":[{\"@type\":\"ReadAction\",\"target\":[\"https:\/\/portaltela.pt\/noticias\/2026\/03\/29\/autocarro-no-porto-utilizador-usa-o-diariamente-e-destaca-pontualidade-de-manha\/\"]}]},{\"@type\":\"ImageObject\",\"inLanguage\":\"pt-PT\",\"@id\":\"https:\/\/portaltela.pt\/noticias\/2026\/03\/29\/autocarro-no-porto-utilizador-usa-o-diariamente-e-destaca-pontualidade-de-manha\/#primaryimage\",\"url\":\"https:\/\/portaltela.pt\/s.01k8rhncp4jt1\/2026\/03\/image-1725.jpg\",\"contentUrl\":\"https:\/\/portaltela.pt\/s.01k8rhncp4jt1\/2026\/03\/image-1725.jpg\",\"width\":796,\"height\":448,\"caption\":\"A STCP transportou 72 milh\u00f5es de passageiros no ano passado. Linha do 205 foi a mais procurada\"},{\"@type\":\"BreadcrumbList\",\"@id\":\"https:\/\/portaltela.pt\/noticias\/2026\/03\/29\/autocarro-no-porto-utilizador-usa-o-diariamente-e-destaca-pontualidade-de-manha\/#breadcrumb\",\"itemListElement\":[{\"@type\":\"ListItem\",\"position\":1,\"name\":\"In\u00edcio\",\"item\":\"https:\/\/portaltela.pt\/\"},{\"@type\":\"ListItem\",\"position\":2,\"name\":\"Autocarro no Porto: utilizador usa-o diariamente e destaca pontualidade de manh\u00e3\"}]},{\"@type\":\"WebSite\",\"@id\":\"https:\/\/portaltela.pt\/#website\",\"url\":\"https:\/\/portaltela.pt\/\",\"name\":\"Portal Tela Portugal\",\"description\":\"\",\"potentialAction\":[{\"@type\":\"SearchAction\",\"target\":{\"@type\":\"EntryPoint\",\"urlTemplate\":\"https:\/\/portaltela.pt\/?s={search_term_string}\"},\"query-input\":{\"@type\":\"PropertyValueSpecification\",\"valueRequired\":true,\"valueName\":\"search_term_string\"}}],\"inLanguage\":\"pt-PT\"},{\"@type\":\"Person\",\"@id\":\"https:\/\/portaltela.pt\/#\/schema\/person\/c4278d4a6028830caff9ee44b42d32ed\",\"name\":\"Telinha\",\"image\":{\"@type\":\"ImageObject\",\"inLanguage\":\"pt-PT\",\"@id\":\"https:\/\/portaltela.pt\/s.01k8rhncp4jt1\/2025\/11\/talking-bot-125x125.png\",\"url\":\"https:\/\/portaltela.pt\/s.01k8rhncp4jt1\/2025\/11\/talking-bot-125x125.png\",\"contentUrl\":\"https:\/\/portaltela.pt\/s.01k8rhncp4jt1\/2025\/11\/talking-bot-125x125.png\",\"caption\":\"Telinha\"},\"sameAs\":[\"https:\/\/portaltela.pt\/\"],\"url\":\"https:\/\/portaltela.pt\/por\/367410592786\/\"}]}<\/script>\n<!-- \/ Yoast SEO plugin. -->","yoast_head_json":{"title":"Autocarro no Porto: utilizador usa-o diariamente e destaca pontualidade de manh\u00e3 - Portal Tela Portugal","robots":{"index":"index","follow":"follow","max-snippet":"max-snippet:-1","max-image-preview":"max-image-preview:large","max-video-preview":"max-video-preview:-1"},"og_locale":"pt_PT","og_type":"article","og_title":"Autocarro no Porto: utilizador usa-o diariamente e destaca pontualidade de manh\u00e3 - Portal Tela Portugal","og_description":"A Linha 205 da STCP, entre Campanh\u00e3 e Castelo do Queijo, \u00e9 a que tem maior procura. Em 2025, transportou 3,5 milh\u00f5es de pessoas. O trajeto segue pela Estrada da Circunvala\u00e7\u00e3o at\u00e9 \u00e0 beira-mar. Recorda-se o antigo autocarro 88, de dois andares, precursor do 205, que hoje \u00e9 o trajeto mais utilizado pelos utentes.","og_url":"https:\/\/portaltela.pt\/noticias\/2026\/03\/29\/autocarro-no-porto-utilizador-usa-o-diariamente-e-destaca-pontualidade-de-manha\/","og_site_name":"Portal Tela Portugal","article_published_time":"2026-03-29T08:02:21+00:00","author":"Telinha","twitter_card":"summary_large_image","twitter_misc":{"Escrito por":"Telinha","Tempo estimado de leitura":"1 minuto"},"schema":{"@context":"https:\/\/schema.org","@graph":[{"@type":"Article","@id":"https:\/\/portaltela.pt\/noticias\/2026\/03\/29\/autocarro-no-porto-utilizador-usa-o-diariamente-e-destaca-pontualidade-de-manha\/#article","isPartOf":{"@id":"https:\/\/portaltela.pt\/noticias\/2026\/03\/29\/autocarro-no-porto-utilizador-usa-o-diariamente-e-destaca-pontualidade-de-manha\/"},"author":{"name":"Telinha","@id":"https:\/\/portaltela.pt\/#\/schema\/person\/c4278d4a6028830caff9ee44b42d32ed"},"headline":"Autocarro no Porto: utilizador usa-o diariamente e destaca pontualidade de manh\u00e3","datePublished":"2026-03-29T08:02:21+00:00","mainEntityOfPage":{"@id":"https:\/\/portaltela.pt\/noticias\/2026\/03\/29\/autocarro-no-porto-utilizador-usa-o-diariamente-e-destaca-pontualidade-de-manha\/"},"wordCount":136,"image":{"@id":"https:\/\/portaltela.pt\/noticias\/2026\/03\/29\/autocarro-no-porto-utilizador-usa-o-diariamente-e-destaca-pontualidade-de-manha\/#primaryimage"},"thumbnailUrl":"https:\/\/portaltela.pt\/s.01k8rhncp4jt1\/2026\/03\/image-1725.jpg","keywords":["autocarros","Linha","mobilidade urbana","Porto","transporte"],"articleSection":["Economia","Not\u00edcias"],"inLanguage":"pt-PT"},{"@type":"WebPage","@id":"https:\/\/portaltela.pt\/noticias\/2026\/03\/29\/autocarro-no-porto-utilizador-usa-o-diariamente-e-destaca-pontualidade-de-manha\/","url":"https:\/\/portaltela.pt\/noticias\/2026\/03\/29\/autocarro-no-porto-utilizador-usa-o-diariamente-e-destaca-pontualidade-de-manha\/","name":"Autocarro no Porto: utilizador usa-o diariamente e destaca pontualidade de manh\u00e3 - Portal Tela Portugal","isPartOf":{"@id":"https:\/\/portaltela.pt\/#website"},"primaryImageOfPage":{"@id":"https:\/\/portaltela.pt\/noticias\/2026\/03\/29\/autocarro-no-porto-utilizador-usa-o-diariamente-e-destaca-pontualidade-de-manha\/#primaryimage"},"image":{"@id":"https:\/\/portaltela.pt\/noticias\/2026\/03\/29\/autocarro-no-porto-utilizador-usa-o-diariamente-e-destaca-pontualidade-de-manha\/#primaryimage"},"thumbnailUrl":"https:\/\/portaltela.pt\/s.01k8rhncp4jt1\/2026\/03\/image-1725.jpg","datePublished":"2026-03-29T08:02:21+00:00","author":{"@id":"https:\/\/portaltela.pt\/#\/schema\/person\/c4278d4a6028830caff9ee44b42d32ed"},"breadcrumb":{"@id":"https:\/\/portaltela.pt\/noticias\/2026\/03\/29\/autocarro-no-porto-utilizador-usa-o-diariamente-e-destaca-pontualidade-de-manha\/#breadcrumb"},"inLanguage":"pt-PT","potentialAction":[{"@type":"ReadAction","target":["https:\/\/portaltela.pt\/noticias\/2026\/03\/29\/autocarro-no-porto-utilizador-usa-o-diariamente-e-destaca-pontualidade-de-manha\/"]}]},{"@type":"ImageObject","inLanguage":"pt-PT","@id":"https:\/\/portaltela.pt\/noticias\/2026\/03\/29\/autocarro-no-porto-utilizador-usa-o-diariamente-e-destaca-pontualidade-de-manha\/#primaryimage","url":"https:\/\/portaltela.pt\/s.01k8rhncp4jt1\/2026\/03\/image-1725.jpg","contentUrl":"https:\/\/portaltela.pt\/s.01k8rhncp4jt1\/2026\/03\/image-1725.jpg","width":796,"height":448,"caption":"A STCP transportou 72 milh\u00f5es de passageiros no ano passado. Linha do 205 foi a mais procurada"},{"@type":"BreadcrumbList","@id":"https:\/\/portaltela.pt\/noticias\/2026\/03\/29\/autocarro-no-porto-utilizador-usa-o-diariamente-e-destaca-pontualidade-de-manha\/#breadcrumb","itemListElement":[{"@type":"ListItem","position":1,"name":"In\u00edcio","item":"https:\/\/portaltela.pt\/"},{"@type":"ListItem","position":2,"name":"Autocarro no Porto: utilizador usa-o diariamente e destaca pontualidade de manh\u00e3"}]},{"@type":"WebSite","@id":"https:\/\/portaltela.pt\/#website","url":"https:\/\/portaltela.pt\/","name":"Portal Tela Portugal","description":"","potentialAction":[{"@type":"SearchAction","target":{"@type":"EntryPoint","urlTemplate":"https:\/\/portaltela.pt\/?s={search_term_string}"},"query-input":{"@type":"PropertyValueSpecification","valueRequired":true,"valueName":"search_term_string"}}],"inLanguage":"pt-PT"},{"@type":"Person","@id":"https:\/\/portaltela.pt\/#\/schema\/person\/c4278d4a6028830caff9ee44b42d32ed","name":"Telinha","image":{"@type":"ImageObject","inLanguage":"pt-PT","@id":"https:\/\/portaltela.pt\/s.01k8rhncp4jt1\/2025\/11\/talking-bot-125x125.png","url":"https:\/\/portaltela.pt\/s.01k8rhncp4jt1\/2025\/11\/talking-bot-125x125.png","contentUrl":"https:\/\/portaltela.pt\/s.01k8rhncp4jt1\/2025\/11\/talking-bot-125x125.png","caption":"Telinha"},"sameAs":["https:\/\/portaltela.pt\/"],"url":"https:\/\/portaltela.pt\/por\/367410592786\/"}]}},"_links":{"self":[{"href":"https:\/\/portaltela.pt\/api\/wp\/v2\/posts\/425724","targetHints":{"allow":["GET"]}}],"collection":[{"href":"https:\/\/portaltela.pt\/api\/wp\/v2\/posts"}],"about":[{"href":"https:\/\/portaltela.pt\/api\/wp\/v2\/types\/post"}],"author":[{"embeddable":true,"href":"https:\/\/portaltela.pt\/api\/wp\/v2\/users\/2"}],"replies":[{"embeddable":true,"href":"https:\/\/portaltela.pt\/api\/wp\/v2\/comments?post=425724"}],"version-history":[{"count":0,"href":"https:\/\/portaltela.pt\/api\/wp\/v2\/posts\/425724\/revisions"}],"wp:featuredmedia":[{"embeddable":true,"href":"https:\/\/portaltela.pt\/api\/wp\/v2\/media\/425729"}],"wp:attachment":[{"href":"https:\/\/portaltela.pt\/api\/wp\/v2\/media?parent=425724"}],"wp:term":[{"taxonomy":"category","embeddable":true,"href":"https:\/\/portaltela.pt\/api\/wp\/v2\/categories?post=425724"},{"taxonomy":"post_tag","embeddable":true,"href":"https:\/\/portaltela.pt\/api\/wp\/v2\/tags?post=425724"}],"curies":[{"name":"wp","href":"https:\/\/api.w.org\/{rel}","templated":true}]}}