{"id":425722,"date":"2026-03-29T05:02:18","date_gmt":"2026-03-29T08:02:18","guid":{"rendered":"https:\/\/portaltela.pt\/noticias\/2026\/03\/29\/paquistao-recebe-turquia-egipto-e-arabia-saudita-para-conversas-de-paz\/"},"modified":"2026-03-29T05:02:18","modified_gmt":"2026-03-29T08:02:18","slug":"paquistao-recebe-turquia-egipto-e-arabia-saudita-para-conversas-de-paz","status":"publish","type":"post","link":"https:\/\/portaltela.pt\/noticias\/2026\/03\/29\/paquistao-recebe-turquia-egipto-e-arabia-saudita-para-conversas-de-paz\/","title":{"rendered":"Paquist\u00e3o recebe Turquia, Egipto e Ar\u00e1bia Saudita para conversas de paz"},"content":{"rendered":"<p>O Paquist\u00e3o acolhe delega\u00e7\u00f5es de Turquia, Egito e Ar\u00e1bia Saudita para conversas de paz, em um esfor\u00e7o diplom\u00e1tico relevante. O encontro envolve os governos representados pelos seus ministros de Rela\u00e7\u00f5es Exteriores e dirigentes regionais, no \u00e2mbito de uma nova fase de contactos para a regi\u00e3o.<\/p>\n<p>As conversas ocorrem numa conjuntura de tens\u00f5es no M\u00e9dio Oriente, com iniciativas de media\u00e7\u00e3o a ganhar destaque. O objetivo \u00e9 avan\u00e7ar para uma via pac\u00edfica, ainda que n\u00e3o tenha sido definida uma agenda concreta de limita\u00e7\u00f5es ou compromissos. A participa\u00e7\u00e3o de Paquist\u00e3o, Turquia, Egito e Ar\u00e1bia Saudita reflete uma aproxima\u00e7\u00e3o de m\u00faltiplos atores.<\/p>\n<h3>Contexto regional e desdobramentos<\/h3>\n<p>Israel realizou ataques direcionados a Teer\u00e3o, numa sequ\u00eancia de agress\u00f5es entre pot\u00eancias da regi\u00e3o, segundo relatos recentes. Paralelamente, os houthis afirmam manter o ritmo de a\u00e7\u00f5es ofensivas contra Telavive, ampliando o quadro de risco na regi\u00e3o. Os Estados Unidos anunciaram refor\u00e7os de meios militares e diplom\u00e1ticos no M\u00e9dio Oriente, em apoio a aliados da regi\u00e3o.<\/p>\n<p>A prioridade das conversas permanece a busca de um caminho pac\u00edfico, com foco em reduzir escaladas e evitar danos civis. Ainda n\u00e3o h\u00e1 avan\u00e7os anunciados publicamente sobre acordos ou prazos para implementa\u00e7\u00e3o de medidas concretas.<\/p>\n","protected":false},"excerpt":{"rendered":"<ul>\n<li>O Paquist\u00e3o recebe Turquia, Egipto e Ar\u00e1bia Saudita para conversas de paz, num dia de esfor\u00e7os diplom\u00e1ticos.<\/li>\n<li>Os ataques na regi\u00e3o n\u00e3o abrandam; Israel atacou Teer\u00e3o e os houthis dizem que v\u00e3o manter a ofensiva contra Telavive.<\/li>\n<li>Os Estados Unidos refor\u00e7am meios no M\u00e9dio Oriente.<\/li>\n<li>A situa\u00e7\u00e3o envolve m\u00faltiplas escaladas entre Israel, Ir\u00e3o e grupos apoiados pelos Houthis.<\/li>\n<li>As discuss\u00f5es s\u00e3o centradas em encontrar caminhos para um cessar-fogo e estabilidade regional.<\/li>\n<\/ul>\n","protected":false},"author":2,"featured_media":425726,"comment_status":"closed","ping_status":"closed","sticky":false,"template":"","format":"standard","meta":{"footnotes":""},"categories":[6814,1],"tags":[1016,2198,29,3336,3743,2126],"class_list":["post-425722","post","type-post","status-publish","format-standard","has-post-thumbnail","hentry","category-geopolitica","category-noticias","tag-arabia-saudita","tag-conflitos-internacionais","tag-diplomacia","tag-egito","tag-paquistao","tag-turquia"],"yoast_head":"<!-- This site is optimized with the Yoast SEO plugin v27.2 - https:\/\/yoast.com\/product\/yoast-seo-wordpress\/ -->\n<title>Paquist\u00e3o recebe Turquia, Egipto e Ar\u00e1bia Saudita para conversas de paz - Portal Tela Portugal<\/title>\n<meta name=\"robots\" content=\"index, follow, max-snippet:-1, max-image-preview:large, max-video-preview:-1\" \/>\n<meta property=\"og:locale\" content=\"pt_PT\" \/>\n<meta property=\"og:type\" content=\"article\" \/>\n<meta property=\"og:title\" content=\"Paquist\u00e3o recebe Turquia, Egipto e Ar\u00e1bia Saudita para conversas de paz - Portal Tela Portugal\" \/>\n<meta property=\"og:description\" content=\"O Paquist\u00e3o recebe Turquia, Egipto e Ar\u00e1bia Saudita para conversas de paz, num dia de esfor\u00e7os diplom\u00e1ticos. Os ataques na regi\u00e3o n\u00e3o abrandam; Israel atacou Teer\u00e3o e os houthis dizem que v\u00e3o manter a ofensiva contra Telavive. Os Estados Unidos refor\u00e7am meios no M\u00e9dio Oriente. A situa\u00e7\u00e3o envolve m\u00faltiplas escaladas entre Israel, Ir\u00e3o e grupos apoiados pelos Houthis. As discuss\u00f5es s\u00e3o centradas em encontrar caminhos para um cessar-fogo e estabilidade regional.\" \/>\n<meta property=\"og:url\" content=\"https:\/\/portaltela.pt\/noticias\/2026\/03\/29\/paquistao-recebe-turquia-egipto-e-arabia-saudita-para-conversas-de-paz\/\" \/>\n<meta property=\"og:site_name\" content=\"Portal Tela Portugal\" \/>\n<meta property=\"article:published_time\" content=\"2026-03-29T08:02:18+00:00\" \/>\n<meta name=\"author\" content=\"Telinha\" \/>\n<meta name=\"twitter:card\" content=\"summary_large_image\" \/>\n<meta name=\"twitter:label1\" content=\"Escrito por\" \/>\n\t<meta name=\"twitter:data1\" content=\"Telinha\" \/>\n\t<meta name=\"twitter:label2\" content=\"Tempo estimado de leitura\" \/>\n\t<meta name=\"twitter:data2\" content=\"1 minuto\" \/>\n<script type=\"application\/ld+json\" class=\"yoast-schema-graph\">{\"@context\":\"https:\/\/schema.org\",\"@graph\":[{\"@type\":\"Article\",\"@id\":\"https:\/\/portaltela.pt\/noticias\/2026\/03\/29\/paquistao-recebe-turquia-egipto-e-arabia-saudita-para-conversas-de-paz\/#article\",\"isPartOf\":{\"@id\":\"https:\/\/portaltela.pt\/noticias\/2026\/03\/29\/paquistao-recebe-turquia-egipto-e-arabia-saudita-para-conversas-de-paz\/\"},\"author\":{\"name\":\"Telinha\",\"@id\":\"https:\/\/portaltela.pt\/#\/schema\/person\/c4278d4a6028830caff9ee44b42d32ed\"},\"headline\":\"Paquist\u00e3o recebe Turquia, Egipto e Ar\u00e1bia Saudita para conversas de paz\",\"datePublished\":\"2026-03-29T08:02:18+00:00\",\"mainEntityOfPage\":{\"@id\":\"https:\/\/portaltela.pt\/noticias\/2026\/03\/29\/paquistao-recebe-turquia-egipto-e-arabia-saudita-para-conversas-de-paz\/\"},\"wordCount\":238,\"image\":{\"@id\":\"https:\/\/portaltela.pt\/noticias\/2026\/03\/29\/paquistao-recebe-turquia-egipto-e-arabia-saudita-para-conversas-de-paz\/#primaryimage\"},\"thumbnailUrl\":\"https:\/\/portaltela.pt\/s.01k8rhncp4jt1\/2026\/03\/2077742.jpg\",\"keywords\":[\"Ar\u00e1bia Saudita\",\"conflitos internacionais\",\"diplomacia\",\"Egito\",\"Paquist\u00e3o\",\"Turquia\"],\"articleSection\":[\"Geopol\u00edtica\",\"Not\u00edcias\"],\"inLanguage\":\"pt-PT\"},{\"@type\":\"WebPage\",\"@id\":\"https:\/\/portaltela.pt\/noticias\/2026\/03\/29\/paquistao-recebe-turquia-egipto-e-arabia-saudita-para-conversas-de-paz\/\",\"url\":\"https:\/\/portaltela.pt\/noticias\/2026\/03\/29\/paquistao-recebe-turquia-egipto-e-arabia-saudita-para-conversas-de-paz\/\",\"name\":\"Paquist\u00e3o recebe Turquia, Egipto e Ar\u00e1bia Saudita para conversas de paz - Portal Tela Portugal\",\"isPartOf\":{\"@id\":\"https:\/\/portaltela.pt\/#website\"},\"primaryImageOfPage\":{\"@id\":\"https:\/\/portaltela.pt\/noticias\/2026\/03\/29\/paquistao-recebe-turquia-egipto-e-arabia-saudita-para-conversas-de-paz\/#primaryimage\"},\"image\":{\"@id\":\"https:\/\/portaltela.pt\/noticias\/2026\/03\/29\/paquistao-recebe-turquia-egipto-e-arabia-saudita-para-conversas-de-paz\/#primaryimage\"},\"thumbnailUrl\":\"https:\/\/portaltela.pt\/s.01k8rhncp4jt1\/2026\/03\/2077742.jpg\",\"datePublished\":\"2026-03-29T08:02:18+00:00\",\"author\":{\"@id\":\"https:\/\/portaltela.pt\/#\/schema\/person\/c4278d4a6028830caff9ee44b42d32ed\"},\"breadcrumb\":{\"@id\":\"https:\/\/portaltela.pt\/noticias\/2026\/03\/29\/paquistao-recebe-turquia-egipto-e-arabia-saudita-para-conversas-de-paz\/#breadcrumb\"},\"inLanguage\":\"pt-PT\",\"potentialAction\":[{\"@type\":\"ReadAction\",\"target\":[\"https:\/\/portaltela.pt\/noticias\/2026\/03\/29\/paquistao-recebe-turquia-egipto-e-arabia-saudita-para-conversas-de-paz\/\"]}]},{\"@type\":\"ImageObject\",\"inLanguage\":\"pt-PT\",\"@id\":\"https:\/\/portaltela.pt\/noticias\/2026\/03\/29\/paquistao-recebe-turquia-egipto-e-arabia-saudita-para-conversas-de-paz\/#primaryimage\",\"url\":\"https:\/\/portaltela.pt\/s.01k8rhncp4jt1\/2026\/03\/2077742.jpg\",\"contentUrl\":\"https:\/\/portaltela.pt\/s.01k8rhncp4jt1\/2026\/03\/2077742.jpg\",\"width\":796,\"height\":448,\"caption\":\"Ministro dos Neg\u00f3cios Estrangeiros do Egipto e hom\u00f3logo do Paquist\u00e3o, a 29 de Mar\u00e7o de 2026\"},{\"@type\":\"BreadcrumbList\",\"@id\":\"https:\/\/portaltela.pt\/noticias\/2026\/03\/29\/paquistao-recebe-turquia-egipto-e-arabia-saudita-para-conversas-de-paz\/#breadcrumb\",\"itemListElement\":[{\"@type\":\"ListItem\",\"position\":1,\"name\":\"In\u00edcio\",\"item\":\"https:\/\/portaltela.pt\/\"},{\"@type\":\"ListItem\",\"position\":2,\"name\":\"Paquist\u00e3o recebe Turquia, Egipto e Ar\u00e1bia Saudita para conversas de paz\"}]},{\"@type\":\"WebSite\",\"@id\":\"https:\/\/portaltela.pt\/#website\",\"url\":\"https:\/\/portaltela.pt\/\",\"name\":\"Portal Tela Portugal\",\"description\":\"\",\"potentialAction\":[{\"@type\":\"SearchAction\",\"target\":{\"@type\":\"EntryPoint\",\"urlTemplate\":\"https:\/\/portaltela.pt\/?s={search_term_string}\"},\"query-input\":{\"@type\":\"PropertyValueSpecification\",\"valueRequired\":true,\"valueName\":\"search_term_string\"}}],\"inLanguage\":\"pt-PT\"},{\"@type\":\"Person\",\"@id\":\"https:\/\/portaltela.pt\/#\/schema\/person\/c4278d4a6028830caff9ee44b42d32ed\",\"name\":\"Telinha\",\"image\":{\"@type\":\"ImageObject\",\"inLanguage\":\"pt-PT\",\"@id\":\"https:\/\/portaltela.pt\/s.01k8rhncp4jt1\/2025\/11\/talking-bot-125x125.png\",\"url\":\"https:\/\/portaltela.pt\/s.01k8rhncp4jt1\/2025\/11\/talking-bot-125x125.png\",\"contentUrl\":\"https:\/\/portaltela.pt\/s.01k8rhncp4jt1\/2025\/11\/talking-bot-125x125.png\",\"caption\":\"Telinha\"},\"sameAs\":[\"https:\/\/portaltela.pt\/\"],\"url\":\"https:\/\/portaltela.pt\/por\/367410592786\/\"}]}<\/script>\n<!-- \/ Yoast SEO plugin. -->","yoast_head_json":{"title":"Paquist\u00e3o recebe Turquia, Egipto e Ar\u00e1bia Saudita para conversas de paz - Portal Tela Portugal","robots":{"index":"index","follow":"follow","max-snippet":"max-snippet:-1","max-image-preview":"max-image-preview:large","max-video-preview":"max-video-preview:-1"},"og_locale":"pt_PT","og_type":"article","og_title":"Paquist\u00e3o recebe Turquia, Egipto e Ar\u00e1bia Saudita para conversas de paz - Portal Tela Portugal","og_description":"O Paquist\u00e3o recebe Turquia, Egipto e Ar\u00e1bia Saudita para conversas de paz, num dia de esfor\u00e7os diplom\u00e1ticos. Os ataques na regi\u00e3o n\u00e3o abrandam; Israel atacou Teer\u00e3o e os houthis dizem que v\u00e3o manter a ofensiva contra Telavive. Os Estados Unidos refor\u00e7am meios no M\u00e9dio Oriente. A situa\u00e7\u00e3o envolve m\u00faltiplas escaladas entre Israel, Ir\u00e3o e grupos apoiados pelos Houthis. As discuss\u00f5es s\u00e3o centradas em encontrar caminhos para um cessar-fogo e estabilidade regional.","og_url":"https:\/\/portaltela.pt\/noticias\/2026\/03\/29\/paquistao-recebe-turquia-egipto-e-arabia-saudita-para-conversas-de-paz\/","og_site_name":"Portal Tela Portugal","article_published_time":"2026-03-29T08:02:18+00:00","author":"Telinha","twitter_card":"summary_large_image","twitter_misc":{"Escrito por":"Telinha","Tempo estimado de leitura":"1 minuto"},"schema":{"@context":"https:\/\/schema.org","@graph":[{"@type":"Article","@id":"https:\/\/portaltela.pt\/noticias\/2026\/03\/29\/paquistao-recebe-turquia-egipto-e-arabia-saudita-para-conversas-de-paz\/#article","isPartOf":{"@id":"https:\/\/portaltela.pt\/noticias\/2026\/03\/29\/paquistao-recebe-turquia-egipto-e-arabia-saudita-para-conversas-de-paz\/"},"author":{"name":"Telinha","@id":"https:\/\/portaltela.pt\/#\/schema\/person\/c4278d4a6028830caff9ee44b42d32ed"},"headline":"Paquist\u00e3o recebe Turquia, Egipto e Ar\u00e1bia Saudita para conversas de paz","datePublished":"2026-03-29T08:02:18+00:00","mainEntityOfPage":{"@id":"https:\/\/portaltela.pt\/noticias\/2026\/03\/29\/paquistao-recebe-turquia-egipto-e-arabia-saudita-para-conversas-de-paz\/"},"wordCount":238,"image":{"@id":"https:\/\/portaltela.pt\/noticias\/2026\/03\/29\/paquistao-recebe-turquia-egipto-e-arabia-saudita-para-conversas-de-paz\/#primaryimage"},"thumbnailUrl":"https:\/\/portaltela.pt\/s.01k8rhncp4jt1\/2026\/03\/2077742.jpg","keywords":["Ar\u00e1bia Saudita","conflitos internacionais","diplomacia","Egito","Paquist\u00e3o","Turquia"],"articleSection":["Geopol\u00edtica","Not\u00edcias"],"inLanguage":"pt-PT"},{"@type":"WebPage","@id":"https:\/\/portaltela.pt\/noticias\/2026\/03\/29\/paquistao-recebe-turquia-egipto-e-arabia-saudita-para-conversas-de-paz\/","url":"https:\/\/portaltela.pt\/noticias\/2026\/03\/29\/paquistao-recebe-turquia-egipto-e-arabia-saudita-para-conversas-de-paz\/","name":"Paquist\u00e3o recebe Turquia, Egipto e Ar\u00e1bia Saudita para conversas de paz - Portal Tela Portugal","isPartOf":{"@id":"https:\/\/portaltela.pt\/#website"},"primaryImageOfPage":{"@id":"https:\/\/portaltela.pt\/noticias\/2026\/03\/29\/paquistao-recebe-turquia-egipto-e-arabia-saudita-para-conversas-de-paz\/#primaryimage"},"image":{"@id":"https:\/\/portaltela.pt\/noticias\/2026\/03\/29\/paquistao-recebe-turquia-egipto-e-arabia-saudita-para-conversas-de-paz\/#primaryimage"},"thumbnailUrl":"https:\/\/portaltela.pt\/s.01k8rhncp4jt1\/2026\/03\/2077742.jpg","datePublished":"2026-03-29T08:02:18+00:00","author":{"@id":"https:\/\/portaltela.pt\/#\/schema\/person\/c4278d4a6028830caff9ee44b42d32ed"},"breadcrumb":{"@id":"https:\/\/portaltela.pt\/noticias\/2026\/03\/29\/paquistao-recebe-turquia-egipto-e-arabia-saudita-para-conversas-de-paz\/#breadcrumb"},"inLanguage":"pt-PT","potentialAction":[{"@type":"ReadAction","target":["https:\/\/portaltela.pt\/noticias\/2026\/03\/29\/paquistao-recebe-turquia-egipto-e-arabia-saudita-para-conversas-de-paz\/"]}]},{"@type":"ImageObject","inLanguage":"pt-PT","@id":"https:\/\/portaltela.pt\/noticias\/2026\/03\/29\/paquistao-recebe-turquia-egipto-e-arabia-saudita-para-conversas-de-paz\/#primaryimage","url":"https:\/\/portaltela.pt\/s.01k8rhncp4jt1\/2026\/03\/2077742.jpg","contentUrl":"https:\/\/portaltela.pt\/s.01k8rhncp4jt1\/2026\/03\/2077742.jpg","width":796,"height":448,"caption":"Ministro dos Neg\u00f3cios Estrangeiros do Egipto e hom\u00f3logo do Paquist\u00e3o, a 29 de Mar\u00e7o de 2026"},{"@type":"BreadcrumbList","@id":"https:\/\/portaltela.pt\/noticias\/2026\/03\/29\/paquistao-recebe-turquia-egipto-e-arabia-saudita-para-conversas-de-paz\/#breadcrumb","itemListElement":[{"@type":"ListItem","position":1,"name":"In\u00edcio","item":"https:\/\/portaltela.pt\/"},{"@type":"ListItem","position":2,"name":"Paquist\u00e3o recebe Turquia, Egipto e Ar\u00e1bia Saudita para conversas de paz"}]},{"@type":"WebSite","@id":"https:\/\/portaltela.pt\/#website","url":"https:\/\/portaltela.pt\/","name":"Portal Tela Portugal","description":"","potentialAction":[{"@type":"SearchAction","target":{"@type":"EntryPoint","urlTemplate":"https:\/\/portaltela.pt\/?s={search_term_string}"},"query-input":{"@type":"PropertyValueSpecification","valueRequired":true,"valueName":"search_term_string"}}],"inLanguage":"pt-PT"},{"@type":"Person","@id":"https:\/\/portaltela.pt\/#\/schema\/person\/c4278d4a6028830caff9ee44b42d32ed","name":"Telinha","image":{"@type":"ImageObject","inLanguage":"pt-PT","@id":"https:\/\/portaltela.pt\/s.01k8rhncp4jt1\/2025\/11\/talking-bot-125x125.png","url":"https:\/\/portaltela.pt\/s.01k8rhncp4jt1\/2025\/11\/talking-bot-125x125.png","contentUrl":"https:\/\/portaltela.pt\/s.01k8rhncp4jt1\/2025\/11\/talking-bot-125x125.png","caption":"Telinha"},"sameAs":["https:\/\/portaltela.pt\/"],"url":"https:\/\/portaltela.pt\/por\/367410592786\/"}]}},"_links":{"self":[{"href":"https:\/\/portaltela.pt\/api\/wp\/v2\/posts\/425722","targetHints":{"allow":["GET"]}}],"collection":[{"href":"https:\/\/portaltela.pt\/api\/wp\/v2\/posts"}],"about":[{"href":"https:\/\/portaltela.pt\/api\/wp\/v2\/types\/post"}],"author":[{"embeddable":true,"href":"https:\/\/portaltela.pt\/api\/wp\/v2\/users\/2"}],"replies":[{"embeddable":true,"href":"https:\/\/portaltela.pt\/api\/wp\/v2\/comments?post=425722"}],"version-history":[{"count":0,"href":"https:\/\/portaltela.pt\/api\/wp\/v2\/posts\/425722\/revisions"}],"wp:featuredmedia":[{"embeddable":true,"href":"https:\/\/portaltela.pt\/api\/wp\/v2\/media\/425726"}],"wp:attachment":[{"href":"https:\/\/portaltela.pt\/api\/wp\/v2\/media?parent=425722"}],"wp:term":[{"taxonomy":"category","embeddable":true,"href":"https:\/\/portaltela.pt\/api\/wp\/v2\/categories?post=425722"},{"taxonomy":"post_tag","embeddable":true,"href":"https:\/\/portaltela.pt\/api\/wp\/v2\/tags?post=425722"}],"curies":[{"name":"wp","href":"https:\/\/api.w.org\/{rel}","templated":true}]}}