{"id":425716,"date":"2026-03-29T05:02:12","date_gmt":"2026-03-29T08:02:12","guid":{"rendered":"https:\/\/portaltela.pt\/noticias\/2026\/03\/29\/vitor-matos-passa-ferias-na-madeira\/"},"modified":"2026-03-29T05:02:12","modified_gmt":"2026-03-29T08:02:12","slug":"vitor-matos-passa-ferias-na-madeira","status":"publish","type":"post","link":"https:\/\/portaltela.pt\/desporto\/futebol\/2026\/03\/29\/vitor-matos-passa-ferias-na-madeira\/","title":{"rendered":"V\u00edtor Matos passa f\u00e9rias na Madeira"},"content":{"rendered":"<p>O antigo treinador do Mar\u00edtimo, V\u00edtor Matos, est\u00e1 de f\u00e9rias na Madeira com a fam\u00edlia, durante a pausa do Championship. O objetivo \u00e9 descansar e revisitar a ilha onde foi feliz.<\/p>\n<p>Matos, atualmente t\u00e9cnico do Swansea, aproveita o intervalo para reencontrar amigos e refletir sobre o percurso recente. Recorda o papel que desempenhou na subida do Mar\u00edtimo \u00e0 2.\u00aa Liga, antes de Miguel Moita seguir o projeto.<\/p>\n<p>O regresso ao Pa\u00eds de Gales est\u00e1 previsto para este domingo, para retomar a prepara\u00e7\u00e3o para a segunda divis\u00e3o inglesa. O Swansea ocupa a 14.\u00aa posi\u00e7\u00e3o com 52 pontos, a 11 do 6.\u00ba lugar, \u00faltimo que d\u00e1 acesso aos playoffs de subida.<\/p>\n","protected":false},"excerpt":{"rendered":"<ul>\n<li>V\u00edtor Matos aproveitou a pausa do Championship para descansar na Madeira com a fam\u00edlia.<\/li>\n<li>O antigo treinador do Mar\u00edtimo est\u00e1 hoje ao leme do Swansea.<\/li>\n<li>Reencontrou amigos e a ilha onde foi feliz, antes de regressar ao futebol ingl\u00eas.<\/li>\n<li>Matos iniciou o projeto de subida dos verde-rubros, atuais l\u00edderes da 2.\u00aa Liga, antes de Miguel Moita prosseguir o trajeto.<\/li>\n<li>O Swansea, 14.\u00ba classificado com 52 pontos, est\u00e1 a onze do 6.\u00ba lugar, \u00faltimo que d\u00e1 acesso ao playoff de subida; o t\u00e9cnico retorna a Pa\u00eds de Gales neste domingo para retomar a prepara\u00e7\u00e3o.<\/li>\n<\/ul>\n","protected":false},"author":2,"featured_media":425721,"comment_status":"closed","ping_status":"closed","sticky":false,"template":"","format":"standard","meta":{"footnotes":""},"categories":[21,24],"tags":[1367,152,5455,32,859,3097],"class_list":["post-425716","post","type-post","status-publish","format-standard","has-post-thumbnail","hentry","category-desporto","category-futebol","tag-clubes","tag-desporto","tag-ferias","tag-futebol","tag-madeira","tag-maritimo"],"yoast_head":"<!-- This site is optimized with the Yoast SEO plugin v27.2 - https:\/\/yoast.com\/product\/yoast-seo-wordpress\/ -->\n<title>V\u00edtor Matos passa f\u00e9rias na Madeira - Portal Tela Portugal<\/title>\n<meta name=\"robots\" content=\"index, follow, max-snippet:-1, max-image-preview:large, max-video-preview:-1\" \/>\n<meta property=\"og:locale\" content=\"pt_PT\" \/>\n<meta property=\"og:type\" content=\"article\" \/>\n<meta property=\"og:title\" content=\"V\u00edtor Matos passa f\u00e9rias na Madeira - Portal Tela Portugal\" \/>\n<meta property=\"og:description\" content=\"V\u00edtor Matos aproveitou a pausa do Championship para descansar na Madeira com a fam\u00edlia. O antigo treinador do Mar\u00edtimo est\u00e1 hoje ao leme do Swansea. Reencontrou amigos e a ilha onde foi feliz, antes de regressar ao futebol ingl\u00eas. Matos iniciou o projeto de subida dos verde-rubros, atuais l\u00edderes da 2.\u00aa Liga, antes de Miguel Moita prosseguir o trajeto. O Swansea, 14.\u00ba classificado com 52 pontos, est\u00e1 a onze do 6.\u00ba lugar, \u00faltimo que d\u00e1 acesso ao playoff de subida; o t\u00e9cnico retorna a Pa\u00eds de Gales neste domingo para retomar a prepara\u00e7\u00e3o.\" \/>\n<meta property=\"og:url\" content=\"https:\/\/portaltela.pt\/noticias\/2026\/03\/29\/vitor-matos-passa-ferias-na-madeira\/\" \/>\n<meta property=\"og:site_name\" content=\"Portal Tela Portugal\" \/>\n<meta property=\"article:published_time\" content=\"2026-03-29T08:02:12+00:00\" \/>\n<meta name=\"author\" content=\"Telinha\" \/>\n<meta name=\"twitter:card\" content=\"summary_large_image\" \/>\n<meta name=\"twitter:label1\" content=\"Escrito por\" \/>\n\t<meta name=\"twitter:data1\" content=\"Telinha\" \/>\n\t<meta name=\"twitter:label2\" content=\"Tempo estimado de leitura\" \/>\n\t<meta name=\"twitter:data2\" content=\"1 minuto\" \/>\n<script type=\"application\/ld+json\" class=\"yoast-schema-graph\">{\"@context\":\"https:\/\/schema.org\",\"@graph\":[{\"@type\":\"Article\",\"@id\":\"https:\/\/portaltela.pt\/noticias\/2026\/03\/29\/vitor-matos-passa-ferias-na-madeira\/#article\",\"isPartOf\":{\"@id\":\"https:\/\/portaltela.pt\/noticias\/2026\/03\/29\/vitor-matos-passa-ferias-na-madeira\/\"},\"author\":{\"name\":\"Telinha\",\"@id\":\"https:\/\/portaltela.pt\/#\/schema\/person\/c4278d4a6028830caff9ee44b42d32ed\"},\"headline\":\"V\u00edtor Matos passa f\u00e9rias na Madeira\",\"datePublished\":\"2026-03-29T08:02:12+00:00\",\"mainEntityOfPage\":{\"@id\":\"https:\/\/portaltela.pt\/noticias\/2026\/03\/29\/vitor-matos-passa-ferias-na-madeira\/\"},\"wordCount\":120,\"image\":{\"@id\":\"https:\/\/portaltela.pt\/noticias\/2026\/03\/29\/vitor-matos-passa-ferias-na-madeira\/#primaryimage\"},\"thumbnailUrl\":\"https:\/\/portaltela.pt\/s.01k8rhncp4jt1\/2026\/03\/img_920x518uu2026-03-28-23-53-57-2429931.jpg\",\"keywords\":[\"clubes\",\"desporto\",\"f\u00e9rias\",\"futebol\",\"Madeira\",\"Mar\u00edtimo\"],\"articleSection\":[\"Desporto\",\"Futebol\"],\"inLanguage\":\"pt-PT\"},{\"@type\":\"WebPage\",\"@id\":\"https:\/\/portaltela.pt\/noticias\/2026\/03\/29\/vitor-matos-passa-ferias-na-madeira\/\",\"url\":\"https:\/\/portaltela.pt\/noticias\/2026\/03\/29\/vitor-matos-passa-ferias-na-madeira\/\",\"name\":\"V\u00edtor Matos passa f\u00e9rias na Madeira - Portal Tela Portugal\",\"isPartOf\":{\"@id\":\"https:\/\/portaltela.pt\/#website\"},\"primaryImageOfPage\":{\"@id\":\"https:\/\/portaltela.pt\/noticias\/2026\/03\/29\/vitor-matos-passa-ferias-na-madeira\/#primaryimage\"},\"image\":{\"@id\":\"https:\/\/portaltela.pt\/noticias\/2026\/03\/29\/vitor-matos-passa-ferias-na-madeira\/#primaryimage\"},\"thumbnailUrl\":\"https:\/\/portaltela.pt\/s.01k8rhncp4jt1\/2026\/03\/img_920x518uu2026-03-28-23-53-57-2429931.jpg\",\"datePublished\":\"2026-03-29T08:02:12+00:00\",\"author\":{\"@id\":\"https:\/\/portaltela.pt\/#\/schema\/person\/c4278d4a6028830caff9ee44b42d32ed\"},\"breadcrumb\":{\"@id\":\"https:\/\/portaltela.pt\/noticias\/2026\/03\/29\/vitor-matos-passa-ferias-na-madeira\/#breadcrumb\"},\"inLanguage\":\"pt-PT\",\"potentialAction\":[{\"@type\":\"ReadAction\",\"target\":[\"https:\/\/portaltela.pt\/noticias\/2026\/03\/29\/vitor-matos-passa-ferias-na-madeira\/\"]}]},{\"@type\":\"ImageObject\",\"inLanguage\":\"pt-PT\",\"@id\":\"https:\/\/portaltela.pt\/noticias\/2026\/03\/29\/vitor-matos-passa-ferias-na-madeira\/#primaryimage\",\"url\":\"https:\/\/portaltela.pt\/s.01k8rhncp4jt1\/2026\/03\/img_920x518uu2026-03-28-23-53-57-2429931.jpg\",\"contentUrl\":\"https:\/\/portaltela.pt\/s.01k8rhncp4jt1\/2026\/03\/img_920x518uu2026-03-28-23-53-57-2429931.jpg\",\"width\":796,\"height\":448,\"caption\":\"Treinador do Swansea no Funchal com a fam\u00edlia\"},{\"@type\":\"BreadcrumbList\",\"@id\":\"https:\/\/portaltela.pt\/noticias\/2026\/03\/29\/vitor-matos-passa-ferias-na-madeira\/#breadcrumb\",\"itemListElement\":[{\"@type\":\"ListItem\",\"position\":1,\"name\":\"In\u00edcio\",\"item\":\"https:\/\/portaltela.pt\/\"},{\"@type\":\"ListItem\",\"position\":2,\"name\":\"V\u00edtor Matos passa f\u00e9rias na Madeira\"}]},{\"@type\":\"WebSite\",\"@id\":\"https:\/\/portaltela.pt\/#website\",\"url\":\"https:\/\/portaltela.pt\/\",\"name\":\"Portal Tela Portugal\",\"description\":\"\",\"potentialAction\":[{\"@type\":\"SearchAction\",\"target\":{\"@type\":\"EntryPoint\",\"urlTemplate\":\"https:\/\/portaltela.pt\/?s={search_term_string}\"},\"query-input\":{\"@type\":\"PropertyValueSpecification\",\"valueRequired\":true,\"valueName\":\"search_term_string\"}}],\"inLanguage\":\"pt-PT\"},{\"@type\":\"Person\",\"@id\":\"https:\/\/portaltela.pt\/#\/schema\/person\/c4278d4a6028830caff9ee44b42d32ed\",\"name\":\"Telinha\",\"image\":{\"@type\":\"ImageObject\",\"inLanguage\":\"pt-PT\",\"@id\":\"https:\/\/portaltela.pt\/s.01k8rhncp4jt1\/2025\/11\/talking-bot-125x125.png\",\"url\":\"https:\/\/portaltela.pt\/s.01k8rhncp4jt1\/2025\/11\/talking-bot-125x125.png\",\"contentUrl\":\"https:\/\/portaltela.pt\/s.01k8rhncp4jt1\/2025\/11\/talking-bot-125x125.png\",\"caption\":\"Telinha\"},\"sameAs\":[\"https:\/\/portaltela.pt\/\"],\"url\":\"https:\/\/portaltela.pt\/por\/367410592786\/\"}]}<\/script>\n<!-- \/ Yoast SEO plugin. -->","yoast_head_json":{"title":"V\u00edtor Matos passa f\u00e9rias na Madeira - Portal Tela Portugal","robots":{"index":"index","follow":"follow","max-snippet":"max-snippet:-1","max-image-preview":"max-image-preview:large","max-video-preview":"max-video-preview:-1"},"og_locale":"pt_PT","og_type":"article","og_title":"V\u00edtor Matos passa f\u00e9rias na Madeira - Portal Tela Portugal","og_description":"V\u00edtor Matos aproveitou a pausa do Championship para descansar na Madeira com a fam\u00edlia. O antigo treinador do Mar\u00edtimo est\u00e1 hoje ao leme do Swansea. Reencontrou amigos e a ilha onde foi feliz, antes de regressar ao futebol ingl\u00eas. Matos iniciou o projeto de subida dos verde-rubros, atuais l\u00edderes da 2.\u00aa Liga, antes de Miguel Moita prosseguir o trajeto. O Swansea, 14.\u00ba classificado com 52 pontos, est\u00e1 a onze do 6.\u00ba lugar, \u00faltimo que d\u00e1 acesso ao playoff de subida; o t\u00e9cnico retorna a Pa\u00eds de Gales neste domingo para retomar a prepara\u00e7\u00e3o.","og_url":"https:\/\/portaltela.pt\/noticias\/2026\/03\/29\/vitor-matos-passa-ferias-na-madeira\/","og_site_name":"Portal Tela Portugal","article_published_time":"2026-03-29T08:02:12+00:00","author":"Telinha","twitter_card":"summary_large_image","twitter_misc":{"Escrito por":"Telinha","Tempo estimado de leitura":"1 minuto"},"schema":{"@context":"https:\/\/schema.org","@graph":[{"@type":"Article","@id":"https:\/\/portaltela.pt\/noticias\/2026\/03\/29\/vitor-matos-passa-ferias-na-madeira\/#article","isPartOf":{"@id":"https:\/\/portaltela.pt\/noticias\/2026\/03\/29\/vitor-matos-passa-ferias-na-madeira\/"},"author":{"name":"Telinha","@id":"https:\/\/portaltela.pt\/#\/schema\/person\/c4278d4a6028830caff9ee44b42d32ed"},"headline":"V\u00edtor Matos passa f\u00e9rias na Madeira","datePublished":"2026-03-29T08:02:12+00:00","mainEntityOfPage":{"@id":"https:\/\/portaltela.pt\/noticias\/2026\/03\/29\/vitor-matos-passa-ferias-na-madeira\/"},"wordCount":120,"image":{"@id":"https:\/\/portaltela.pt\/noticias\/2026\/03\/29\/vitor-matos-passa-ferias-na-madeira\/#primaryimage"},"thumbnailUrl":"https:\/\/portaltela.pt\/s.01k8rhncp4jt1\/2026\/03\/img_920x518uu2026-03-28-23-53-57-2429931.jpg","keywords":["clubes","desporto","f\u00e9rias","futebol","Madeira","Mar\u00edtimo"],"articleSection":["Desporto","Futebol"],"inLanguage":"pt-PT"},{"@type":"WebPage","@id":"https:\/\/portaltela.pt\/noticias\/2026\/03\/29\/vitor-matos-passa-ferias-na-madeira\/","url":"https:\/\/portaltela.pt\/noticias\/2026\/03\/29\/vitor-matos-passa-ferias-na-madeira\/","name":"V\u00edtor Matos passa f\u00e9rias na Madeira - Portal Tela Portugal","isPartOf":{"@id":"https:\/\/portaltela.pt\/#website"},"primaryImageOfPage":{"@id":"https:\/\/portaltela.pt\/noticias\/2026\/03\/29\/vitor-matos-passa-ferias-na-madeira\/#primaryimage"},"image":{"@id":"https:\/\/portaltela.pt\/noticias\/2026\/03\/29\/vitor-matos-passa-ferias-na-madeira\/#primaryimage"},"thumbnailUrl":"https:\/\/portaltela.pt\/s.01k8rhncp4jt1\/2026\/03\/img_920x518uu2026-03-28-23-53-57-2429931.jpg","datePublished":"2026-03-29T08:02:12+00:00","author":{"@id":"https:\/\/portaltela.pt\/#\/schema\/person\/c4278d4a6028830caff9ee44b42d32ed"},"breadcrumb":{"@id":"https:\/\/portaltela.pt\/noticias\/2026\/03\/29\/vitor-matos-passa-ferias-na-madeira\/#breadcrumb"},"inLanguage":"pt-PT","potentialAction":[{"@type":"ReadAction","target":["https:\/\/portaltela.pt\/noticias\/2026\/03\/29\/vitor-matos-passa-ferias-na-madeira\/"]}]},{"@type":"ImageObject","inLanguage":"pt-PT","@id":"https:\/\/portaltela.pt\/noticias\/2026\/03\/29\/vitor-matos-passa-ferias-na-madeira\/#primaryimage","url":"https:\/\/portaltela.pt\/s.01k8rhncp4jt1\/2026\/03\/img_920x518uu2026-03-28-23-53-57-2429931.jpg","contentUrl":"https:\/\/portaltela.pt\/s.01k8rhncp4jt1\/2026\/03\/img_920x518uu2026-03-28-23-53-57-2429931.jpg","width":796,"height":448,"caption":"Treinador do Swansea no Funchal com a fam\u00edlia"},{"@type":"BreadcrumbList","@id":"https:\/\/portaltela.pt\/noticias\/2026\/03\/29\/vitor-matos-passa-ferias-na-madeira\/#breadcrumb","itemListElement":[{"@type":"ListItem","position":1,"name":"In\u00edcio","item":"https:\/\/portaltela.pt\/"},{"@type":"ListItem","position":2,"name":"V\u00edtor Matos passa f\u00e9rias na Madeira"}]},{"@type":"WebSite","@id":"https:\/\/portaltela.pt\/#website","url":"https:\/\/portaltela.pt\/","name":"Portal Tela Portugal","description":"","potentialAction":[{"@type":"SearchAction","target":{"@type":"EntryPoint","urlTemplate":"https:\/\/portaltela.pt\/?s={search_term_string}"},"query-input":{"@type":"PropertyValueSpecification","valueRequired":true,"valueName":"search_term_string"}}],"inLanguage":"pt-PT"},{"@type":"Person","@id":"https:\/\/portaltela.pt\/#\/schema\/person\/c4278d4a6028830caff9ee44b42d32ed","name":"Telinha","image":{"@type":"ImageObject","inLanguage":"pt-PT","@id":"https:\/\/portaltela.pt\/s.01k8rhncp4jt1\/2025\/11\/talking-bot-125x125.png","url":"https:\/\/portaltela.pt\/s.01k8rhncp4jt1\/2025\/11\/talking-bot-125x125.png","contentUrl":"https:\/\/portaltela.pt\/s.01k8rhncp4jt1\/2025\/11\/talking-bot-125x125.png","caption":"Telinha"},"sameAs":["https:\/\/portaltela.pt\/"],"url":"https:\/\/portaltela.pt\/por\/367410592786\/"}]}},"_links":{"self":[{"href":"https:\/\/portaltela.pt\/api\/wp\/v2\/posts\/425716","targetHints":{"allow":["GET"]}}],"collection":[{"href":"https:\/\/portaltela.pt\/api\/wp\/v2\/posts"}],"about":[{"href":"https:\/\/portaltela.pt\/api\/wp\/v2\/types\/post"}],"author":[{"embeddable":true,"href":"https:\/\/portaltela.pt\/api\/wp\/v2\/users\/2"}],"replies":[{"embeddable":true,"href":"https:\/\/portaltela.pt\/api\/wp\/v2\/comments?post=425716"}],"version-history":[{"count":0,"href":"https:\/\/portaltela.pt\/api\/wp\/v2\/posts\/425716\/revisions"}],"wp:featuredmedia":[{"embeddable":true,"href":"https:\/\/portaltela.pt\/api\/wp\/v2\/media\/425721"}],"wp:attachment":[{"href":"https:\/\/portaltela.pt\/api\/wp\/v2\/media?parent=425716"}],"wp:term":[{"taxonomy":"category","embeddable":true,"href":"https:\/\/portaltela.pt\/api\/wp\/v2\/categories?post=425716"},{"taxonomy":"post_tag","embeddable":true,"href":"https:\/\/portaltela.pt\/api\/wp\/v2\/tags?post=425716"}],"curies":[{"name":"wp","href":"https:\/\/api.w.org\/{rel}","templated":true}]}}