{"id":425715,"date":"2026-03-29T05:02:13","date_gmt":"2026-03-29T08:02:13","guid":{"rendered":"https:\/\/portaltela.pt\/noticias\/2026\/03\/29\/semana-santa-impulsiona-a-economia-de-braga-e-abre-portas-a-novas-oportunidades\/"},"modified":"2026-03-29T05:02:13","modified_gmt":"2026-03-29T08:02:13","slug":"semana-santa-impulsiona-a-economia-de-braga-e-abre-portas-a-novas-oportunidades","status":"publish","type":"post","link":"https:\/\/portaltela.pt\/noticias\/economia\/2026\/03\/29\/semana-santa-impulsiona-a-economia-de-braga-e-abre-portas-a-novas-oportunidades\/","title":{"rendered":"Semana Santa impulsiona a economia de Braga e abre portas a novas oportunidades"},"content":{"rendered":"<p>A Semana Santa funciona como um alicerce econ\u00f3mico para Braga, segundo Rui Marques, diretor-geral da Associa\u00e7\u00e3o Empresarial de Braga (AEB). O per\u00edodo \u00e9 descrito como um bal\u00e3o de oxig\u00e9nio para a economia local, marcando o primeiro grande momento de din\u00e2mica anual.<\/p>\n<p>As perspetivas para este ano apontam para casa cheia nos hot\u00e9is e nos restaurantes da cidade. As reservas t\u00eam sido feitas cada vez mais em cima da hora, mas h\u00e1 quem j\u00e1 tenha decidido estender a estadia at\u00e9 \u00e0 P\u00e1scoa, uma novidade face a edi\u00e7\u00f5es anteriores.<\/p>\n<h3>Perspetivas de perman\u00eancia e oportunidades<\/h3>\n<p>A AEB indica altera\u00e7\u00f5es no comportamento dos visitantes, sobretudo no tempo de perman\u00eancia. O novo padr\u00e3o pode abrir oportunidades para neg\u00f3cios locais, com maior procura de servi\u00e7os de anima\u00e7\u00e3o, com\u00e9rcio e transporte durante a quadra.<\/p>\n<p>A previs\u00e3o de bom tempo contribui para as expectativas de crescimento. O arranque da Semana Santa em Braga ocorre neste domingo e prolonga-se at\u00e9 ao pr\u00f3ximo, com impactos esperados na hotelaria, restaura\u00e7\u00e3o e com\u00e9rcio na cidade.<\/p>\n","protected":false},"excerpt":{"rendered":"<ul>\n<li>A Semana Santa \u00e9 descrita como um \u201cbal\u00e3o de oxig\u00e9nio\u201d para a economia de Braga, segundo Rui Marques, da Associa\u00e7\u00e3o Empresarial de Braga.<\/li>\n<li>Espera-se casa cheia nos hot\u00e9is e restaurantes, com reservas cada vez mais em cima da hora.<\/li>\n<li>Alguns visitantes estendem a estadia at\u00e9 ao dia de P\u00e1scoa, uma novidade.<\/li>\n<li>A edi\u00e7\u00e3o deste ano arranca neste domingo e termina no pr\u00f3ximo, com o bom tempo a sustentar as perspetivas.<\/li>\n<li>Dados da AEB indicam altera\u00e7\u00f5es no comportamento dos visitantes, nomeadamente no tempo de perman\u00eancia, o que pode abrir novas oportunidades.<\/li>\n<\/ul>\n","protected":false},"author":2,"featured_media":425723,"comment_status":"closed","ping_status":"closed","sticky":false,"template":"","format":"standard","meta":{"footnotes":""},"categories":[2,6735],"tags":[6115,1207,244,719,1931,169],"class_list":["post-425715","post","type-post","status-publish","format-standard","has-post-thumbnail","hentry","category-economia","category-negocios","tag-_economia","tag-braga","tag-comercio","tag-hotelaria","tag-restaurantes","tag-turismo"],"yoast_head":"<!-- This site is optimized with the Yoast SEO plugin v27.2 - https:\/\/yoast.com\/product\/yoast-seo-wordpress\/ -->\n<title>Semana Santa impulsiona a economia de Braga e abre portas a novas oportunidades - Portal Tela Portugal<\/title>\n<meta name=\"robots\" content=\"index, follow, max-snippet:-1, max-image-preview:large, max-video-preview:-1\" \/>\n<meta property=\"og:locale\" content=\"pt_PT\" \/>\n<meta property=\"og:type\" content=\"article\" \/>\n<meta property=\"og:title\" content=\"Semana Santa impulsiona a economia de Braga e abre portas a novas oportunidades - Portal Tela Portugal\" \/>\n<meta property=\"og:description\" content=\"A Semana Santa \u00e9 descrita como um \u201cbal\u00e3o de oxig\u00e9nio\u201d para a economia de Braga, segundo Rui Marques, da Associa\u00e7\u00e3o Empresarial de Braga. Espera-se casa cheia nos hot\u00e9is e restaurantes, com reservas cada vez mais em cima da hora. Alguns visitantes estendem a estadia at\u00e9 ao dia de P\u00e1scoa, uma novidade. A edi\u00e7\u00e3o deste ano arranca neste domingo e termina no pr\u00f3ximo, com o bom tempo a sustentar as perspetivas. Dados da AEB indicam altera\u00e7\u00f5es no comportamento dos visitantes, nomeadamente no tempo de perman\u00eancia, o que pode abrir novas oportunidades.\" \/>\n<meta property=\"og:url\" content=\"https:\/\/portaltela.pt\/noticias\/2026\/03\/29\/semana-santa-impulsiona-a-economia-de-braga-e-abre-portas-a-novas-oportunidades\/\" \/>\n<meta property=\"og:site_name\" content=\"Portal Tela Portugal\" \/>\n<meta property=\"article:published_time\" content=\"2026-03-29T08:02:13+00:00\" \/>\n<meta name=\"author\" content=\"Telinha\" \/>\n<meta name=\"twitter:card\" content=\"summary_large_image\" \/>\n<meta name=\"twitter:label1\" content=\"Escrito por\" \/>\n\t<meta name=\"twitter:data1\" content=\"Telinha\" \/>\n\t<meta name=\"twitter:label2\" content=\"Tempo estimado de leitura\" \/>\n\t<meta name=\"twitter:data2\" content=\"1 minuto\" \/>\n<script type=\"application\/ld+json\" class=\"yoast-schema-graph\">{\"@context\":\"https:\/\/schema.org\",\"@graph\":[{\"@type\":\"Article\",\"@id\":\"https:\/\/portaltela.pt\/noticias\/2026\/03\/29\/semana-santa-impulsiona-a-economia-de-braga-e-abre-portas-a-novas-oportunidades\/#article\",\"isPartOf\":{\"@id\":\"https:\/\/portaltela.pt\/noticias\/2026\/03\/29\/semana-santa-impulsiona-a-economia-de-braga-e-abre-portas-a-novas-oportunidades\/\"},\"author\":{\"name\":\"Telinha\",\"@id\":\"https:\/\/portaltela.pt\/#\/schema\/person\/c4278d4a6028830caff9ee44b42d32ed\"},\"headline\":\"Semana Santa impulsiona a economia de Braga e abre portas a novas oportunidades\",\"datePublished\":\"2026-03-29T08:02:13+00:00\",\"mainEntityOfPage\":{\"@id\":\"https:\/\/portaltela.pt\/noticias\/2026\/03\/29\/semana-santa-impulsiona-a-economia-de-braga-e-abre-portas-a-novas-oportunidades\/\"},\"wordCount\":196,\"image\":{\"@id\":\"https:\/\/portaltela.pt\/noticias\/2026\/03\/29\/semana-santa-impulsiona-a-economia-de-braga-e-abre-portas-a-novas-oportunidades\/#primaryimage\"},\"thumbnailUrl\":\"https:\/\/portaltela.pt\/s.01k8rhncp4jt1\/2026\/03\/image-1724.jpg\",\"keywords\":[\"_economia\",\"Braga\",\"com\u00e9rcio\",\"hotelaria\",\"restaurantes\",\"turismo\"],\"articleSection\":[\"Economia\",\"Neg\u00f3cios\"],\"inLanguage\":\"pt-PT\"},{\"@type\":\"WebPage\",\"@id\":\"https:\/\/portaltela.pt\/noticias\/2026\/03\/29\/semana-santa-impulsiona-a-economia-de-braga-e-abre-portas-a-novas-oportunidades\/\",\"url\":\"https:\/\/portaltela.pt\/noticias\/2026\/03\/29\/semana-santa-impulsiona-a-economia-de-braga-e-abre-portas-a-novas-oportunidades\/\",\"name\":\"Semana Santa impulsiona a economia de Braga e abre portas a novas oportunidades - Portal Tela Portugal\",\"isPartOf\":{\"@id\":\"https:\/\/portaltela.pt\/#website\"},\"primaryImageOfPage\":{\"@id\":\"https:\/\/portaltela.pt\/noticias\/2026\/03\/29\/semana-santa-impulsiona-a-economia-de-braga-e-abre-portas-a-novas-oportunidades\/#primaryimage\"},\"image\":{\"@id\":\"https:\/\/portaltela.pt\/noticias\/2026\/03\/29\/semana-santa-impulsiona-a-economia-de-braga-e-abre-portas-a-novas-oportunidades\/#primaryimage\"},\"thumbnailUrl\":\"https:\/\/portaltela.pt\/s.01k8rhncp4jt1\/2026\/03\/image-1724.jpg\",\"datePublished\":\"2026-03-29T08:02:13+00:00\",\"author\":{\"@id\":\"https:\/\/portaltela.pt\/#\/schema\/person\/c4278d4a6028830caff9ee44b42d32ed\"},\"breadcrumb\":{\"@id\":\"https:\/\/portaltela.pt\/noticias\/2026\/03\/29\/semana-santa-impulsiona-a-economia-de-braga-e-abre-portas-a-novas-oportunidades\/#breadcrumb\"},\"inLanguage\":\"pt-PT\",\"potentialAction\":[{\"@type\":\"ReadAction\",\"target\":[\"https:\/\/portaltela.pt\/noticias\/2026\/03\/29\/semana-santa-impulsiona-a-economia-de-braga-e-abre-portas-a-novas-oportunidades\/\"]}]},{\"@type\":\"ImageObject\",\"inLanguage\":\"pt-PT\",\"@id\":\"https:\/\/portaltela.pt\/noticias\/2026\/03\/29\/semana-santa-impulsiona-a-economia-de-braga-e-abre-portas-a-novas-oportunidades\/#primaryimage\",\"url\":\"https:\/\/portaltela.pt\/s.01k8rhncp4jt1\/2026\/03\/image-1724.jpg\",\"contentUrl\":\"https:\/\/portaltela.pt\/s.01k8rhncp4jt1\/2026\/03\/image-1724.jpg\",\"width\":796,\"height\":448,\"caption\":\"A prociss\u00e3o do Ecce Homo, com os farricocos, \u00e9 na Quinta-feira Santa\"},{\"@type\":\"BreadcrumbList\",\"@id\":\"https:\/\/portaltela.pt\/noticias\/2026\/03\/29\/semana-santa-impulsiona-a-economia-de-braga-e-abre-portas-a-novas-oportunidades\/#breadcrumb\",\"itemListElement\":[{\"@type\":\"ListItem\",\"position\":1,\"name\":\"In\u00edcio\",\"item\":\"https:\/\/portaltela.pt\/\"},{\"@type\":\"ListItem\",\"position\":2,\"name\":\"Semana Santa impulsiona a economia de Braga e abre portas a novas oportunidades\"}]},{\"@type\":\"WebSite\",\"@id\":\"https:\/\/portaltela.pt\/#website\",\"url\":\"https:\/\/portaltela.pt\/\",\"name\":\"Portal Tela Portugal\",\"description\":\"\",\"potentialAction\":[{\"@type\":\"SearchAction\",\"target\":{\"@type\":\"EntryPoint\",\"urlTemplate\":\"https:\/\/portaltela.pt\/?s={search_term_string}\"},\"query-input\":{\"@type\":\"PropertyValueSpecification\",\"valueRequired\":true,\"valueName\":\"search_term_string\"}}],\"inLanguage\":\"pt-PT\"},{\"@type\":\"Person\",\"@id\":\"https:\/\/portaltela.pt\/#\/schema\/person\/c4278d4a6028830caff9ee44b42d32ed\",\"name\":\"Telinha\",\"image\":{\"@type\":\"ImageObject\",\"inLanguage\":\"pt-PT\",\"@id\":\"https:\/\/portaltela.pt\/s.01k8rhncp4jt1\/2025\/11\/talking-bot-125x125.png\",\"url\":\"https:\/\/portaltela.pt\/s.01k8rhncp4jt1\/2025\/11\/talking-bot-125x125.png\",\"contentUrl\":\"https:\/\/portaltela.pt\/s.01k8rhncp4jt1\/2025\/11\/talking-bot-125x125.png\",\"caption\":\"Telinha\"},\"sameAs\":[\"https:\/\/portaltela.pt\/\"],\"url\":\"https:\/\/portaltela.pt\/por\/367410592786\/\"}]}<\/script>\n<!-- \/ Yoast SEO plugin. -->","yoast_head_json":{"title":"Semana Santa impulsiona a economia de Braga e abre portas a novas oportunidades - Portal Tela Portugal","robots":{"index":"index","follow":"follow","max-snippet":"max-snippet:-1","max-image-preview":"max-image-preview:large","max-video-preview":"max-video-preview:-1"},"og_locale":"pt_PT","og_type":"article","og_title":"Semana Santa impulsiona a economia de Braga e abre portas a novas oportunidades - Portal Tela Portugal","og_description":"A Semana Santa \u00e9 descrita como um \u201cbal\u00e3o de oxig\u00e9nio\u201d para a economia de Braga, segundo Rui Marques, da Associa\u00e7\u00e3o Empresarial de Braga. Espera-se casa cheia nos hot\u00e9is e restaurantes, com reservas cada vez mais em cima da hora. Alguns visitantes estendem a estadia at\u00e9 ao dia de P\u00e1scoa, uma novidade. A edi\u00e7\u00e3o deste ano arranca neste domingo e termina no pr\u00f3ximo, com o bom tempo a sustentar as perspetivas. Dados da AEB indicam altera\u00e7\u00f5es no comportamento dos visitantes, nomeadamente no tempo de perman\u00eancia, o que pode abrir novas oportunidades.","og_url":"https:\/\/portaltela.pt\/noticias\/2026\/03\/29\/semana-santa-impulsiona-a-economia-de-braga-e-abre-portas-a-novas-oportunidades\/","og_site_name":"Portal Tela Portugal","article_published_time":"2026-03-29T08:02:13+00:00","author":"Telinha","twitter_card":"summary_large_image","twitter_misc":{"Escrito por":"Telinha","Tempo estimado de leitura":"1 minuto"},"schema":{"@context":"https:\/\/schema.org","@graph":[{"@type":"Article","@id":"https:\/\/portaltela.pt\/noticias\/2026\/03\/29\/semana-santa-impulsiona-a-economia-de-braga-e-abre-portas-a-novas-oportunidades\/#article","isPartOf":{"@id":"https:\/\/portaltela.pt\/noticias\/2026\/03\/29\/semana-santa-impulsiona-a-economia-de-braga-e-abre-portas-a-novas-oportunidades\/"},"author":{"name":"Telinha","@id":"https:\/\/portaltela.pt\/#\/schema\/person\/c4278d4a6028830caff9ee44b42d32ed"},"headline":"Semana Santa impulsiona a economia de Braga e abre portas a novas oportunidades","datePublished":"2026-03-29T08:02:13+00:00","mainEntityOfPage":{"@id":"https:\/\/portaltela.pt\/noticias\/2026\/03\/29\/semana-santa-impulsiona-a-economia-de-braga-e-abre-portas-a-novas-oportunidades\/"},"wordCount":196,"image":{"@id":"https:\/\/portaltela.pt\/noticias\/2026\/03\/29\/semana-santa-impulsiona-a-economia-de-braga-e-abre-portas-a-novas-oportunidades\/#primaryimage"},"thumbnailUrl":"https:\/\/portaltela.pt\/s.01k8rhncp4jt1\/2026\/03\/image-1724.jpg","keywords":["_economia","Braga","com\u00e9rcio","hotelaria","restaurantes","turismo"],"articleSection":["Economia","Neg\u00f3cios"],"inLanguage":"pt-PT"},{"@type":"WebPage","@id":"https:\/\/portaltela.pt\/noticias\/2026\/03\/29\/semana-santa-impulsiona-a-economia-de-braga-e-abre-portas-a-novas-oportunidades\/","url":"https:\/\/portaltela.pt\/noticias\/2026\/03\/29\/semana-santa-impulsiona-a-economia-de-braga-e-abre-portas-a-novas-oportunidades\/","name":"Semana Santa impulsiona a economia de Braga e abre portas a novas oportunidades - Portal Tela Portugal","isPartOf":{"@id":"https:\/\/portaltela.pt\/#website"},"primaryImageOfPage":{"@id":"https:\/\/portaltela.pt\/noticias\/2026\/03\/29\/semana-santa-impulsiona-a-economia-de-braga-e-abre-portas-a-novas-oportunidades\/#primaryimage"},"image":{"@id":"https:\/\/portaltela.pt\/noticias\/2026\/03\/29\/semana-santa-impulsiona-a-economia-de-braga-e-abre-portas-a-novas-oportunidades\/#primaryimage"},"thumbnailUrl":"https:\/\/portaltela.pt\/s.01k8rhncp4jt1\/2026\/03\/image-1724.jpg","datePublished":"2026-03-29T08:02:13+00:00","author":{"@id":"https:\/\/portaltela.pt\/#\/schema\/person\/c4278d4a6028830caff9ee44b42d32ed"},"breadcrumb":{"@id":"https:\/\/portaltela.pt\/noticias\/2026\/03\/29\/semana-santa-impulsiona-a-economia-de-braga-e-abre-portas-a-novas-oportunidades\/#breadcrumb"},"inLanguage":"pt-PT","potentialAction":[{"@type":"ReadAction","target":["https:\/\/portaltela.pt\/noticias\/2026\/03\/29\/semana-santa-impulsiona-a-economia-de-braga-e-abre-portas-a-novas-oportunidades\/"]}]},{"@type":"ImageObject","inLanguage":"pt-PT","@id":"https:\/\/portaltela.pt\/noticias\/2026\/03\/29\/semana-santa-impulsiona-a-economia-de-braga-e-abre-portas-a-novas-oportunidades\/#primaryimage","url":"https:\/\/portaltela.pt\/s.01k8rhncp4jt1\/2026\/03\/image-1724.jpg","contentUrl":"https:\/\/portaltela.pt\/s.01k8rhncp4jt1\/2026\/03\/image-1724.jpg","width":796,"height":448,"caption":"A prociss\u00e3o do Ecce Homo, com os farricocos, \u00e9 na Quinta-feira Santa"},{"@type":"BreadcrumbList","@id":"https:\/\/portaltela.pt\/noticias\/2026\/03\/29\/semana-santa-impulsiona-a-economia-de-braga-e-abre-portas-a-novas-oportunidades\/#breadcrumb","itemListElement":[{"@type":"ListItem","position":1,"name":"In\u00edcio","item":"https:\/\/portaltela.pt\/"},{"@type":"ListItem","position":2,"name":"Semana Santa impulsiona a economia de Braga e abre portas a novas oportunidades"}]},{"@type":"WebSite","@id":"https:\/\/portaltela.pt\/#website","url":"https:\/\/portaltela.pt\/","name":"Portal Tela Portugal","description":"","potentialAction":[{"@type":"SearchAction","target":{"@type":"EntryPoint","urlTemplate":"https:\/\/portaltela.pt\/?s={search_term_string}"},"query-input":{"@type":"PropertyValueSpecification","valueRequired":true,"valueName":"search_term_string"}}],"inLanguage":"pt-PT"},{"@type":"Person","@id":"https:\/\/portaltela.pt\/#\/schema\/person\/c4278d4a6028830caff9ee44b42d32ed","name":"Telinha","image":{"@type":"ImageObject","inLanguage":"pt-PT","@id":"https:\/\/portaltela.pt\/s.01k8rhncp4jt1\/2025\/11\/talking-bot-125x125.png","url":"https:\/\/portaltela.pt\/s.01k8rhncp4jt1\/2025\/11\/talking-bot-125x125.png","contentUrl":"https:\/\/portaltela.pt\/s.01k8rhncp4jt1\/2025\/11\/talking-bot-125x125.png","caption":"Telinha"},"sameAs":["https:\/\/portaltela.pt\/"],"url":"https:\/\/portaltela.pt\/por\/367410592786\/"}]}},"_links":{"self":[{"href":"https:\/\/portaltela.pt\/api\/wp\/v2\/posts\/425715","targetHints":{"allow":["GET"]}}],"collection":[{"href":"https:\/\/portaltela.pt\/api\/wp\/v2\/posts"}],"about":[{"href":"https:\/\/portaltela.pt\/api\/wp\/v2\/types\/post"}],"author":[{"embeddable":true,"href":"https:\/\/portaltela.pt\/api\/wp\/v2\/users\/2"}],"replies":[{"embeddable":true,"href":"https:\/\/portaltela.pt\/api\/wp\/v2\/comments?post=425715"}],"version-history":[{"count":0,"href":"https:\/\/portaltela.pt\/api\/wp\/v2\/posts\/425715\/revisions"}],"wp:featuredmedia":[{"embeddable":true,"href":"https:\/\/portaltela.pt\/api\/wp\/v2\/media\/425723"}],"wp:attachment":[{"href":"https:\/\/portaltela.pt\/api\/wp\/v2\/media?parent=425715"}],"wp:term":[{"taxonomy":"category","embeddable":true,"href":"https:\/\/portaltela.pt\/api\/wp\/v2\/categories?post=425715"},{"taxonomy":"post_tag","embeddable":true,"href":"https:\/\/portaltela.pt\/api\/wp\/v2\/tags?post=425715"}],"curies":[{"name":"wp","href":"https:\/\/api.w.org\/{rel}","templated":true}]}}