{"id":425711,"date":"2026-03-29T02:28:00","date_gmt":"2026-03-29T05:28:00","guid":{"rendered":"https:\/\/portaltela.pt\/noticias\/2026\/03\/29\/kuwait-e-eua-sob-ataque-com-misseis-e-drones-iranianos\/"},"modified":"2026-03-29T02:28:00","modified_gmt":"2026-03-29T05:28:00","slug":"kuwait-e-eua-sob-ataque-com-misseis-e-drones-iranianos","status":"publish","type":"post","link":"https:\/\/portaltela.pt\/seguranca\/2026\/03\/29\/kuwait-e-eua-sob-ataque-com-misseis-e-drones-iranianos\/","title":{"rendered":"Kuwait e EUA sob ataque com m\u00edsseis e drones iranianos"},"content":{"rendered":"<p>O Kuwait e os Emirados \u00c1rabes Unidos foram alvejados por m\u00edsseis e drones iranianos, segundo autoridades dos dois pa\u00edses. O ataque foi indicado como parte de uma escalada na regi\u00e3o, com impactos ainda a confirmar.<\/p>\n<p>As informa\u00e7\u00f5es oficiais apontam lan\u00e7amentos ocorridos nas \u00faltimas horas, atingindo alvos militares e infraestrutura em ambos os territ\u00f3rios. N\u00e3o h\u00e1 confirma\u00e7\u00e3o p\u00fablica de v\u00edtimas ou danos espec\u00edficos at\u00e9 o momento.<\/p>\n<p>As autoridades referem que as etapas de avalia\u00e7\u00e3o continuam. N\u00e3o houve declara\u00e7\u00e3o formal de autoria por parte de terceiros, e as equipes t\u00e9cnicas est\u00e3o a recolher dados para apurar o alcance e o objetivo do ataque.<\/p>\n","protected":false},"excerpt":{"rendered":"<ul>\n<li>Kuwait e os Emirados \u00c1rabes Unidos foram alvo de m\u00edsseis e drones iranianos.<\/li>\n<li>As autoridades de ambos os pa\u00edses confirmaram o ataque.<\/li>\n<li>O comunicado n\u00e3o especifica danos ou v\u00edtimas.<\/li>\n<li>N\u00e3o foram apresentados detalhes adicionais sobre a origem ou o alcance dos ataques.<\/li>\n<li>A informa\u00e7\u00e3o foi divulgada por fontes oficiais de Kuwait e dos Emirados \u00c1rabes Unidos.<\/li>\n<\/ul>\n","protected":false},"author":2,"featured_media":425712,"comment_status":"closed","ping_status":"closed","sticky":false,"template":"","format":"standard","meta":{"footnotes":""},"categories":[6814,6779],"tags":[2198,7400,2370,3153,6607,6539],"class_list":["post-425711","post","type-post","status-publish","format-standard","has-post-thumbnail","hentry","category-geopolitica","category-seguranca","tag-conflitos-internacionais","tag-drones","tag-emirados-arabes-unidos","tag-ira","tag-kuwait","tag-missil-balisticos"],"yoast_head":"<!-- This site is optimized with the Yoast SEO plugin v27.2 - https:\/\/yoast.com\/product\/yoast-seo-wordpress\/ -->\n<title>Kuwait e EUA sob ataque com m\u00edsseis e drones iranianos - Portal Tela Portugal<\/title>\n<meta name=\"robots\" content=\"index, follow, max-snippet:-1, max-image-preview:large, max-video-preview:-1\" \/>\n<meta property=\"og:locale\" content=\"pt_PT\" \/>\n<meta property=\"og:type\" content=\"article\" \/>\n<meta property=\"og:title\" content=\"Kuwait e EUA sob ataque com m\u00edsseis e drones iranianos - Portal Tela Portugal\" \/>\n<meta property=\"og:description\" content=\"Kuwait e os Emirados \u00c1rabes Unidos foram alvo de m\u00edsseis e drones iranianos. As autoridades de ambos os pa\u00edses confirmaram o ataque. O comunicado n\u00e3o especifica danos ou v\u00edtimas. N\u00e3o foram apresentados detalhes adicionais sobre a origem ou o alcance dos ataques. A informa\u00e7\u00e3o foi divulgada por fontes oficiais de Kuwait e dos Emirados \u00c1rabes Unidos.\" \/>\n<meta property=\"og:url\" content=\"https:\/\/portaltela.pt\/noticias\/2026\/03\/29\/kuwait-e-eua-sob-ataque-com-misseis-e-drones-iranianos\/\" \/>\n<meta property=\"og:site_name\" content=\"Portal Tela Portugal\" \/>\n<meta property=\"article:published_time\" content=\"2026-03-29T05:28:00+00:00\" \/>\n<meta name=\"author\" content=\"Telinha\" \/>\n<meta name=\"twitter:card\" content=\"summary_large_image\" \/>\n<meta name=\"twitter:label1\" content=\"Escrito por\" \/>\n\t<meta name=\"twitter:data1\" content=\"Telinha\" \/>\n\t<meta name=\"twitter:label2\" content=\"Tempo estimado de leitura\" \/>\n\t<meta name=\"twitter:data2\" content=\"1 minuto\" \/>\n<script type=\"application\/ld+json\" class=\"yoast-schema-graph\">{\"@context\":\"https:\/\/schema.org\",\"@graph\":[{\"@type\":\"Article\",\"@id\":\"https:\/\/portaltela.pt\/noticias\/2026\/03\/29\/kuwait-e-eua-sob-ataque-com-misseis-e-drones-iranianos\/#article\",\"isPartOf\":{\"@id\":\"https:\/\/portaltela.pt\/noticias\/2026\/03\/29\/kuwait-e-eua-sob-ataque-com-misseis-e-drones-iranianos\/\"},\"author\":{\"name\":\"Telinha\",\"@id\":\"https:\/\/portaltela.pt\/#\/schema\/person\/c4278d4a6028830caff9ee44b42d32ed\"},\"headline\":\"Kuwait e EUA sob ataque com m\u00edsseis e drones iranianos\",\"datePublished\":\"2026-03-29T05:28:00+00:00\",\"mainEntityOfPage\":{\"@id\":\"https:\/\/portaltela.pt\/noticias\/2026\/03\/29\/kuwait-e-eua-sob-ataque-com-misseis-e-drones-iranianos\/\"},\"wordCount\":128,\"image\":{\"@id\":\"https:\/\/portaltela.pt\/noticias\/2026\/03\/29\/kuwait-e-eua-sob-ataque-com-misseis-e-drones-iranianos\/#primaryimage\"},\"thumbnailUrl\":\"https:\/\/portaltela.pt\/s.01k8rhncp4jt1\/2026\/03\/CACHE_780X1200_ANALOG_WATERMARKED_46839488_7086295138427.jpg\",\"keywords\":[\"conflitos internacionais\",\"drones\",\"Emirados \u00c1rabes Unidos\",\"Ir\u00e3\",\"Kuwait\",\"m\u00edssil bal\u00edsticos\"],\"articleSection\":[\"Geopol\u00edtica\",\"Seguran\u00e7a\"],\"inLanguage\":\"pt-PT\"},{\"@type\":\"WebPage\",\"@id\":\"https:\/\/portaltela.pt\/noticias\/2026\/03\/29\/kuwait-e-eua-sob-ataque-com-misseis-e-drones-iranianos\/\",\"url\":\"https:\/\/portaltela.pt\/noticias\/2026\/03\/29\/kuwait-e-eua-sob-ataque-com-misseis-e-drones-iranianos\/\",\"name\":\"Kuwait e EUA sob ataque com m\u00edsseis e drones iranianos - Portal Tela Portugal\",\"isPartOf\":{\"@id\":\"https:\/\/portaltela.pt\/#website\"},\"primaryImageOfPage\":{\"@id\":\"https:\/\/portaltela.pt\/noticias\/2026\/03\/29\/kuwait-e-eua-sob-ataque-com-misseis-e-drones-iranianos\/#primaryimage\"},\"image\":{\"@id\":\"https:\/\/portaltela.pt\/noticias\/2026\/03\/29\/kuwait-e-eua-sob-ataque-com-misseis-e-drones-iranianos\/#primaryimage\"},\"thumbnailUrl\":\"https:\/\/portaltela.pt\/s.01k8rhncp4jt1\/2026\/03\/CACHE_780X1200_ANALOG_WATERMARKED_46839488_7086295138427.jpg\",\"datePublished\":\"2026-03-29T05:28:00+00:00\",\"author\":{\"@id\":\"https:\/\/portaltela.pt\/#\/schema\/person\/c4278d4a6028830caff9ee44b42d32ed\"},\"breadcrumb\":{\"@id\":\"https:\/\/portaltela.pt\/noticias\/2026\/03\/29\/kuwait-e-eua-sob-ataque-com-misseis-e-drones-iranianos\/#breadcrumb\"},\"inLanguage\":\"pt-PT\",\"potentialAction\":[{\"@type\":\"ReadAction\",\"target\":[\"https:\/\/portaltela.pt\/noticias\/2026\/03\/29\/kuwait-e-eua-sob-ataque-com-misseis-e-drones-iranianos\/\"]}]},{\"@type\":\"ImageObject\",\"inLanguage\":\"pt-PT\",\"@id\":\"https:\/\/portaltela.pt\/noticias\/2026\/03\/29\/kuwait-e-eua-sob-ataque-com-misseis-e-drones-iranianos\/#primaryimage\",\"url\":\"https:\/\/portaltela.pt\/s.01k8rhncp4jt1\/2026\/03\/CACHE_780X1200_ANALOG_WATERMARKED_46839488_7086295138427.jpg\",\"contentUrl\":\"https:\/\/portaltela.pt\/s.01k8rhncp4jt1\/2026\/03\/CACHE_780X1200_ANALOG_WATERMARKED_46839488_7086295138427.jpg\",\"width\":768,\"height\":514,\"caption\":\"Kuwait e EAU alvo de m\u00edsseis e drones iranianos\"},{\"@type\":\"BreadcrumbList\",\"@id\":\"https:\/\/portaltela.pt\/noticias\/2026\/03\/29\/kuwait-e-eua-sob-ataque-com-misseis-e-drones-iranianos\/#breadcrumb\",\"itemListElement\":[{\"@type\":\"ListItem\",\"position\":1,\"name\":\"In\u00edcio\",\"item\":\"https:\/\/portaltela.pt\/\"},{\"@type\":\"ListItem\",\"position\":2,\"name\":\"Kuwait e EUA sob ataque com m\u00edsseis e drones iranianos\"}]},{\"@type\":\"WebSite\",\"@id\":\"https:\/\/portaltela.pt\/#website\",\"url\":\"https:\/\/portaltela.pt\/\",\"name\":\"Portal Tela Portugal\",\"description\":\"\",\"potentialAction\":[{\"@type\":\"SearchAction\",\"target\":{\"@type\":\"EntryPoint\",\"urlTemplate\":\"https:\/\/portaltela.pt\/?s={search_term_string}\"},\"query-input\":{\"@type\":\"PropertyValueSpecification\",\"valueRequired\":true,\"valueName\":\"search_term_string\"}}],\"inLanguage\":\"pt-PT\"},{\"@type\":\"Person\",\"@id\":\"https:\/\/portaltela.pt\/#\/schema\/person\/c4278d4a6028830caff9ee44b42d32ed\",\"name\":\"Telinha\",\"image\":{\"@type\":\"ImageObject\",\"inLanguage\":\"pt-PT\",\"@id\":\"https:\/\/portaltela.pt\/s.01k8rhncp4jt1\/2025\/11\/talking-bot-125x125.png\",\"url\":\"https:\/\/portaltela.pt\/s.01k8rhncp4jt1\/2025\/11\/talking-bot-125x125.png\",\"contentUrl\":\"https:\/\/portaltela.pt\/s.01k8rhncp4jt1\/2025\/11\/talking-bot-125x125.png\",\"caption\":\"Telinha\"},\"sameAs\":[\"https:\/\/portaltela.pt\/\"],\"url\":\"https:\/\/portaltela.pt\/por\/367410592786\/\"}]}<\/script>\n<!-- \/ Yoast SEO plugin. -->","yoast_head_json":{"title":"Kuwait e EUA sob ataque com m\u00edsseis e drones iranianos - Portal Tela Portugal","robots":{"index":"index","follow":"follow","max-snippet":"max-snippet:-1","max-image-preview":"max-image-preview:large","max-video-preview":"max-video-preview:-1"},"og_locale":"pt_PT","og_type":"article","og_title":"Kuwait e EUA sob ataque com m\u00edsseis e drones iranianos - Portal Tela Portugal","og_description":"Kuwait e os Emirados \u00c1rabes Unidos foram alvo de m\u00edsseis e drones iranianos. As autoridades de ambos os pa\u00edses confirmaram o ataque. O comunicado n\u00e3o especifica danos ou v\u00edtimas. N\u00e3o foram apresentados detalhes adicionais sobre a origem ou o alcance dos ataques. A informa\u00e7\u00e3o foi divulgada por fontes oficiais de Kuwait e dos Emirados \u00c1rabes Unidos.","og_url":"https:\/\/portaltela.pt\/noticias\/2026\/03\/29\/kuwait-e-eua-sob-ataque-com-misseis-e-drones-iranianos\/","og_site_name":"Portal Tela Portugal","article_published_time":"2026-03-29T05:28:00+00:00","author":"Telinha","twitter_card":"summary_large_image","twitter_misc":{"Escrito por":"Telinha","Tempo estimado de leitura":"1 minuto"},"schema":{"@context":"https:\/\/schema.org","@graph":[{"@type":"Article","@id":"https:\/\/portaltela.pt\/noticias\/2026\/03\/29\/kuwait-e-eua-sob-ataque-com-misseis-e-drones-iranianos\/#article","isPartOf":{"@id":"https:\/\/portaltela.pt\/noticias\/2026\/03\/29\/kuwait-e-eua-sob-ataque-com-misseis-e-drones-iranianos\/"},"author":{"name":"Telinha","@id":"https:\/\/portaltela.pt\/#\/schema\/person\/c4278d4a6028830caff9ee44b42d32ed"},"headline":"Kuwait e EUA sob ataque com m\u00edsseis e drones iranianos","datePublished":"2026-03-29T05:28:00+00:00","mainEntityOfPage":{"@id":"https:\/\/portaltela.pt\/noticias\/2026\/03\/29\/kuwait-e-eua-sob-ataque-com-misseis-e-drones-iranianos\/"},"wordCount":128,"image":{"@id":"https:\/\/portaltela.pt\/noticias\/2026\/03\/29\/kuwait-e-eua-sob-ataque-com-misseis-e-drones-iranianos\/#primaryimage"},"thumbnailUrl":"https:\/\/portaltela.pt\/s.01k8rhncp4jt1\/2026\/03\/CACHE_780X1200_ANALOG_WATERMARKED_46839488_7086295138427.jpg","keywords":["conflitos internacionais","drones","Emirados \u00c1rabes Unidos","Ir\u00e3","Kuwait","m\u00edssil bal\u00edsticos"],"articleSection":["Geopol\u00edtica","Seguran\u00e7a"],"inLanguage":"pt-PT"},{"@type":"WebPage","@id":"https:\/\/portaltela.pt\/noticias\/2026\/03\/29\/kuwait-e-eua-sob-ataque-com-misseis-e-drones-iranianos\/","url":"https:\/\/portaltela.pt\/noticias\/2026\/03\/29\/kuwait-e-eua-sob-ataque-com-misseis-e-drones-iranianos\/","name":"Kuwait e EUA sob ataque com m\u00edsseis e drones iranianos - Portal Tela Portugal","isPartOf":{"@id":"https:\/\/portaltela.pt\/#website"},"primaryImageOfPage":{"@id":"https:\/\/portaltela.pt\/noticias\/2026\/03\/29\/kuwait-e-eua-sob-ataque-com-misseis-e-drones-iranianos\/#primaryimage"},"image":{"@id":"https:\/\/portaltela.pt\/noticias\/2026\/03\/29\/kuwait-e-eua-sob-ataque-com-misseis-e-drones-iranianos\/#primaryimage"},"thumbnailUrl":"https:\/\/portaltela.pt\/s.01k8rhncp4jt1\/2026\/03\/CACHE_780X1200_ANALOG_WATERMARKED_46839488_7086295138427.jpg","datePublished":"2026-03-29T05:28:00+00:00","author":{"@id":"https:\/\/portaltela.pt\/#\/schema\/person\/c4278d4a6028830caff9ee44b42d32ed"},"breadcrumb":{"@id":"https:\/\/portaltela.pt\/noticias\/2026\/03\/29\/kuwait-e-eua-sob-ataque-com-misseis-e-drones-iranianos\/#breadcrumb"},"inLanguage":"pt-PT","potentialAction":[{"@type":"ReadAction","target":["https:\/\/portaltela.pt\/noticias\/2026\/03\/29\/kuwait-e-eua-sob-ataque-com-misseis-e-drones-iranianos\/"]}]},{"@type":"ImageObject","inLanguage":"pt-PT","@id":"https:\/\/portaltela.pt\/noticias\/2026\/03\/29\/kuwait-e-eua-sob-ataque-com-misseis-e-drones-iranianos\/#primaryimage","url":"https:\/\/portaltela.pt\/s.01k8rhncp4jt1\/2026\/03\/CACHE_780X1200_ANALOG_WATERMARKED_46839488_7086295138427.jpg","contentUrl":"https:\/\/portaltela.pt\/s.01k8rhncp4jt1\/2026\/03\/CACHE_780X1200_ANALOG_WATERMARKED_46839488_7086295138427.jpg","width":768,"height":514,"caption":"Kuwait e EAU alvo de m\u00edsseis e drones iranianos"},{"@type":"BreadcrumbList","@id":"https:\/\/portaltela.pt\/noticias\/2026\/03\/29\/kuwait-e-eua-sob-ataque-com-misseis-e-drones-iranianos\/#breadcrumb","itemListElement":[{"@type":"ListItem","position":1,"name":"In\u00edcio","item":"https:\/\/portaltela.pt\/"},{"@type":"ListItem","position":2,"name":"Kuwait e EUA sob ataque com m\u00edsseis e drones iranianos"}]},{"@type":"WebSite","@id":"https:\/\/portaltela.pt\/#website","url":"https:\/\/portaltela.pt\/","name":"Portal Tela Portugal","description":"","potentialAction":[{"@type":"SearchAction","target":{"@type":"EntryPoint","urlTemplate":"https:\/\/portaltela.pt\/?s={search_term_string}"},"query-input":{"@type":"PropertyValueSpecification","valueRequired":true,"valueName":"search_term_string"}}],"inLanguage":"pt-PT"},{"@type":"Person","@id":"https:\/\/portaltela.pt\/#\/schema\/person\/c4278d4a6028830caff9ee44b42d32ed","name":"Telinha","image":{"@type":"ImageObject","inLanguage":"pt-PT","@id":"https:\/\/portaltela.pt\/s.01k8rhncp4jt1\/2025\/11\/talking-bot-125x125.png","url":"https:\/\/portaltela.pt\/s.01k8rhncp4jt1\/2025\/11\/talking-bot-125x125.png","contentUrl":"https:\/\/portaltela.pt\/s.01k8rhncp4jt1\/2025\/11\/talking-bot-125x125.png","caption":"Telinha"},"sameAs":["https:\/\/portaltela.pt\/"],"url":"https:\/\/portaltela.pt\/por\/367410592786\/"}]}},"_links":{"self":[{"href":"https:\/\/portaltela.pt\/api\/wp\/v2\/posts\/425711","targetHints":{"allow":["GET"]}}],"collection":[{"href":"https:\/\/portaltela.pt\/api\/wp\/v2\/posts"}],"about":[{"href":"https:\/\/portaltela.pt\/api\/wp\/v2\/types\/post"}],"author":[{"embeddable":true,"href":"https:\/\/portaltela.pt\/api\/wp\/v2\/users\/2"}],"replies":[{"embeddable":true,"href":"https:\/\/portaltela.pt\/api\/wp\/v2\/comments?post=425711"}],"version-history":[{"count":0,"href":"https:\/\/portaltela.pt\/api\/wp\/v2\/posts\/425711\/revisions"}],"wp:featuredmedia":[{"embeddable":true,"href":"https:\/\/portaltela.pt\/api\/wp\/v2\/media\/425712"}],"wp:attachment":[{"href":"https:\/\/portaltela.pt\/api\/wp\/v2\/media?parent=425711"}],"wp:term":[{"taxonomy":"category","embeddable":true,"href":"https:\/\/portaltela.pt\/api\/wp\/v2\/categories?post=425711"},{"taxonomy":"post_tag","embeddable":true,"href":"https:\/\/portaltela.pt\/api\/wp\/v2\/tags?post=425711"}],"curies":[{"name":"wp","href":"https:\/\/api.w.org\/{rel}","templated":true}]}}