{"id":425696,"date":"2026-03-29T04:17:10","date_gmt":"2026-03-29T07:17:10","guid":{"rendered":"https:\/\/portaltela.pt\/noticias\/2026\/03\/29\/mercenario-bombista-confessa-ter-sido-responsavel-pela-morte-do-padre-max\/"},"modified":"2026-03-29T04:17:10","modified_gmt":"2026-03-29T07:17:10","slug":"mercenario-bombista-confessa-ter-sido-responsavel-pela-morte-do-padre-max","status":"publish","type":"post","link":"https:\/\/portaltela.pt\/criminalidade\/2026\/03\/29\/mercenario-bombista-confessa-ter-sido-responsavel-pela-morte-do-padre-max\/","title":{"rendered":"Mercen\u00e1rio bombista confessa ter sido respons\u00e1vel pela morte do Padre Max"},"content":{"rendered":"<p>Manuel Vicente da Cruz Gaspar, conhecido como &#8220;o Puto&#8221; ou &#8220;comandante Paulo&#8221;, foi alvo de uma confiss\u00e3o sobre atentados praticados em Portugal entre fevereiro e agosto de 1976. O homem, descrito como mercen\u00e1rio, admitiu a autoria de v\u00e1rias a\u00e7\u00f5es desse per\u00edodo. A pris\u00e3o ocorreu nessa altura, em Portugal.<\/p>\n<p>Gaspar \u00e9 tamb\u00e9m associado \u00e0 maior fuga de cadeia j\u00e1 registada no pa\u00eds, planeada e executada enquanto esteve detido. Depois de regressar \u00e0 guerra em Angola, estabilizou-se posteriormente na \u00c1frica do Sul. Recentemente, apareceram relatos de alegadas fraudes envolvendo o antigo Governo angolano.<\/p>\n<h3>Trajet\u00f3ria militar e pris\u00f5es<\/h3>\n<p>Segundo o livro O Puto, de Ricardo Saavedra (Quetzal, 2014), Gaspar nasceu em Montepuez, Mo\u00e7ambique, e integrou a 3.\u00aa companhia de Comandos na regi\u00e3o, sob a orienta\u00e7\u00e3o de Jaime Neves. A primeira fuga ocorreu ap\u00f3s pris\u00e3o por roubo de granadas destinadas \u00e0 FRELIMO.<\/p>\n<p>A segunda evas\u00e3o aconteceu no campo de reeduca\u00e7\u00e3o na Tanz\u00e2nia, ap\u00f3s uma rusga na fronteira com Mo\u00e7ambique. O percurso seguinte levou-o de volta \u00e0 atividade militar na Angola colonial e, mais tarde, \u00e0 vida em \u00c1frica do Sul.<\/p>\n","protected":false},"excerpt":{"rendered":"<ul>\n<li>Manuel Gaspar, conhecido como &#8220;o Puto&#8221;, confessou v\u00e1rios atentados em Portugal entre fevereiro e agosto de 1976 e a morte do padre Max.<\/li>\n<li>Foi preso em 1976, mas planeou e executou a maior fuga de cadeia j\u00e1 vista em Portugal.<\/li>\n<li>Depois voltou \u00e0 guerra em Angola e mais tarde estabeleceu-se na \u00c1frica do Sul.<\/li>\n<li>O relato da sua vida est\u00e1 no livro &#8220;O Puto&#8221;, de Ricardo Saavedra (Quetzal, 2014).<\/li>\n<li>Gaspar nasceu em Montepuez, Mo\u00e7ambique, integrou a 3.\u00aa companhia de Comandos, e as primeiras fugas ocorreram depois de pris\u00f5es por roubo de granadas destinadas \u00e0 FRELIMO; a segunda fuga foi num campo de reeduca\u00e7\u00e3o na Tanz\u00e2nia.<\/li>\n<\/ul>\n","protected":false},"author":2,"featured_media":425700,"comment_status":"closed","ping_status":"closed","sticky":false,"template":"","format":"standard","meta":{"footnotes":""},"categories":[6907,7374],"tags":[4837,177,6250,62,1911,4343],"class_list":["post-425696","post","type-post","status-publish","format-standard","has-post-thumbnail","hentry","category-crime","category-criminalidade","tag-angola","tag-crimes","tag-fugas","tag-guerra","tag-mocambique","tag-prisoes"],"yoast_head":"<!-- This site is optimized with the Yoast SEO plugin v27.2 - https:\/\/yoast.com\/product\/yoast-seo-wordpress\/ -->\n<title>Mercen\u00e1rio bombista confessa ter sido respons\u00e1vel pela morte do Padre Max - Portal Tela Portugal<\/title>\n<meta name=\"robots\" content=\"index, follow, max-snippet:-1, max-image-preview:large, max-video-preview:-1\" \/>\n<meta property=\"og:locale\" content=\"pt_PT\" \/>\n<meta property=\"og:type\" content=\"article\" \/>\n<meta property=\"og:title\" content=\"Mercen\u00e1rio bombista confessa ter sido respons\u00e1vel pela morte do Padre Max - Portal Tela Portugal\" \/>\n<meta property=\"og:description\" content=\"Manuel Gaspar, conhecido como &quot;o Puto&quot;, confessou v\u00e1rios atentados em Portugal entre fevereiro e agosto de 1976 e a morte do padre Max. Foi preso em 1976, mas planeou e executou a maior fuga de cadeia j\u00e1 vista em Portugal. Depois voltou \u00e0 guerra em Angola e mais tarde estabeleceu-se na \u00c1frica do Sul. O relato da sua vida est\u00e1 no livro &quot;O Puto&quot;, de Ricardo Saavedra (Quetzal, 2014). Gaspar nasceu em Montepuez, Mo\u00e7ambique, integrou a 3.\u00aa companhia de Comandos, e as primeiras fugas ocorreram depois de pris\u00f5es por roubo de granadas destinadas \u00e0 FRELIMO; a segunda fuga foi num campo de reeduca\u00e7\u00e3o na Tanz\u00e2nia.\" \/>\n<meta property=\"og:url\" content=\"https:\/\/portaltela.pt\/noticias\/2026\/03\/29\/mercenario-bombista-confessa-ter-sido-responsavel-pela-morte-do-padre-max\/\" \/>\n<meta property=\"og:site_name\" content=\"Portal Tela Portugal\" \/>\n<meta property=\"article:published_time\" content=\"2026-03-29T07:17:10+00:00\" \/>\n<meta name=\"author\" content=\"Telinha\" \/>\n<meta name=\"twitter:card\" content=\"summary_large_image\" \/>\n<meta name=\"twitter:label1\" content=\"Escrito por\" \/>\n\t<meta name=\"twitter:data1\" content=\"Telinha\" \/>\n\t<meta name=\"twitter:label2\" content=\"Tempo estimado de leitura\" \/>\n\t<meta name=\"twitter:data2\" content=\"1 minuto\" \/>\n<script type=\"application\/ld+json\" class=\"yoast-schema-graph\">{\"@context\":\"https:\/\/schema.org\",\"@graph\":[{\"@type\":\"Article\",\"@id\":\"https:\/\/portaltela.pt\/noticias\/2026\/03\/29\/mercenario-bombista-confessa-ter-sido-responsavel-pela-morte-do-padre-max\/#article\",\"isPartOf\":{\"@id\":\"https:\/\/portaltela.pt\/noticias\/2026\/03\/29\/mercenario-bombista-confessa-ter-sido-responsavel-pela-morte-do-padre-max\/\"},\"author\":{\"name\":\"Telinha\",\"@id\":\"https:\/\/portaltela.pt\/#\/schema\/person\/c4278d4a6028830caff9ee44b42d32ed\"},\"headline\":\"Mercen\u00e1rio bombista confessa ter sido respons\u00e1vel pela morte do Padre Max\",\"datePublished\":\"2026-03-29T07:17:10+00:00\",\"mainEntityOfPage\":{\"@id\":\"https:\/\/portaltela.pt\/noticias\/2026\/03\/29\/mercenario-bombista-confessa-ter-sido-responsavel-pela-morte-do-padre-max\/\"},\"wordCount\":200,\"image\":{\"@id\":\"https:\/\/portaltela.pt\/noticias\/2026\/03\/29\/mercenario-bombista-confessa-ter-sido-responsavel-pela-morte-do-padre-max\/#primaryimage\"},\"thumbnailUrl\":\"https:\/\/portaltela.pt\/s.01k8rhncp4jt1\/2026\/03\/e506230e-c4bc-4801-8bcb-2bad8ab4109b_1200x675.jpg\",\"keywords\":[\"Angola\",\"crimes\",\"fugas\",\"guerra\",\"Mo\u00e7ambique\",\"pris\u00f5es\"],\"articleSection\":[\"Crime\",\"Criminalidade\"],\"inLanguage\":\"pt-PT\"},{\"@type\":\"WebPage\",\"@id\":\"https:\/\/portaltela.pt\/noticias\/2026\/03\/29\/mercenario-bombista-confessa-ter-sido-responsavel-pela-morte-do-padre-max\/\",\"url\":\"https:\/\/portaltela.pt\/noticias\/2026\/03\/29\/mercenario-bombista-confessa-ter-sido-responsavel-pela-morte-do-padre-max\/\",\"name\":\"Mercen\u00e1rio bombista confessa ter sido respons\u00e1vel pela morte do Padre Max - Portal Tela Portugal\",\"isPartOf\":{\"@id\":\"https:\/\/portaltela.pt\/#website\"},\"primaryImageOfPage\":{\"@id\":\"https:\/\/portaltela.pt\/noticias\/2026\/03\/29\/mercenario-bombista-confessa-ter-sido-responsavel-pela-morte-do-padre-max\/#primaryimage\"},\"image\":{\"@id\":\"https:\/\/portaltela.pt\/noticias\/2026\/03\/29\/mercenario-bombista-confessa-ter-sido-responsavel-pela-morte-do-padre-max\/#primaryimage\"},\"thumbnailUrl\":\"https:\/\/portaltela.pt\/s.01k8rhncp4jt1\/2026\/03\/e506230e-c4bc-4801-8bcb-2bad8ab4109b_1200x675.jpg\",\"datePublished\":\"2026-03-29T07:17:10+00:00\",\"author\":{\"@id\":\"https:\/\/portaltela.pt\/#\/schema\/person\/c4278d4a6028830caff9ee44b42d32ed\"},\"breadcrumb\":{\"@id\":\"https:\/\/portaltela.pt\/noticias\/2026\/03\/29\/mercenario-bombista-confessa-ter-sido-responsavel-pela-morte-do-padre-max\/#breadcrumb\"},\"inLanguage\":\"pt-PT\",\"potentialAction\":[{\"@type\":\"ReadAction\",\"target\":[\"https:\/\/portaltela.pt\/noticias\/2026\/03\/29\/mercenario-bombista-confessa-ter-sido-responsavel-pela-morte-do-padre-max\/\"]}]},{\"@type\":\"ImageObject\",\"inLanguage\":\"pt-PT\",\"@id\":\"https:\/\/portaltela.pt\/noticias\/2026\/03\/29\/mercenario-bombista-confessa-ter-sido-responsavel-pela-morte-do-padre-max\/#primaryimage\",\"url\":\"https:\/\/portaltela.pt\/s.01k8rhncp4jt1\/2026\/03\/e506230e-c4bc-4801-8bcb-2bad8ab4109b_1200x675.jpg\",\"contentUrl\":\"https:\/\/portaltela.pt\/s.01k8rhncp4jt1\/2026\/03\/e506230e-c4bc-4801-8bcb-2bad8ab4109b_1200x675.jpg\",\"width\":796,\"height\":448,\"caption\":\"O JN tentou contactar Manuel Gaspar, mas sem sucesso. J\u00e1 depois da tentativa de contacto, o ex-mercen\u00e1rio bloqueou as redes sociais onde era recorrente a comentar a pol\u00edtica portuguesa\"},{\"@type\":\"BreadcrumbList\",\"@id\":\"https:\/\/portaltela.pt\/noticias\/2026\/03\/29\/mercenario-bombista-confessa-ter-sido-responsavel-pela-morte-do-padre-max\/#breadcrumb\",\"itemListElement\":[{\"@type\":\"ListItem\",\"position\":1,\"name\":\"In\u00edcio\",\"item\":\"https:\/\/portaltela.pt\/\"},{\"@type\":\"ListItem\",\"position\":2,\"name\":\"Mercen\u00e1rio bombista confessa ter sido respons\u00e1vel pela morte do Padre Max\"}]},{\"@type\":\"WebSite\",\"@id\":\"https:\/\/portaltela.pt\/#website\",\"url\":\"https:\/\/portaltela.pt\/\",\"name\":\"Portal Tela Portugal\",\"description\":\"\",\"potentialAction\":[{\"@type\":\"SearchAction\",\"target\":{\"@type\":\"EntryPoint\",\"urlTemplate\":\"https:\/\/portaltela.pt\/?s={search_term_string}\"},\"query-input\":{\"@type\":\"PropertyValueSpecification\",\"valueRequired\":true,\"valueName\":\"search_term_string\"}}],\"inLanguage\":\"pt-PT\"},{\"@type\":\"Person\",\"@id\":\"https:\/\/portaltela.pt\/#\/schema\/person\/c4278d4a6028830caff9ee44b42d32ed\",\"name\":\"Telinha\",\"image\":{\"@type\":\"ImageObject\",\"inLanguage\":\"pt-PT\",\"@id\":\"https:\/\/portaltela.pt\/s.01k8rhncp4jt1\/2025\/11\/talking-bot-125x125.png\",\"url\":\"https:\/\/portaltela.pt\/s.01k8rhncp4jt1\/2025\/11\/talking-bot-125x125.png\",\"contentUrl\":\"https:\/\/portaltela.pt\/s.01k8rhncp4jt1\/2025\/11\/talking-bot-125x125.png\",\"caption\":\"Telinha\"},\"sameAs\":[\"https:\/\/portaltela.pt\/\"],\"url\":\"https:\/\/portaltela.pt\/por\/367410592786\/\"}]}<\/script>\n<!-- \/ Yoast SEO plugin. -->","yoast_head_json":{"title":"Mercen\u00e1rio bombista confessa ter sido respons\u00e1vel pela morte do Padre Max - Portal Tela Portugal","robots":{"index":"index","follow":"follow","max-snippet":"max-snippet:-1","max-image-preview":"max-image-preview:large","max-video-preview":"max-video-preview:-1"},"og_locale":"pt_PT","og_type":"article","og_title":"Mercen\u00e1rio bombista confessa ter sido respons\u00e1vel pela morte do Padre Max - Portal Tela Portugal","og_description":"Manuel Gaspar, conhecido como \"o Puto\", confessou v\u00e1rios atentados em Portugal entre fevereiro e agosto de 1976 e a morte do padre Max. Foi preso em 1976, mas planeou e executou a maior fuga de cadeia j\u00e1 vista em Portugal. Depois voltou \u00e0 guerra em Angola e mais tarde estabeleceu-se na \u00c1frica do Sul. O relato da sua vida est\u00e1 no livro \"O Puto\", de Ricardo Saavedra (Quetzal, 2014). Gaspar nasceu em Montepuez, Mo\u00e7ambique, integrou a 3.\u00aa companhia de Comandos, e as primeiras fugas ocorreram depois de pris\u00f5es por roubo de granadas destinadas \u00e0 FRELIMO; a segunda fuga foi num campo de reeduca\u00e7\u00e3o na Tanz\u00e2nia.","og_url":"https:\/\/portaltela.pt\/noticias\/2026\/03\/29\/mercenario-bombista-confessa-ter-sido-responsavel-pela-morte-do-padre-max\/","og_site_name":"Portal Tela Portugal","article_published_time":"2026-03-29T07:17:10+00:00","author":"Telinha","twitter_card":"summary_large_image","twitter_misc":{"Escrito por":"Telinha","Tempo estimado de leitura":"1 minuto"},"schema":{"@context":"https:\/\/schema.org","@graph":[{"@type":"Article","@id":"https:\/\/portaltela.pt\/noticias\/2026\/03\/29\/mercenario-bombista-confessa-ter-sido-responsavel-pela-morte-do-padre-max\/#article","isPartOf":{"@id":"https:\/\/portaltela.pt\/noticias\/2026\/03\/29\/mercenario-bombista-confessa-ter-sido-responsavel-pela-morte-do-padre-max\/"},"author":{"name":"Telinha","@id":"https:\/\/portaltela.pt\/#\/schema\/person\/c4278d4a6028830caff9ee44b42d32ed"},"headline":"Mercen\u00e1rio bombista confessa ter sido respons\u00e1vel pela morte do Padre Max","datePublished":"2026-03-29T07:17:10+00:00","mainEntityOfPage":{"@id":"https:\/\/portaltela.pt\/noticias\/2026\/03\/29\/mercenario-bombista-confessa-ter-sido-responsavel-pela-morte-do-padre-max\/"},"wordCount":200,"image":{"@id":"https:\/\/portaltela.pt\/noticias\/2026\/03\/29\/mercenario-bombista-confessa-ter-sido-responsavel-pela-morte-do-padre-max\/#primaryimage"},"thumbnailUrl":"https:\/\/portaltela.pt\/s.01k8rhncp4jt1\/2026\/03\/e506230e-c4bc-4801-8bcb-2bad8ab4109b_1200x675.jpg","keywords":["Angola","crimes","fugas","guerra","Mo\u00e7ambique","pris\u00f5es"],"articleSection":["Crime","Criminalidade"],"inLanguage":"pt-PT"},{"@type":"WebPage","@id":"https:\/\/portaltela.pt\/noticias\/2026\/03\/29\/mercenario-bombista-confessa-ter-sido-responsavel-pela-morte-do-padre-max\/","url":"https:\/\/portaltela.pt\/noticias\/2026\/03\/29\/mercenario-bombista-confessa-ter-sido-responsavel-pela-morte-do-padre-max\/","name":"Mercen\u00e1rio bombista confessa ter sido respons\u00e1vel pela morte do Padre Max - Portal Tela Portugal","isPartOf":{"@id":"https:\/\/portaltela.pt\/#website"},"primaryImageOfPage":{"@id":"https:\/\/portaltela.pt\/noticias\/2026\/03\/29\/mercenario-bombista-confessa-ter-sido-responsavel-pela-morte-do-padre-max\/#primaryimage"},"image":{"@id":"https:\/\/portaltela.pt\/noticias\/2026\/03\/29\/mercenario-bombista-confessa-ter-sido-responsavel-pela-morte-do-padre-max\/#primaryimage"},"thumbnailUrl":"https:\/\/portaltela.pt\/s.01k8rhncp4jt1\/2026\/03\/e506230e-c4bc-4801-8bcb-2bad8ab4109b_1200x675.jpg","datePublished":"2026-03-29T07:17:10+00:00","author":{"@id":"https:\/\/portaltela.pt\/#\/schema\/person\/c4278d4a6028830caff9ee44b42d32ed"},"breadcrumb":{"@id":"https:\/\/portaltela.pt\/noticias\/2026\/03\/29\/mercenario-bombista-confessa-ter-sido-responsavel-pela-morte-do-padre-max\/#breadcrumb"},"inLanguage":"pt-PT","potentialAction":[{"@type":"ReadAction","target":["https:\/\/portaltela.pt\/noticias\/2026\/03\/29\/mercenario-bombista-confessa-ter-sido-responsavel-pela-morte-do-padre-max\/"]}]},{"@type":"ImageObject","inLanguage":"pt-PT","@id":"https:\/\/portaltela.pt\/noticias\/2026\/03\/29\/mercenario-bombista-confessa-ter-sido-responsavel-pela-morte-do-padre-max\/#primaryimage","url":"https:\/\/portaltela.pt\/s.01k8rhncp4jt1\/2026\/03\/e506230e-c4bc-4801-8bcb-2bad8ab4109b_1200x675.jpg","contentUrl":"https:\/\/portaltela.pt\/s.01k8rhncp4jt1\/2026\/03\/e506230e-c4bc-4801-8bcb-2bad8ab4109b_1200x675.jpg","width":796,"height":448,"caption":"O JN tentou contactar Manuel Gaspar, mas sem sucesso. J\u00e1 depois da tentativa de contacto, o ex-mercen\u00e1rio bloqueou as redes sociais onde era recorrente a comentar a pol\u00edtica portuguesa"},{"@type":"BreadcrumbList","@id":"https:\/\/portaltela.pt\/noticias\/2026\/03\/29\/mercenario-bombista-confessa-ter-sido-responsavel-pela-morte-do-padre-max\/#breadcrumb","itemListElement":[{"@type":"ListItem","position":1,"name":"In\u00edcio","item":"https:\/\/portaltela.pt\/"},{"@type":"ListItem","position":2,"name":"Mercen\u00e1rio bombista confessa ter sido respons\u00e1vel pela morte do Padre Max"}]},{"@type":"WebSite","@id":"https:\/\/portaltela.pt\/#website","url":"https:\/\/portaltela.pt\/","name":"Portal Tela Portugal","description":"","potentialAction":[{"@type":"SearchAction","target":{"@type":"EntryPoint","urlTemplate":"https:\/\/portaltela.pt\/?s={search_term_string}"},"query-input":{"@type":"PropertyValueSpecification","valueRequired":true,"valueName":"search_term_string"}}],"inLanguage":"pt-PT"},{"@type":"Person","@id":"https:\/\/portaltela.pt\/#\/schema\/person\/c4278d4a6028830caff9ee44b42d32ed","name":"Telinha","image":{"@type":"ImageObject","inLanguage":"pt-PT","@id":"https:\/\/portaltela.pt\/s.01k8rhncp4jt1\/2025\/11\/talking-bot-125x125.png","url":"https:\/\/portaltela.pt\/s.01k8rhncp4jt1\/2025\/11\/talking-bot-125x125.png","contentUrl":"https:\/\/portaltela.pt\/s.01k8rhncp4jt1\/2025\/11\/talking-bot-125x125.png","caption":"Telinha"},"sameAs":["https:\/\/portaltela.pt\/"],"url":"https:\/\/portaltela.pt\/por\/367410592786\/"}]}},"_links":{"self":[{"href":"https:\/\/portaltela.pt\/api\/wp\/v2\/posts\/425696","targetHints":{"allow":["GET"]}}],"collection":[{"href":"https:\/\/portaltela.pt\/api\/wp\/v2\/posts"}],"about":[{"href":"https:\/\/portaltela.pt\/api\/wp\/v2\/types\/post"}],"author":[{"embeddable":true,"href":"https:\/\/portaltela.pt\/api\/wp\/v2\/users\/2"}],"replies":[{"embeddable":true,"href":"https:\/\/portaltela.pt\/api\/wp\/v2\/comments?post=425696"}],"version-history":[{"count":0,"href":"https:\/\/portaltela.pt\/api\/wp\/v2\/posts\/425696\/revisions"}],"wp:featuredmedia":[{"embeddable":true,"href":"https:\/\/portaltela.pt\/api\/wp\/v2\/media\/425700"}],"wp:attachment":[{"href":"https:\/\/portaltela.pt\/api\/wp\/v2\/media?parent=425696"}],"wp:term":[{"taxonomy":"category","embeddable":true,"href":"https:\/\/portaltela.pt\/api\/wp\/v2\/categories?post=425696"},{"taxonomy":"post_tag","embeddable":true,"href":"https:\/\/portaltela.pt\/api\/wp\/v2\/tags?post=425696"}],"curies":[{"name":"wp","href":"https:\/\/api.w.org\/{rel}","templated":true}]}}