{"id":425683,"date":"2026-03-29T04:17:01","date_gmt":"2026-03-29T07:17:01","guid":{"rendered":"https:\/\/portaltela.pt\/noticias\/2026\/03\/29\/embaixada-da-servia-usada-como-local-para-guardar-cocaina\/"},"modified":"2026-03-29T04:17:01","modified_gmt":"2026-03-29T07:17:01","slug":"embaixada-da-servia-usada-como-local-para-guardar-cocaina","status":"publish","type":"post","link":"https:\/\/portaltela.pt\/noticias\/2026\/03\/29\/embaixada-da-servia-usada-como-local-para-guardar-cocaina\/","title":{"rendered":"Embaixada da S\u00e9rvia usada como local para guardar coca\u00edna"},"content":{"rendered":"<p>A Embaixada da S\u00e9rvia em Portugal poder\u00e1 ter sido usada, em 2020, como casa segura para guardar grandes quantidades de coca\u00edna que chegavam a Lisboa por via mar\u00edtima. A droga estaria associada a uma organiza\u00e7\u00e3o criminosa com atua\u00e7\u00e3o na regi\u00e3o.<\/p>\n<p>A liderar o grupo estaria Milo Bozovic, antigo deputado do Montenegro. Ao seu lado atuava Ivan Mijatovic, que ter\u00e1 vivido em Lisboa durante cinco anos sob uma identidade falsa.<\/p>\n<p>Na altura em que alegadamente tudo ocorreu, o embaixador s\u00e9rvio em Portugal era Oliver Antic. Este morreu no in\u00edcio de 2022, ao cair de uma fal\u00e9sia em Cascais.<\/p>\n","protected":false},"excerpt":{"rendered":"<ul>\n<li>Em 2020, a Embaixada da S\u00e9rvia em Portugal poder\u00e1 ter sido utilizada para guardar grandes quantidades de coca\u00edna, que chegavam a Lisboa em navios.<\/li>\n<li>A droga pertenceria a uma organiza\u00e7\u00e3o criminosa liderada pelo ex-deputado do Montenegro Milo Bozovic, com Ivan Mijatovic como bra\u00e7o-direito.<\/li>\n<li>Mijatovic viveu em Lisboa durante cinco anos com uma identidade falsa.<\/li>\n<li>Naquela data, o embaixador s\u00e9rvio era Oliver Antic.<\/li>\n<li>Antic morreu no in\u00edcio de 2022, ao cair de uma fal\u00e9sia em Cascais.<\/li>\n<\/ul>\n","protected":false},"author":2,"featured_media":425692,"comment_status":"closed","ping_status":"closed","sticky":false,"template":"","format":"standard","meta":{"footnotes":""},"categories":[7374,1],"tags":[1111,3699,3205,981,352,1014],"class_list":["post-425683","post","type-post","status-publish","format-standard","has-post-thumbnail","hentry","category-criminalidade","category-noticias","tag-cascais","tag-cocaina","tag-embaixadas","tag-lisboa","tag-organizacao-criminosa","tag-portugal"],"yoast_head":"<!-- This site is optimized with the Yoast SEO plugin v27.2 - https:\/\/yoast.com\/product\/yoast-seo-wordpress\/ -->\n<title>Embaixada da S\u00e9rvia usada como local para guardar coca\u00edna - Portal Tela Portugal<\/title>\n<meta name=\"robots\" content=\"index, follow, max-snippet:-1, max-image-preview:large, max-video-preview:-1\" \/>\n<meta property=\"og:locale\" content=\"pt_PT\" \/>\n<meta property=\"og:type\" content=\"article\" \/>\n<meta property=\"og:title\" content=\"Embaixada da S\u00e9rvia usada como local para guardar coca\u00edna - Portal Tela Portugal\" \/>\n<meta property=\"og:description\" content=\"Em 2020, a Embaixada da S\u00e9rvia em Portugal poder\u00e1 ter sido utilizada para guardar grandes quantidades de coca\u00edna, que chegavam a Lisboa em navios. A droga pertenceria a uma organiza\u00e7\u00e3o criminosa liderada pelo ex-deputado do Montenegro Milo Bozovic, com Ivan Mijatovic como bra\u00e7o-direito. Mijatovic viveu em Lisboa durante cinco anos com uma identidade falsa. Naquela data, o embaixador s\u00e9rvio era Oliver Antic. Antic morreu no in\u00edcio de 2022, ao cair de uma fal\u00e9sia em Cascais.\" \/>\n<meta property=\"og:url\" content=\"https:\/\/portaltela.pt\/noticias\/2026\/03\/29\/embaixada-da-servia-usada-como-local-para-guardar-cocaina\/\" \/>\n<meta property=\"og:site_name\" content=\"Portal Tela Portugal\" \/>\n<meta property=\"article:published_time\" content=\"2026-03-29T07:17:01+00:00\" \/>\n<meta name=\"author\" content=\"Telinha\" \/>\n<meta name=\"twitter:card\" content=\"summary_large_image\" \/>\n<meta name=\"twitter:label1\" content=\"Escrito por\" \/>\n\t<meta name=\"twitter:data1\" content=\"Telinha\" \/>\n\t<meta name=\"twitter:label2\" content=\"Tempo estimado de leitura\" \/>\n\t<meta name=\"twitter:data2\" content=\"1 minuto\" \/>\n<script type=\"application\/ld+json\" class=\"yoast-schema-graph\">{\"@context\":\"https:\/\/schema.org\",\"@graph\":[{\"@type\":\"Article\",\"@id\":\"https:\/\/portaltela.pt\/noticias\/2026\/03\/29\/embaixada-da-servia-usada-como-local-para-guardar-cocaina\/#article\",\"isPartOf\":{\"@id\":\"https:\/\/portaltela.pt\/noticias\/2026\/03\/29\/embaixada-da-servia-usada-como-local-para-guardar-cocaina\/\"},\"author\":{\"name\":\"Telinha\",\"@id\":\"https:\/\/portaltela.pt\/#\/schema\/person\/c4278d4a6028830caff9ee44b42d32ed\"},\"headline\":\"Embaixada da S\u00e9rvia usada como local para guardar coca\u00edna\",\"datePublished\":\"2026-03-29T07:17:01+00:00\",\"mainEntityOfPage\":{\"@id\":\"https:\/\/portaltela.pt\/noticias\/2026\/03\/29\/embaixada-da-servia-usada-como-local-para-guardar-cocaina\/\"},\"wordCount\":115,\"image\":{\"@id\":\"https:\/\/portaltela.pt\/noticias\/2026\/03\/29\/embaixada-da-servia-usada-como-local-para-guardar-cocaina\/#primaryimage\"},\"thumbnailUrl\":\"https:\/\/portaltela.pt\/s.01k8rhncp4jt1\/2026\/03\/image-1719.jpg\",\"keywords\":[\"Cascais\",\"coca\u00edna\",\"embaixadas\",\"Lisboa\",\"organiza\u00e7\u00e3o criminosa\",\"Portugal\"],\"articleSection\":[\"Criminalidade\",\"Not\u00edcias\"],\"inLanguage\":\"pt-PT\"},{\"@type\":\"WebPage\",\"@id\":\"https:\/\/portaltela.pt\/noticias\/2026\/03\/29\/embaixada-da-servia-usada-como-local-para-guardar-cocaina\/\",\"url\":\"https:\/\/portaltela.pt\/noticias\/2026\/03\/29\/embaixada-da-servia-usada-como-local-para-guardar-cocaina\/\",\"name\":\"Embaixada da S\u00e9rvia usada como local para guardar coca\u00edna - Portal Tela Portugal\",\"isPartOf\":{\"@id\":\"https:\/\/portaltela.pt\/#website\"},\"primaryImageOfPage\":{\"@id\":\"https:\/\/portaltela.pt\/noticias\/2026\/03\/29\/embaixada-da-servia-usada-como-local-para-guardar-cocaina\/#primaryimage\"},\"image\":{\"@id\":\"https:\/\/portaltela.pt\/noticias\/2026\/03\/29\/embaixada-da-servia-usada-como-local-para-guardar-cocaina\/#primaryimage\"},\"thumbnailUrl\":\"https:\/\/portaltela.pt\/s.01k8rhncp4jt1\/2026\/03\/image-1719.jpg\",\"datePublished\":\"2026-03-29T07:17:01+00:00\",\"author\":{\"@id\":\"https:\/\/portaltela.pt\/#\/schema\/person\/c4278d4a6028830caff9ee44b42d32ed\"},\"breadcrumb\":{\"@id\":\"https:\/\/portaltela.pt\/noticias\/2026\/03\/29\/embaixada-da-servia-usada-como-local-para-guardar-cocaina\/#breadcrumb\"},\"inLanguage\":\"pt-PT\",\"potentialAction\":[{\"@type\":\"ReadAction\",\"target\":[\"https:\/\/portaltela.pt\/noticias\/2026\/03\/29\/embaixada-da-servia-usada-como-local-para-guardar-cocaina\/\"]}]},{\"@type\":\"ImageObject\",\"inLanguage\":\"pt-PT\",\"@id\":\"https:\/\/portaltela.pt\/noticias\/2026\/03\/29\/embaixada-da-servia-usada-como-local-para-guardar-cocaina\/#primaryimage\",\"url\":\"https:\/\/portaltela.pt\/s.01k8rhncp4jt1\/2026\/03\/image-1719.jpg\",\"contentUrl\":\"https:\/\/portaltela.pt\/s.01k8rhncp4jt1\/2026\/03\/image-1719.jpg\",\"width\":796,\"height\":448,\"caption\":\"Boca do Inferno, em Cascais, foi onde morreu o embaixador\"},{\"@type\":\"BreadcrumbList\",\"@id\":\"https:\/\/portaltela.pt\/noticias\/2026\/03\/29\/embaixada-da-servia-usada-como-local-para-guardar-cocaina\/#breadcrumb\",\"itemListElement\":[{\"@type\":\"ListItem\",\"position\":1,\"name\":\"In\u00edcio\",\"item\":\"https:\/\/portaltela.pt\/\"},{\"@type\":\"ListItem\",\"position\":2,\"name\":\"Embaixada da S\u00e9rvia usada como local para guardar coca\u00edna\"}]},{\"@type\":\"WebSite\",\"@id\":\"https:\/\/portaltela.pt\/#website\",\"url\":\"https:\/\/portaltela.pt\/\",\"name\":\"Portal Tela Portugal\",\"description\":\"\",\"potentialAction\":[{\"@type\":\"SearchAction\",\"target\":{\"@type\":\"EntryPoint\",\"urlTemplate\":\"https:\/\/portaltela.pt\/?s={search_term_string}\"},\"query-input\":{\"@type\":\"PropertyValueSpecification\",\"valueRequired\":true,\"valueName\":\"search_term_string\"}}],\"inLanguage\":\"pt-PT\"},{\"@type\":\"Person\",\"@id\":\"https:\/\/portaltela.pt\/#\/schema\/person\/c4278d4a6028830caff9ee44b42d32ed\",\"name\":\"Telinha\",\"image\":{\"@type\":\"ImageObject\",\"inLanguage\":\"pt-PT\",\"@id\":\"https:\/\/portaltela.pt\/s.01k8rhncp4jt1\/2025\/11\/talking-bot-125x125.png\",\"url\":\"https:\/\/portaltela.pt\/s.01k8rhncp4jt1\/2025\/11\/talking-bot-125x125.png\",\"contentUrl\":\"https:\/\/portaltela.pt\/s.01k8rhncp4jt1\/2025\/11\/talking-bot-125x125.png\",\"caption\":\"Telinha\"},\"sameAs\":[\"https:\/\/portaltela.pt\/\"],\"url\":\"https:\/\/portaltela.pt\/por\/367410592786\/\"}]}<\/script>\n<!-- \/ Yoast SEO plugin. -->","yoast_head_json":{"title":"Embaixada da S\u00e9rvia usada como local para guardar coca\u00edna - Portal Tela Portugal","robots":{"index":"index","follow":"follow","max-snippet":"max-snippet:-1","max-image-preview":"max-image-preview:large","max-video-preview":"max-video-preview:-1"},"og_locale":"pt_PT","og_type":"article","og_title":"Embaixada da S\u00e9rvia usada como local para guardar coca\u00edna - Portal Tela Portugal","og_description":"Em 2020, a Embaixada da S\u00e9rvia em Portugal poder\u00e1 ter sido utilizada para guardar grandes quantidades de coca\u00edna, que chegavam a Lisboa em navios. A droga pertenceria a uma organiza\u00e7\u00e3o criminosa liderada pelo ex-deputado do Montenegro Milo Bozovic, com Ivan Mijatovic como bra\u00e7o-direito. Mijatovic viveu em Lisboa durante cinco anos com uma identidade falsa. Naquela data, o embaixador s\u00e9rvio era Oliver Antic. Antic morreu no in\u00edcio de 2022, ao cair de uma fal\u00e9sia em Cascais.","og_url":"https:\/\/portaltela.pt\/noticias\/2026\/03\/29\/embaixada-da-servia-usada-como-local-para-guardar-cocaina\/","og_site_name":"Portal Tela Portugal","article_published_time":"2026-03-29T07:17:01+00:00","author":"Telinha","twitter_card":"summary_large_image","twitter_misc":{"Escrito por":"Telinha","Tempo estimado de leitura":"1 minuto"},"schema":{"@context":"https:\/\/schema.org","@graph":[{"@type":"Article","@id":"https:\/\/portaltela.pt\/noticias\/2026\/03\/29\/embaixada-da-servia-usada-como-local-para-guardar-cocaina\/#article","isPartOf":{"@id":"https:\/\/portaltela.pt\/noticias\/2026\/03\/29\/embaixada-da-servia-usada-como-local-para-guardar-cocaina\/"},"author":{"name":"Telinha","@id":"https:\/\/portaltela.pt\/#\/schema\/person\/c4278d4a6028830caff9ee44b42d32ed"},"headline":"Embaixada da S\u00e9rvia usada como local para guardar coca\u00edna","datePublished":"2026-03-29T07:17:01+00:00","mainEntityOfPage":{"@id":"https:\/\/portaltela.pt\/noticias\/2026\/03\/29\/embaixada-da-servia-usada-como-local-para-guardar-cocaina\/"},"wordCount":115,"image":{"@id":"https:\/\/portaltela.pt\/noticias\/2026\/03\/29\/embaixada-da-servia-usada-como-local-para-guardar-cocaina\/#primaryimage"},"thumbnailUrl":"https:\/\/portaltela.pt\/s.01k8rhncp4jt1\/2026\/03\/image-1719.jpg","keywords":["Cascais","coca\u00edna","embaixadas","Lisboa","organiza\u00e7\u00e3o criminosa","Portugal"],"articleSection":["Criminalidade","Not\u00edcias"],"inLanguage":"pt-PT"},{"@type":"WebPage","@id":"https:\/\/portaltela.pt\/noticias\/2026\/03\/29\/embaixada-da-servia-usada-como-local-para-guardar-cocaina\/","url":"https:\/\/portaltela.pt\/noticias\/2026\/03\/29\/embaixada-da-servia-usada-como-local-para-guardar-cocaina\/","name":"Embaixada da S\u00e9rvia usada como local para guardar coca\u00edna - Portal Tela Portugal","isPartOf":{"@id":"https:\/\/portaltela.pt\/#website"},"primaryImageOfPage":{"@id":"https:\/\/portaltela.pt\/noticias\/2026\/03\/29\/embaixada-da-servia-usada-como-local-para-guardar-cocaina\/#primaryimage"},"image":{"@id":"https:\/\/portaltela.pt\/noticias\/2026\/03\/29\/embaixada-da-servia-usada-como-local-para-guardar-cocaina\/#primaryimage"},"thumbnailUrl":"https:\/\/portaltela.pt\/s.01k8rhncp4jt1\/2026\/03\/image-1719.jpg","datePublished":"2026-03-29T07:17:01+00:00","author":{"@id":"https:\/\/portaltela.pt\/#\/schema\/person\/c4278d4a6028830caff9ee44b42d32ed"},"breadcrumb":{"@id":"https:\/\/portaltela.pt\/noticias\/2026\/03\/29\/embaixada-da-servia-usada-como-local-para-guardar-cocaina\/#breadcrumb"},"inLanguage":"pt-PT","potentialAction":[{"@type":"ReadAction","target":["https:\/\/portaltela.pt\/noticias\/2026\/03\/29\/embaixada-da-servia-usada-como-local-para-guardar-cocaina\/"]}]},{"@type":"ImageObject","inLanguage":"pt-PT","@id":"https:\/\/portaltela.pt\/noticias\/2026\/03\/29\/embaixada-da-servia-usada-como-local-para-guardar-cocaina\/#primaryimage","url":"https:\/\/portaltela.pt\/s.01k8rhncp4jt1\/2026\/03\/image-1719.jpg","contentUrl":"https:\/\/portaltela.pt\/s.01k8rhncp4jt1\/2026\/03\/image-1719.jpg","width":796,"height":448,"caption":"Boca do Inferno, em Cascais, foi onde morreu o embaixador"},{"@type":"BreadcrumbList","@id":"https:\/\/portaltela.pt\/noticias\/2026\/03\/29\/embaixada-da-servia-usada-como-local-para-guardar-cocaina\/#breadcrumb","itemListElement":[{"@type":"ListItem","position":1,"name":"In\u00edcio","item":"https:\/\/portaltela.pt\/"},{"@type":"ListItem","position":2,"name":"Embaixada da S\u00e9rvia usada como local para guardar coca\u00edna"}]},{"@type":"WebSite","@id":"https:\/\/portaltela.pt\/#website","url":"https:\/\/portaltela.pt\/","name":"Portal Tela Portugal","description":"","potentialAction":[{"@type":"SearchAction","target":{"@type":"EntryPoint","urlTemplate":"https:\/\/portaltela.pt\/?s={search_term_string}"},"query-input":{"@type":"PropertyValueSpecification","valueRequired":true,"valueName":"search_term_string"}}],"inLanguage":"pt-PT"},{"@type":"Person","@id":"https:\/\/portaltela.pt\/#\/schema\/person\/c4278d4a6028830caff9ee44b42d32ed","name":"Telinha","image":{"@type":"ImageObject","inLanguage":"pt-PT","@id":"https:\/\/portaltela.pt\/s.01k8rhncp4jt1\/2025\/11\/talking-bot-125x125.png","url":"https:\/\/portaltela.pt\/s.01k8rhncp4jt1\/2025\/11\/talking-bot-125x125.png","contentUrl":"https:\/\/portaltela.pt\/s.01k8rhncp4jt1\/2025\/11\/talking-bot-125x125.png","caption":"Telinha"},"sameAs":["https:\/\/portaltela.pt\/"],"url":"https:\/\/portaltela.pt\/por\/367410592786\/"}]}},"_links":{"self":[{"href":"https:\/\/portaltela.pt\/api\/wp\/v2\/posts\/425683","targetHints":{"allow":["GET"]}}],"collection":[{"href":"https:\/\/portaltela.pt\/api\/wp\/v2\/posts"}],"about":[{"href":"https:\/\/portaltela.pt\/api\/wp\/v2\/types\/post"}],"author":[{"embeddable":true,"href":"https:\/\/portaltela.pt\/api\/wp\/v2\/users\/2"}],"replies":[{"embeddable":true,"href":"https:\/\/portaltela.pt\/api\/wp\/v2\/comments?post=425683"}],"version-history":[{"count":0,"href":"https:\/\/portaltela.pt\/api\/wp\/v2\/posts\/425683\/revisions"}],"wp:featuredmedia":[{"embeddable":true,"href":"https:\/\/portaltela.pt\/api\/wp\/v2\/media\/425692"}],"wp:attachment":[{"href":"https:\/\/portaltela.pt\/api\/wp\/v2\/media?parent=425683"}],"wp:term":[{"taxonomy":"category","embeddable":true,"href":"https:\/\/portaltela.pt\/api\/wp\/v2\/categories?post=425683"},{"taxonomy":"post_tag","embeddable":true,"href":"https:\/\/portaltela.pt\/api\/wp\/v2\/tags?post=425683"}],"curies":[{"name":"wp","href":"https:\/\/api.w.org\/{rel}","templated":true}]}}