{"id":425682,"date":"2026-03-29T04:16:59","date_gmt":"2026-03-29T07:16:59","guid":{"rendered":"https:\/\/portaltela.pt\/noticias\/2026\/03\/29\/aluno-com-daltonismo-reclama-ao-mec-de-prejuizo-em-exame-nacional\/"},"modified":"2026-03-29T04:16:59","modified_gmt":"2026-03-29T07:16:59","slug":"aluno-com-daltonismo-reclama-ao-mec-de-prejuizo-em-exame-nacional","status":"publish","type":"post","link":"https:\/\/portaltela.pt\/sociedade\/2026\/03\/29\/aluno-com-daltonismo-reclama-ao-mec-de-prejuizo-em-exame-nacional\/","title":{"rendered":"Aluno com daltonismo reclama ao MEC de preju\u00edzo em exame nacional"},"content":{"rendered":"<p>O aluno David Bandeira, com daltonismo, apresentou uma queixa ao Minist\u00e9rio da Educa\u00e7\u00e3o por ter alegadamente sido prejudicado num exame nacional. A queixa aponta um erro na legenda de um mapa com cores presente num exerc\u00edcio da prova, que dificultou a leitura e a resolu\u00e7\u00e3o.<\/p>\n<p>Segundo o estudante, as cores do mapa n\u00e3o conseguiam ser distingu\u00eddas por quem tem daltonismo, comprometendo a compreens\u00e3o das perguntas associadas ao gr\u00e1fico. Ele afirma ter reportado o problema \u00e0s autoridades competentes durante a realiza\u00e7\u00e3o do exame.<\/p>\n<p>David Bandeira refere que as adapta\u00e7\u00f5es previstas para estudantes com necessidades educativas especiais, como o daltonismo, n\u00e3o foram aplicadas no seu caso. Por isso, solicita uma revis\u00e3o do procedimento e uma poss\u00edvel retifica\u00e7\u00e3o do exame.<\/p>\n<p>O Minist\u00e9rio da Educa\u00e7\u00e3o ainda n\u00e3o se pronunciou oficialmente sobre o assunto. O caso levanta quest\u00f5es sobre acessibilidade e inclus\u00e3o de estudantes com dificuldades de percep\u00e7\u00e3o de cores em exames nacionais.<\/p>\n<p>O estudante espera que a queixa seja avaliada com rigor e que sejam tomadas medidas para garantir condi\u00e7\u00f5es iguais a todos os alunos, independentemente das suas caracter\u00edsticas visuais.<\/p>\n<h3>Contexto legal e pr\u00f3ximos passos<\/h3>\n<p>A legisla\u00e7\u00e3o vigente prev\u00ea adapta\u00e7\u00f5es para acompanhamentos de necessidades educativas especiais, incluindo daltonismo, mas a aplica\u00e7\u00e3o pr\u00e1tica depende de protocolo e de avalia\u00e7\u00e3o por parte das entidades respons\u00e1veis.<\/p>\n<p>Aguardam-se novidades sobre a abertura de uma eventual revis\u00e3o do exame ou de medidas corretivas para futuras edi\u00e7\u00f5es.<\/p>\n","protected":false},"excerpt":{"rendered":"<ul>\n<li>O aluno com daltonismo, David Bandeira, apresentou uma queixa ao Minist\u00e9rio da Educa\u00e7\u00e3o sobre um exame nacional.<\/li>\n<li>Alega que havia um erro na legenda de um mapa com cores num exerc\u00edcio do exame, o que prejudicou a sua compreens\u00e3o.<\/li>\n<li>Afirma ter comunicado a situa\u00e7\u00e3o \u00e0s autoridades, mas a queixa n\u00e3o foi devidamente considerada.<\/li>\n<li>A legisla\u00e7\u00e3o prev\u00ea adapta\u00e7\u00f5es para estudantes com necessidades educativas especiais, incluindo o daltonismo; o aluno pede revis\u00e3o do procedimento e poss\u00edvel retifica\u00e7\u00e3o do exame.<\/li>\n<li>O Minist\u00e9rio da Educa\u00e7\u00e3o ainda n\u00e3o se pronunciou oficialmente; o caso levanta quest\u00f5es sobre acessibilidade e inclus\u00e3o em exames nacionais.<\/li>\n<\/ul>\n","protected":false},"author":2,"featured_media":425690,"comment_status":"closed","ping_status":"closed","sticky":false,"template":"","format":"standard","meta":{"footnotes":""},"categories":[1,6871],"tags":[3772,6373,163,1296,2443,4074],"class_list":["post-425682","post","type-post","status-publish","format-standard","has-post-thumbnail","hentry","category-noticias","category-sociedade","tag-acessibilidade","tag-direitos","tag-educacao","tag-educacao-especial","tag-educacao-publica","tag-inclusao-social"],"yoast_head":"<!-- This site is optimized with the Yoast SEO plugin v27.2 - https:\/\/yoast.com\/product\/yoast-seo-wordpress\/ -->\n<title>Aluno com daltonismo reclama ao MEC de preju\u00edzo em exame nacional - Portal Tela Portugal<\/title>\n<meta name=\"robots\" content=\"index, follow, max-snippet:-1, max-image-preview:large, max-video-preview:-1\" \/>\n<meta property=\"og:locale\" content=\"pt_PT\" \/>\n<meta property=\"og:type\" content=\"article\" \/>\n<meta property=\"og:title\" content=\"Aluno com daltonismo reclama ao MEC de preju\u00edzo em exame nacional - Portal Tela Portugal\" \/>\n<meta property=\"og:description\" content=\"O aluno com daltonismo, David Bandeira, apresentou uma queixa ao Minist\u00e9rio da Educa\u00e7\u00e3o sobre um exame nacional. Alega que havia um erro na legenda de um mapa com cores num exerc\u00edcio do exame, o que prejudicou a sua compreens\u00e3o. Afirma ter comunicado a situa\u00e7\u00e3o \u00e0s autoridades, mas a queixa n\u00e3o foi devidamente considerada. A legisla\u00e7\u00e3o prev\u00ea adapta\u00e7\u00f5es para estudantes com necessidades educativas especiais, incluindo o daltonismo; o aluno pede revis\u00e3o do procedimento e poss\u00edvel retifica\u00e7\u00e3o do exame. O Minist\u00e9rio da Educa\u00e7\u00e3o ainda n\u00e3o se pronunciou oficialmente; o caso levanta quest\u00f5es sobre acessibilidade e inclus\u00e3o em exames nacionais.\" \/>\n<meta property=\"og:url\" content=\"https:\/\/portaltela.pt\/noticias\/2026\/03\/29\/aluno-com-daltonismo-reclama-ao-mec-de-prejuizo-em-exame-nacional\/\" \/>\n<meta property=\"og:site_name\" content=\"Portal Tela Portugal\" \/>\n<meta property=\"article:published_time\" content=\"2026-03-29T07:16:59+00:00\" \/>\n<meta name=\"author\" content=\"Telinha\" \/>\n<meta name=\"twitter:card\" content=\"summary_large_image\" \/>\n<meta name=\"twitter:label1\" content=\"Escrito por\" \/>\n\t<meta name=\"twitter:data1\" content=\"Telinha\" \/>\n\t<meta name=\"twitter:label2\" content=\"Tempo estimado de leitura\" \/>\n\t<meta name=\"twitter:data2\" content=\"1 minuto\" \/>\n<script type=\"application\/ld+json\" class=\"yoast-schema-graph\">{\"@context\":\"https:\/\/schema.org\",\"@graph\":[{\"@type\":\"Article\",\"@id\":\"https:\/\/portaltela.pt\/noticias\/2026\/03\/29\/aluno-com-daltonismo-reclama-ao-mec-de-prejuizo-em-exame-nacional\/#article\",\"isPartOf\":{\"@id\":\"https:\/\/portaltela.pt\/noticias\/2026\/03\/29\/aluno-com-daltonismo-reclama-ao-mec-de-prejuizo-em-exame-nacional\/\"},\"author\":{\"name\":\"Telinha\",\"@id\":\"https:\/\/portaltela.pt\/#\/schema\/person\/c4278d4a6028830caff9ee44b42d32ed\"},\"headline\":\"Aluno com daltonismo reclama ao MEC de preju\u00edzo em exame nacional\",\"datePublished\":\"2026-03-29T07:16:59+00:00\",\"mainEntityOfPage\":{\"@id\":\"https:\/\/portaltela.pt\/noticias\/2026\/03\/29\/aluno-com-daltonismo-reclama-ao-mec-de-prejuizo-em-exame-nacional\/\"},\"wordCount\":270,\"image\":{\"@id\":\"https:\/\/portaltela.pt\/noticias\/2026\/03\/29\/aluno-com-daltonismo-reclama-ao-mec-de-prejuizo-em-exame-nacional\/#primaryimage\"},\"thumbnailUrl\":\"https:\/\/portaltela.pt\/s.01k8rhncp4jt1\/2026\/03\/img_1280x722uu2026-03-28-22-57-42-2275416.jpg\",\"keywords\":[\"acessibilidade\",\"direitos\",\"educa\u00e7\u00e3o\",\"Educa\u00e7\u00e3o Especial\",\"educa\u00e7\u00e3o p\u00fablica\",\"inclus\u00e3o social\"],\"articleSection\":[\"Not\u00edcias\",\"Sociedade\"],\"inLanguage\":\"pt-PT\"},{\"@type\":\"WebPage\",\"@id\":\"https:\/\/portaltela.pt\/noticias\/2026\/03\/29\/aluno-com-daltonismo-reclama-ao-mec-de-prejuizo-em-exame-nacional\/\",\"url\":\"https:\/\/portaltela.pt\/noticias\/2026\/03\/29\/aluno-com-daltonismo-reclama-ao-mec-de-prejuizo-em-exame-nacional\/\",\"name\":\"Aluno com daltonismo reclama ao MEC de preju\u00edzo em exame nacional - Portal Tela Portugal\",\"isPartOf\":{\"@id\":\"https:\/\/portaltela.pt\/#website\"},\"primaryImageOfPage\":{\"@id\":\"https:\/\/portaltela.pt\/noticias\/2026\/03\/29\/aluno-com-daltonismo-reclama-ao-mec-de-prejuizo-em-exame-nacional\/#primaryimage\"},\"image\":{\"@id\":\"https:\/\/portaltela.pt\/noticias\/2026\/03\/29\/aluno-com-daltonismo-reclama-ao-mec-de-prejuizo-em-exame-nacional\/#primaryimage\"},\"thumbnailUrl\":\"https:\/\/portaltela.pt\/s.01k8rhncp4jt1\/2026\/03\/img_1280x722uu2026-03-28-22-57-42-2275416.jpg\",\"datePublished\":\"2026-03-29T07:16:59+00:00\",\"author\":{\"@id\":\"https:\/\/portaltela.pt\/#\/schema\/person\/c4278d4a6028830caff9ee44b42d32ed\"},\"breadcrumb\":{\"@id\":\"https:\/\/portaltela.pt\/noticias\/2026\/03\/29\/aluno-com-daltonismo-reclama-ao-mec-de-prejuizo-em-exame-nacional\/#breadcrumb\"},\"inLanguage\":\"pt-PT\",\"potentialAction\":[{\"@type\":\"ReadAction\",\"target\":[\"https:\/\/portaltela.pt\/noticias\/2026\/03\/29\/aluno-com-daltonismo-reclama-ao-mec-de-prejuizo-em-exame-nacional\/\"]}]},{\"@type\":\"ImageObject\",\"inLanguage\":\"pt-PT\",\"@id\":\"https:\/\/portaltela.pt\/noticias\/2026\/03\/29\/aluno-com-daltonismo-reclama-ao-mec-de-prejuizo-em-exame-nacional\/#primaryimage\",\"url\":\"https:\/\/portaltela.pt\/s.01k8rhncp4jt1\/2026\/03\/img_1280x722uu2026-03-28-22-57-42-2275416.jpg\",\"contentUrl\":\"https:\/\/portaltela.pt\/s.01k8rhncp4jt1\/2026\/03\/img_1280x722uu2026-03-28-22-57-42-2275416.jpg\",\"width\":796,\"height\":448,\"caption\":\"David Bandeira garante que havia um erro na legenda de um mapa com cores que constava num exerc\u00edcio do exame.\"},{\"@type\":\"BreadcrumbList\",\"@id\":\"https:\/\/portaltela.pt\/noticias\/2026\/03\/29\/aluno-com-daltonismo-reclama-ao-mec-de-prejuizo-em-exame-nacional\/#breadcrumb\",\"itemListElement\":[{\"@type\":\"ListItem\",\"position\":1,\"name\":\"In\u00edcio\",\"item\":\"https:\/\/portaltela.pt\/\"},{\"@type\":\"ListItem\",\"position\":2,\"name\":\"Aluno com daltonismo reclama ao MEC de preju\u00edzo em exame nacional\"}]},{\"@type\":\"WebSite\",\"@id\":\"https:\/\/portaltela.pt\/#website\",\"url\":\"https:\/\/portaltela.pt\/\",\"name\":\"Portal Tela Portugal\",\"description\":\"\",\"potentialAction\":[{\"@type\":\"SearchAction\",\"target\":{\"@type\":\"EntryPoint\",\"urlTemplate\":\"https:\/\/portaltela.pt\/?s={search_term_string}\"},\"query-input\":{\"@type\":\"PropertyValueSpecification\",\"valueRequired\":true,\"valueName\":\"search_term_string\"}}],\"inLanguage\":\"pt-PT\"},{\"@type\":\"Person\",\"@id\":\"https:\/\/portaltela.pt\/#\/schema\/person\/c4278d4a6028830caff9ee44b42d32ed\",\"name\":\"Telinha\",\"image\":{\"@type\":\"ImageObject\",\"inLanguage\":\"pt-PT\",\"@id\":\"https:\/\/portaltela.pt\/s.01k8rhncp4jt1\/2025\/11\/talking-bot-125x125.png\",\"url\":\"https:\/\/portaltela.pt\/s.01k8rhncp4jt1\/2025\/11\/talking-bot-125x125.png\",\"contentUrl\":\"https:\/\/portaltela.pt\/s.01k8rhncp4jt1\/2025\/11\/talking-bot-125x125.png\",\"caption\":\"Telinha\"},\"sameAs\":[\"https:\/\/portaltela.pt\/\"],\"url\":\"https:\/\/portaltela.pt\/por\/367410592786\/\"}]}<\/script>\n<!-- \/ Yoast SEO plugin. -->","yoast_head_json":{"title":"Aluno com daltonismo reclama ao MEC de preju\u00edzo em exame nacional - Portal Tela Portugal","robots":{"index":"index","follow":"follow","max-snippet":"max-snippet:-1","max-image-preview":"max-image-preview:large","max-video-preview":"max-video-preview:-1"},"og_locale":"pt_PT","og_type":"article","og_title":"Aluno com daltonismo reclama ao MEC de preju\u00edzo em exame nacional - Portal Tela Portugal","og_description":"O aluno com daltonismo, David Bandeira, apresentou uma queixa ao Minist\u00e9rio da Educa\u00e7\u00e3o sobre um exame nacional. Alega que havia um erro na legenda de um mapa com cores num exerc\u00edcio do exame, o que prejudicou a sua compreens\u00e3o. Afirma ter comunicado a situa\u00e7\u00e3o \u00e0s autoridades, mas a queixa n\u00e3o foi devidamente considerada. A legisla\u00e7\u00e3o prev\u00ea adapta\u00e7\u00f5es para estudantes com necessidades educativas especiais, incluindo o daltonismo; o aluno pede revis\u00e3o do procedimento e poss\u00edvel retifica\u00e7\u00e3o do exame. O Minist\u00e9rio da Educa\u00e7\u00e3o ainda n\u00e3o se pronunciou oficialmente; o caso levanta quest\u00f5es sobre acessibilidade e inclus\u00e3o em exames nacionais.","og_url":"https:\/\/portaltela.pt\/noticias\/2026\/03\/29\/aluno-com-daltonismo-reclama-ao-mec-de-prejuizo-em-exame-nacional\/","og_site_name":"Portal Tela Portugal","article_published_time":"2026-03-29T07:16:59+00:00","author":"Telinha","twitter_card":"summary_large_image","twitter_misc":{"Escrito por":"Telinha","Tempo estimado de leitura":"1 minuto"},"schema":{"@context":"https:\/\/schema.org","@graph":[{"@type":"Article","@id":"https:\/\/portaltela.pt\/noticias\/2026\/03\/29\/aluno-com-daltonismo-reclama-ao-mec-de-prejuizo-em-exame-nacional\/#article","isPartOf":{"@id":"https:\/\/portaltela.pt\/noticias\/2026\/03\/29\/aluno-com-daltonismo-reclama-ao-mec-de-prejuizo-em-exame-nacional\/"},"author":{"name":"Telinha","@id":"https:\/\/portaltela.pt\/#\/schema\/person\/c4278d4a6028830caff9ee44b42d32ed"},"headline":"Aluno com daltonismo reclama ao MEC de preju\u00edzo em exame nacional","datePublished":"2026-03-29T07:16:59+00:00","mainEntityOfPage":{"@id":"https:\/\/portaltela.pt\/noticias\/2026\/03\/29\/aluno-com-daltonismo-reclama-ao-mec-de-prejuizo-em-exame-nacional\/"},"wordCount":270,"image":{"@id":"https:\/\/portaltela.pt\/noticias\/2026\/03\/29\/aluno-com-daltonismo-reclama-ao-mec-de-prejuizo-em-exame-nacional\/#primaryimage"},"thumbnailUrl":"https:\/\/portaltela.pt\/s.01k8rhncp4jt1\/2026\/03\/img_1280x722uu2026-03-28-22-57-42-2275416.jpg","keywords":["acessibilidade","direitos","educa\u00e7\u00e3o","Educa\u00e7\u00e3o Especial","educa\u00e7\u00e3o p\u00fablica","inclus\u00e3o social"],"articleSection":["Not\u00edcias","Sociedade"],"inLanguage":"pt-PT"},{"@type":"WebPage","@id":"https:\/\/portaltela.pt\/noticias\/2026\/03\/29\/aluno-com-daltonismo-reclama-ao-mec-de-prejuizo-em-exame-nacional\/","url":"https:\/\/portaltela.pt\/noticias\/2026\/03\/29\/aluno-com-daltonismo-reclama-ao-mec-de-prejuizo-em-exame-nacional\/","name":"Aluno com daltonismo reclama ao MEC de preju\u00edzo em exame nacional - Portal Tela Portugal","isPartOf":{"@id":"https:\/\/portaltela.pt\/#website"},"primaryImageOfPage":{"@id":"https:\/\/portaltela.pt\/noticias\/2026\/03\/29\/aluno-com-daltonismo-reclama-ao-mec-de-prejuizo-em-exame-nacional\/#primaryimage"},"image":{"@id":"https:\/\/portaltela.pt\/noticias\/2026\/03\/29\/aluno-com-daltonismo-reclama-ao-mec-de-prejuizo-em-exame-nacional\/#primaryimage"},"thumbnailUrl":"https:\/\/portaltela.pt\/s.01k8rhncp4jt1\/2026\/03\/img_1280x722uu2026-03-28-22-57-42-2275416.jpg","datePublished":"2026-03-29T07:16:59+00:00","author":{"@id":"https:\/\/portaltela.pt\/#\/schema\/person\/c4278d4a6028830caff9ee44b42d32ed"},"breadcrumb":{"@id":"https:\/\/portaltela.pt\/noticias\/2026\/03\/29\/aluno-com-daltonismo-reclama-ao-mec-de-prejuizo-em-exame-nacional\/#breadcrumb"},"inLanguage":"pt-PT","potentialAction":[{"@type":"ReadAction","target":["https:\/\/portaltela.pt\/noticias\/2026\/03\/29\/aluno-com-daltonismo-reclama-ao-mec-de-prejuizo-em-exame-nacional\/"]}]},{"@type":"ImageObject","inLanguage":"pt-PT","@id":"https:\/\/portaltela.pt\/noticias\/2026\/03\/29\/aluno-com-daltonismo-reclama-ao-mec-de-prejuizo-em-exame-nacional\/#primaryimage","url":"https:\/\/portaltela.pt\/s.01k8rhncp4jt1\/2026\/03\/img_1280x722uu2026-03-28-22-57-42-2275416.jpg","contentUrl":"https:\/\/portaltela.pt\/s.01k8rhncp4jt1\/2026\/03\/img_1280x722uu2026-03-28-22-57-42-2275416.jpg","width":796,"height":448,"caption":"David Bandeira garante que havia um erro na legenda de um mapa com cores que constava num exerc\u00edcio do exame."},{"@type":"BreadcrumbList","@id":"https:\/\/portaltela.pt\/noticias\/2026\/03\/29\/aluno-com-daltonismo-reclama-ao-mec-de-prejuizo-em-exame-nacional\/#breadcrumb","itemListElement":[{"@type":"ListItem","position":1,"name":"In\u00edcio","item":"https:\/\/portaltela.pt\/"},{"@type":"ListItem","position":2,"name":"Aluno com daltonismo reclama ao MEC de preju\u00edzo em exame nacional"}]},{"@type":"WebSite","@id":"https:\/\/portaltela.pt\/#website","url":"https:\/\/portaltela.pt\/","name":"Portal Tela Portugal","description":"","potentialAction":[{"@type":"SearchAction","target":{"@type":"EntryPoint","urlTemplate":"https:\/\/portaltela.pt\/?s={search_term_string}"},"query-input":{"@type":"PropertyValueSpecification","valueRequired":true,"valueName":"search_term_string"}}],"inLanguage":"pt-PT"},{"@type":"Person","@id":"https:\/\/portaltela.pt\/#\/schema\/person\/c4278d4a6028830caff9ee44b42d32ed","name":"Telinha","image":{"@type":"ImageObject","inLanguage":"pt-PT","@id":"https:\/\/portaltela.pt\/s.01k8rhncp4jt1\/2025\/11\/talking-bot-125x125.png","url":"https:\/\/portaltela.pt\/s.01k8rhncp4jt1\/2025\/11\/talking-bot-125x125.png","contentUrl":"https:\/\/portaltela.pt\/s.01k8rhncp4jt1\/2025\/11\/talking-bot-125x125.png","caption":"Telinha"},"sameAs":["https:\/\/portaltela.pt\/"],"url":"https:\/\/portaltela.pt\/por\/367410592786\/"}]}},"_links":{"self":[{"href":"https:\/\/portaltela.pt\/api\/wp\/v2\/posts\/425682","targetHints":{"allow":["GET"]}}],"collection":[{"href":"https:\/\/portaltela.pt\/api\/wp\/v2\/posts"}],"about":[{"href":"https:\/\/portaltela.pt\/api\/wp\/v2\/types\/post"}],"author":[{"embeddable":true,"href":"https:\/\/portaltela.pt\/api\/wp\/v2\/users\/2"}],"replies":[{"embeddable":true,"href":"https:\/\/portaltela.pt\/api\/wp\/v2\/comments?post=425682"}],"version-history":[{"count":0,"href":"https:\/\/portaltela.pt\/api\/wp\/v2\/posts\/425682\/revisions"}],"wp:featuredmedia":[{"embeddable":true,"href":"https:\/\/portaltela.pt\/api\/wp\/v2\/media\/425690"}],"wp:attachment":[{"href":"https:\/\/portaltela.pt\/api\/wp\/v2\/media?parent=425682"}],"wp:term":[{"taxonomy":"category","embeddable":true,"href":"https:\/\/portaltela.pt\/api\/wp\/v2\/categories?post=425682"},{"taxonomy":"post_tag","embeddable":true,"href":"https:\/\/portaltela.pt\/api\/wp\/v2\/tags?post=425682"}],"curies":[{"name":"wp","href":"https:\/\/api.w.org\/{rel}","templated":true}]}}