{"id":425678,"date":"2026-03-29T04:16:54","date_gmt":"2026-03-29T07:16:54","guid":{"rendered":"https:\/\/portaltela.pt\/noticias\/2026\/03\/29\/camilo-enfrenta-problemas-de-saude-e-as-suas-consequencias\/"},"modified":"2026-03-29T04:16:54","modified_gmt":"2026-03-29T07:16:54","slug":"camilo-enfrenta-problemas-de-saude-e-as-suas-consequencias","status":"publish","type":"post","link":"https:\/\/portaltela.pt\/noticias\/2026\/03\/29\/camilo-enfrenta-problemas-de-saude-e-as-suas-consequencias\/","title":{"rendered":"Camilo enfrenta problemas de sa\u00fade e as suas consequ\u00eancias"},"content":{"rendered":"<p>Camilo Castelo Branco \u00e9 o alvo de uma an\u00e1lise que entrela\u00e7a sa\u00fade, literatura e biografia. O texto aborda como os sintomas e progn\u00f3sticos presentes nos seus livros e na correspond\u00eancia moldaram a imagem do escritor, mesmo ap\u00f3s a sua morte.<\/p>\n<p>A pe\u00e7a levanta quest\u00f5es sobre a dist\u00e2ncia entre o que foi dito publicamente e a realidade hist\u00f3rica. Publica\u00e7\u00f5es, sil\u00eancios e pol\u00e9micas ajudam a compor uma figura liter\u00e1ria envolta em debates e controv\u00e9rsias que atravessam dois s\u00e9culos.<\/p>\n<p>A partir de temas como incongru\u00eancias factuais e disputas entre protagonistas, o conte\u00fado sugere prud\u00eancia na leitura. A exegese textual e a an\u00e1lise hist\u00f3rica s\u00e3o apontadas como ferramentas para entender Camilo com maior rigor.<\/p>\n<h3>Desafios na biografia de Camilo<\/h3>\n<p>O texto real\u00e7a que, apesar da fama, existem lacunas na disponibiliza\u00e7\u00e3o p\u00fablica de factos sobre o autor. Pol\u00e9micas, inimizades e reconcilia\u00e7\u00f5es n\u00e3o facilitam uma vis\u00e3o \u00fanica da sa\u00fade e da vida de Camilo Castelo Branco.<\/p>\n<p>\u00c9 ainda mencionada a necessidade de combinar fontes diversas. O objetivo \u00e9 evitar simplifica\u00e7\u00f5es, reconhecendo que a constru\u00e7\u00e3o da imagem de Camilo envolve interpreta\u00e7\u00f5es e contextos do s\u00e9culo XIX e al\u00e9m.<\/p>\n","protected":false},"excerpt":{"rendered":"<ul>\n<li>O texto aborda a extensa bibliografia sobre Camilo Castelo Branco, incluindo a correspond\u00eancia que registra sintomas e progn\u00f3sticos m\u00e9dicos, desde o frio at\u00e9 espasmos do es\u00f4fago.<\/li>\n<li>Aponta in\u00fameras incongru\u00eancias na publica\u00e7\u00e3o de factos, sil\u00eancios na divulga\u00e7\u00e3o p\u00fablica e uma s\u00e9rie de pol\u00e9micas, inimizades e reconcilia\u00e7\u00f5es associadas ao biografado.<\/li>\n<li>Defende cautela na an\u00e1lise, sugerindo que s\u00f3 com exegese do texto e estudo hist\u00f3rico-social \u00e9 poss\u00edvel evitar impress\u00f5es erradas sobre Camilo.<\/li>\n<li>Observa que, ao longo de dois s\u00e9culos, Camilo construiu-se como uma lenda, o que torna arriscado aprofundar-se no tema sem ferramentas adequadas.<\/li>\n<li>Reflete ainda sobre as complexidades de interpretar o escritor, citando posi\u00e7\u00f5es e imagens que sugerem dilemas sobre a imagina\u00e7\u00e3o do novelista e a dist\u00e2ncia entre o que se sabe e o que se diz.<\/li>\n<\/ul>\n","protected":false},"author":2,"featured_media":425680,"comment_status":"closed","ping_status":"closed","sticky":false,"template":"","format":"standard","meta":{"footnotes":""},"categories":[7375,1],"tags":[5175,77,299,106,3181,172],"class_list":["post-425678","post","type-post","status-publish","format-standard","has-post-thumbnail","hentry","category-cultura","category-noticias","tag-biografias-historicas","tag-curiosidades","tag-historia","tag-literatura","tag-publicacoes","tag-saude"],"yoast_head":"<!-- This site is optimized with the Yoast SEO plugin v27.2 - https:\/\/yoast.com\/product\/yoast-seo-wordpress\/ -->\n<title>Camilo enfrenta problemas de sa\u00fade e as suas consequ\u00eancias - Portal Tela Portugal<\/title>\n<meta name=\"robots\" content=\"index, follow, max-snippet:-1, max-image-preview:large, max-video-preview:-1\" \/>\n<meta property=\"og:locale\" content=\"pt_PT\" \/>\n<meta property=\"og:type\" content=\"article\" \/>\n<meta property=\"og:title\" content=\"Camilo enfrenta problemas de sa\u00fade e as suas consequ\u00eancias - Portal Tela Portugal\" \/>\n<meta property=\"og:description\" content=\"O texto aborda a extensa bibliografia sobre Camilo Castelo Branco, incluindo a correspond\u00eancia que registra sintomas e progn\u00f3sticos m\u00e9dicos, desde o frio at\u00e9 espasmos do es\u00f4fago. Aponta in\u00fameras incongru\u00eancias na publica\u00e7\u00e3o de factos, sil\u00eancios na divulga\u00e7\u00e3o p\u00fablica e uma s\u00e9rie de pol\u00e9micas, inimizades e reconcilia\u00e7\u00f5es associadas ao biografado. Defende cautela na an\u00e1lise, sugerindo que s\u00f3 com exegese do texto e estudo hist\u00f3rico-social \u00e9 poss\u00edvel evitar impress\u00f5es erradas sobre Camilo. Observa que, ao longo de dois s\u00e9culos, Camilo construiu-se como uma lenda, o que torna arriscado aprofundar-se no tema sem ferramentas adequadas. Reflete ainda sobre as complexidades de interpretar o escritor, citando posi\u00e7\u00f5es e imagens que sugerem dilemas sobre a imagina\u00e7\u00e3o do novelista e a dist\u00e2ncia entre o que se sabe e o que se diz.\" \/>\n<meta property=\"og:url\" content=\"https:\/\/portaltela.pt\/noticias\/2026\/03\/29\/camilo-enfrenta-problemas-de-saude-e-as-suas-consequencias\/\" \/>\n<meta property=\"og:site_name\" content=\"Portal Tela Portugal\" \/>\n<meta property=\"article:published_time\" content=\"2026-03-29T07:16:54+00:00\" \/>\n<meta name=\"author\" content=\"Telinha\" \/>\n<meta name=\"twitter:card\" content=\"summary_large_image\" \/>\n<meta name=\"twitter:label1\" content=\"Escrito por\" \/>\n\t<meta name=\"twitter:data1\" content=\"Telinha\" \/>\n\t<meta name=\"twitter:label2\" content=\"Tempo estimado de leitura\" \/>\n\t<meta name=\"twitter:data2\" content=\"1 minuto\" \/>\n<script type=\"application\/ld+json\" class=\"yoast-schema-graph\">{\"@context\":\"https:\/\/schema.org\",\"@graph\":[{\"@type\":\"Article\",\"@id\":\"https:\/\/portaltela.pt\/noticias\/2026\/03\/29\/camilo-enfrenta-problemas-de-saude-e-as-suas-consequencias\/#article\",\"isPartOf\":{\"@id\":\"https:\/\/portaltela.pt\/noticias\/2026\/03\/29\/camilo-enfrenta-problemas-de-saude-e-as-suas-consequencias\/\"},\"author\":{\"name\":\"Telinha\",\"@id\":\"https:\/\/portaltela.pt\/#\/schema\/person\/c4278d4a6028830caff9ee44b42d32ed\"},\"headline\":\"Camilo enfrenta problemas de sa\u00fade e as suas consequ\u00eancias\",\"datePublished\":\"2026-03-29T07:16:54+00:00\",\"mainEntityOfPage\":{\"@id\":\"https:\/\/portaltela.pt\/noticias\/2026\/03\/29\/camilo-enfrenta-problemas-de-saude-e-as-suas-consequencias\/\"},\"wordCount\":224,\"image\":{\"@id\":\"https:\/\/portaltela.pt\/noticias\/2026\/03\/29\/camilo-enfrenta-problemas-de-saude-e-as-suas-consequencias\/#primaryimage\"},\"thumbnailUrl\":\"https:\/\/portaltela.pt\/s.01k8rhncp4jt1\/2026\/03\/2077587.jpg\",\"keywords\":[\"biografias hist\u00f3ricas\",\"curiosidades\",\"hist\u00f3ria\",\"literatura\",\"publica\u00e7\u00f5es\",\"sa\u00fade\"],\"articleSection\":[\"Cultura\",\"Not\u00edcias\"],\"inLanguage\":\"pt-PT\"},{\"@type\":\"WebPage\",\"@id\":\"https:\/\/portaltela.pt\/noticias\/2026\/03\/29\/camilo-enfrenta-problemas-de-saude-e-as-suas-consequencias\/\",\"url\":\"https:\/\/portaltela.pt\/noticias\/2026\/03\/29\/camilo-enfrenta-problemas-de-saude-e-as-suas-consequencias\/\",\"name\":\"Camilo enfrenta problemas de sa\u00fade e as suas consequ\u00eancias - Portal Tela Portugal\",\"isPartOf\":{\"@id\":\"https:\/\/portaltela.pt\/#website\"},\"primaryImageOfPage\":{\"@id\":\"https:\/\/portaltela.pt\/noticias\/2026\/03\/29\/camilo-enfrenta-problemas-de-saude-e-as-suas-consequencias\/#primaryimage\"},\"image\":{\"@id\":\"https:\/\/portaltela.pt\/noticias\/2026\/03\/29\/camilo-enfrenta-problemas-de-saude-e-as-suas-consequencias\/#primaryimage\"},\"thumbnailUrl\":\"https:\/\/portaltela.pt\/s.01k8rhncp4jt1\/2026\/03\/2077587.jpg\",\"datePublished\":\"2026-03-29T07:16:54+00:00\",\"author\":{\"@id\":\"https:\/\/portaltela.pt\/#\/schema\/person\/c4278d4a6028830caff9ee44b42d32ed\"},\"breadcrumb\":{\"@id\":\"https:\/\/portaltela.pt\/noticias\/2026\/03\/29\/camilo-enfrenta-problemas-de-saude-e-as-suas-consequencias\/#breadcrumb\"},\"inLanguage\":\"pt-PT\",\"potentialAction\":[{\"@type\":\"ReadAction\",\"target\":[\"https:\/\/portaltela.pt\/noticias\/2026\/03\/29\/camilo-enfrenta-problemas-de-saude-e-as-suas-consequencias\/\"]}]},{\"@type\":\"ImageObject\",\"inLanguage\":\"pt-PT\",\"@id\":\"https:\/\/portaltela.pt\/noticias\/2026\/03\/29\/camilo-enfrenta-problemas-de-saude-e-as-suas-consequencias\/#primaryimage\",\"url\":\"https:\/\/portaltela.pt\/s.01k8rhncp4jt1\/2026\/03\/2077587.jpg\",\"contentUrl\":\"https:\/\/portaltela.pt\/s.01k8rhncp4jt1\/2026\/03\/2077587.jpg\",\"width\":796,\"height\":448,\"caption\":\"\u00daltima retrato fotogr\u00e1fico de Camilo Castelo Branco\"},{\"@type\":\"BreadcrumbList\",\"@id\":\"https:\/\/portaltela.pt\/noticias\/2026\/03\/29\/camilo-enfrenta-problemas-de-saude-e-as-suas-consequencias\/#breadcrumb\",\"itemListElement\":[{\"@type\":\"ListItem\",\"position\":1,\"name\":\"In\u00edcio\",\"item\":\"https:\/\/portaltela.pt\/\"},{\"@type\":\"ListItem\",\"position\":2,\"name\":\"Camilo enfrenta problemas de sa\u00fade e as suas consequ\u00eancias\"}]},{\"@type\":\"WebSite\",\"@id\":\"https:\/\/portaltela.pt\/#website\",\"url\":\"https:\/\/portaltela.pt\/\",\"name\":\"Portal Tela Portugal\",\"description\":\"\",\"potentialAction\":[{\"@type\":\"SearchAction\",\"target\":{\"@type\":\"EntryPoint\",\"urlTemplate\":\"https:\/\/portaltela.pt\/?s={search_term_string}\"},\"query-input\":{\"@type\":\"PropertyValueSpecification\",\"valueRequired\":true,\"valueName\":\"search_term_string\"}}],\"inLanguage\":\"pt-PT\"},{\"@type\":\"Person\",\"@id\":\"https:\/\/portaltela.pt\/#\/schema\/person\/c4278d4a6028830caff9ee44b42d32ed\",\"name\":\"Telinha\",\"image\":{\"@type\":\"ImageObject\",\"inLanguage\":\"pt-PT\",\"@id\":\"https:\/\/portaltela.pt\/s.01k8rhncp4jt1\/2025\/11\/talking-bot-125x125.png\",\"url\":\"https:\/\/portaltela.pt\/s.01k8rhncp4jt1\/2025\/11\/talking-bot-125x125.png\",\"contentUrl\":\"https:\/\/portaltela.pt\/s.01k8rhncp4jt1\/2025\/11\/talking-bot-125x125.png\",\"caption\":\"Telinha\"},\"sameAs\":[\"https:\/\/portaltela.pt\/\"],\"url\":\"https:\/\/portaltela.pt\/por\/367410592786\/\"}]}<\/script>\n<!-- \/ Yoast SEO plugin. -->","yoast_head_json":{"title":"Camilo enfrenta problemas de sa\u00fade e as suas consequ\u00eancias - Portal Tela Portugal","robots":{"index":"index","follow":"follow","max-snippet":"max-snippet:-1","max-image-preview":"max-image-preview:large","max-video-preview":"max-video-preview:-1"},"og_locale":"pt_PT","og_type":"article","og_title":"Camilo enfrenta problemas de sa\u00fade e as suas consequ\u00eancias - Portal Tela Portugal","og_description":"O texto aborda a extensa bibliografia sobre Camilo Castelo Branco, incluindo a correspond\u00eancia que registra sintomas e progn\u00f3sticos m\u00e9dicos, desde o frio at\u00e9 espasmos do es\u00f4fago. Aponta in\u00fameras incongru\u00eancias na publica\u00e7\u00e3o de factos, sil\u00eancios na divulga\u00e7\u00e3o p\u00fablica e uma s\u00e9rie de pol\u00e9micas, inimizades e reconcilia\u00e7\u00f5es associadas ao biografado. Defende cautela na an\u00e1lise, sugerindo que s\u00f3 com exegese do texto e estudo hist\u00f3rico-social \u00e9 poss\u00edvel evitar impress\u00f5es erradas sobre Camilo. Observa que, ao longo de dois s\u00e9culos, Camilo construiu-se como uma lenda, o que torna arriscado aprofundar-se no tema sem ferramentas adequadas. Reflete ainda sobre as complexidades de interpretar o escritor, citando posi\u00e7\u00f5es e imagens que sugerem dilemas sobre a imagina\u00e7\u00e3o do novelista e a dist\u00e2ncia entre o que se sabe e o que se diz.","og_url":"https:\/\/portaltela.pt\/noticias\/2026\/03\/29\/camilo-enfrenta-problemas-de-saude-e-as-suas-consequencias\/","og_site_name":"Portal Tela Portugal","article_published_time":"2026-03-29T07:16:54+00:00","author":"Telinha","twitter_card":"summary_large_image","twitter_misc":{"Escrito por":"Telinha","Tempo estimado de leitura":"1 minuto"},"schema":{"@context":"https:\/\/schema.org","@graph":[{"@type":"Article","@id":"https:\/\/portaltela.pt\/noticias\/2026\/03\/29\/camilo-enfrenta-problemas-de-saude-e-as-suas-consequencias\/#article","isPartOf":{"@id":"https:\/\/portaltela.pt\/noticias\/2026\/03\/29\/camilo-enfrenta-problemas-de-saude-e-as-suas-consequencias\/"},"author":{"name":"Telinha","@id":"https:\/\/portaltela.pt\/#\/schema\/person\/c4278d4a6028830caff9ee44b42d32ed"},"headline":"Camilo enfrenta problemas de sa\u00fade e as suas consequ\u00eancias","datePublished":"2026-03-29T07:16:54+00:00","mainEntityOfPage":{"@id":"https:\/\/portaltela.pt\/noticias\/2026\/03\/29\/camilo-enfrenta-problemas-de-saude-e-as-suas-consequencias\/"},"wordCount":224,"image":{"@id":"https:\/\/portaltela.pt\/noticias\/2026\/03\/29\/camilo-enfrenta-problemas-de-saude-e-as-suas-consequencias\/#primaryimage"},"thumbnailUrl":"https:\/\/portaltela.pt\/s.01k8rhncp4jt1\/2026\/03\/2077587.jpg","keywords":["biografias hist\u00f3ricas","curiosidades","hist\u00f3ria","literatura","publica\u00e7\u00f5es","sa\u00fade"],"articleSection":["Cultura","Not\u00edcias"],"inLanguage":"pt-PT"},{"@type":"WebPage","@id":"https:\/\/portaltela.pt\/noticias\/2026\/03\/29\/camilo-enfrenta-problemas-de-saude-e-as-suas-consequencias\/","url":"https:\/\/portaltela.pt\/noticias\/2026\/03\/29\/camilo-enfrenta-problemas-de-saude-e-as-suas-consequencias\/","name":"Camilo enfrenta problemas de sa\u00fade e as suas consequ\u00eancias - Portal Tela Portugal","isPartOf":{"@id":"https:\/\/portaltela.pt\/#website"},"primaryImageOfPage":{"@id":"https:\/\/portaltela.pt\/noticias\/2026\/03\/29\/camilo-enfrenta-problemas-de-saude-e-as-suas-consequencias\/#primaryimage"},"image":{"@id":"https:\/\/portaltela.pt\/noticias\/2026\/03\/29\/camilo-enfrenta-problemas-de-saude-e-as-suas-consequencias\/#primaryimage"},"thumbnailUrl":"https:\/\/portaltela.pt\/s.01k8rhncp4jt1\/2026\/03\/2077587.jpg","datePublished":"2026-03-29T07:16:54+00:00","author":{"@id":"https:\/\/portaltela.pt\/#\/schema\/person\/c4278d4a6028830caff9ee44b42d32ed"},"breadcrumb":{"@id":"https:\/\/portaltela.pt\/noticias\/2026\/03\/29\/camilo-enfrenta-problemas-de-saude-e-as-suas-consequencias\/#breadcrumb"},"inLanguage":"pt-PT","potentialAction":[{"@type":"ReadAction","target":["https:\/\/portaltela.pt\/noticias\/2026\/03\/29\/camilo-enfrenta-problemas-de-saude-e-as-suas-consequencias\/"]}]},{"@type":"ImageObject","inLanguage":"pt-PT","@id":"https:\/\/portaltela.pt\/noticias\/2026\/03\/29\/camilo-enfrenta-problemas-de-saude-e-as-suas-consequencias\/#primaryimage","url":"https:\/\/portaltela.pt\/s.01k8rhncp4jt1\/2026\/03\/2077587.jpg","contentUrl":"https:\/\/portaltela.pt\/s.01k8rhncp4jt1\/2026\/03\/2077587.jpg","width":796,"height":448,"caption":"\u00daltima retrato fotogr\u00e1fico de Camilo Castelo Branco"},{"@type":"BreadcrumbList","@id":"https:\/\/portaltela.pt\/noticias\/2026\/03\/29\/camilo-enfrenta-problemas-de-saude-e-as-suas-consequencias\/#breadcrumb","itemListElement":[{"@type":"ListItem","position":1,"name":"In\u00edcio","item":"https:\/\/portaltela.pt\/"},{"@type":"ListItem","position":2,"name":"Camilo enfrenta problemas de sa\u00fade e as suas consequ\u00eancias"}]},{"@type":"WebSite","@id":"https:\/\/portaltela.pt\/#website","url":"https:\/\/portaltela.pt\/","name":"Portal Tela Portugal","description":"","potentialAction":[{"@type":"SearchAction","target":{"@type":"EntryPoint","urlTemplate":"https:\/\/portaltela.pt\/?s={search_term_string}"},"query-input":{"@type":"PropertyValueSpecification","valueRequired":true,"valueName":"search_term_string"}}],"inLanguage":"pt-PT"},{"@type":"Person","@id":"https:\/\/portaltela.pt\/#\/schema\/person\/c4278d4a6028830caff9ee44b42d32ed","name":"Telinha","image":{"@type":"ImageObject","inLanguage":"pt-PT","@id":"https:\/\/portaltela.pt\/s.01k8rhncp4jt1\/2025\/11\/talking-bot-125x125.png","url":"https:\/\/portaltela.pt\/s.01k8rhncp4jt1\/2025\/11\/talking-bot-125x125.png","contentUrl":"https:\/\/portaltela.pt\/s.01k8rhncp4jt1\/2025\/11\/talking-bot-125x125.png","caption":"Telinha"},"sameAs":["https:\/\/portaltela.pt\/"],"url":"https:\/\/portaltela.pt\/por\/367410592786\/"}]}},"_links":{"self":[{"href":"https:\/\/portaltela.pt\/api\/wp\/v2\/posts\/425678","targetHints":{"allow":["GET"]}}],"collection":[{"href":"https:\/\/portaltela.pt\/api\/wp\/v2\/posts"}],"about":[{"href":"https:\/\/portaltela.pt\/api\/wp\/v2\/types\/post"}],"author":[{"embeddable":true,"href":"https:\/\/portaltela.pt\/api\/wp\/v2\/users\/2"}],"replies":[{"embeddable":true,"href":"https:\/\/portaltela.pt\/api\/wp\/v2\/comments?post=425678"}],"version-history":[{"count":0,"href":"https:\/\/portaltela.pt\/api\/wp\/v2\/posts\/425678\/revisions"}],"wp:featuredmedia":[{"embeddable":true,"href":"https:\/\/portaltela.pt\/api\/wp\/v2\/media\/425680"}],"wp:attachment":[{"href":"https:\/\/portaltela.pt\/api\/wp\/v2\/media?parent=425678"}],"wp:term":[{"taxonomy":"category","embeddable":true,"href":"https:\/\/portaltela.pt\/api\/wp\/v2\/categories?post=425678"},{"taxonomy":"post_tag","embeddable":true,"href":"https:\/\/portaltela.pt\/api\/wp\/v2\/tags?post=425678"}],"curies":[{"name":"wp","href":"https:\/\/api.w.org\/{rel}","templated":true}]}}