{"id":425674,"date":"2026-03-29T04:07:15","date_gmt":"2026-03-29T07:07:15","guid":{"rendered":"https:\/\/portaltela.pt\/noticias\/2026\/03\/29\/mp-acusa-funcionarios-por-almocos-de-20-euros-pagos-pela-camara-de-oeiras\/"},"modified":"2026-03-29T04:07:15","modified_gmt":"2026-03-29T07:07:15","slug":"mp-acusa-funcionarios-por-almocos-de-20-euros-pagos-pela-camara-de-oeiras","status":"publish","type":"post","link":"https:\/\/portaltela.pt\/justica\/2026\/03\/29\/mp-acusa-funcionarios-por-almocos-de-20-euros-pagos-pela-camara-de-oeiras\/","title":{"rendered":"MP acusa funcion\u00e1rios por almo\u00e7os de 20 euros pagos pela C\u00e2mara de Oeiras"},"content":{"rendered":"<p>O Minist\u00e9rio P\u00fablico acusou seis funcion\u00e1rios da C\u00e2mara de Oeiras de terem recebido reembolsos por refei\u00e7\u00f5es de 20 euros, pagos pela autarquia, sem justificativo v\u00e1lido. O montante total por funcion\u00e1rio n\u00e3o ultrapassaria os 100 euros. A acusa\u00e7\u00e3o inclui ainda Isaltino Morais, presidente da C\u00e2mara, que \u00e9 apontado como tendo \u201cgizado\u201d um plano para benef\u00edcio pr\u00f3prio e de outros 22 arguidos.<\/p>\n<p>Segundo a defesa, os funcion\u00e1rios acusados teriam beneficiado de refei\u00e7\u00f5es de valor superior ao permitido, com reembolsos entre 20 e 100 euros sem comprovativo de consumo. A investiga\u00e7\u00e3o aponta falta de documentos que demonstrem a efetiva realiza\u00e7\u00e3o das refei\u00e7\u00f5es.<\/p>\n<p>Isaltino Morais \u00e9 acusado de ter planeado o benef\u00edcio pr\u00f3prio e de 22 arguidos, alegadamente recebendo reembolsos indevidos e outros encargos n\u00e3o devidamente justificados. O MP sustenta que houve favorecimento de despesas pessoais, de viagens e de itens n\u00e3o comprovados.<\/p>\n<p>A investiga\u00e7\u00e3o ter\u00e1 tido in\u00edcio ap\u00f3s den\u00fancias de irregularidades na C\u00e2mara de Oeiras. O MP solicita condena\u00e7\u00e3o por peculato, abuso de poder e falsifica\u00e7\u00e3o de documentos, com penas de pris\u00e3o e multas previstas.<\/p>\n<p>A C\u00e2mara de Oeiras esclareceu que ir\u00e1 colaborar com as autoridades e tomar as medidas necess\u00e1rias para apurar os factos e responsabilizar os respons\u00e1veis.<\/p>\n","protected":false},"excerpt":{"rendered":"<ul>\n<li>O Minist\u00e9rio P\u00fablico acusou seis funcion\u00e1rios da C\u00e2mara de Oeiras de receberem reembolsos de refei\u00e7\u00f5es de 20 euros, pagos pela autarquia, que n\u00e3o ultrapassaram 100 euros por funcion\u00e1rio, sem justificativo v\u00e1lido.<\/li>\n<li>Isaltino Morais, presidente da C\u00e2mara, \u00e9 acusado de ter \u201cgizado\u201d um plano para benef\u00edcio pr\u00f3prio e dos demais 22 arguidos, incluindo os reembolsos e outros benef\u00edcios indevidos.<\/li>\n<li>A investiga\u00e7\u00e3o concluiu que os reembolsos foram efetuados sem prova de que as refei\u00e7\u00f5es foram efetivamente consumidas pelos funcion\u00e1rios.<\/li>\n<li>O MP pede condena\u00e7\u00e3o por peculato, abuso de poder e falsifica\u00e7\u00e3o de documentos, com penas de pris\u00e3o e multas.<\/li>\n<li>A C\u00e2mara de Oeiras declarou colabora\u00e7\u00e3o com as autoridades e anunciou medidas para apurar os factos e responsabilizar os respons\u00e1veis.<\/li>\n<\/ul>\n","protected":false},"author":2,"featured_media":425675,"comment_status":"closed","ping_status":"closed","sticky":false,"template":"","format":"standard","meta":{"footnotes":""},"categories":[6815],"tags":[212,83,260,1198,259,2832],"class_list":["post-425674","post","type-post","status-publish","format-standard","has-post-thumbnail","hentry","category-justica","tag-abuso-de-poder","tag-corrupcao","tag-falsificacao-de-documentos","tag-oeiras","tag-peculato","tag-politica"],"yoast_head":"<!-- This site is optimized with the Yoast SEO plugin v27.2 - https:\/\/yoast.com\/product\/yoast-seo-wordpress\/ -->\n<title>MP acusa funcion\u00e1rios por almo\u00e7os de 20 euros pagos pela C\u00e2mara de Oeiras - Portal Tela Portugal<\/title>\n<meta name=\"robots\" content=\"index, follow, max-snippet:-1, max-image-preview:large, max-video-preview:-1\" \/>\n<meta property=\"og:locale\" content=\"pt_PT\" \/>\n<meta property=\"og:type\" content=\"article\" \/>\n<meta property=\"og:title\" content=\"MP acusa funcion\u00e1rios por almo\u00e7os de 20 euros pagos pela C\u00e2mara de Oeiras - Portal Tela Portugal\" \/>\n<meta property=\"og:description\" content=\"O Minist\u00e9rio P\u00fablico acusou seis funcion\u00e1rios da C\u00e2mara de Oeiras de receberem reembolsos de refei\u00e7\u00f5es de 20 euros, pagos pela autarquia, que n\u00e3o ultrapassaram 100 euros por funcion\u00e1rio, sem justificativo v\u00e1lido. Isaltino Morais, presidente da C\u00e2mara, \u00e9 acusado de ter \u201cgizado\u201d um plano para benef\u00edcio pr\u00f3prio e dos demais 22 arguidos, incluindo os reembolsos e outros benef\u00edcios indevidos. A investiga\u00e7\u00e3o concluiu que os reembolsos foram efetuados sem prova de que as refei\u00e7\u00f5es foram efetivamente consumidas pelos funcion\u00e1rios. O MP pede condena\u00e7\u00e3o por peculato, abuso de poder e falsifica\u00e7\u00e3o de documentos, com penas de pris\u00e3o e multas. A C\u00e2mara de Oeiras declarou colabora\u00e7\u00e3o com as autoridades e anunciou medidas para apurar os factos e responsabilizar os respons\u00e1veis.\" \/>\n<meta property=\"og:url\" content=\"https:\/\/portaltela.pt\/noticias\/2026\/03\/29\/mp-acusa-funcionarios-por-almocos-de-20-euros-pagos-pela-camara-de-oeiras\/\" \/>\n<meta property=\"og:site_name\" content=\"Portal Tela Portugal\" \/>\n<meta property=\"article:published_time\" content=\"2026-03-29T07:07:15+00:00\" \/>\n<meta name=\"author\" content=\"Telinha\" \/>\n<meta name=\"twitter:card\" content=\"summary_large_image\" \/>\n<meta name=\"twitter:label1\" content=\"Escrito por\" \/>\n\t<meta name=\"twitter:data1\" content=\"Telinha\" \/>\n\t<meta name=\"twitter:label2\" content=\"Tempo estimado de leitura\" \/>\n\t<meta name=\"twitter:data2\" content=\"1 minuto\" \/>\n<script type=\"application\/ld+json\" class=\"yoast-schema-graph\">{\"@context\":\"https:\/\/schema.org\",\"@graph\":[{\"@type\":\"Article\",\"@id\":\"https:\/\/portaltela.pt\/noticias\/2026\/03\/29\/mp-acusa-funcionarios-por-almocos-de-20-euros-pagos-pela-camara-de-oeiras\/#article\",\"isPartOf\":{\"@id\":\"https:\/\/portaltela.pt\/noticias\/2026\/03\/29\/mp-acusa-funcionarios-por-almocos-de-20-euros-pagos-pela-camara-de-oeiras\/\"},\"author\":{\"name\":\"Telinha\",\"@id\":\"https:\/\/portaltela.pt\/#\/schema\/person\/c4278d4a6028830caff9ee44b42d32ed\"},\"headline\":\"MP acusa funcion\u00e1rios por almo\u00e7os de 20 euros pagos pela C\u00e2mara de Oeiras\",\"datePublished\":\"2026-03-29T07:07:15+00:00\",\"mainEntityOfPage\":{\"@id\":\"https:\/\/portaltela.pt\/noticias\/2026\/03\/29\/mp-acusa-funcionarios-por-almocos-de-20-euros-pagos-pela-camara-de-oeiras\/\"},\"wordCount\":235,\"image\":{\"@id\":\"https:\/\/portaltela.pt\/noticias\/2026\/03\/29\/mp-acusa-funcionarios-por-almocos-de-20-euros-pagos-pela-camara-de-oeiras\/#primaryimage\"},\"thumbnailUrl\":\"https:\/\/portaltela.pt\/s.01k8rhncp4jt1\/2026\/03\/img_1280x722uu2025-08-23-16-06-00-2230932.jpg\",\"keywords\":[\"abuso de poder\",\"corrup\u00e7\u00e3o\",\"falsifica\u00e7\u00e3o de documentos\",\"Oeiras\",\"peculato\",\"pol\u00edtica\"],\"articleSection\":[\"Justi\u00e7a\"],\"inLanguage\":\"pt-PT\"},{\"@type\":\"WebPage\",\"@id\":\"https:\/\/portaltela.pt\/noticias\/2026\/03\/29\/mp-acusa-funcionarios-por-almocos-de-20-euros-pagos-pela-camara-de-oeiras\/\",\"url\":\"https:\/\/portaltela.pt\/noticias\/2026\/03\/29\/mp-acusa-funcionarios-por-almocos-de-20-euros-pagos-pela-camara-de-oeiras\/\",\"name\":\"MP acusa funcion\u00e1rios por almo\u00e7os de 20 euros pagos pela C\u00e2mara de Oeiras - Portal Tela Portugal\",\"isPartOf\":{\"@id\":\"https:\/\/portaltela.pt\/#website\"},\"primaryImageOfPage\":{\"@id\":\"https:\/\/portaltela.pt\/noticias\/2026\/03\/29\/mp-acusa-funcionarios-por-almocos-de-20-euros-pagos-pela-camara-de-oeiras\/#primaryimage\"},\"image\":{\"@id\":\"https:\/\/portaltela.pt\/noticias\/2026\/03\/29\/mp-acusa-funcionarios-por-almocos-de-20-euros-pagos-pela-camara-de-oeiras\/#primaryimage\"},\"thumbnailUrl\":\"https:\/\/portaltela.pt\/s.01k8rhncp4jt1\/2026\/03\/img_1280x722uu2025-08-23-16-06-00-2230932.jpg\",\"datePublished\":\"2026-03-29T07:07:15+00:00\",\"author\":{\"@id\":\"https:\/\/portaltela.pt\/#\/schema\/person\/c4278d4a6028830caff9ee44b42d32ed\"},\"breadcrumb\":{\"@id\":\"https:\/\/portaltela.pt\/noticias\/2026\/03\/29\/mp-acusa-funcionarios-por-almocos-de-20-euros-pagos-pela-camara-de-oeiras\/#breadcrumb\"},\"inLanguage\":\"pt-PT\",\"potentialAction\":[{\"@type\":\"ReadAction\",\"target\":[\"https:\/\/portaltela.pt\/noticias\/2026\/03\/29\/mp-acusa-funcionarios-por-almocos-de-20-euros-pagos-pela-camara-de-oeiras\/\"]}]},{\"@type\":\"ImageObject\",\"inLanguage\":\"pt-PT\",\"@id\":\"https:\/\/portaltela.pt\/noticias\/2026\/03\/29\/mp-acusa-funcionarios-por-almocos-de-20-euros-pagos-pela-camara-de-oeiras\/#primaryimage\",\"url\":\"https:\/\/portaltela.pt\/s.01k8rhncp4jt1\/2026\/03\/img_1280x722uu2025-08-23-16-06-00-2230932.jpg\",\"contentUrl\":\"https:\/\/portaltela.pt\/s.01k8rhncp4jt1\/2026\/03\/img_1280x722uu2025-08-23-16-06-00-2230932.jpg\",\"width\":796,\"height\":448,\"caption\":\"Photo\"},{\"@type\":\"BreadcrumbList\",\"@id\":\"https:\/\/portaltela.pt\/noticias\/2026\/03\/29\/mp-acusa-funcionarios-por-almocos-de-20-euros-pagos-pela-camara-de-oeiras\/#breadcrumb\",\"itemListElement\":[{\"@type\":\"ListItem\",\"position\":1,\"name\":\"In\u00edcio\",\"item\":\"https:\/\/portaltela.pt\/\"},{\"@type\":\"ListItem\",\"position\":2,\"name\":\"MP acusa funcion\u00e1rios por almo\u00e7os de 20 euros pagos pela C\u00e2mara de Oeiras\"}]},{\"@type\":\"WebSite\",\"@id\":\"https:\/\/portaltela.pt\/#website\",\"url\":\"https:\/\/portaltela.pt\/\",\"name\":\"Portal Tela Portugal\",\"description\":\"\",\"potentialAction\":[{\"@type\":\"SearchAction\",\"target\":{\"@type\":\"EntryPoint\",\"urlTemplate\":\"https:\/\/portaltela.pt\/?s={search_term_string}\"},\"query-input\":{\"@type\":\"PropertyValueSpecification\",\"valueRequired\":true,\"valueName\":\"search_term_string\"}}],\"inLanguage\":\"pt-PT\"},{\"@type\":\"Person\",\"@id\":\"https:\/\/portaltela.pt\/#\/schema\/person\/c4278d4a6028830caff9ee44b42d32ed\",\"name\":\"Telinha\",\"image\":{\"@type\":\"ImageObject\",\"inLanguage\":\"pt-PT\",\"@id\":\"https:\/\/portaltela.pt\/s.01k8rhncp4jt1\/2025\/11\/talking-bot-125x125.png\",\"url\":\"https:\/\/portaltela.pt\/s.01k8rhncp4jt1\/2025\/11\/talking-bot-125x125.png\",\"contentUrl\":\"https:\/\/portaltela.pt\/s.01k8rhncp4jt1\/2025\/11\/talking-bot-125x125.png\",\"caption\":\"Telinha\"},\"sameAs\":[\"https:\/\/portaltela.pt\/\"],\"url\":\"https:\/\/portaltela.pt\/por\/367410592786\/\"}]}<\/script>\n<!-- \/ Yoast SEO plugin. -->","yoast_head_json":{"title":"MP acusa funcion\u00e1rios por almo\u00e7os de 20 euros pagos pela C\u00e2mara de Oeiras - Portal Tela Portugal","robots":{"index":"index","follow":"follow","max-snippet":"max-snippet:-1","max-image-preview":"max-image-preview:large","max-video-preview":"max-video-preview:-1"},"og_locale":"pt_PT","og_type":"article","og_title":"MP acusa funcion\u00e1rios por almo\u00e7os de 20 euros pagos pela C\u00e2mara de Oeiras - Portal Tela Portugal","og_description":"O Minist\u00e9rio P\u00fablico acusou seis funcion\u00e1rios da C\u00e2mara de Oeiras de receberem reembolsos de refei\u00e7\u00f5es de 20 euros, pagos pela autarquia, que n\u00e3o ultrapassaram 100 euros por funcion\u00e1rio, sem justificativo v\u00e1lido. Isaltino Morais, presidente da C\u00e2mara, \u00e9 acusado de ter \u201cgizado\u201d um plano para benef\u00edcio pr\u00f3prio e dos demais 22 arguidos, incluindo os reembolsos e outros benef\u00edcios indevidos. A investiga\u00e7\u00e3o concluiu que os reembolsos foram efetuados sem prova de que as refei\u00e7\u00f5es foram efetivamente consumidas pelos funcion\u00e1rios. O MP pede condena\u00e7\u00e3o por peculato, abuso de poder e falsifica\u00e7\u00e3o de documentos, com penas de pris\u00e3o e multas. A C\u00e2mara de Oeiras declarou colabora\u00e7\u00e3o com as autoridades e anunciou medidas para apurar os factos e responsabilizar os respons\u00e1veis.","og_url":"https:\/\/portaltela.pt\/noticias\/2026\/03\/29\/mp-acusa-funcionarios-por-almocos-de-20-euros-pagos-pela-camara-de-oeiras\/","og_site_name":"Portal Tela Portugal","article_published_time":"2026-03-29T07:07:15+00:00","author":"Telinha","twitter_card":"summary_large_image","twitter_misc":{"Escrito por":"Telinha","Tempo estimado de leitura":"1 minuto"},"schema":{"@context":"https:\/\/schema.org","@graph":[{"@type":"Article","@id":"https:\/\/portaltela.pt\/noticias\/2026\/03\/29\/mp-acusa-funcionarios-por-almocos-de-20-euros-pagos-pela-camara-de-oeiras\/#article","isPartOf":{"@id":"https:\/\/portaltela.pt\/noticias\/2026\/03\/29\/mp-acusa-funcionarios-por-almocos-de-20-euros-pagos-pela-camara-de-oeiras\/"},"author":{"name":"Telinha","@id":"https:\/\/portaltela.pt\/#\/schema\/person\/c4278d4a6028830caff9ee44b42d32ed"},"headline":"MP acusa funcion\u00e1rios por almo\u00e7os de 20 euros pagos pela C\u00e2mara de Oeiras","datePublished":"2026-03-29T07:07:15+00:00","mainEntityOfPage":{"@id":"https:\/\/portaltela.pt\/noticias\/2026\/03\/29\/mp-acusa-funcionarios-por-almocos-de-20-euros-pagos-pela-camara-de-oeiras\/"},"wordCount":235,"image":{"@id":"https:\/\/portaltela.pt\/noticias\/2026\/03\/29\/mp-acusa-funcionarios-por-almocos-de-20-euros-pagos-pela-camara-de-oeiras\/#primaryimage"},"thumbnailUrl":"https:\/\/portaltela.pt\/s.01k8rhncp4jt1\/2026\/03\/img_1280x722uu2025-08-23-16-06-00-2230932.jpg","keywords":["abuso de poder","corrup\u00e7\u00e3o","falsifica\u00e7\u00e3o de documentos","Oeiras","peculato","pol\u00edtica"],"articleSection":["Justi\u00e7a"],"inLanguage":"pt-PT"},{"@type":"WebPage","@id":"https:\/\/portaltela.pt\/noticias\/2026\/03\/29\/mp-acusa-funcionarios-por-almocos-de-20-euros-pagos-pela-camara-de-oeiras\/","url":"https:\/\/portaltela.pt\/noticias\/2026\/03\/29\/mp-acusa-funcionarios-por-almocos-de-20-euros-pagos-pela-camara-de-oeiras\/","name":"MP acusa funcion\u00e1rios por almo\u00e7os de 20 euros pagos pela C\u00e2mara de Oeiras - Portal Tela Portugal","isPartOf":{"@id":"https:\/\/portaltela.pt\/#website"},"primaryImageOfPage":{"@id":"https:\/\/portaltela.pt\/noticias\/2026\/03\/29\/mp-acusa-funcionarios-por-almocos-de-20-euros-pagos-pela-camara-de-oeiras\/#primaryimage"},"image":{"@id":"https:\/\/portaltela.pt\/noticias\/2026\/03\/29\/mp-acusa-funcionarios-por-almocos-de-20-euros-pagos-pela-camara-de-oeiras\/#primaryimage"},"thumbnailUrl":"https:\/\/portaltela.pt\/s.01k8rhncp4jt1\/2026\/03\/img_1280x722uu2025-08-23-16-06-00-2230932.jpg","datePublished":"2026-03-29T07:07:15+00:00","author":{"@id":"https:\/\/portaltela.pt\/#\/schema\/person\/c4278d4a6028830caff9ee44b42d32ed"},"breadcrumb":{"@id":"https:\/\/portaltela.pt\/noticias\/2026\/03\/29\/mp-acusa-funcionarios-por-almocos-de-20-euros-pagos-pela-camara-de-oeiras\/#breadcrumb"},"inLanguage":"pt-PT","potentialAction":[{"@type":"ReadAction","target":["https:\/\/portaltela.pt\/noticias\/2026\/03\/29\/mp-acusa-funcionarios-por-almocos-de-20-euros-pagos-pela-camara-de-oeiras\/"]}]},{"@type":"ImageObject","inLanguage":"pt-PT","@id":"https:\/\/portaltela.pt\/noticias\/2026\/03\/29\/mp-acusa-funcionarios-por-almocos-de-20-euros-pagos-pela-camara-de-oeiras\/#primaryimage","url":"https:\/\/portaltela.pt\/s.01k8rhncp4jt1\/2026\/03\/img_1280x722uu2025-08-23-16-06-00-2230932.jpg","contentUrl":"https:\/\/portaltela.pt\/s.01k8rhncp4jt1\/2026\/03\/img_1280x722uu2025-08-23-16-06-00-2230932.jpg","width":796,"height":448,"caption":"Photo"},{"@type":"BreadcrumbList","@id":"https:\/\/portaltela.pt\/noticias\/2026\/03\/29\/mp-acusa-funcionarios-por-almocos-de-20-euros-pagos-pela-camara-de-oeiras\/#breadcrumb","itemListElement":[{"@type":"ListItem","position":1,"name":"In\u00edcio","item":"https:\/\/portaltela.pt\/"},{"@type":"ListItem","position":2,"name":"MP acusa funcion\u00e1rios por almo\u00e7os de 20 euros pagos pela C\u00e2mara de Oeiras"}]},{"@type":"WebSite","@id":"https:\/\/portaltela.pt\/#website","url":"https:\/\/portaltela.pt\/","name":"Portal Tela Portugal","description":"","potentialAction":[{"@type":"SearchAction","target":{"@type":"EntryPoint","urlTemplate":"https:\/\/portaltela.pt\/?s={search_term_string}"},"query-input":{"@type":"PropertyValueSpecification","valueRequired":true,"valueName":"search_term_string"}}],"inLanguage":"pt-PT"},{"@type":"Person","@id":"https:\/\/portaltela.pt\/#\/schema\/person\/c4278d4a6028830caff9ee44b42d32ed","name":"Telinha","image":{"@type":"ImageObject","inLanguage":"pt-PT","@id":"https:\/\/portaltela.pt\/s.01k8rhncp4jt1\/2025\/11\/talking-bot-125x125.png","url":"https:\/\/portaltela.pt\/s.01k8rhncp4jt1\/2025\/11\/talking-bot-125x125.png","contentUrl":"https:\/\/portaltela.pt\/s.01k8rhncp4jt1\/2025\/11\/talking-bot-125x125.png","caption":"Telinha"},"sameAs":["https:\/\/portaltela.pt\/"],"url":"https:\/\/portaltela.pt\/por\/367410592786\/"}]}},"_links":{"self":[{"href":"https:\/\/portaltela.pt\/api\/wp\/v2\/posts\/425674","targetHints":{"allow":["GET"]}}],"collection":[{"href":"https:\/\/portaltela.pt\/api\/wp\/v2\/posts"}],"about":[{"href":"https:\/\/portaltela.pt\/api\/wp\/v2\/types\/post"}],"author":[{"embeddable":true,"href":"https:\/\/portaltela.pt\/api\/wp\/v2\/users\/2"}],"replies":[{"embeddable":true,"href":"https:\/\/portaltela.pt\/api\/wp\/v2\/comments?post=425674"}],"version-history":[{"count":0,"href":"https:\/\/portaltela.pt\/api\/wp\/v2\/posts\/425674\/revisions"}],"wp:featuredmedia":[{"embeddable":true,"href":"https:\/\/portaltela.pt\/api\/wp\/v2\/media\/425675"}],"wp:attachment":[{"href":"https:\/\/portaltela.pt\/api\/wp\/v2\/media?parent=425674"}],"wp:term":[{"taxonomy":"category","embeddable":true,"href":"https:\/\/portaltela.pt\/api\/wp\/v2\/categories?post=425674"},{"taxonomy":"post_tag","embeddable":true,"href":"https:\/\/portaltela.pt\/api\/wp\/v2\/tags?post=425674"}],"curies":[{"name":"wp","href":"https:\/\/api.w.org\/{rel}","templated":true}]}}