{"id":425672,"date":"2026-03-29T04:02:36","date_gmt":"2026-03-29T07:02:36","guid":{"rendered":"https:\/\/portaltela.pt\/noticias\/2026\/03\/29\/satelite-iod-1-da-missao-celeste-e-lancado-com-sucesso-apos-dois-adiamentos-2\/"},"modified":"2026-03-29T04:02:36","modified_gmt":"2026-03-29T07:02:36","slug":"satelite-iod-1-da-missao-celeste-e-lancado-com-sucesso-apos-dois-adiamentos-2","status":"publish","type":"post","link":"https:\/\/portaltela.pt\/tecnologia\/2026\/03\/29\/satelite-iod-1-da-missao-celeste-e-lancado-com-sucesso-apos-dois-adiamentos-2\/","title":{"rendered":"Sat\u00e9lite IOD-1 da miss\u00e3o Celeste \u00e9 lan\u00e7ado com sucesso ap\u00f3s dois adiamentos"},"content":{"rendered":"<p>O sat\u00e9lite IOD-1, parte da miss\u00e3o Celeste da Ag\u00eancia Espacial Europeia (ESA), foi lan\u00e7ado com sucesso neste s\u00e1bado em M\u0101hia, Nova Zel\u00e2ndia, ap\u00f3s dois adiamentos por condi\u00e7\u00f5es meteorol\u00f3gicas. O lan\u00e7amento foi anunciado pela empresa respons\u00e1vel pela miss\u00e3o.<\/p>\n<p>A Celeste visa refor\u00e7ar o sistema Galileu, expandindo a cobertura orbital e assegurando navega\u00e7\u00e3o em caso de perda tempor\u00e1ria do sinal. A miss\u00e3o prev\u00ea o lan\u00e7amento de 12 sat\u00e9lites, 11 operacionais e 1 de reserva, incluindo tecnologia portuguesa para testes de novas formas de navega\u00e7\u00e3o em \u00f3rbitas mais baixas.<\/p>\n<p>A participa\u00e7\u00e3o de Portugal distingue-se pela colabora\u00e7\u00e3o da GMV em Portugal, que contribuiu para a valida\u00e7\u00e3o de componentes cr\u00edticos do sistema e teve um papel relevante nos testes do sat\u00e9lite. A empresa descreveu o lan\u00e7amento como o in\u00edcio de uma nova gera\u00e7\u00e3o de navega\u00e7\u00e3o por sat\u00e9lite na Europa.<\/p>\n<h3>Objetivos e impacto<\/h3>\n<p>Roberto Prieto, respons\u00e1vel pelo programa Celeste, explicou que a miss\u00e3o adiciona uma camada adicional de sat\u00e9lites na \u00f3rbita terrestre baixa, para melhorar o Galileu em \u00f3rbita m\u00e9dia. O objetivo \u00e9 aumentar a robustez, a precis\u00e3o e a resili\u00eancia do sistema europeu de navega\u00e7\u00e3o.<\/p>\n<p>Prieto sublinhou ainda que o Galileu \u00e9 j\u00e1 l\u00edder mundial, mas pode ser vulner\u00e1vel a tempestades solares e a \u00e1reas de dif\u00edcil acesso. O Celeste procura, assim, assegurar a continuidade dos servi\u00e7os e contribuir para a autonomia estrat\u00e9gica da Europa na \u00e1rea de navega\u00e7\u00e3o.<\/p>\n","protected":false},"excerpt":{"rendered":"<ul>\n<li>O sat\u00e9lite IOD-1, da miss\u00e3o Celeste da Ag\u00eancia Espacial Europeia, foi lan\u00e7ado com sucesso neste s\u00e1bado em M\u0101hia, Nova Zel\u00e2ndia, ap\u00f3s dois adiamentos por mau tempo.<\/li>\n<li>A miss\u00e3o Celeste visa refor\u00e7ar o sistema Galileu, expandindo a cobertura e assegurando navega\u00e7\u00e3o em caso de perda de sinal, com aplica\u00e7\u00f5es como condu\u00e7\u00e3o aut\u00f3noma.<\/li>\n<li>O programa prev\u00ea o lan\u00e7amento de doze sat\u00e9lites, sendo onze operacionais e um de reserva, com tecnologia desenvolvida em parte em Portugal.<\/li>\n<li>A GMV Portugal, que participou nos testes, diz que o lan\u00e7amento marca o in\u00edcio de uma nova gera\u00e7\u00e3o de navega\u00e7\u00e3o na Europa.<\/li>\n<li>O nome Celeste homenageia Maria Celeste, filha de Galileu Galilei, e o objetivo \u00e9 complementar o Galileu com sat\u00e9lites em \u00f3rbita terrestre baixa para melhorar a robustez e a resili\u00eancia do sistema europeu.<\/li>\n<\/ul>\n","protected":false},"author":2,"featured_media":425673,"comment_status":"closed","ping_status":"closed","sticky":false,"template":"","format":"standard","meta":{"footnotes":""},"categories":[6716],"tags":[2982,1992,7410,33,1014,153],"class_list":["post-425672","post","type-post","status-publish","format-standard","has-post-thumbnail","hentry","category-tecnologia","tag-agencia-espacial-portuguesa","tag-ciencia","tag-esa","tag-inovacao","tag-portugal","tag-tecnologia"],"yoast_head":"<!-- This site is optimized with the Yoast SEO plugin v27.2 - https:\/\/yoast.com\/product\/yoast-seo-wordpress\/ -->\n<title>Sat\u00e9lite IOD-1 da miss\u00e3o Celeste \u00e9 lan\u00e7ado com sucesso ap\u00f3s dois adiamentos - Portal Tela Portugal<\/title>\n<meta name=\"robots\" content=\"index, follow, max-snippet:-1, max-image-preview:large, max-video-preview:-1\" \/>\n<meta property=\"og:locale\" content=\"pt_PT\" \/>\n<meta property=\"og:type\" content=\"article\" \/>\n<meta property=\"og:title\" content=\"Sat\u00e9lite IOD-1 da miss\u00e3o Celeste \u00e9 lan\u00e7ado com sucesso ap\u00f3s dois adiamentos - Portal Tela Portugal\" \/>\n<meta property=\"og:description\" content=\"O sat\u00e9lite IOD-1, da miss\u00e3o Celeste da Ag\u00eancia Espacial Europeia, foi lan\u00e7ado com sucesso neste s\u00e1bado em M\u0101hia, Nova Zel\u00e2ndia, ap\u00f3s dois adiamentos por mau tempo. A miss\u00e3o Celeste visa refor\u00e7ar o sistema Galileu, expandindo a cobertura e assegurando navega\u00e7\u00e3o em caso de perda de sinal, com aplica\u00e7\u00f5es como condu\u00e7\u00e3o aut\u00f3noma. O programa prev\u00ea o lan\u00e7amento de doze sat\u00e9lites, sendo onze operacionais e um de reserva, com tecnologia desenvolvida em parte em Portugal. A GMV Portugal, que participou nos testes, diz que o lan\u00e7amento marca o in\u00edcio de uma nova gera\u00e7\u00e3o de navega\u00e7\u00e3o na Europa. O nome Celeste homenageia Maria Celeste, filha de Galileu Galilei, e o objetivo \u00e9 complementar o Galileu com sat\u00e9lites em \u00f3rbita terrestre baixa para melhorar a robustez e a resili\u00eancia do sistema europeu.\" \/>\n<meta property=\"og:url\" content=\"https:\/\/portaltela.pt\/noticias\/2026\/03\/29\/satelite-iod-1-da-missao-celeste-e-lancado-com-sucesso-apos-dois-adiamentos-2\/\" \/>\n<meta property=\"og:site_name\" content=\"Portal Tela Portugal\" \/>\n<meta property=\"article:published_time\" content=\"2026-03-29T07:02:36+00:00\" \/>\n<meta name=\"author\" content=\"Telinha\" \/>\n<meta name=\"twitter:card\" content=\"summary_large_image\" \/>\n<meta name=\"twitter:label1\" content=\"Escrito por\" \/>\n\t<meta name=\"twitter:data1\" content=\"Telinha\" \/>\n\t<meta name=\"twitter:label2\" content=\"Tempo estimado de leitura\" \/>\n\t<meta name=\"twitter:data2\" content=\"1 minuto\" \/>\n<script type=\"application\/ld+json\" class=\"yoast-schema-graph\">{\"@context\":\"https:\/\/schema.org\",\"@graph\":[{\"@type\":\"Article\",\"@id\":\"https:\/\/portaltela.pt\/noticias\/2026\/03\/29\/satelite-iod-1-da-missao-celeste-e-lancado-com-sucesso-apos-dois-adiamentos-2\/#article\",\"isPartOf\":{\"@id\":\"https:\/\/portaltela.pt\/noticias\/2026\/03\/29\/satelite-iod-1-da-missao-celeste-e-lancado-com-sucesso-apos-dois-adiamentos-2\/\"},\"author\":{\"name\":\"Telinha\",\"@id\":\"https:\/\/portaltela.pt\/#\/schema\/person\/c4278d4a6028830caff9ee44b42d32ed\"},\"headline\":\"Sat\u00e9lite IOD-1 da miss\u00e3o Celeste \u00e9 lan\u00e7ado com sucesso ap\u00f3s dois adiamentos\",\"datePublished\":\"2026-03-29T07:02:36+00:00\",\"mainEntityOfPage\":{\"@id\":\"https:\/\/portaltela.pt\/noticias\/2026\/03\/29\/satelite-iod-1-da-missao-celeste-e-lancado-com-sucesso-apos-dois-adiamentos-2\/\"},\"wordCount\":277,\"image\":{\"@id\":\"https:\/\/portaltela.pt\/noticias\/2026\/03\/29\/satelite-iod-1-da-missao-celeste-e-lancado-com-sucesso-apos-dois-adiamentos-2\/#primaryimage\"},\"thumbnailUrl\":\"https:\/\/portaltela.pt\/s.01k8rhncp4jt1\/2026\/03\/2077725.jpg\",\"keywords\":[\"Ag\u00eancia Espacial Portuguesa\",\"ci\u00eancia\",\"ESA\",\"inova\u00e7\u00e3o\",\"Portugal\",\"tecnologia\"],\"articleSection\":[\"Tecnologia\"],\"inLanguage\":\"pt-PT\"},{\"@type\":\"WebPage\",\"@id\":\"https:\/\/portaltela.pt\/noticias\/2026\/03\/29\/satelite-iod-1-da-missao-celeste-e-lancado-com-sucesso-apos-dois-adiamentos-2\/\",\"url\":\"https:\/\/portaltela.pt\/noticias\/2026\/03\/29\/satelite-iod-1-da-missao-celeste-e-lancado-com-sucesso-apos-dois-adiamentos-2\/\",\"name\":\"Sat\u00e9lite IOD-1 da miss\u00e3o Celeste \u00e9 lan\u00e7ado com sucesso ap\u00f3s dois adiamentos - Portal Tela Portugal\",\"isPartOf\":{\"@id\":\"https:\/\/portaltela.pt\/#website\"},\"primaryImageOfPage\":{\"@id\":\"https:\/\/portaltela.pt\/noticias\/2026\/03\/29\/satelite-iod-1-da-missao-celeste-e-lancado-com-sucesso-apos-dois-adiamentos-2\/#primaryimage\"},\"image\":{\"@id\":\"https:\/\/portaltela.pt\/noticias\/2026\/03\/29\/satelite-iod-1-da-missao-celeste-e-lancado-com-sucesso-apos-dois-adiamentos-2\/#primaryimage\"},\"thumbnailUrl\":\"https:\/\/portaltela.pt\/s.01k8rhncp4jt1\/2026\/03\/2077725.jpg\",\"datePublished\":\"2026-03-29T07:02:36+00:00\",\"author\":{\"@id\":\"https:\/\/portaltela.pt\/#\/schema\/person\/c4278d4a6028830caff9ee44b42d32ed\"},\"breadcrumb\":{\"@id\":\"https:\/\/portaltela.pt\/noticias\/2026\/03\/29\/satelite-iod-1-da-missao-celeste-e-lancado-com-sucesso-apos-dois-adiamentos-2\/#breadcrumb\"},\"inLanguage\":\"pt-PT\",\"potentialAction\":[{\"@type\":\"ReadAction\",\"target\":[\"https:\/\/portaltela.pt\/noticias\/2026\/03\/29\/satelite-iod-1-da-missao-celeste-e-lancado-com-sucesso-apos-dois-adiamentos-2\/\"]}]},{\"@type\":\"ImageObject\",\"inLanguage\":\"pt-PT\",\"@id\":\"https:\/\/portaltela.pt\/noticias\/2026\/03\/29\/satelite-iod-1-da-missao-celeste-e-lancado-com-sucesso-apos-dois-adiamentos-2\/#primaryimage\",\"url\":\"https:\/\/portaltela.pt\/s.01k8rhncp4jt1\/2026\/03\/2077725.jpg\",\"contentUrl\":\"https:\/\/portaltela.pt\/s.01k8rhncp4jt1\/2026\/03\/2077725.jpg\",\"width\":796,\"height\":448,\"caption\":\"Ilustra\u00e7\u00e3o relativa \u00e0 miss\u00e3o Celeste, que ir\u00e1 validar tecnologias para o sistema de navega\u00e7\u00e3o por sat\u00e9lite Galileu\"},{\"@type\":\"BreadcrumbList\",\"@id\":\"https:\/\/portaltela.pt\/noticias\/2026\/03\/29\/satelite-iod-1-da-missao-celeste-e-lancado-com-sucesso-apos-dois-adiamentos-2\/#breadcrumb\",\"itemListElement\":[{\"@type\":\"ListItem\",\"position\":1,\"name\":\"In\u00edcio\",\"item\":\"https:\/\/portaltela.pt\/\"},{\"@type\":\"ListItem\",\"position\":2,\"name\":\"Sat\u00e9lite IOD-1 da miss\u00e3o Celeste \u00e9 lan\u00e7ado com sucesso ap\u00f3s dois adiamentos\"}]},{\"@type\":\"WebSite\",\"@id\":\"https:\/\/portaltela.pt\/#website\",\"url\":\"https:\/\/portaltela.pt\/\",\"name\":\"Portal Tela Portugal\",\"description\":\"\",\"potentialAction\":[{\"@type\":\"SearchAction\",\"target\":{\"@type\":\"EntryPoint\",\"urlTemplate\":\"https:\/\/portaltela.pt\/?s={search_term_string}\"},\"query-input\":{\"@type\":\"PropertyValueSpecification\",\"valueRequired\":true,\"valueName\":\"search_term_string\"}}],\"inLanguage\":\"pt-PT\"},{\"@type\":\"Person\",\"@id\":\"https:\/\/portaltela.pt\/#\/schema\/person\/c4278d4a6028830caff9ee44b42d32ed\",\"name\":\"Telinha\",\"image\":{\"@type\":\"ImageObject\",\"inLanguage\":\"pt-PT\",\"@id\":\"https:\/\/portaltela.pt\/s.01k8rhncp4jt1\/2025\/11\/talking-bot-125x125.png\",\"url\":\"https:\/\/portaltela.pt\/s.01k8rhncp4jt1\/2025\/11\/talking-bot-125x125.png\",\"contentUrl\":\"https:\/\/portaltela.pt\/s.01k8rhncp4jt1\/2025\/11\/talking-bot-125x125.png\",\"caption\":\"Telinha\"},\"sameAs\":[\"https:\/\/portaltela.pt\/\"],\"url\":\"https:\/\/portaltela.pt\/por\/367410592786\/\"}]}<\/script>\n<!-- \/ Yoast SEO plugin. -->","yoast_head_json":{"title":"Sat\u00e9lite IOD-1 da miss\u00e3o Celeste \u00e9 lan\u00e7ado com sucesso ap\u00f3s dois adiamentos - Portal Tela Portugal","robots":{"index":"index","follow":"follow","max-snippet":"max-snippet:-1","max-image-preview":"max-image-preview:large","max-video-preview":"max-video-preview:-1"},"og_locale":"pt_PT","og_type":"article","og_title":"Sat\u00e9lite IOD-1 da miss\u00e3o Celeste \u00e9 lan\u00e7ado com sucesso ap\u00f3s dois adiamentos - Portal Tela Portugal","og_description":"O sat\u00e9lite IOD-1, da miss\u00e3o Celeste da Ag\u00eancia Espacial Europeia, foi lan\u00e7ado com sucesso neste s\u00e1bado em M\u0101hia, Nova Zel\u00e2ndia, ap\u00f3s dois adiamentos por mau tempo. A miss\u00e3o Celeste visa refor\u00e7ar o sistema Galileu, expandindo a cobertura e assegurando navega\u00e7\u00e3o em caso de perda de sinal, com aplica\u00e7\u00f5es como condu\u00e7\u00e3o aut\u00f3noma. O programa prev\u00ea o lan\u00e7amento de doze sat\u00e9lites, sendo onze operacionais e um de reserva, com tecnologia desenvolvida em parte em Portugal. A GMV Portugal, que participou nos testes, diz que o lan\u00e7amento marca o in\u00edcio de uma nova gera\u00e7\u00e3o de navega\u00e7\u00e3o na Europa. O nome Celeste homenageia Maria Celeste, filha de Galileu Galilei, e o objetivo \u00e9 complementar o Galileu com sat\u00e9lites em \u00f3rbita terrestre baixa para melhorar a robustez e a resili\u00eancia do sistema europeu.","og_url":"https:\/\/portaltela.pt\/noticias\/2026\/03\/29\/satelite-iod-1-da-missao-celeste-e-lancado-com-sucesso-apos-dois-adiamentos-2\/","og_site_name":"Portal Tela Portugal","article_published_time":"2026-03-29T07:02:36+00:00","author":"Telinha","twitter_card":"summary_large_image","twitter_misc":{"Escrito por":"Telinha","Tempo estimado de leitura":"1 minuto"},"schema":{"@context":"https:\/\/schema.org","@graph":[{"@type":"Article","@id":"https:\/\/portaltela.pt\/noticias\/2026\/03\/29\/satelite-iod-1-da-missao-celeste-e-lancado-com-sucesso-apos-dois-adiamentos-2\/#article","isPartOf":{"@id":"https:\/\/portaltela.pt\/noticias\/2026\/03\/29\/satelite-iod-1-da-missao-celeste-e-lancado-com-sucesso-apos-dois-adiamentos-2\/"},"author":{"name":"Telinha","@id":"https:\/\/portaltela.pt\/#\/schema\/person\/c4278d4a6028830caff9ee44b42d32ed"},"headline":"Sat\u00e9lite IOD-1 da miss\u00e3o Celeste \u00e9 lan\u00e7ado com sucesso ap\u00f3s dois adiamentos","datePublished":"2026-03-29T07:02:36+00:00","mainEntityOfPage":{"@id":"https:\/\/portaltela.pt\/noticias\/2026\/03\/29\/satelite-iod-1-da-missao-celeste-e-lancado-com-sucesso-apos-dois-adiamentos-2\/"},"wordCount":277,"image":{"@id":"https:\/\/portaltela.pt\/noticias\/2026\/03\/29\/satelite-iod-1-da-missao-celeste-e-lancado-com-sucesso-apos-dois-adiamentos-2\/#primaryimage"},"thumbnailUrl":"https:\/\/portaltela.pt\/s.01k8rhncp4jt1\/2026\/03\/2077725.jpg","keywords":["Ag\u00eancia Espacial Portuguesa","ci\u00eancia","ESA","inova\u00e7\u00e3o","Portugal","tecnologia"],"articleSection":["Tecnologia"],"inLanguage":"pt-PT"},{"@type":"WebPage","@id":"https:\/\/portaltela.pt\/noticias\/2026\/03\/29\/satelite-iod-1-da-missao-celeste-e-lancado-com-sucesso-apos-dois-adiamentos-2\/","url":"https:\/\/portaltela.pt\/noticias\/2026\/03\/29\/satelite-iod-1-da-missao-celeste-e-lancado-com-sucesso-apos-dois-adiamentos-2\/","name":"Sat\u00e9lite IOD-1 da miss\u00e3o Celeste \u00e9 lan\u00e7ado com sucesso ap\u00f3s dois adiamentos - Portal Tela Portugal","isPartOf":{"@id":"https:\/\/portaltela.pt\/#website"},"primaryImageOfPage":{"@id":"https:\/\/portaltela.pt\/noticias\/2026\/03\/29\/satelite-iod-1-da-missao-celeste-e-lancado-com-sucesso-apos-dois-adiamentos-2\/#primaryimage"},"image":{"@id":"https:\/\/portaltela.pt\/noticias\/2026\/03\/29\/satelite-iod-1-da-missao-celeste-e-lancado-com-sucesso-apos-dois-adiamentos-2\/#primaryimage"},"thumbnailUrl":"https:\/\/portaltela.pt\/s.01k8rhncp4jt1\/2026\/03\/2077725.jpg","datePublished":"2026-03-29T07:02:36+00:00","author":{"@id":"https:\/\/portaltela.pt\/#\/schema\/person\/c4278d4a6028830caff9ee44b42d32ed"},"breadcrumb":{"@id":"https:\/\/portaltela.pt\/noticias\/2026\/03\/29\/satelite-iod-1-da-missao-celeste-e-lancado-com-sucesso-apos-dois-adiamentos-2\/#breadcrumb"},"inLanguage":"pt-PT","potentialAction":[{"@type":"ReadAction","target":["https:\/\/portaltela.pt\/noticias\/2026\/03\/29\/satelite-iod-1-da-missao-celeste-e-lancado-com-sucesso-apos-dois-adiamentos-2\/"]}]},{"@type":"ImageObject","inLanguage":"pt-PT","@id":"https:\/\/portaltela.pt\/noticias\/2026\/03\/29\/satelite-iod-1-da-missao-celeste-e-lancado-com-sucesso-apos-dois-adiamentos-2\/#primaryimage","url":"https:\/\/portaltela.pt\/s.01k8rhncp4jt1\/2026\/03\/2077725.jpg","contentUrl":"https:\/\/portaltela.pt\/s.01k8rhncp4jt1\/2026\/03\/2077725.jpg","width":796,"height":448,"caption":"Ilustra\u00e7\u00e3o relativa \u00e0 miss\u00e3o Celeste, que ir\u00e1 validar tecnologias para o sistema de navega\u00e7\u00e3o por sat\u00e9lite Galileu"},{"@type":"BreadcrumbList","@id":"https:\/\/portaltela.pt\/noticias\/2026\/03\/29\/satelite-iod-1-da-missao-celeste-e-lancado-com-sucesso-apos-dois-adiamentos-2\/#breadcrumb","itemListElement":[{"@type":"ListItem","position":1,"name":"In\u00edcio","item":"https:\/\/portaltela.pt\/"},{"@type":"ListItem","position":2,"name":"Sat\u00e9lite IOD-1 da miss\u00e3o Celeste \u00e9 lan\u00e7ado com sucesso ap\u00f3s dois adiamentos"}]},{"@type":"WebSite","@id":"https:\/\/portaltela.pt\/#website","url":"https:\/\/portaltela.pt\/","name":"Portal Tela Portugal","description":"","potentialAction":[{"@type":"SearchAction","target":{"@type":"EntryPoint","urlTemplate":"https:\/\/portaltela.pt\/?s={search_term_string}"},"query-input":{"@type":"PropertyValueSpecification","valueRequired":true,"valueName":"search_term_string"}}],"inLanguage":"pt-PT"},{"@type":"Person","@id":"https:\/\/portaltela.pt\/#\/schema\/person\/c4278d4a6028830caff9ee44b42d32ed","name":"Telinha","image":{"@type":"ImageObject","inLanguage":"pt-PT","@id":"https:\/\/portaltela.pt\/s.01k8rhncp4jt1\/2025\/11\/talking-bot-125x125.png","url":"https:\/\/portaltela.pt\/s.01k8rhncp4jt1\/2025\/11\/talking-bot-125x125.png","contentUrl":"https:\/\/portaltela.pt\/s.01k8rhncp4jt1\/2025\/11\/talking-bot-125x125.png","caption":"Telinha"},"sameAs":["https:\/\/portaltela.pt\/"],"url":"https:\/\/portaltela.pt\/por\/367410592786\/"}]}},"_links":{"self":[{"href":"https:\/\/portaltela.pt\/api\/wp\/v2\/posts\/425672","targetHints":{"allow":["GET"]}}],"collection":[{"href":"https:\/\/portaltela.pt\/api\/wp\/v2\/posts"}],"about":[{"href":"https:\/\/portaltela.pt\/api\/wp\/v2\/types\/post"}],"author":[{"embeddable":true,"href":"https:\/\/portaltela.pt\/api\/wp\/v2\/users\/2"}],"replies":[{"embeddable":true,"href":"https:\/\/portaltela.pt\/api\/wp\/v2\/comments?post=425672"}],"version-history":[{"count":0,"href":"https:\/\/portaltela.pt\/api\/wp\/v2\/posts\/425672\/revisions"}],"wp:featuredmedia":[{"embeddable":true,"href":"https:\/\/portaltela.pt\/api\/wp\/v2\/media\/425673"}],"wp:attachment":[{"href":"https:\/\/portaltela.pt\/api\/wp\/v2\/media?parent=425672"}],"wp:term":[{"taxonomy":"category","embeddable":true,"href":"https:\/\/portaltela.pt\/api\/wp\/v2\/categories?post=425672"},{"taxonomy":"post_tag","embeddable":true,"href":"https:\/\/portaltela.pt\/api\/wp\/v2\/tags?post=425672"}],"curies":[{"name":"wp","href":"https:\/\/api.w.org\/{rel}","templated":true}]}}