{"id":425670,"date":"2026-03-29T04:02:27","date_gmt":"2026-03-29T07:02:27","guid":{"rendered":"https:\/\/portaltela.pt\/noticias\/2026\/03\/29\/dupla-alegava-ligacoes-ao-pcc-para-extorquir-na-covilha\/"},"modified":"2026-03-29T04:02:27","modified_gmt":"2026-03-29T07:02:27","slug":"dupla-alegava-ligacoes-ao-pcc-para-extorquir-na-covilha","status":"publish","type":"post","link":"https:\/\/portaltela.pt\/crime\/2026\/03\/29\/dupla-alegava-ligacoes-ao-pcc-para-extorquir-na-covilha\/","title":{"rendered":"Dupla alegava liga\u00e7\u00f5es ao PCC para extorquir na Covilh\u00e3"},"content":{"rendered":"<p>Em Covilh\u00e3, Portugal, uma dupla suspeita de liga\u00e7\u00f5es ao PCC foi envolvida em a\u00e7\u00f5es que inclu\u00edram o sequestro e o roubo de uma v\u00edtima. A investiga\u00e7\u00e3o envolve alega\u00e7\u00f5es de extors\u00e3o associadas a uma tentativa de influenciar decis\u00f5es criminosas na regi\u00e3o.<\/p>\n<p>A v\u00edtima foi utilizada pela dupla para lavar dinheiro proveniente de atividades de droga e para a pr\u00e1tica de burlas. O caso ganhou relev\u00e2ncia por ter liga\u00e7\u00f5es alegadas a uma organiza\u00e7\u00e3o criminosa de elevada notoriedade, segundo informa\u00e7\u00f5es at\u00e9 ao momento.<\/p>\n<p>Os suspeitos estiveram detidos, mas permaneceram em liberdade ap\u00f3s a audi\u00eancia. O processo est\u00e1 a decorrer e n\u00e3o houve, at\u00e9 ao momento, divulga\u00e7\u00e3o de condena\u00e7\u00e3o ou de detalhes adicionais sobre o desfecho judicial.<\/p>\n<h3>Envolvidos e contexto<\/h3>\n<ul>\n<li>Suspeitos: dupla com alega\u00e7\u00f5es de liga\u00e7\u00f5es ao PCC.<\/li>\n<li>V\u00edtima: pessoa sequestrada e roubada, alegadamente utilizada para branqueamento de dinheiro e burlas.<\/li>\n<li>Local: Covilh\u00e3, Portugal.<\/li>\n<li>Data-chave: not\u00edcia publicada a 29 de mar\u00e7o de 2026; os acontecimentos reportados ocorreram previamente e est\u00e3o a ser acompanhados pelas autoridades.<\/li>\n<li>Motivo alegado: extors\u00e3o associada a atividades criminosas e obten\u00e7\u00e3o de vantagens il\u00edcitas.<\/li>\n<\/ul>\n","protected":false},"excerpt":{"rendered":"<ul>\n<li>Dois suspeitos alegavam liga\u00e7\u00f5es ao PCC para extorquir na Covilh\u00e3.<\/li>\n<li>Os indiv\u00edduos sequestraram a v\u00edtima e a utilizaram para branquear dinheiro de droga e burlas.<\/li>\n<li>A v\u00edtima foi alvo de roubo durante o epis\u00f3dio.<\/li>\n<li>Os suspeitos ficaram em liberdade ap\u00f3s o caso.<\/li>\n<li>A not\u00edcia foi publicada em 29 de mar\u00e7o de 2026 \u00e0s 07:59.<\/li>\n<\/ul>\n","protected":false},"author":2,"featured_media":425671,"comment_status":"closed","ping_status":"closed","sticky":false,"template":"","format":"standard","meta":{"footnotes":""},"categories":[6907],"tags":[1306,147,4068,352,203,1170],"class_list":["post-425670","post","type-post","status-publish","format-standard","has-post-thumbnail","hentry","category-crime","tag-covilha","tag-crime","tag-extorsao","tag-organizacao-criminosa","tag-roubo","tag-sequestro"],"yoast_head":"<!-- This site is optimized with the Yoast SEO plugin v27.2 - https:\/\/yoast.com\/product\/yoast-seo-wordpress\/ -->\n<title>Dupla alegava liga\u00e7\u00f5es ao PCC para extorquir na Covilh\u00e3 - Portal Tela Portugal<\/title>\n<meta name=\"robots\" content=\"index, follow, max-snippet:-1, max-image-preview:large, max-video-preview:-1\" \/>\n<meta property=\"og:locale\" content=\"pt_PT\" \/>\n<meta property=\"og:type\" content=\"article\" \/>\n<meta property=\"og:title\" content=\"Dupla alegava liga\u00e7\u00f5es ao PCC para extorquir na Covilh\u00e3 - Portal Tela Portugal\" \/>\n<meta property=\"og:description\" content=\"Dois suspeitos alegavam liga\u00e7\u00f5es ao PCC para extorquir na Covilh\u00e3. Os indiv\u00edduos sequestraram a v\u00edtima e a utilizaram para branquear dinheiro de droga e burlas. A v\u00edtima foi alvo de roubo durante o epis\u00f3dio. Os suspeitos ficaram em liberdade ap\u00f3s o caso. A not\u00edcia foi publicada em 29 de mar\u00e7o de 2026 \u00e0s 07:59.\" \/>\n<meta property=\"og:url\" content=\"https:\/\/portaltela.pt\/noticias\/2026\/03\/29\/dupla-alegava-ligacoes-ao-pcc-para-extorquir-na-covilha\/\" \/>\n<meta property=\"og:site_name\" content=\"Portal Tela Portugal\" \/>\n<meta property=\"article:published_time\" content=\"2026-03-29T07:02:27+00:00\" \/>\n<meta name=\"author\" content=\"Telinha\" \/>\n<meta name=\"twitter:card\" content=\"summary_large_image\" \/>\n<meta name=\"twitter:label1\" content=\"Escrito por\" \/>\n\t<meta name=\"twitter:data1\" content=\"Telinha\" \/>\n\t<meta name=\"twitter:label2\" content=\"Tempo estimado de leitura\" \/>\n\t<meta name=\"twitter:data2\" content=\"1 minuto\" \/>\n<script type=\"application\/ld+json\" class=\"yoast-schema-graph\">{\"@context\":\"https:\/\/schema.org\",\"@graph\":[{\"@type\":\"Article\",\"@id\":\"https:\/\/portaltela.pt\/noticias\/2026\/03\/29\/dupla-alegava-ligacoes-ao-pcc-para-extorquir-na-covilha\/#article\",\"isPartOf\":{\"@id\":\"https:\/\/portaltela.pt\/noticias\/2026\/03\/29\/dupla-alegava-ligacoes-ao-pcc-para-extorquir-na-covilha\/\"},\"author\":{\"name\":\"Telinha\",\"@id\":\"https:\/\/portaltela.pt\/#\/schema\/person\/c4278d4a6028830caff9ee44b42d32ed\"},\"headline\":\"Dupla alegava liga\u00e7\u00f5es ao PCC para extorquir na Covilh\u00e3\",\"datePublished\":\"2026-03-29T07:02:27+00:00\",\"mainEntityOfPage\":{\"@id\":\"https:\/\/portaltela.pt\/noticias\/2026\/03\/29\/dupla-alegava-ligacoes-ao-pcc-para-extorquir-na-covilha\/\"},\"wordCount\":210,\"image\":{\"@id\":\"https:\/\/portaltela.pt\/noticias\/2026\/03\/29\/dupla-alegava-ligacoes-ao-pcc-para-extorquir-na-covilha\/#primaryimage\"},\"thumbnailUrl\":\"https:\/\/portaltela.pt\/s.01k8rhncp4jt1\/2026\/03\/img_1280x722uu2026-03-28-17-20-23-2275281.jpg\",\"keywords\":[\"Covilh\u00e3\",\"crime\",\"extors\u00e3o\",\"organiza\u00e7\u00e3o criminosa\",\"roubo\",\"sequestro\"],\"articleSection\":[\"Crime\"],\"inLanguage\":\"pt-PT\"},{\"@type\":\"WebPage\",\"@id\":\"https:\/\/portaltela.pt\/noticias\/2026\/03\/29\/dupla-alegava-ligacoes-ao-pcc-para-extorquir-na-covilha\/\",\"url\":\"https:\/\/portaltela.pt\/noticias\/2026\/03\/29\/dupla-alegava-ligacoes-ao-pcc-para-extorquir-na-covilha\/\",\"name\":\"Dupla alegava liga\u00e7\u00f5es ao PCC para extorquir na Covilh\u00e3 - Portal Tela Portugal\",\"isPartOf\":{\"@id\":\"https:\/\/portaltela.pt\/#website\"},\"primaryImageOfPage\":{\"@id\":\"https:\/\/portaltela.pt\/noticias\/2026\/03\/29\/dupla-alegava-ligacoes-ao-pcc-para-extorquir-na-covilha\/#primaryimage\"},\"image\":{\"@id\":\"https:\/\/portaltela.pt\/noticias\/2026\/03\/29\/dupla-alegava-ligacoes-ao-pcc-para-extorquir-na-covilha\/#primaryimage\"},\"thumbnailUrl\":\"https:\/\/portaltela.pt\/s.01k8rhncp4jt1\/2026\/03\/img_1280x722uu2026-03-28-17-20-23-2275281.jpg\",\"datePublished\":\"2026-03-29T07:02:27+00:00\",\"author\":{\"@id\":\"https:\/\/portaltela.pt\/#\/schema\/person\/c4278d4a6028830caff9ee44b42d32ed\"},\"breadcrumb\":{\"@id\":\"https:\/\/portaltela.pt\/noticias\/2026\/03\/29\/dupla-alegava-ligacoes-ao-pcc-para-extorquir-na-covilha\/#breadcrumb\"},\"inLanguage\":\"pt-PT\",\"potentialAction\":[{\"@type\":\"ReadAction\",\"target\":[\"https:\/\/portaltela.pt\/noticias\/2026\/03\/29\/dupla-alegava-ligacoes-ao-pcc-para-extorquir-na-covilha\/\"]}]},{\"@type\":\"ImageObject\",\"inLanguage\":\"pt-PT\",\"@id\":\"https:\/\/portaltela.pt\/noticias\/2026\/03\/29\/dupla-alegava-ligacoes-ao-pcc-para-extorquir-na-covilha\/#primaryimage\",\"url\":\"https:\/\/portaltela.pt\/s.01k8rhncp4jt1\/2026\/03\/img_1280x722uu2026-03-28-17-20-23-2275281.jpg\",\"contentUrl\":\"https:\/\/portaltela.pt\/s.01k8rhncp4jt1\/2026\/03\/img_1280x722uu2026-03-28-17-20-23-2275281.jpg\",\"width\":796,\"height\":448,\"caption\":\"Photo\"},{\"@type\":\"BreadcrumbList\",\"@id\":\"https:\/\/portaltela.pt\/noticias\/2026\/03\/29\/dupla-alegava-ligacoes-ao-pcc-para-extorquir-na-covilha\/#breadcrumb\",\"itemListElement\":[{\"@type\":\"ListItem\",\"position\":1,\"name\":\"In\u00edcio\",\"item\":\"https:\/\/portaltela.pt\/\"},{\"@type\":\"ListItem\",\"position\":2,\"name\":\"Dupla alegava liga\u00e7\u00f5es ao PCC para extorquir na Covilh\u00e3\"}]},{\"@type\":\"WebSite\",\"@id\":\"https:\/\/portaltela.pt\/#website\",\"url\":\"https:\/\/portaltela.pt\/\",\"name\":\"Portal Tela Portugal\",\"description\":\"\",\"potentialAction\":[{\"@type\":\"SearchAction\",\"target\":{\"@type\":\"EntryPoint\",\"urlTemplate\":\"https:\/\/portaltela.pt\/?s={search_term_string}\"},\"query-input\":{\"@type\":\"PropertyValueSpecification\",\"valueRequired\":true,\"valueName\":\"search_term_string\"}}],\"inLanguage\":\"pt-PT\"},{\"@type\":\"Person\",\"@id\":\"https:\/\/portaltela.pt\/#\/schema\/person\/c4278d4a6028830caff9ee44b42d32ed\",\"name\":\"Telinha\",\"image\":{\"@type\":\"ImageObject\",\"inLanguage\":\"pt-PT\",\"@id\":\"https:\/\/portaltela.pt\/s.01k8rhncp4jt1\/2025\/11\/talking-bot-125x125.png\",\"url\":\"https:\/\/portaltela.pt\/s.01k8rhncp4jt1\/2025\/11\/talking-bot-125x125.png\",\"contentUrl\":\"https:\/\/portaltela.pt\/s.01k8rhncp4jt1\/2025\/11\/talking-bot-125x125.png\",\"caption\":\"Telinha\"},\"sameAs\":[\"https:\/\/portaltela.pt\/\"],\"url\":\"https:\/\/portaltela.pt\/por\/367410592786\/\"}]}<\/script>\n<!-- \/ Yoast SEO plugin. -->","yoast_head_json":{"title":"Dupla alegava liga\u00e7\u00f5es ao PCC para extorquir na Covilh\u00e3 - Portal Tela Portugal","robots":{"index":"index","follow":"follow","max-snippet":"max-snippet:-1","max-image-preview":"max-image-preview:large","max-video-preview":"max-video-preview:-1"},"og_locale":"pt_PT","og_type":"article","og_title":"Dupla alegava liga\u00e7\u00f5es ao PCC para extorquir na Covilh\u00e3 - Portal Tela Portugal","og_description":"Dois suspeitos alegavam liga\u00e7\u00f5es ao PCC para extorquir na Covilh\u00e3. Os indiv\u00edduos sequestraram a v\u00edtima e a utilizaram para branquear dinheiro de droga e burlas. A v\u00edtima foi alvo de roubo durante o epis\u00f3dio. Os suspeitos ficaram em liberdade ap\u00f3s o caso. A not\u00edcia foi publicada em 29 de mar\u00e7o de 2026 \u00e0s 07:59.","og_url":"https:\/\/portaltela.pt\/noticias\/2026\/03\/29\/dupla-alegava-ligacoes-ao-pcc-para-extorquir-na-covilha\/","og_site_name":"Portal Tela Portugal","article_published_time":"2026-03-29T07:02:27+00:00","author":"Telinha","twitter_card":"summary_large_image","twitter_misc":{"Escrito por":"Telinha","Tempo estimado de leitura":"1 minuto"},"schema":{"@context":"https:\/\/schema.org","@graph":[{"@type":"Article","@id":"https:\/\/portaltela.pt\/noticias\/2026\/03\/29\/dupla-alegava-ligacoes-ao-pcc-para-extorquir-na-covilha\/#article","isPartOf":{"@id":"https:\/\/portaltela.pt\/noticias\/2026\/03\/29\/dupla-alegava-ligacoes-ao-pcc-para-extorquir-na-covilha\/"},"author":{"name":"Telinha","@id":"https:\/\/portaltela.pt\/#\/schema\/person\/c4278d4a6028830caff9ee44b42d32ed"},"headline":"Dupla alegava liga\u00e7\u00f5es ao PCC para extorquir na Covilh\u00e3","datePublished":"2026-03-29T07:02:27+00:00","mainEntityOfPage":{"@id":"https:\/\/portaltela.pt\/noticias\/2026\/03\/29\/dupla-alegava-ligacoes-ao-pcc-para-extorquir-na-covilha\/"},"wordCount":210,"image":{"@id":"https:\/\/portaltela.pt\/noticias\/2026\/03\/29\/dupla-alegava-ligacoes-ao-pcc-para-extorquir-na-covilha\/#primaryimage"},"thumbnailUrl":"https:\/\/portaltela.pt\/s.01k8rhncp4jt1\/2026\/03\/img_1280x722uu2026-03-28-17-20-23-2275281.jpg","keywords":["Covilh\u00e3","crime","extors\u00e3o","organiza\u00e7\u00e3o criminosa","roubo","sequestro"],"articleSection":["Crime"],"inLanguage":"pt-PT"},{"@type":"WebPage","@id":"https:\/\/portaltela.pt\/noticias\/2026\/03\/29\/dupla-alegava-ligacoes-ao-pcc-para-extorquir-na-covilha\/","url":"https:\/\/portaltela.pt\/noticias\/2026\/03\/29\/dupla-alegava-ligacoes-ao-pcc-para-extorquir-na-covilha\/","name":"Dupla alegava liga\u00e7\u00f5es ao PCC para extorquir na Covilh\u00e3 - Portal Tela Portugal","isPartOf":{"@id":"https:\/\/portaltela.pt\/#website"},"primaryImageOfPage":{"@id":"https:\/\/portaltela.pt\/noticias\/2026\/03\/29\/dupla-alegava-ligacoes-ao-pcc-para-extorquir-na-covilha\/#primaryimage"},"image":{"@id":"https:\/\/portaltela.pt\/noticias\/2026\/03\/29\/dupla-alegava-ligacoes-ao-pcc-para-extorquir-na-covilha\/#primaryimage"},"thumbnailUrl":"https:\/\/portaltela.pt\/s.01k8rhncp4jt1\/2026\/03\/img_1280x722uu2026-03-28-17-20-23-2275281.jpg","datePublished":"2026-03-29T07:02:27+00:00","author":{"@id":"https:\/\/portaltela.pt\/#\/schema\/person\/c4278d4a6028830caff9ee44b42d32ed"},"breadcrumb":{"@id":"https:\/\/portaltela.pt\/noticias\/2026\/03\/29\/dupla-alegava-ligacoes-ao-pcc-para-extorquir-na-covilha\/#breadcrumb"},"inLanguage":"pt-PT","potentialAction":[{"@type":"ReadAction","target":["https:\/\/portaltela.pt\/noticias\/2026\/03\/29\/dupla-alegava-ligacoes-ao-pcc-para-extorquir-na-covilha\/"]}]},{"@type":"ImageObject","inLanguage":"pt-PT","@id":"https:\/\/portaltela.pt\/noticias\/2026\/03\/29\/dupla-alegava-ligacoes-ao-pcc-para-extorquir-na-covilha\/#primaryimage","url":"https:\/\/portaltela.pt\/s.01k8rhncp4jt1\/2026\/03\/img_1280x722uu2026-03-28-17-20-23-2275281.jpg","contentUrl":"https:\/\/portaltela.pt\/s.01k8rhncp4jt1\/2026\/03\/img_1280x722uu2026-03-28-17-20-23-2275281.jpg","width":796,"height":448,"caption":"Photo"},{"@type":"BreadcrumbList","@id":"https:\/\/portaltela.pt\/noticias\/2026\/03\/29\/dupla-alegava-ligacoes-ao-pcc-para-extorquir-na-covilha\/#breadcrumb","itemListElement":[{"@type":"ListItem","position":1,"name":"In\u00edcio","item":"https:\/\/portaltela.pt\/"},{"@type":"ListItem","position":2,"name":"Dupla alegava liga\u00e7\u00f5es ao PCC para extorquir na Covilh\u00e3"}]},{"@type":"WebSite","@id":"https:\/\/portaltela.pt\/#website","url":"https:\/\/portaltela.pt\/","name":"Portal Tela Portugal","description":"","potentialAction":[{"@type":"SearchAction","target":{"@type":"EntryPoint","urlTemplate":"https:\/\/portaltela.pt\/?s={search_term_string}"},"query-input":{"@type":"PropertyValueSpecification","valueRequired":true,"valueName":"search_term_string"}}],"inLanguage":"pt-PT"},{"@type":"Person","@id":"https:\/\/portaltela.pt\/#\/schema\/person\/c4278d4a6028830caff9ee44b42d32ed","name":"Telinha","image":{"@type":"ImageObject","inLanguage":"pt-PT","@id":"https:\/\/portaltela.pt\/s.01k8rhncp4jt1\/2025\/11\/talking-bot-125x125.png","url":"https:\/\/portaltela.pt\/s.01k8rhncp4jt1\/2025\/11\/talking-bot-125x125.png","contentUrl":"https:\/\/portaltela.pt\/s.01k8rhncp4jt1\/2025\/11\/talking-bot-125x125.png","caption":"Telinha"},"sameAs":["https:\/\/portaltela.pt\/"],"url":"https:\/\/portaltela.pt\/por\/367410592786\/"}]}},"_links":{"self":[{"href":"https:\/\/portaltela.pt\/api\/wp\/v2\/posts\/425670","targetHints":{"allow":["GET"]}}],"collection":[{"href":"https:\/\/portaltela.pt\/api\/wp\/v2\/posts"}],"about":[{"href":"https:\/\/portaltela.pt\/api\/wp\/v2\/types\/post"}],"author":[{"embeddable":true,"href":"https:\/\/portaltela.pt\/api\/wp\/v2\/users\/2"}],"replies":[{"embeddable":true,"href":"https:\/\/portaltela.pt\/api\/wp\/v2\/comments?post=425670"}],"version-history":[{"count":0,"href":"https:\/\/portaltela.pt\/api\/wp\/v2\/posts\/425670\/revisions"}],"wp:featuredmedia":[{"embeddable":true,"href":"https:\/\/portaltela.pt\/api\/wp\/v2\/media\/425671"}],"wp:attachment":[{"href":"https:\/\/portaltela.pt\/api\/wp\/v2\/media?parent=425670"}],"wp:term":[{"taxonomy":"category","embeddable":true,"href":"https:\/\/portaltela.pt\/api\/wp\/v2\/categories?post=425670"},{"taxonomy":"post_tag","embeddable":true,"href":"https:\/\/portaltela.pt\/api\/wp\/v2\/tags?post=425670"}],"curies":[{"name":"wp","href":"https:\/\/api.w.org\/{rel}","templated":true}]}}