{"id":425664,"date":"2026-03-29T04:02:24","date_gmt":"2026-03-29T07:02:24","guid":{"rendered":"https:\/\/portaltela.pt\/noticias\/2026\/03\/29\/filipa-oliveira-defende-voltar-a-amar-o-museu-do-chiado\/"},"modified":"2026-03-29T04:02:24","modified_gmt":"2026-03-29T07:02:24","slug":"filipa-oliveira-defende-voltar-a-amar-o-museu-do-chiado","status":"publish","type":"post","link":"https:\/\/portaltela.pt\/noticias\/2026\/03\/29\/filipa-oliveira-defende-voltar-a-amar-o-museu-do-chiado\/","title":{"rendered":"Filipa Oliveira defende voltar a amar o Museu do Chiado"},"content":{"rendered":"<p>Filipa Oliveira est\u00e1 h\u00e1 um ano \u00e0 frente do Museu Nacional de Arte Contempor\u00e2nea, o MNAC, situado no Chiado, em Lisboa. A diretora assume o desafio de devolver ao museu a relev\u00e2ncia a n\u00edvel local, nacional e internacional.<\/p>\n<p>A respons\u00e1vel v\u00ea como objetivo tornar o MNAC no museu mais amado de Lisboa, um processo que envolve refor\u00e7ar programas, parcerias e a visibilidade do espa\u00e7o no ecossistema cultural.<\/p>\n<p>Situado no cora\u00e7\u00e3o da capital, o MNAC pretende manter-se como refer\u00eancia na arte contempor\u00e2nea, elevando a qualidade das exposi\u00e7\u00f5es, a atratividade para visitantes e a coopera\u00e7\u00e3o com institui\u00e7\u00f5es nacionais e internacionais.<\/p>\n","protected":false},"excerpt":{"rendered":"<ul>\n<li>Filipa Oliveira \u00e9 a nova directora do Museu Nacional de Arte Contempor\u00e2nea (MNAC), instalado no Chiado, em Lisboa.<\/li>\n<li>Est\u00e1 no cargo h\u00e1 um ano.<\/li>\n<li>O objetivo \u00e9 devolver relev\u00e2ncia ao museu no panorama local, nacional e internacional.<\/li>\n<li>Ela afirmou, de forma descontra\u00edda, que pretende tornar o MNAC o museu mais amado de Lisboa.<\/li>\n<li>O foco do programa passa pela melhoria da visibilidade e da atratividade da institui\u00e7\u00e3o.<\/li>\n<\/ul>\n","protected":false},"author":2,"featured_media":425668,"comment_status":"closed","ping_status":"closed","sticky":false,"template":"","format":"standard","meta":{"footnotes":""},"categories":[7375,1],"tags":[70,145,981,2954,1192,1175],"class_list":["post-425664","post","type-post","status-publish","format-standard","has-post-thumbnail","hentry","category-cultura","category-noticias","tag-arte","tag-cultura","tag-lisboa","tag-museus-e-monumentos-de-portugal","tag-museus-arquivos","tag-patrimonio-cultural"],"yoast_head":"<!-- This site is optimized with the Yoast SEO plugin v27.2 - https:\/\/yoast.com\/product\/yoast-seo-wordpress\/ -->\n<title>Filipa Oliveira defende voltar a amar o Museu do Chiado - Portal Tela Portugal<\/title>\n<meta name=\"robots\" content=\"index, follow, max-snippet:-1, max-image-preview:large, max-video-preview:-1\" \/>\n<meta property=\"og:locale\" content=\"pt_PT\" \/>\n<meta property=\"og:type\" content=\"article\" \/>\n<meta property=\"og:title\" content=\"Filipa Oliveira defende voltar a amar o Museu do Chiado - Portal Tela Portugal\" \/>\n<meta property=\"og:description\" content=\"Filipa Oliveira \u00e9 a nova directora do Museu Nacional de Arte Contempor\u00e2nea (MNAC), instalado no Chiado, em Lisboa. Est\u00e1 no cargo h\u00e1 um ano. O objetivo \u00e9 devolver relev\u00e2ncia ao museu no panorama local, nacional e internacional. Ela afirmou, de forma descontra\u00edda, que pretende tornar o MNAC o museu mais amado de Lisboa. O foco do programa passa pela melhoria da visibilidade e da atratividade da institui\u00e7\u00e3o.\" \/>\n<meta property=\"og:url\" content=\"https:\/\/portaltela.pt\/noticias\/2026\/03\/29\/filipa-oliveira-defende-voltar-a-amar-o-museu-do-chiado\/\" \/>\n<meta property=\"og:site_name\" content=\"Portal Tela Portugal\" \/>\n<meta property=\"article:published_time\" content=\"2026-03-29T07:02:24+00:00\" \/>\n<meta name=\"author\" content=\"Telinha\" \/>\n<meta name=\"twitter:card\" content=\"summary_large_image\" \/>\n<meta name=\"twitter:label1\" content=\"Escrito por\" \/>\n\t<meta name=\"twitter:data1\" content=\"Telinha\" \/>\n\t<meta name=\"twitter:label2\" content=\"Tempo estimado de leitura\" \/>\n\t<meta name=\"twitter:data2\" content=\"1 minuto\" \/>\n<script type=\"application\/ld+json\" class=\"yoast-schema-graph\">{\"@context\":\"https:\/\/schema.org\",\"@graph\":[{\"@type\":\"Article\",\"@id\":\"https:\/\/portaltela.pt\/noticias\/2026\/03\/29\/filipa-oliveira-defende-voltar-a-amar-o-museu-do-chiado\/#article\",\"isPartOf\":{\"@id\":\"https:\/\/portaltela.pt\/noticias\/2026\/03\/29\/filipa-oliveira-defende-voltar-a-amar-o-museu-do-chiado\/\"},\"author\":{\"name\":\"Telinha\",\"@id\":\"https:\/\/portaltela.pt\/#\/schema\/person\/c4278d4a6028830caff9ee44b42d32ed\"},\"headline\":\"Filipa Oliveira defende voltar a amar o Museu do Chiado\",\"datePublished\":\"2026-03-29T07:02:24+00:00\",\"mainEntityOfPage\":{\"@id\":\"https:\/\/portaltela.pt\/noticias\/2026\/03\/29\/filipa-oliveira-defende-voltar-a-amar-o-museu-do-chiado\/\"},\"wordCount\":119,\"image\":{\"@id\":\"https:\/\/portaltela.pt\/noticias\/2026\/03\/29\/filipa-oliveira-defende-voltar-a-amar-o-museu-do-chiado\/#primaryimage\"},\"thumbnailUrl\":\"https:\/\/portaltela.pt\/s.01k8rhncp4jt1\/2026\/03\/2077660.jpg\",\"keywords\":[\"arte\",\"cultura\",\"Lisboa\",\"Museus e Monumentos de Portugal\",\"museus\/arquivos\",\"Patrim\u00f3nio Cultural\"],\"articleSection\":[\"Cultura\",\"Not\u00edcias\"],\"inLanguage\":\"pt-PT\"},{\"@type\":\"WebPage\",\"@id\":\"https:\/\/portaltela.pt\/noticias\/2026\/03\/29\/filipa-oliveira-defende-voltar-a-amar-o-museu-do-chiado\/\",\"url\":\"https:\/\/portaltela.pt\/noticias\/2026\/03\/29\/filipa-oliveira-defende-voltar-a-amar-o-museu-do-chiado\/\",\"name\":\"Filipa Oliveira defende voltar a amar o Museu do Chiado - Portal Tela Portugal\",\"isPartOf\":{\"@id\":\"https:\/\/portaltela.pt\/#website\"},\"primaryImageOfPage\":{\"@id\":\"https:\/\/portaltela.pt\/noticias\/2026\/03\/29\/filipa-oliveira-defende-voltar-a-amar-o-museu-do-chiado\/#primaryimage\"},\"image\":{\"@id\":\"https:\/\/portaltela.pt\/noticias\/2026\/03\/29\/filipa-oliveira-defende-voltar-a-amar-o-museu-do-chiado\/#primaryimage\"},\"thumbnailUrl\":\"https:\/\/portaltela.pt\/s.01k8rhncp4jt1\/2026\/03\/2077660.jpg\",\"datePublished\":\"2026-03-29T07:02:24+00:00\",\"author\":{\"@id\":\"https:\/\/portaltela.pt\/#\/schema\/person\/c4278d4a6028830caff9ee44b42d32ed\"},\"breadcrumb\":{\"@id\":\"https:\/\/portaltela.pt\/noticias\/2026\/03\/29\/filipa-oliveira-defende-voltar-a-amar-o-museu-do-chiado\/#breadcrumb\"},\"inLanguage\":\"pt-PT\",\"potentialAction\":[{\"@type\":\"ReadAction\",\"target\":[\"https:\/\/portaltela.pt\/noticias\/2026\/03\/29\/filipa-oliveira-defende-voltar-a-amar-o-museu-do-chiado\/\"]}]},{\"@type\":\"ImageObject\",\"inLanguage\":\"pt-PT\",\"@id\":\"https:\/\/portaltela.pt\/noticias\/2026\/03\/29\/filipa-oliveira-defende-voltar-a-amar-o-museu-do-chiado\/#primaryimage\",\"url\":\"https:\/\/portaltela.pt\/s.01k8rhncp4jt1\/2026\/03\/2077660.jpg\",\"contentUrl\":\"https:\/\/portaltela.pt\/s.01k8rhncp4jt1\/2026\/03\/2077660.jpg\",\"width\":796,\"height\":448,\"caption\":\"Filipa Oliveira no MNAC, entre obras de Fernando Lanhas e Joaquim Rodrigo: \\\"A exposi\u00e7\u00e3o de longa dura\u00e7\u00e3o acabou de ser renovada h\u00e1 um ano e isso d\u00e1-me tempo para pensar na estrat\u00e9gia do museu\\\"\"},{\"@type\":\"BreadcrumbList\",\"@id\":\"https:\/\/portaltela.pt\/noticias\/2026\/03\/29\/filipa-oliveira-defende-voltar-a-amar-o-museu-do-chiado\/#breadcrumb\",\"itemListElement\":[{\"@type\":\"ListItem\",\"position\":1,\"name\":\"In\u00edcio\",\"item\":\"https:\/\/portaltela.pt\/\"},{\"@type\":\"ListItem\",\"position\":2,\"name\":\"Filipa Oliveira defende voltar a amar o Museu do Chiado\"}]},{\"@type\":\"WebSite\",\"@id\":\"https:\/\/portaltela.pt\/#website\",\"url\":\"https:\/\/portaltela.pt\/\",\"name\":\"Portal Tela Portugal\",\"description\":\"\",\"potentialAction\":[{\"@type\":\"SearchAction\",\"target\":{\"@type\":\"EntryPoint\",\"urlTemplate\":\"https:\/\/portaltela.pt\/?s={search_term_string}\"},\"query-input\":{\"@type\":\"PropertyValueSpecification\",\"valueRequired\":true,\"valueName\":\"search_term_string\"}}],\"inLanguage\":\"pt-PT\"},{\"@type\":\"Person\",\"@id\":\"https:\/\/portaltela.pt\/#\/schema\/person\/c4278d4a6028830caff9ee44b42d32ed\",\"name\":\"Telinha\",\"image\":{\"@type\":\"ImageObject\",\"inLanguage\":\"pt-PT\",\"@id\":\"https:\/\/portaltela.pt\/s.01k8rhncp4jt1\/2025\/11\/talking-bot-125x125.png\",\"url\":\"https:\/\/portaltela.pt\/s.01k8rhncp4jt1\/2025\/11\/talking-bot-125x125.png\",\"contentUrl\":\"https:\/\/portaltela.pt\/s.01k8rhncp4jt1\/2025\/11\/talking-bot-125x125.png\",\"caption\":\"Telinha\"},\"sameAs\":[\"https:\/\/portaltela.pt\/\"],\"url\":\"https:\/\/portaltela.pt\/por\/367410592786\/\"}]}<\/script>\n<!-- \/ Yoast SEO plugin. -->","yoast_head_json":{"title":"Filipa Oliveira defende voltar a amar o Museu do Chiado - Portal Tela Portugal","robots":{"index":"index","follow":"follow","max-snippet":"max-snippet:-1","max-image-preview":"max-image-preview:large","max-video-preview":"max-video-preview:-1"},"og_locale":"pt_PT","og_type":"article","og_title":"Filipa Oliveira defende voltar a amar o Museu do Chiado - Portal Tela Portugal","og_description":"Filipa Oliveira \u00e9 a nova directora do Museu Nacional de Arte Contempor\u00e2nea (MNAC), instalado no Chiado, em Lisboa. Est\u00e1 no cargo h\u00e1 um ano. O objetivo \u00e9 devolver relev\u00e2ncia ao museu no panorama local, nacional e internacional. Ela afirmou, de forma descontra\u00edda, que pretende tornar o MNAC o museu mais amado de Lisboa. O foco do programa passa pela melhoria da visibilidade e da atratividade da institui\u00e7\u00e3o.","og_url":"https:\/\/portaltela.pt\/noticias\/2026\/03\/29\/filipa-oliveira-defende-voltar-a-amar-o-museu-do-chiado\/","og_site_name":"Portal Tela Portugal","article_published_time":"2026-03-29T07:02:24+00:00","author":"Telinha","twitter_card":"summary_large_image","twitter_misc":{"Escrito por":"Telinha","Tempo estimado de leitura":"1 minuto"},"schema":{"@context":"https:\/\/schema.org","@graph":[{"@type":"Article","@id":"https:\/\/portaltela.pt\/noticias\/2026\/03\/29\/filipa-oliveira-defende-voltar-a-amar-o-museu-do-chiado\/#article","isPartOf":{"@id":"https:\/\/portaltela.pt\/noticias\/2026\/03\/29\/filipa-oliveira-defende-voltar-a-amar-o-museu-do-chiado\/"},"author":{"name":"Telinha","@id":"https:\/\/portaltela.pt\/#\/schema\/person\/c4278d4a6028830caff9ee44b42d32ed"},"headline":"Filipa Oliveira defende voltar a amar o Museu do Chiado","datePublished":"2026-03-29T07:02:24+00:00","mainEntityOfPage":{"@id":"https:\/\/portaltela.pt\/noticias\/2026\/03\/29\/filipa-oliveira-defende-voltar-a-amar-o-museu-do-chiado\/"},"wordCount":119,"image":{"@id":"https:\/\/portaltela.pt\/noticias\/2026\/03\/29\/filipa-oliveira-defende-voltar-a-amar-o-museu-do-chiado\/#primaryimage"},"thumbnailUrl":"https:\/\/portaltela.pt\/s.01k8rhncp4jt1\/2026\/03\/2077660.jpg","keywords":["arte","cultura","Lisboa","Museus e Monumentos de Portugal","museus\/arquivos","Patrim\u00f3nio Cultural"],"articleSection":["Cultura","Not\u00edcias"],"inLanguage":"pt-PT"},{"@type":"WebPage","@id":"https:\/\/portaltela.pt\/noticias\/2026\/03\/29\/filipa-oliveira-defende-voltar-a-amar-o-museu-do-chiado\/","url":"https:\/\/portaltela.pt\/noticias\/2026\/03\/29\/filipa-oliveira-defende-voltar-a-amar-o-museu-do-chiado\/","name":"Filipa Oliveira defende voltar a amar o Museu do Chiado - Portal Tela Portugal","isPartOf":{"@id":"https:\/\/portaltela.pt\/#website"},"primaryImageOfPage":{"@id":"https:\/\/portaltela.pt\/noticias\/2026\/03\/29\/filipa-oliveira-defende-voltar-a-amar-o-museu-do-chiado\/#primaryimage"},"image":{"@id":"https:\/\/portaltela.pt\/noticias\/2026\/03\/29\/filipa-oliveira-defende-voltar-a-amar-o-museu-do-chiado\/#primaryimage"},"thumbnailUrl":"https:\/\/portaltela.pt\/s.01k8rhncp4jt1\/2026\/03\/2077660.jpg","datePublished":"2026-03-29T07:02:24+00:00","author":{"@id":"https:\/\/portaltela.pt\/#\/schema\/person\/c4278d4a6028830caff9ee44b42d32ed"},"breadcrumb":{"@id":"https:\/\/portaltela.pt\/noticias\/2026\/03\/29\/filipa-oliveira-defende-voltar-a-amar-o-museu-do-chiado\/#breadcrumb"},"inLanguage":"pt-PT","potentialAction":[{"@type":"ReadAction","target":["https:\/\/portaltela.pt\/noticias\/2026\/03\/29\/filipa-oliveira-defende-voltar-a-amar-o-museu-do-chiado\/"]}]},{"@type":"ImageObject","inLanguage":"pt-PT","@id":"https:\/\/portaltela.pt\/noticias\/2026\/03\/29\/filipa-oliveira-defende-voltar-a-amar-o-museu-do-chiado\/#primaryimage","url":"https:\/\/portaltela.pt\/s.01k8rhncp4jt1\/2026\/03\/2077660.jpg","contentUrl":"https:\/\/portaltela.pt\/s.01k8rhncp4jt1\/2026\/03\/2077660.jpg","width":796,"height":448,"caption":"Filipa Oliveira no MNAC, entre obras de Fernando Lanhas e Joaquim Rodrigo: \"A exposi\u00e7\u00e3o de longa dura\u00e7\u00e3o acabou de ser renovada h\u00e1 um ano e isso d\u00e1-me tempo para pensar na estrat\u00e9gia do museu\""},{"@type":"BreadcrumbList","@id":"https:\/\/portaltela.pt\/noticias\/2026\/03\/29\/filipa-oliveira-defende-voltar-a-amar-o-museu-do-chiado\/#breadcrumb","itemListElement":[{"@type":"ListItem","position":1,"name":"In\u00edcio","item":"https:\/\/portaltela.pt\/"},{"@type":"ListItem","position":2,"name":"Filipa Oliveira defende voltar a amar o Museu do Chiado"}]},{"@type":"WebSite","@id":"https:\/\/portaltela.pt\/#website","url":"https:\/\/portaltela.pt\/","name":"Portal Tela Portugal","description":"","potentialAction":[{"@type":"SearchAction","target":{"@type":"EntryPoint","urlTemplate":"https:\/\/portaltela.pt\/?s={search_term_string}"},"query-input":{"@type":"PropertyValueSpecification","valueRequired":true,"valueName":"search_term_string"}}],"inLanguage":"pt-PT"},{"@type":"Person","@id":"https:\/\/portaltela.pt\/#\/schema\/person\/c4278d4a6028830caff9ee44b42d32ed","name":"Telinha","image":{"@type":"ImageObject","inLanguage":"pt-PT","@id":"https:\/\/portaltela.pt\/s.01k8rhncp4jt1\/2025\/11\/talking-bot-125x125.png","url":"https:\/\/portaltela.pt\/s.01k8rhncp4jt1\/2025\/11\/talking-bot-125x125.png","contentUrl":"https:\/\/portaltela.pt\/s.01k8rhncp4jt1\/2025\/11\/talking-bot-125x125.png","caption":"Telinha"},"sameAs":["https:\/\/portaltela.pt\/"],"url":"https:\/\/portaltela.pt\/por\/367410592786\/"}]}},"_links":{"self":[{"href":"https:\/\/portaltela.pt\/api\/wp\/v2\/posts\/425664","targetHints":{"allow":["GET"]}}],"collection":[{"href":"https:\/\/portaltela.pt\/api\/wp\/v2\/posts"}],"about":[{"href":"https:\/\/portaltela.pt\/api\/wp\/v2\/types\/post"}],"author":[{"embeddable":true,"href":"https:\/\/portaltela.pt\/api\/wp\/v2\/users\/2"}],"replies":[{"embeddable":true,"href":"https:\/\/portaltela.pt\/api\/wp\/v2\/comments?post=425664"}],"version-history":[{"count":0,"href":"https:\/\/portaltela.pt\/api\/wp\/v2\/posts\/425664\/revisions"}],"wp:featuredmedia":[{"embeddable":true,"href":"https:\/\/portaltela.pt\/api\/wp\/v2\/media\/425668"}],"wp:attachment":[{"href":"https:\/\/portaltela.pt\/api\/wp\/v2\/media?parent=425664"}],"wp:term":[{"taxonomy":"category","embeddable":true,"href":"https:\/\/portaltela.pt\/api\/wp\/v2\/categories?post=425664"},{"taxonomy":"post_tag","embeddable":true,"href":"https:\/\/portaltela.pt\/api\/wp\/v2\/tags?post=425664"}],"curies":[{"name":"wp","href":"https:\/\/api.w.org\/{rel}","templated":true}]}}