{"id":425663,"date":"2026-03-29T04:02:23","date_gmt":"2026-03-29T07:02:23","guid":{"rendered":"https:\/\/portaltela.pt\/noticias\/2026\/03\/29\/dois-mortos-em-despiste-de-carro-na-ericeira-vitimas-no-passeio\/"},"modified":"2026-03-29T04:02:23","modified_gmt":"2026-03-29T07:02:23","slug":"dois-mortos-em-despiste-de-carro-na-ericeira-vitimas-no-passeio","status":"publish","type":"post","link":"https:\/\/portaltela.pt\/noticias\/2026\/03\/29\/dois-mortos-em-despiste-de-carro-na-ericeira-vitimas-no-passeio\/","title":{"rendered":"Dois mortos em despiste de carro na Ericeira, v\u00edtimas no passeio"},"content":{"rendered":"<p>Na Ericeira, um despiste de carro provocou a morte de duas pessoas e um ferido leve, de acordo com os relatos preliminares. As v\u00edtimas estavam no passeio no momento do acidente.<\/p>\n<p>As autoridades est\u00e3o a investigar as causas do despiste e as circunst\u00e2ncias que levaram ao acidente. N\u00e3o foram avan\u00e7ados detalhes sobre o ve\u00edculo envolvido ou o estado das v\u00edtimas.<\/p>\n<p>O ferido leve foi encaminhado para avalia\u00e7\u00e3o m\u00e9dica, sem risco imediato reportado. O caso est\u00e1 a ser acompanhado pelas for\u00e7as de seguran\u00e7a competentes na regi\u00e3o.<\/p>\n","protected":false},"excerpt":{"rendered":"<ul>\n<li>Dois mortos em despiste de carro na Ericeira, com as v\u00edtimas no passeio.<\/li>\n<li>H\u00e1 ainda um ferido leve a registar.<\/li>\n<li>A not\u00edcia n\u00e3o detalha as causas do despiste.<\/li>\n<li>O incidente ocorreu na Ericeira, cidade em Portugal.<\/li>\n<\/ul>\n","protected":false},"author":2,"featured_media":425669,"comment_status":"closed","ping_status":"closed","sticky":false,"template":"","format":"standard","meta":{"footnotes":""},"categories":[6849,1],"tags":[5487,4169,2174,6429,250],"class_list":["post-425663","post","type-post","status-publish","format-standard","has-post-thumbnail","hentry","category-acidentes","category-noticias","tag-acidente","tag-acidente-rodoviario","tag-ericeira","tag-mortes","tag-seguranca-publica"],"yoast_head":"<!-- This site is optimized with the Yoast SEO plugin v27.2 - https:\/\/yoast.com\/product\/yoast-seo-wordpress\/ -->\n<title>Dois mortos em despiste de carro na Ericeira, v\u00edtimas no passeio - Portal Tela Portugal<\/title>\n<meta name=\"robots\" content=\"index, follow, max-snippet:-1, max-image-preview:large, max-video-preview:-1\" \/>\n<meta property=\"og:locale\" content=\"pt_PT\" \/>\n<meta property=\"og:type\" content=\"article\" \/>\n<meta property=\"og:title\" content=\"Dois mortos em despiste de carro na Ericeira, v\u00edtimas no passeio - Portal Tela Portugal\" \/>\n<meta property=\"og:description\" content=\"Dois mortos em despiste de carro na Ericeira, com as v\u00edtimas no passeio. H\u00e1 ainda um ferido leve a registar. A not\u00edcia n\u00e3o detalha as causas do despiste. O incidente ocorreu na Ericeira, cidade em Portugal.\" \/>\n<meta property=\"og:url\" content=\"https:\/\/portaltela.pt\/noticias\/2026\/03\/29\/dois-mortos-em-despiste-de-carro-na-ericeira-vitimas-no-passeio\/\" \/>\n<meta property=\"og:site_name\" content=\"Portal Tela Portugal\" \/>\n<meta property=\"article:published_time\" content=\"2026-03-29T07:02:23+00:00\" \/>\n<meta name=\"author\" content=\"Telinha\" \/>\n<meta name=\"twitter:card\" content=\"summary_large_image\" \/>\n<meta name=\"twitter:label1\" content=\"Escrito por\" \/>\n\t<meta name=\"twitter:data1\" content=\"Telinha\" \/>\n<script type=\"application\/ld+json\" class=\"yoast-schema-graph\">{\"@context\":\"https:\/\/schema.org\",\"@graph\":[{\"@type\":\"Article\",\"@id\":\"https:\/\/portaltela.pt\/noticias\/2026\/03\/29\/dois-mortos-em-despiste-de-carro-na-ericeira-vitimas-no-passeio\/#article\",\"isPartOf\":{\"@id\":\"https:\/\/portaltela.pt\/noticias\/2026\/03\/29\/dois-mortos-em-despiste-de-carro-na-ericeira-vitimas-no-passeio\/\"},\"author\":{\"name\":\"Telinha\",\"@id\":\"https:\/\/portaltela.pt\/#\/schema\/person\/c4278d4a6028830caff9ee44b42d32ed\"},\"headline\":\"Dois mortos em despiste de carro na Ericeira, v\u00edtimas no passeio\",\"datePublished\":\"2026-03-29T07:02:23+00:00\",\"mainEntityOfPage\":{\"@id\":\"https:\/\/portaltela.pt\/noticias\/2026\/03\/29\/dois-mortos-em-despiste-de-carro-na-ericeira-vitimas-no-passeio\/\"},\"wordCount\":109,\"image\":{\"@id\":\"https:\/\/portaltela.pt\/noticias\/2026\/03\/29\/dois-mortos-em-despiste-de-carro-na-ericeira-vitimas-no-passeio\/#primaryimage\"},\"thumbnailUrl\":\"https:\/\/portaltela.pt\/s.01k8rhncp4jt1\/2026\/03\/img_1280x722uu2026-03-28-14-37-27-2275256.jpg\",\"keywords\":[\"acidente\",\"acidente rodovi\u00e1rio\",\"Ericeira\",\"mortes\",\"seguran\u00e7a p\u00fablica\"],\"articleSection\":[\"Acidentes\",\"Not\u00edcias\"],\"inLanguage\":\"pt-PT\"},{\"@type\":\"WebPage\",\"@id\":\"https:\/\/portaltela.pt\/noticias\/2026\/03\/29\/dois-mortos-em-despiste-de-carro-na-ericeira-vitimas-no-passeio\/\",\"url\":\"https:\/\/portaltela.pt\/noticias\/2026\/03\/29\/dois-mortos-em-despiste-de-carro-na-ericeira-vitimas-no-passeio\/\",\"name\":\"Dois mortos em despiste de carro na Ericeira, v\u00edtimas no passeio - Portal Tela Portugal\",\"isPartOf\":{\"@id\":\"https:\/\/portaltela.pt\/#website\"},\"primaryImageOfPage\":{\"@id\":\"https:\/\/portaltela.pt\/noticias\/2026\/03\/29\/dois-mortos-em-despiste-de-carro-na-ericeira-vitimas-no-passeio\/#primaryimage\"},\"image\":{\"@id\":\"https:\/\/portaltela.pt\/noticias\/2026\/03\/29\/dois-mortos-em-despiste-de-carro-na-ericeira-vitimas-no-passeio\/#primaryimage\"},\"thumbnailUrl\":\"https:\/\/portaltela.pt\/s.01k8rhncp4jt1\/2026\/03\/img_1280x722uu2026-03-28-14-37-27-2275256.jpg\",\"datePublished\":\"2026-03-29T07:02:23+00:00\",\"author\":{\"@id\":\"https:\/\/portaltela.pt\/#\/schema\/person\/c4278d4a6028830caff9ee44b42d32ed\"},\"breadcrumb\":{\"@id\":\"https:\/\/portaltela.pt\/noticias\/2026\/03\/29\/dois-mortos-em-despiste-de-carro-na-ericeira-vitimas-no-passeio\/#breadcrumb\"},\"inLanguage\":\"pt-PT\",\"potentialAction\":[{\"@type\":\"ReadAction\",\"target\":[\"https:\/\/portaltela.pt\/noticias\/2026\/03\/29\/dois-mortos-em-despiste-de-carro-na-ericeira-vitimas-no-passeio\/\"]}]},{\"@type\":\"ImageObject\",\"inLanguage\":\"pt-PT\",\"@id\":\"https:\/\/portaltela.pt\/noticias\/2026\/03\/29\/dois-mortos-em-despiste-de-carro-na-ericeira-vitimas-no-passeio\/#primaryimage\",\"url\":\"https:\/\/portaltela.pt\/s.01k8rhncp4jt1\/2026\/03\/img_1280x722uu2026-03-28-14-37-27-2275256.jpg\",\"contentUrl\":\"https:\/\/portaltela.pt\/s.01k8rhncp4jt1\/2026\/03\/img_1280x722uu2026-03-28-14-37-27-2275256.jpg\",\"width\":796,\"height\":448,\"caption\":\"Dois mortos em despiste de carro na Ericeira. V\u00edtimas estavam no passeio\"},{\"@type\":\"BreadcrumbList\",\"@id\":\"https:\/\/portaltela.pt\/noticias\/2026\/03\/29\/dois-mortos-em-despiste-de-carro-na-ericeira-vitimas-no-passeio\/#breadcrumb\",\"itemListElement\":[{\"@type\":\"ListItem\",\"position\":1,\"name\":\"In\u00edcio\",\"item\":\"https:\/\/portaltela.pt\/\"},{\"@type\":\"ListItem\",\"position\":2,\"name\":\"Dois mortos em despiste de carro na Ericeira, v\u00edtimas no passeio\"}]},{\"@type\":\"WebSite\",\"@id\":\"https:\/\/portaltela.pt\/#website\",\"url\":\"https:\/\/portaltela.pt\/\",\"name\":\"Portal Tela Portugal\",\"description\":\"\",\"potentialAction\":[{\"@type\":\"SearchAction\",\"target\":{\"@type\":\"EntryPoint\",\"urlTemplate\":\"https:\/\/portaltela.pt\/?s={search_term_string}\"},\"query-input\":{\"@type\":\"PropertyValueSpecification\",\"valueRequired\":true,\"valueName\":\"search_term_string\"}}],\"inLanguage\":\"pt-PT\"},{\"@type\":\"Person\",\"@id\":\"https:\/\/portaltela.pt\/#\/schema\/person\/c4278d4a6028830caff9ee44b42d32ed\",\"name\":\"Telinha\",\"image\":{\"@type\":\"ImageObject\",\"inLanguage\":\"pt-PT\",\"@id\":\"https:\/\/portaltela.pt\/s.01k8rhncp4jt1\/2025\/11\/talking-bot-125x125.png\",\"url\":\"https:\/\/portaltela.pt\/s.01k8rhncp4jt1\/2025\/11\/talking-bot-125x125.png\",\"contentUrl\":\"https:\/\/portaltela.pt\/s.01k8rhncp4jt1\/2025\/11\/talking-bot-125x125.png\",\"caption\":\"Telinha\"},\"sameAs\":[\"https:\/\/portaltela.pt\/\"],\"url\":\"https:\/\/portaltela.pt\/por\/367410592786\/\"}]}<\/script>\n<!-- \/ Yoast SEO plugin. -->","yoast_head_json":{"title":"Dois mortos em despiste de carro na Ericeira, v\u00edtimas no passeio - Portal Tela Portugal","robots":{"index":"index","follow":"follow","max-snippet":"max-snippet:-1","max-image-preview":"max-image-preview:large","max-video-preview":"max-video-preview:-1"},"og_locale":"pt_PT","og_type":"article","og_title":"Dois mortos em despiste de carro na Ericeira, v\u00edtimas no passeio - Portal Tela Portugal","og_description":"Dois mortos em despiste de carro na Ericeira, com as v\u00edtimas no passeio. H\u00e1 ainda um ferido leve a registar. A not\u00edcia n\u00e3o detalha as causas do despiste. O incidente ocorreu na Ericeira, cidade em Portugal.","og_url":"https:\/\/portaltela.pt\/noticias\/2026\/03\/29\/dois-mortos-em-despiste-de-carro-na-ericeira-vitimas-no-passeio\/","og_site_name":"Portal Tela Portugal","article_published_time":"2026-03-29T07:02:23+00:00","author":"Telinha","twitter_card":"summary_large_image","twitter_misc":{"Escrito por":"Telinha"},"schema":{"@context":"https:\/\/schema.org","@graph":[{"@type":"Article","@id":"https:\/\/portaltela.pt\/noticias\/2026\/03\/29\/dois-mortos-em-despiste-de-carro-na-ericeira-vitimas-no-passeio\/#article","isPartOf":{"@id":"https:\/\/portaltela.pt\/noticias\/2026\/03\/29\/dois-mortos-em-despiste-de-carro-na-ericeira-vitimas-no-passeio\/"},"author":{"name":"Telinha","@id":"https:\/\/portaltela.pt\/#\/schema\/person\/c4278d4a6028830caff9ee44b42d32ed"},"headline":"Dois mortos em despiste de carro na Ericeira, v\u00edtimas no passeio","datePublished":"2026-03-29T07:02:23+00:00","mainEntityOfPage":{"@id":"https:\/\/portaltela.pt\/noticias\/2026\/03\/29\/dois-mortos-em-despiste-de-carro-na-ericeira-vitimas-no-passeio\/"},"wordCount":109,"image":{"@id":"https:\/\/portaltela.pt\/noticias\/2026\/03\/29\/dois-mortos-em-despiste-de-carro-na-ericeira-vitimas-no-passeio\/#primaryimage"},"thumbnailUrl":"https:\/\/portaltela.pt\/s.01k8rhncp4jt1\/2026\/03\/img_1280x722uu2026-03-28-14-37-27-2275256.jpg","keywords":["acidente","acidente rodovi\u00e1rio","Ericeira","mortes","seguran\u00e7a p\u00fablica"],"articleSection":["Acidentes","Not\u00edcias"],"inLanguage":"pt-PT"},{"@type":"WebPage","@id":"https:\/\/portaltela.pt\/noticias\/2026\/03\/29\/dois-mortos-em-despiste-de-carro-na-ericeira-vitimas-no-passeio\/","url":"https:\/\/portaltela.pt\/noticias\/2026\/03\/29\/dois-mortos-em-despiste-de-carro-na-ericeira-vitimas-no-passeio\/","name":"Dois mortos em despiste de carro na Ericeira, v\u00edtimas no passeio - Portal Tela Portugal","isPartOf":{"@id":"https:\/\/portaltela.pt\/#website"},"primaryImageOfPage":{"@id":"https:\/\/portaltela.pt\/noticias\/2026\/03\/29\/dois-mortos-em-despiste-de-carro-na-ericeira-vitimas-no-passeio\/#primaryimage"},"image":{"@id":"https:\/\/portaltela.pt\/noticias\/2026\/03\/29\/dois-mortos-em-despiste-de-carro-na-ericeira-vitimas-no-passeio\/#primaryimage"},"thumbnailUrl":"https:\/\/portaltela.pt\/s.01k8rhncp4jt1\/2026\/03\/img_1280x722uu2026-03-28-14-37-27-2275256.jpg","datePublished":"2026-03-29T07:02:23+00:00","author":{"@id":"https:\/\/portaltela.pt\/#\/schema\/person\/c4278d4a6028830caff9ee44b42d32ed"},"breadcrumb":{"@id":"https:\/\/portaltela.pt\/noticias\/2026\/03\/29\/dois-mortos-em-despiste-de-carro-na-ericeira-vitimas-no-passeio\/#breadcrumb"},"inLanguage":"pt-PT","potentialAction":[{"@type":"ReadAction","target":["https:\/\/portaltela.pt\/noticias\/2026\/03\/29\/dois-mortos-em-despiste-de-carro-na-ericeira-vitimas-no-passeio\/"]}]},{"@type":"ImageObject","inLanguage":"pt-PT","@id":"https:\/\/portaltela.pt\/noticias\/2026\/03\/29\/dois-mortos-em-despiste-de-carro-na-ericeira-vitimas-no-passeio\/#primaryimage","url":"https:\/\/portaltela.pt\/s.01k8rhncp4jt1\/2026\/03\/img_1280x722uu2026-03-28-14-37-27-2275256.jpg","contentUrl":"https:\/\/portaltela.pt\/s.01k8rhncp4jt1\/2026\/03\/img_1280x722uu2026-03-28-14-37-27-2275256.jpg","width":796,"height":448,"caption":"Dois mortos em despiste de carro na Ericeira. V\u00edtimas estavam no passeio"},{"@type":"BreadcrumbList","@id":"https:\/\/portaltela.pt\/noticias\/2026\/03\/29\/dois-mortos-em-despiste-de-carro-na-ericeira-vitimas-no-passeio\/#breadcrumb","itemListElement":[{"@type":"ListItem","position":1,"name":"In\u00edcio","item":"https:\/\/portaltela.pt\/"},{"@type":"ListItem","position":2,"name":"Dois mortos em despiste de carro na Ericeira, v\u00edtimas no passeio"}]},{"@type":"WebSite","@id":"https:\/\/portaltela.pt\/#website","url":"https:\/\/portaltela.pt\/","name":"Portal Tela Portugal","description":"","potentialAction":[{"@type":"SearchAction","target":{"@type":"EntryPoint","urlTemplate":"https:\/\/portaltela.pt\/?s={search_term_string}"},"query-input":{"@type":"PropertyValueSpecification","valueRequired":true,"valueName":"search_term_string"}}],"inLanguage":"pt-PT"},{"@type":"Person","@id":"https:\/\/portaltela.pt\/#\/schema\/person\/c4278d4a6028830caff9ee44b42d32ed","name":"Telinha","image":{"@type":"ImageObject","inLanguage":"pt-PT","@id":"https:\/\/portaltela.pt\/s.01k8rhncp4jt1\/2025\/11\/talking-bot-125x125.png","url":"https:\/\/portaltela.pt\/s.01k8rhncp4jt1\/2025\/11\/talking-bot-125x125.png","contentUrl":"https:\/\/portaltela.pt\/s.01k8rhncp4jt1\/2025\/11\/talking-bot-125x125.png","caption":"Telinha"},"sameAs":["https:\/\/portaltela.pt\/"],"url":"https:\/\/portaltela.pt\/por\/367410592786\/"}]}},"_links":{"self":[{"href":"https:\/\/portaltela.pt\/api\/wp\/v2\/posts\/425663","targetHints":{"allow":["GET"]}}],"collection":[{"href":"https:\/\/portaltela.pt\/api\/wp\/v2\/posts"}],"about":[{"href":"https:\/\/portaltela.pt\/api\/wp\/v2\/types\/post"}],"author":[{"embeddable":true,"href":"https:\/\/portaltela.pt\/api\/wp\/v2\/users\/2"}],"replies":[{"embeddable":true,"href":"https:\/\/portaltela.pt\/api\/wp\/v2\/comments?post=425663"}],"version-history":[{"count":0,"href":"https:\/\/portaltela.pt\/api\/wp\/v2\/posts\/425663\/revisions"}],"wp:featuredmedia":[{"embeddable":true,"href":"https:\/\/portaltela.pt\/api\/wp\/v2\/media\/425669"}],"wp:attachment":[{"href":"https:\/\/portaltela.pt\/api\/wp\/v2\/media?parent=425663"}],"wp:term":[{"taxonomy":"category","embeddable":true,"href":"https:\/\/portaltela.pt\/api\/wp\/v2\/categories?post=425663"},{"taxonomy":"post_tag","embeddable":true,"href":"https:\/\/portaltela.pt\/api\/wp\/v2\/tags?post=425663"}],"curies":[{"name":"wp","href":"https:\/\/api.w.org\/{rel}","templated":true}]}}