{"id":425662,"date":"2026-03-29T04:02:23","date_gmt":"2026-03-29T07:02:23","guid":{"rendered":"https:\/\/portaltela.pt\/noticias\/2026\/03\/29\/rosita-mabuiango-2000-2026-entre-milagre-e-tragedia\/"},"modified":"2026-03-29T04:02:23","modified_gmt":"2026-03-29T07:02:23","slug":"rosita-mabuiango-2000-2026-entre-milagre-e-tragedia","status":"publish","type":"post","link":"https:\/\/portaltela.pt\/sociedade\/2026\/03\/29\/rosita-mabuiango-2000-2026-entre-milagre-e-tragedia\/","title":{"rendered":"Rosita Mabuiango (2000-2026) entre milagre e trag\u00e9dia"},"content":{"rendered":"<p>Rosita Mabuiango, conhecida pela alcunha de beb\u00e9 milagre, nasceu em 2000 no cimo de uma \u00e1rvore durante as cheias que afetaram Mo\u00e7ambique. A hist\u00f3ria da sua vida ficou associada ao contexto de cat\u00e1strofe natural e \u00e0 busca por sobreviv\u00eancia numa regi\u00e3o afetada.<\/p>\n<p>Ao longo de 25 anos, Rosita viveu com a sua fam\u00edlia, tendo deixado uma filha de cinco anos quando faleceu. A causa indicada da morte foi anemia, segundo informa\u00e7\u00f5es reportadas. A not\u00edcia suscita perguntas sobre o acesso a apoios sociais.<\/p>\n<p>A fim de esclarecer o que motivou a controv\u00e9rsia, \u00e9 relevante referir que o falecimento desencadeou debates sobre o envolvimento do Estado na vida da fam\u00edlia. O foco fica na verifica\u00e7\u00e3o de apoios e na forma como foram acompanhadas as necessidades b\u00e1sicas.<\/p>\n","protected":false},"excerpt":{"rendered":"<ul>\n<li>Rosita Mabuiango, nascida em 2000 durante as cheias em Mo\u00e7ambique, ficou conhecida como \u201cbeb\u00e9 milagre\u201d por ter nascido no cimo de uma \u00e1rvore.<\/li>\n<li>Morreu recentemente, aos 25 anos, v\u00edtima de anemia, deixando uma filha de cinco anos.<\/li>\n<li>A sua hist\u00f3ria gerou intensa controv\u00e9rsia sobre os apoios que o Estado mo\u00e7ambicano ter\u00e1 dado ou n\u00e3o \u00e0 fam\u00edlia.<\/li>\n<li>O caso \u00e9 lembrado no contexto das cheias de Mo\u00e7ambique em 2000 e da rela\u00e7\u00e3o entre necessidades j\u00e1 identificadas e assist\u00eancia p\u00fablica.<\/li>\n<li>O texto n\u00e3o detalha as medidas oficiais tomadas, mantendo o foco na repercuss\u00e3o social e institucional do epis\u00f3dio.<\/li>\n<\/ul>\n","protected":false},"author":2,"featured_media":425667,"comment_status":"closed","ping_status":"closed","sticky":false,"template":"","format":"standard","meta":{"footnotes":""},"categories":[6745,6871],"tags":[5227,4818,1211,5215,6313,1196],"class_list":["post-425662","post","type-post","status-publish","format-standard","has-post-thumbnail","hentry","category-saude","category-sociedade","tag-africa","tag-apoio-as-catastrofes-naturais","tag-apoio-social","tag-catastrofes-naturais","tag-sociedade-civil","tag-vida-privada"],"yoast_head":"<!-- This site is optimized with the Yoast SEO plugin v27.2 - https:\/\/yoast.com\/product\/yoast-seo-wordpress\/ -->\n<title>Rosita Mabuiango (2000-2026) entre milagre e trag\u00e9dia - Portal Tela Portugal<\/title>\n<meta name=\"robots\" content=\"index, follow, max-snippet:-1, max-image-preview:large, max-video-preview:-1\" \/>\n<meta property=\"og:locale\" content=\"pt_PT\" \/>\n<meta property=\"og:type\" content=\"article\" \/>\n<meta property=\"og:title\" content=\"Rosita Mabuiango (2000-2026) entre milagre e trag\u00e9dia - Portal Tela Portugal\" \/>\n<meta property=\"og:description\" content=\"Rosita Mabuiango, nascida em 2000 durante as cheias em Mo\u00e7ambique, ficou conhecida como \u201cbeb\u00e9 milagre\u201d por ter nascido no cimo de uma \u00e1rvore. Morreu recentemente, aos 25 anos, v\u00edtima de anemia, deixando uma filha de cinco anos. A sua hist\u00f3ria gerou intensa controv\u00e9rsia sobre os apoios que o Estado mo\u00e7ambicano ter\u00e1 dado ou n\u00e3o \u00e0 fam\u00edlia. O caso \u00e9 lembrado no contexto das cheias de Mo\u00e7ambique em 2000 e da rela\u00e7\u00e3o entre necessidades j\u00e1 identificadas e assist\u00eancia p\u00fablica. O texto n\u00e3o detalha as medidas oficiais tomadas, mantendo o foco na repercuss\u00e3o social e institucional do epis\u00f3dio.\" \/>\n<meta property=\"og:url\" content=\"https:\/\/portaltela.pt\/noticias\/2026\/03\/29\/rosita-mabuiango-2000-2026-entre-milagre-e-tragedia\/\" \/>\n<meta property=\"og:site_name\" content=\"Portal Tela Portugal\" \/>\n<meta property=\"article:published_time\" content=\"2026-03-29T07:02:23+00:00\" \/>\n<meta name=\"author\" content=\"Telinha\" \/>\n<meta name=\"twitter:card\" content=\"summary_large_image\" \/>\n<meta name=\"twitter:label1\" content=\"Escrito por\" \/>\n\t<meta name=\"twitter:data1\" content=\"Telinha\" \/>\n\t<meta name=\"twitter:label2\" content=\"Tempo estimado de leitura\" \/>\n\t<meta name=\"twitter:data2\" content=\"1 minuto\" \/>\n<script type=\"application\/ld+json\" class=\"yoast-schema-graph\">{\"@context\":\"https:\/\/schema.org\",\"@graph\":[{\"@type\":\"Article\",\"@id\":\"https:\/\/portaltela.pt\/noticias\/2026\/03\/29\/rosita-mabuiango-2000-2026-entre-milagre-e-tragedia\/#article\",\"isPartOf\":{\"@id\":\"https:\/\/portaltela.pt\/noticias\/2026\/03\/29\/rosita-mabuiango-2000-2026-entre-milagre-e-tragedia\/\"},\"author\":{\"name\":\"Telinha\",\"@id\":\"https:\/\/portaltela.pt\/#\/schema\/person\/c4278d4a6028830caff9ee44b42d32ed\"},\"headline\":\"Rosita Mabuiango (2000-2026) entre milagre e trag\u00e9dia\",\"datePublished\":\"2026-03-29T07:02:23+00:00\",\"mainEntityOfPage\":{\"@id\":\"https:\/\/portaltela.pt\/noticias\/2026\/03\/29\/rosita-mabuiango-2000-2026-entre-milagre-e-tragedia\/\"},\"wordCount\":140,\"image\":{\"@id\":\"https:\/\/portaltela.pt\/noticias\/2026\/03\/29\/rosita-mabuiango-2000-2026-entre-milagre-e-tragedia\/#primaryimage\"},\"thumbnailUrl\":\"https:\/\/portaltela.pt\/s.01k8rhncp4jt1\/2026\/03\/2077119.jpg\",\"keywords\":[\"\u00c1frica\",\"Apoio \u00e0s Cat\u00e1strofes Naturais\",\"Apoio Social\",\"cat\u00e1strofes naturais\",\"sociedade civil\",\"Vida Privada\"],\"articleSection\":[\"Sa\u00fade\",\"Sociedade\"],\"inLanguage\":\"pt-PT\"},{\"@type\":\"WebPage\",\"@id\":\"https:\/\/portaltela.pt\/noticias\/2026\/03\/29\/rosita-mabuiango-2000-2026-entre-milagre-e-tragedia\/\",\"url\":\"https:\/\/portaltela.pt\/noticias\/2026\/03\/29\/rosita-mabuiango-2000-2026-entre-milagre-e-tragedia\/\",\"name\":\"Rosita Mabuiango (2000-2026) entre milagre e trag\u00e9dia - Portal Tela Portugal\",\"isPartOf\":{\"@id\":\"https:\/\/portaltela.pt\/#website\"},\"primaryImageOfPage\":{\"@id\":\"https:\/\/portaltela.pt\/noticias\/2026\/03\/29\/rosita-mabuiango-2000-2026-entre-milagre-e-tragedia\/#primaryimage\"},\"image\":{\"@id\":\"https:\/\/portaltela.pt\/noticias\/2026\/03\/29\/rosita-mabuiango-2000-2026-entre-milagre-e-tragedia\/#primaryimage\"},\"thumbnailUrl\":\"https:\/\/portaltela.pt\/s.01k8rhncp4jt1\/2026\/03\/2077119.jpg\",\"datePublished\":\"2026-03-29T07:02:23+00:00\",\"author\":{\"@id\":\"https:\/\/portaltela.pt\/#\/schema\/person\/c4278d4a6028830caff9ee44b42d32ed\"},\"breadcrumb\":{\"@id\":\"https:\/\/portaltela.pt\/noticias\/2026\/03\/29\/rosita-mabuiango-2000-2026-entre-milagre-e-tragedia\/#breadcrumb\"},\"inLanguage\":\"pt-PT\",\"potentialAction\":[{\"@type\":\"ReadAction\",\"target\":[\"https:\/\/portaltela.pt\/noticias\/2026\/03\/29\/rosita-mabuiango-2000-2026-entre-milagre-e-tragedia\/\"]}]},{\"@type\":\"ImageObject\",\"inLanguage\":\"pt-PT\",\"@id\":\"https:\/\/portaltela.pt\/noticias\/2026\/03\/29\/rosita-mabuiango-2000-2026-entre-milagre-e-tragedia\/#primaryimage\",\"url\":\"https:\/\/portaltela.pt\/s.01k8rhncp4jt1\/2026\/03\/2077119.jpg\",\"contentUrl\":\"https:\/\/portaltela.pt\/s.01k8rhncp4jt1\/2026\/03\/2077119.jpg\",\"width\":796,\"height\":448,\"caption\":\"A morte de Rosita gerou intensa controv\u00e9rsia sobre os apoios que o Estado mo\u00e7ambicano lhe ter\u00e1 dado ou n\u00e3o dado\"},{\"@type\":\"BreadcrumbList\",\"@id\":\"https:\/\/portaltela.pt\/noticias\/2026\/03\/29\/rosita-mabuiango-2000-2026-entre-milagre-e-tragedia\/#breadcrumb\",\"itemListElement\":[{\"@type\":\"ListItem\",\"position\":1,\"name\":\"In\u00edcio\",\"item\":\"https:\/\/portaltela.pt\/\"},{\"@type\":\"ListItem\",\"position\":2,\"name\":\"Rosita Mabuiango (2000-2026) entre milagre e trag\u00e9dia\"}]},{\"@type\":\"WebSite\",\"@id\":\"https:\/\/portaltela.pt\/#website\",\"url\":\"https:\/\/portaltela.pt\/\",\"name\":\"Portal Tela Portugal\",\"description\":\"\",\"potentialAction\":[{\"@type\":\"SearchAction\",\"target\":{\"@type\":\"EntryPoint\",\"urlTemplate\":\"https:\/\/portaltela.pt\/?s={search_term_string}\"},\"query-input\":{\"@type\":\"PropertyValueSpecification\",\"valueRequired\":true,\"valueName\":\"search_term_string\"}}],\"inLanguage\":\"pt-PT\"},{\"@type\":\"Person\",\"@id\":\"https:\/\/portaltela.pt\/#\/schema\/person\/c4278d4a6028830caff9ee44b42d32ed\",\"name\":\"Telinha\",\"image\":{\"@type\":\"ImageObject\",\"inLanguage\":\"pt-PT\",\"@id\":\"https:\/\/portaltela.pt\/s.01k8rhncp4jt1\/2025\/11\/talking-bot-125x125.png\",\"url\":\"https:\/\/portaltela.pt\/s.01k8rhncp4jt1\/2025\/11\/talking-bot-125x125.png\",\"contentUrl\":\"https:\/\/portaltela.pt\/s.01k8rhncp4jt1\/2025\/11\/talking-bot-125x125.png\",\"caption\":\"Telinha\"},\"sameAs\":[\"https:\/\/portaltela.pt\/\"],\"url\":\"https:\/\/portaltela.pt\/por\/367410592786\/\"}]}<\/script>\n<!-- \/ Yoast SEO plugin. -->","yoast_head_json":{"title":"Rosita Mabuiango (2000-2026) entre milagre e trag\u00e9dia - Portal Tela Portugal","robots":{"index":"index","follow":"follow","max-snippet":"max-snippet:-1","max-image-preview":"max-image-preview:large","max-video-preview":"max-video-preview:-1"},"og_locale":"pt_PT","og_type":"article","og_title":"Rosita Mabuiango (2000-2026) entre milagre e trag\u00e9dia - Portal Tela Portugal","og_description":"Rosita Mabuiango, nascida em 2000 durante as cheias em Mo\u00e7ambique, ficou conhecida como \u201cbeb\u00e9 milagre\u201d por ter nascido no cimo de uma \u00e1rvore. Morreu recentemente, aos 25 anos, v\u00edtima de anemia, deixando uma filha de cinco anos. A sua hist\u00f3ria gerou intensa controv\u00e9rsia sobre os apoios que o Estado mo\u00e7ambicano ter\u00e1 dado ou n\u00e3o \u00e0 fam\u00edlia. O caso \u00e9 lembrado no contexto das cheias de Mo\u00e7ambique em 2000 e da rela\u00e7\u00e3o entre necessidades j\u00e1 identificadas e assist\u00eancia p\u00fablica. O texto n\u00e3o detalha as medidas oficiais tomadas, mantendo o foco na repercuss\u00e3o social e institucional do epis\u00f3dio.","og_url":"https:\/\/portaltela.pt\/noticias\/2026\/03\/29\/rosita-mabuiango-2000-2026-entre-milagre-e-tragedia\/","og_site_name":"Portal Tela Portugal","article_published_time":"2026-03-29T07:02:23+00:00","author":"Telinha","twitter_card":"summary_large_image","twitter_misc":{"Escrito por":"Telinha","Tempo estimado de leitura":"1 minuto"},"schema":{"@context":"https:\/\/schema.org","@graph":[{"@type":"Article","@id":"https:\/\/portaltela.pt\/noticias\/2026\/03\/29\/rosita-mabuiango-2000-2026-entre-milagre-e-tragedia\/#article","isPartOf":{"@id":"https:\/\/portaltela.pt\/noticias\/2026\/03\/29\/rosita-mabuiango-2000-2026-entre-milagre-e-tragedia\/"},"author":{"name":"Telinha","@id":"https:\/\/portaltela.pt\/#\/schema\/person\/c4278d4a6028830caff9ee44b42d32ed"},"headline":"Rosita Mabuiango (2000-2026) entre milagre e trag\u00e9dia","datePublished":"2026-03-29T07:02:23+00:00","mainEntityOfPage":{"@id":"https:\/\/portaltela.pt\/noticias\/2026\/03\/29\/rosita-mabuiango-2000-2026-entre-milagre-e-tragedia\/"},"wordCount":140,"image":{"@id":"https:\/\/portaltela.pt\/noticias\/2026\/03\/29\/rosita-mabuiango-2000-2026-entre-milagre-e-tragedia\/#primaryimage"},"thumbnailUrl":"https:\/\/portaltela.pt\/s.01k8rhncp4jt1\/2026\/03\/2077119.jpg","keywords":["\u00c1frica","Apoio \u00e0s Cat\u00e1strofes Naturais","Apoio Social","cat\u00e1strofes naturais","sociedade civil","Vida Privada"],"articleSection":["Sa\u00fade","Sociedade"],"inLanguage":"pt-PT"},{"@type":"WebPage","@id":"https:\/\/portaltela.pt\/noticias\/2026\/03\/29\/rosita-mabuiango-2000-2026-entre-milagre-e-tragedia\/","url":"https:\/\/portaltela.pt\/noticias\/2026\/03\/29\/rosita-mabuiango-2000-2026-entre-milagre-e-tragedia\/","name":"Rosita Mabuiango (2000-2026) entre milagre e trag\u00e9dia - Portal Tela Portugal","isPartOf":{"@id":"https:\/\/portaltela.pt\/#website"},"primaryImageOfPage":{"@id":"https:\/\/portaltela.pt\/noticias\/2026\/03\/29\/rosita-mabuiango-2000-2026-entre-milagre-e-tragedia\/#primaryimage"},"image":{"@id":"https:\/\/portaltela.pt\/noticias\/2026\/03\/29\/rosita-mabuiango-2000-2026-entre-milagre-e-tragedia\/#primaryimage"},"thumbnailUrl":"https:\/\/portaltela.pt\/s.01k8rhncp4jt1\/2026\/03\/2077119.jpg","datePublished":"2026-03-29T07:02:23+00:00","author":{"@id":"https:\/\/portaltela.pt\/#\/schema\/person\/c4278d4a6028830caff9ee44b42d32ed"},"breadcrumb":{"@id":"https:\/\/portaltela.pt\/noticias\/2026\/03\/29\/rosita-mabuiango-2000-2026-entre-milagre-e-tragedia\/#breadcrumb"},"inLanguage":"pt-PT","potentialAction":[{"@type":"ReadAction","target":["https:\/\/portaltela.pt\/noticias\/2026\/03\/29\/rosita-mabuiango-2000-2026-entre-milagre-e-tragedia\/"]}]},{"@type":"ImageObject","inLanguage":"pt-PT","@id":"https:\/\/portaltela.pt\/noticias\/2026\/03\/29\/rosita-mabuiango-2000-2026-entre-milagre-e-tragedia\/#primaryimage","url":"https:\/\/portaltela.pt\/s.01k8rhncp4jt1\/2026\/03\/2077119.jpg","contentUrl":"https:\/\/portaltela.pt\/s.01k8rhncp4jt1\/2026\/03\/2077119.jpg","width":796,"height":448,"caption":"A morte de Rosita gerou intensa controv\u00e9rsia sobre os apoios que o Estado mo\u00e7ambicano lhe ter\u00e1 dado ou n\u00e3o dado"},{"@type":"BreadcrumbList","@id":"https:\/\/portaltela.pt\/noticias\/2026\/03\/29\/rosita-mabuiango-2000-2026-entre-milagre-e-tragedia\/#breadcrumb","itemListElement":[{"@type":"ListItem","position":1,"name":"In\u00edcio","item":"https:\/\/portaltela.pt\/"},{"@type":"ListItem","position":2,"name":"Rosita Mabuiango (2000-2026) entre milagre e trag\u00e9dia"}]},{"@type":"WebSite","@id":"https:\/\/portaltela.pt\/#website","url":"https:\/\/portaltela.pt\/","name":"Portal Tela Portugal","description":"","potentialAction":[{"@type":"SearchAction","target":{"@type":"EntryPoint","urlTemplate":"https:\/\/portaltela.pt\/?s={search_term_string}"},"query-input":{"@type":"PropertyValueSpecification","valueRequired":true,"valueName":"search_term_string"}}],"inLanguage":"pt-PT"},{"@type":"Person","@id":"https:\/\/portaltela.pt\/#\/schema\/person\/c4278d4a6028830caff9ee44b42d32ed","name":"Telinha","image":{"@type":"ImageObject","inLanguage":"pt-PT","@id":"https:\/\/portaltela.pt\/s.01k8rhncp4jt1\/2025\/11\/talking-bot-125x125.png","url":"https:\/\/portaltela.pt\/s.01k8rhncp4jt1\/2025\/11\/talking-bot-125x125.png","contentUrl":"https:\/\/portaltela.pt\/s.01k8rhncp4jt1\/2025\/11\/talking-bot-125x125.png","caption":"Telinha"},"sameAs":["https:\/\/portaltela.pt\/"],"url":"https:\/\/portaltela.pt\/por\/367410592786\/"}]}},"_links":{"self":[{"href":"https:\/\/portaltela.pt\/api\/wp\/v2\/posts\/425662","targetHints":{"allow":["GET"]}}],"collection":[{"href":"https:\/\/portaltela.pt\/api\/wp\/v2\/posts"}],"about":[{"href":"https:\/\/portaltela.pt\/api\/wp\/v2\/types\/post"}],"author":[{"embeddable":true,"href":"https:\/\/portaltela.pt\/api\/wp\/v2\/users\/2"}],"replies":[{"embeddable":true,"href":"https:\/\/portaltela.pt\/api\/wp\/v2\/comments?post=425662"}],"version-history":[{"count":0,"href":"https:\/\/portaltela.pt\/api\/wp\/v2\/posts\/425662\/revisions"}],"wp:featuredmedia":[{"embeddable":true,"href":"https:\/\/portaltela.pt\/api\/wp\/v2\/media\/425667"}],"wp:attachment":[{"href":"https:\/\/portaltela.pt\/api\/wp\/v2\/media?parent=425662"}],"wp:term":[{"taxonomy":"category","embeddable":true,"href":"https:\/\/portaltela.pt\/api\/wp\/v2\/categories?post=425662"},{"taxonomy":"post_tag","embeddable":true,"href":"https:\/\/portaltela.pt\/api\/wp\/v2\/tags?post=425662"}],"curies":[{"name":"wp","href":"https:\/\/api.w.org\/{rel}","templated":true}]}}