{"id":425650,"date":"2026-03-29T03:47:11","date_gmt":"2026-03-29T06:47:11","guid":{"rendered":"https:\/\/portaltela.pt\/noticias\/2026\/03\/29\/concerto-de-musica-classica-atrai-publico-na-nova-temporada\/"},"modified":"2026-03-29T03:47:11","modified_gmt":"2026-03-29T06:47:11","slug":"concerto-de-musica-classica-atrai-publico-na-nova-temporada","status":"publish","type":"post","link":"https:\/\/portaltela.pt\/noticias\/2026\/03\/29\/concerto-de-musica-classica-atrai-publico-na-nova-temporada\/","title":{"rendered":"Concerto de m\u00fasica cl\u00e1ssica atrai p\u00fablico na nova temporada"},"content":{"rendered":"<p>A m\u00fasica cl\u00e1ssica volta a surpreender com inova\u00e7\u00f5es e epis\u00f3dios marcantes em diversos continentes. Do refor\u00e7o de precis\u00e3o com exoesqueletos a protestos de composition, passando por forma\u00e7\u00f5es orquestrais de renome e festivais que colocam artistas na rua, o panorama \u00e9 amplo e diverso. Saiba o essencial do que aconteceu recentemente no mundo da m\u00fasica.<\/p>\n<p>Exoesqueletos ajudam violinistas a tocar em tempo<\/p>\n<p>Estudo aponta que dispositivos rob\u00f3ticos ajudam violinistas a manter o ritmo e coordenar movimentos. Pesquisadores utilizam sensores e atuadores para estabilizar movimentos complexos, reduzindo desvios temporais durante executa\u00e7\u00f5es r\u00e1pidas.<\/p>\n<p>Quem est\u00e1 envolvido e onde<\/p>\n<p>A pesquisa envolve laborat\u00f3rios de rob\u00f3tica e m\u00fasicos de refer\u00eancia na \u00e1rea de cordas. Ainda n\u00e3o h\u00e1 datas de implementa\u00e7\u00e3o pr\u00e1tica nos palcos, mas os resultados indicam melhoria na sincroniza\u00e7\u00e3o entre c\u00e2maras, arco e entoa\u00e7\u00e3o.<\/p>\n<p>Quando e porqu\u00ea<\/p>\n<p>O trabalho ganhou destaque este m\u00eas, com foco na precis\u00e3o r\u00edtmica durante pe\u00e7as contempor\u00e2neas. A meta \u00e9 auxiliar int\u00e9rpretes com coordena\u00e7\u00e3o motora desafiadora, mantendo a express\u00e3o musical sem comprometer o tempo.<\/p>\n<p>Protesto do maestro Philip Glass<\/p>\n<p>Philip Glass anunciou a retirada da estreia mundial da sinfonia Lincoln do Kennedy Center, afirmando que os valores do centro, associado a Trump, contradizem a mensagem da obra. A decis\u00e3o foi comunicada pela equipa de gest\u00e3o do compositor.<\/p>\n<p>Contexto e consequ\u00eancias<\/p>\n<p>A ren\u00fancia \u00e0 estreia ocorre numa altura de tens\u00f5es pol\u00edticas associadas ao Kennedy Center. N\u00e3o foram divulgadas datas alternativas para a apresenta\u00e7\u00e3o, nem informa\u00e7\u00f5es sobre respostas oficiais do centro cultural.<\/p>\n<p>Orquestra Filarm\u00f3nica do Catar<\/p>\n<p>A Filarm\u00f3nica do Catar apresenta m\u00fasicos formados em v\u00e1rias tradi\u00e7\u00f5es, promovendo uma interpreta\u00e7\u00e3o mais plural da m\u00fasica orquestral. A iniciativa visa enriquecer o repert\u00f3rio regional com perspectivas diversas.<\/p>\n<p>Impacto regional<\/p>\n<p>A orquestra tem obtido reconhecimento internacional pela fus\u00e3o de estilos ocidentais com tradi\u00e7\u00f5es locais. Os programas recentes incluem obras de compositores locais e companhias convidadas de renome.<\/p>\n<p>Noite da M\u00fasica no Budapeste<\/p>\n<p>A Orquestra do Festival de Budapeste saiu dos palcos para espet\u00e1culos gratuitos em bares da cidade. A iniciativa visa aproximar o p\u00fablico da orquestra e ampliar o acesso \u00e0 m\u00fasica cl\u00e1ssica.<\/p>\n<p>Detalhes da iniciativa<\/p>\n<p>Os concertos de rua decorreram em locais centrais, com sele\u00e7\u00e3o de repert\u00f3rio variado. A programa\u00e7\u00e3o manteve a qualidade art\u00edstica, mantendo a participa\u00e7\u00e3o de m\u00fasicos da orquestra em apresenta\u00e7\u00f5es informais.<\/p>\n<p>Festival de Qabala no Azerbaij\u00e3o<\/p>\n<p>O Festival Internacional de M\u00fasica de Qabala atrai estrelas globais ao Azerbaij\u00e3o, em parceria com o Minist\u00e9rio da Cultura do pa\u00eds. O certame acontece ao ar livre, em cen\u00e1rios montanhosos do C\u00e1ucaso.<\/p>\n<p>Formato e programa<\/p>\n<p>O festival junta jazz, \u00f3pera e grandes orquestras, com a\u00e7\u00f5es culturais locais. A edi\u00e7\u00e3o de ver\u00e3o utiliza o palco natural do resort para apresenta\u00e7\u00f5es diversas, com p\u00fablico internacional.<\/p>\n<p>Carpinteiro austr\u00edaco protege flautas preciosas<\/p>\n<p>Um artes\u00e3o de uma pequena cidade austr\u00edaca criou estojos que mant\u00eam as flautas est\u00e1veis, reduzindo danos. O invento promete melhorar a seguran\u00e7a e a longevidade dos instrumentos caros.<\/p>\n<p>Impacto pr\u00e1tico<\/p>\n<p>Profissionais de flauta passaram a adotar o design desenvolvido, que oferece amortecimento e fixa\u00e7\u00e3o de pe\u00e7as fr\u00e1geis. Empresas locais j\u00e1 demonstraram interesse em adaptar o modelo a outros instrumentos.<\/p>\n<p>Behzod Abduraimov no palco mundial<\/p>\n<p>O pianista uzbeque Behzod Abduraimov recorda a trajet\u00f3ria, desde Tashkent at\u00e9 palcos de renome. O m\u00fasico descreve, em termos pessoais, o esfor\u00e7o cont\u00ednuo para chegar \u00e0 audi\u00eancia global.<\/p>\n<p>Perspetiva de carreira<\/p>\n<p>A narrativa de Abduraimov inclui a forma\u00e7\u00e3o cl\u00e1ssica e as conquistas em salas de concerto internacionais. O relato evidencia o percurso desde origens humildes at\u00e9 reconhecimentos internacionais.<\/p>\n<p>Classic Violin Olympus no Dubai<\/p>\n<p>O primeiro Classic Violin Olympus no Dubai reuniu violinistas de topo, com pr\u00e9mios e um violino artesanal em jogo. O evento destacou o papel de artes\u00e3os a produzir instrumentos \u00fanicos.<\/p>\n<p>Concurso internacional em foco<\/p>\n<p>Antes das finais, o concurso oferece informa\u00e7\u00f5es sobre participantes, crit\u00e9rios de avalia\u00e7\u00e3o e a relev\u00e2ncia do pr\u00eamio para a carreira dos artistas. A competi\u00e7\u00e3o \u00e9 amplamente reconhecida no circuito musical.<\/p>\n<p>Astana e a dan\u00e7a do bal\u00e9<\/p>\n<p>O bal\u00e9 cazaque da academia de Astana revela talentos de vanguarda, que combinam t\u00e9cnicas cl\u00e1ssicas com tradi\u00e7\u00f5es regionais. O epis\u00f3dio Modern Nomads acompanha a evolu\u00e7\u00e3o dos bailarinos.<\/p>\n<p>Descoberta de Chopin<\/p>\n<p>Foi encontrada uma valsa in\u00e9dita de Chopin, datada de quase 200 anos, em uma biblioteca de Nova Iorque. A pe\u00e7a permanece sob investiga\u00e7\u00e3o para confirma\u00e7\u00e3o de autoria.<\/p>\n<p>Rumos tecnol\u00f3gicos: Dresden e m\u00fasica<\/p>\n<p>Para celebrar 25 anos, a Orquestra Sinf\u00f3nica de Dresden dirige a noite com tr\u00eas bra\u00e7os rob\u00f3ticos. O espet\u00e1culo integra tecnologia e arte para uma experi\u00eancia inovadora.<\/p>\n<p>Voz e Shusha<\/p>\n<p>Fuad Ibrahimov, chefe de orquestra no Azerbaij\u00e3o, partilha a liga\u00e7\u00e3o com Shusha, cidade de significativa heran\u00e7a cultural. O maestro comenta a influ\u00eancia da regi\u00e3o na sua carreira.<\/p>\n<p>Observa\u00e7\u00e3o editorial<\/p>\n<p>As informa\u00e7\u00f5es acima respeitam o ritmo de not\u00edcias, sem opini\u00f5es, e com linguagem neutra. As fontes n\u00e3o s\u00e3o citadas diretamente, mas pautam o conte\u00fado apresentado.<\/p>\n","protected":false},"excerpt":{"rendered":"<ul>\n<li>Exoesqueletos rob\u00f3ticos ajudam violinistas a manter o tempo, segundo estudo.<\/li>\n<li>Philip Glass retira a estreia mundial da sinfonia Lincoln do Kennedy Center, alegando conflito entre os valores do centro e a mensagem da obra.<\/li>\n<li>Orquestra Filarm\u00f3nica do Catar est\u00e1 a transformar a interpreta\u00e7\u00e3o da m\u00fasica orquestral na regi\u00e3o, com m\u00fasicos formados em diferentes tradi\u00e7\u00f5es.<\/li>\n<li>Festival de M\u00fasica de Qabala atrai estrelas globais ao Azerbaij\u00e3o, em parceria com o Minist\u00e9rio da Cultura do pa\u00eds.<\/li>\n<li>Valsa in\u00e9dita de Chopin, datada de quase dois s\u00e9culos, foi descoberta no cofre de uma biblioteca em Nova Iorque.<\/li>\n<\/ul>\n","protected":false},"author":2,"featured_media":425651,"comment_status":"closed","ping_status":"closed","sticky":false,"template":"","format":"standard","meta":{"footnotes":""},"categories":[6676,1],"tags":[7602,6476,593,3674,122,7601],"class_list":["post-425650","post","type-post","status-publish","format-standard","has-post-thumbnail","hentry","category-musica","category-noticias","tag-astana","tag-azerbaijao","tag-concertos","tag-festival","tag-musica","tag-orquestras"],"yoast_head":"<!-- This site is optimized with the Yoast SEO plugin v27.2 - https:\/\/yoast.com\/product\/yoast-seo-wordpress\/ -->\n<title>Concerto de m\u00fasica cl\u00e1ssica atrai p\u00fablico na nova temporada - Portal Tela Portugal<\/title>\n<meta name=\"robots\" content=\"index, follow, max-snippet:-1, max-image-preview:large, max-video-preview:-1\" \/>\n<meta property=\"og:locale\" content=\"pt_PT\" \/>\n<meta property=\"og:type\" content=\"article\" \/>\n<meta property=\"og:title\" content=\"Concerto de m\u00fasica cl\u00e1ssica atrai p\u00fablico na nova temporada - Portal Tela Portugal\" \/>\n<meta property=\"og:description\" content=\"Exoesqueletos rob\u00f3ticos ajudam violinistas a manter o tempo, segundo estudo. Philip Glass retira a estreia mundial da sinfonia Lincoln do Kennedy Center, alegando conflito entre os valores do centro e a mensagem da obra. Orquestra Filarm\u00f3nica do Catar est\u00e1 a transformar a interpreta\u00e7\u00e3o da m\u00fasica orquestral na regi\u00e3o, com m\u00fasicos formados em diferentes tradi\u00e7\u00f5es. Festival de M\u00fasica de Qabala atrai estrelas globais ao Azerbaij\u00e3o, em parceria com o Minist\u00e9rio da Cultura do pa\u00eds. Valsa in\u00e9dita de Chopin, datada de quase dois s\u00e9culos, foi descoberta no cofre de uma biblioteca em Nova Iorque.\" \/>\n<meta property=\"og:url\" content=\"https:\/\/portaltela.pt\/noticias\/2026\/03\/29\/concerto-de-musica-classica-atrai-publico-na-nova-temporada\/\" \/>\n<meta property=\"og:site_name\" content=\"Portal Tela Portugal\" \/>\n<meta property=\"article:published_time\" content=\"2026-03-29T06:47:11+00:00\" \/>\n<meta name=\"author\" content=\"Telinha\" \/>\n<meta name=\"twitter:card\" content=\"summary_large_image\" \/>\n<meta name=\"twitter:label1\" content=\"Escrito por\" \/>\n\t<meta name=\"twitter:data1\" content=\"Telinha\" \/>\n\t<meta name=\"twitter:label2\" content=\"Tempo estimado de leitura\" \/>\n\t<meta name=\"twitter:data2\" content=\"5 minutos\" \/>\n<script type=\"application\/ld+json\" class=\"yoast-schema-graph\">{\"@context\":\"https:\/\/schema.org\",\"@graph\":[{\"@type\":\"Article\",\"@id\":\"https:\/\/portaltela.pt\/noticias\/2026\/03\/29\/concerto-de-musica-classica-atrai-publico-na-nova-temporada\/#article\",\"isPartOf\":{\"@id\":\"https:\/\/portaltela.pt\/noticias\/2026\/03\/29\/concerto-de-musica-classica-atrai-publico-na-nova-temporada\/\"},\"author\":{\"name\":\"Telinha\",\"@id\":\"https:\/\/portaltela.pt\/#\/schema\/person\/c4278d4a6028830caff9ee44b42d32ed\"},\"headline\":\"Concerto de m\u00fasica cl\u00e1ssica atrai p\u00fablico na nova temporada\",\"datePublished\":\"2026-03-29T06:47:11+00:00\",\"mainEntityOfPage\":{\"@id\":\"https:\/\/portaltela.pt\/noticias\/2026\/03\/29\/concerto-de-musica-classica-atrai-publico-na-nova-temporada\/\"},\"wordCount\":915,\"image\":{\"@id\":\"https:\/\/portaltela.pt\/noticias\/2026\/03\/29\/concerto-de-musica-classica-atrai-publico-na-nova-temporada\/#primaryimage\"},\"thumbnailUrl\":\"https:\/\/portaltela.pt\/s.01k8rhncp4jt1\/2026\/03\/320x180_cmsv2_0f806557-c8ed-5f61-bc21-1315a405d26e-9685167.jpg\",\"keywords\":[\"Astana\",\"Azerbaij\u00e3o\",\"concertos\",\"festival\",\"m\u00fasica\",\"orquestras\"],\"articleSection\":[\"M\u00fasica\",\"Not\u00edcias\"],\"inLanguage\":\"pt-PT\"},{\"@type\":\"WebPage\",\"@id\":\"https:\/\/portaltela.pt\/noticias\/2026\/03\/29\/concerto-de-musica-classica-atrai-publico-na-nova-temporada\/\",\"url\":\"https:\/\/portaltela.pt\/noticias\/2026\/03\/29\/concerto-de-musica-classica-atrai-publico-na-nova-temporada\/\",\"name\":\"Concerto de m\u00fasica cl\u00e1ssica atrai p\u00fablico na nova temporada - Portal Tela Portugal\",\"isPartOf\":{\"@id\":\"https:\/\/portaltela.pt\/#website\"},\"primaryImageOfPage\":{\"@id\":\"https:\/\/portaltela.pt\/noticias\/2026\/03\/29\/concerto-de-musica-classica-atrai-publico-na-nova-temporada\/#primaryimage\"},\"image\":{\"@id\":\"https:\/\/portaltela.pt\/noticias\/2026\/03\/29\/concerto-de-musica-classica-atrai-publico-na-nova-temporada\/#primaryimage\"},\"thumbnailUrl\":\"https:\/\/portaltela.pt\/s.01k8rhncp4jt1\/2026\/03\/320x180_cmsv2_0f806557-c8ed-5f61-bc21-1315a405d26e-9685167.jpg\",\"datePublished\":\"2026-03-29T06:47:11+00:00\",\"author\":{\"@id\":\"https:\/\/portaltela.pt\/#\/schema\/person\/c4278d4a6028830caff9ee44b42d32ed\"},\"breadcrumb\":{\"@id\":\"https:\/\/portaltela.pt\/noticias\/2026\/03\/29\/concerto-de-musica-classica-atrai-publico-na-nova-temporada\/#breadcrumb\"},\"inLanguage\":\"pt-PT\",\"potentialAction\":[{\"@type\":\"ReadAction\",\"target\":[\"https:\/\/portaltela.pt\/noticias\/2026\/03\/29\/concerto-de-musica-classica-atrai-publico-na-nova-temporada\/\"]}]},{\"@type\":\"ImageObject\",\"inLanguage\":\"pt-PT\",\"@id\":\"https:\/\/portaltela.pt\/noticias\/2026\/03\/29\/concerto-de-musica-classica-atrai-publico-na-nova-temporada\/#primaryimage\",\"url\":\"https:\/\/portaltela.pt\/s.01k8rhncp4jt1\/2026\/03\/320x180_cmsv2_0f806557-c8ed-5f61-bc21-1315a405d26e-9685167.jpg\",\"contentUrl\":\"https:\/\/portaltela.pt\/s.01k8rhncp4jt1\/2026\/03\/320x180_cmsv2_0f806557-c8ed-5f61-bc21-1315a405d26e-9685167.jpg\",\"width\":796,\"height\":448,\"caption\":\"Cientistas recorrem \u00e0 rob\u00f3tica para ajudar m\u00fasicos a coordenar movimentos\"},{\"@type\":\"BreadcrumbList\",\"@id\":\"https:\/\/portaltela.pt\/noticias\/2026\/03\/29\/concerto-de-musica-classica-atrai-publico-na-nova-temporada\/#breadcrumb\",\"itemListElement\":[{\"@type\":\"ListItem\",\"position\":1,\"name\":\"In\u00edcio\",\"item\":\"https:\/\/portaltela.pt\/\"},{\"@type\":\"ListItem\",\"position\":2,\"name\":\"Concerto de m\u00fasica cl\u00e1ssica atrai p\u00fablico na nova temporada\"}]},{\"@type\":\"WebSite\",\"@id\":\"https:\/\/portaltela.pt\/#website\",\"url\":\"https:\/\/portaltela.pt\/\",\"name\":\"Portal Tela Portugal\",\"description\":\"\",\"potentialAction\":[{\"@type\":\"SearchAction\",\"target\":{\"@type\":\"EntryPoint\",\"urlTemplate\":\"https:\/\/portaltela.pt\/?s={search_term_string}\"},\"query-input\":{\"@type\":\"PropertyValueSpecification\",\"valueRequired\":true,\"valueName\":\"search_term_string\"}}],\"inLanguage\":\"pt-PT\"},{\"@type\":\"Person\",\"@id\":\"https:\/\/portaltela.pt\/#\/schema\/person\/c4278d4a6028830caff9ee44b42d32ed\",\"name\":\"Telinha\",\"image\":{\"@type\":\"ImageObject\",\"inLanguage\":\"pt-PT\",\"@id\":\"https:\/\/portaltela.pt\/s.01k8rhncp4jt1\/2025\/11\/talking-bot-125x125.png\",\"url\":\"https:\/\/portaltela.pt\/s.01k8rhncp4jt1\/2025\/11\/talking-bot-125x125.png\",\"contentUrl\":\"https:\/\/portaltela.pt\/s.01k8rhncp4jt1\/2025\/11\/talking-bot-125x125.png\",\"caption\":\"Telinha\"},\"sameAs\":[\"https:\/\/portaltela.pt\/\"],\"url\":\"https:\/\/portaltela.pt\/por\/367410592786\/\"}]}<\/script>\n<!-- \/ Yoast SEO plugin. -->","yoast_head_json":{"title":"Concerto de m\u00fasica cl\u00e1ssica atrai p\u00fablico na nova temporada - Portal Tela Portugal","robots":{"index":"index","follow":"follow","max-snippet":"max-snippet:-1","max-image-preview":"max-image-preview:large","max-video-preview":"max-video-preview:-1"},"og_locale":"pt_PT","og_type":"article","og_title":"Concerto de m\u00fasica cl\u00e1ssica atrai p\u00fablico na nova temporada - Portal Tela Portugal","og_description":"Exoesqueletos rob\u00f3ticos ajudam violinistas a manter o tempo, segundo estudo. Philip Glass retira a estreia mundial da sinfonia Lincoln do Kennedy Center, alegando conflito entre os valores do centro e a mensagem da obra. Orquestra Filarm\u00f3nica do Catar est\u00e1 a transformar a interpreta\u00e7\u00e3o da m\u00fasica orquestral na regi\u00e3o, com m\u00fasicos formados em diferentes tradi\u00e7\u00f5es. Festival de M\u00fasica de Qabala atrai estrelas globais ao Azerbaij\u00e3o, em parceria com o Minist\u00e9rio da Cultura do pa\u00eds. Valsa in\u00e9dita de Chopin, datada de quase dois s\u00e9culos, foi descoberta no cofre de uma biblioteca em Nova Iorque.","og_url":"https:\/\/portaltela.pt\/noticias\/2026\/03\/29\/concerto-de-musica-classica-atrai-publico-na-nova-temporada\/","og_site_name":"Portal Tela Portugal","article_published_time":"2026-03-29T06:47:11+00:00","author":"Telinha","twitter_card":"summary_large_image","twitter_misc":{"Escrito por":"Telinha","Tempo estimado de leitura":"5 minutos"},"schema":{"@context":"https:\/\/schema.org","@graph":[{"@type":"Article","@id":"https:\/\/portaltela.pt\/noticias\/2026\/03\/29\/concerto-de-musica-classica-atrai-publico-na-nova-temporada\/#article","isPartOf":{"@id":"https:\/\/portaltela.pt\/noticias\/2026\/03\/29\/concerto-de-musica-classica-atrai-publico-na-nova-temporada\/"},"author":{"name":"Telinha","@id":"https:\/\/portaltela.pt\/#\/schema\/person\/c4278d4a6028830caff9ee44b42d32ed"},"headline":"Concerto de m\u00fasica cl\u00e1ssica atrai p\u00fablico na nova temporada","datePublished":"2026-03-29T06:47:11+00:00","mainEntityOfPage":{"@id":"https:\/\/portaltela.pt\/noticias\/2026\/03\/29\/concerto-de-musica-classica-atrai-publico-na-nova-temporada\/"},"wordCount":915,"image":{"@id":"https:\/\/portaltela.pt\/noticias\/2026\/03\/29\/concerto-de-musica-classica-atrai-publico-na-nova-temporada\/#primaryimage"},"thumbnailUrl":"https:\/\/portaltela.pt\/s.01k8rhncp4jt1\/2026\/03\/320x180_cmsv2_0f806557-c8ed-5f61-bc21-1315a405d26e-9685167.jpg","keywords":["Astana","Azerbaij\u00e3o","concertos","festival","m\u00fasica","orquestras"],"articleSection":["M\u00fasica","Not\u00edcias"],"inLanguage":"pt-PT"},{"@type":"WebPage","@id":"https:\/\/portaltela.pt\/noticias\/2026\/03\/29\/concerto-de-musica-classica-atrai-publico-na-nova-temporada\/","url":"https:\/\/portaltela.pt\/noticias\/2026\/03\/29\/concerto-de-musica-classica-atrai-publico-na-nova-temporada\/","name":"Concerto de m\u00fasica cl\u00e1ssica atrai p\u00fablico na nova temporada - Portal Tela Portugal","isPartOf":{"@id":"https:\/\/portaltela.pt\/#website"},"primaryImageOfPage":{"@id":"https:\/\/portaltela.pt\/noticias\/2026\/03\/29\/concerto-de-musica-classica-atrai-publico-na-nova-temporada\/#primaryimage"},"image":{"@id":"https:\/\/portaltela.pt\/noticias\/2026\/03\/29\/concerto-de-musica-classica-atrai-publico-na-nova-temporada\/#primaryimage"},"thumbnailUrl":"https:\/\/portaltela.pt\/s.01k8rhncp4jt1\/2026\/03\/320x180_cmsv2_0f806557-c8ed-5f61-bc21-1315a405d26e-9685167.jpg","datePublished":"2026-03-29T06:47:11+00:00","author":{"@id":"https:\/\/portaltela.pt\/#\/schema\/person\/c4278d4a6028830caff9ee44b42d32ed"},"breadcrumb":{"@id":"https:\/\/portaltela.pt\/noticias\/2026\/03\/29\/concerto-de-musica-classica-atrai-publico-na-nova-temporada\/#breadcrumb"},"inLanguage":"pt-PT","potentialAction":[{"@type":"ReadAction","target":["https:\/\/portaltela.pt\/noticias\/2026\/03\/29\/concerto-de-musica-classica-atrai-publico-na-nova-temporada\/"]}]},{"@type":"ImageObject","inLanguage":"pt-PT","@id":"https:\/\/portaltela.pt\/noticias\/2026\/03\/29\/concerto-de-musica-classica-atrai-publico-na-nova-temporada\/#primaryimage","url":"https:\/\/portaltela.pt\/s.01k8rhncp4jt1\/2026\/03\/320x180_cmsv2_0f806557-c8ed-5f61-bc21-1315a405d26e-9685167.jpg","contentUrl":"https:\/\/portaltela.pt\/s.01k8rhncp4jt1\/2026\/03\/320x180_cmsv2_0f806557-c8ed-5f61-bc21-1315a405d26e-9685167.jpg","width":796,"height":448,"caption":"Cientistas recorrem \u00e0 rob\u00f3tica para ajudar m\u00fasicos a coordenar movimentos"},{"@type":"BreadcrumbList","@id":"https:\/\/portaltela.pt\/noticias\/2026\/03\/29\/concerto-de-musica-classica-atrai-publico-na-nova-temporada\/#breadcrumb","itemListElement":[{"@type":"ListItem","position":1,"name":"In\u00edcio","item":"https:\/\/portaltela.pt\/"},{"@type":"ListItem","position":2,"name":"Concerto de m\u00fasica cl\u00e1ssica atrai p\u00fablico na nova temporada"}]},{"@type":"WebSite","@id":"https:\/\/portaltela.pt\/#website","url":"https:\/\/portaltela.pt\/","name":"Portal Tela Portugal","description":"","potentialAction":[{"@type":"SearchAction","target":{"@type":"EntryPoint","urlTemplate":"https:\/\/portaltela.pt\/?s={search_term_string}"},"query-input":{"@type":"PropertyValueSpecification","valueRequired":true,"valueName":"search_term_string"}}],"inLanguage":"pt-PT"},{"@type":"Person","@id":"https:\/\/portaltela.pt\/#\/schema\/person\/c4278d4a6028830caff9ee44b42d32ed","name":"Telinha","image":{"@type":"ImageObject","inLanguage":"pt-PT","@id":"https:\/\/portaltela.pt\/s.01k8rhncp4jt1\/2025\/11\/talking-bot-125x125.png","url":"https:\/\/portaltela.pt\/s.01k8rhncp4jt1\/2025\/11\/talking-bot-125x125.png","contentUrl":"https:\/\/portaltela.pt\/s.01k8rhncp4jt1\/2025\/11\/talking-bot-125x125.png","caption":"Telinha"},"sameAs":["https:\/\/portaltela.pt\/"],"url":"https:\/\/portaltela.pt\/por\/367410592786\/"}]}},"_links":{"self":[{"href":"https:\/\/portaltela.pt\/api\/wp\/v2\/posts\/425650","targetHints":{"allow":["GET"]}}],"collection":[{"href":"https:\/\/portaltela.pt\/api\/wp\/v2\/posts"}],"about":[{"href":"https:\/\/portaltela.pt\/api\/wp\/v2\/types\/post"}],"author":[{"embeddable":true,"href":"https:\/\/portaltela.pt\/api\/wp\/v2\/users\/2"}],"replies":[{"embeddable":true,"href":"https:\/\/portaltela.pt\/api\/wp\/v2\/comments?post=425650"}],"version-history":[{"count":0,"href":"https:\/\/portaltela.pt\/api\/wp\/v2\/posts\/425650\/revisions"}],"wp:featuredmedia":[{"embeddable":true,"href":"https:\/\/portaltela.pt\/api\/wp\/v2\/media\/425651"}],"wp:attachment":[{"href":"https:\/\/portaltela.pt\/api\/wp\/v2\/media?parent=425650"}],"wp:term":[{"taxonomy":"category","embeddable":true,"href":"https:\/\/portaltela.pt\/api\/wp\/v2\/categories?post=425650"},{"taxonomy":"post_tag","embeddable":true,"href":"https:\/\/portaltela.pt\/api\/wp\/v2\/tags?post=425650"}],"curies":[{"name":"wp","href":"https:\/\/api.w.org\/{rel}","templated":true}]}}