{"id":425628,"date":"2026-03-29T02:47:13","date_gmt":"2026-03-29T05:47:13","guid":{"rendered":"https:\/\/portaltela.pt\/noticias\/2026\/03\/29\/dma-pode-impactar-negativamente-empresas-e-consumidores-europeus\/"},"modified":"2026-03-29T02:47:13","modified_gmt":"2026-03-29T05:47:13","slug":"dma-pode-impactar-negativamente-empresas-e-consumidores-europeus","status":"publish","type":"post","link":"https:\/\/portaltela.pt\/tecnologia\/2026\/03\/29\/dma-pode-impactar-negativamente-empresas-e-consumidores-europeus\/","title":{"rendered":"DMA pode impactar negativamente empresas e consumidores europeus"},"content":{"rendered":"<p>O Regulamento dos Mercados Digitais (DMA) \u00e9 alvo de cr\u00edticas que, segundo especialistas, o tornam inadequado \u00e0 realidade atual da Uni\u00e3o Europeia. O texto original, criado para disciplinar a concorr\u00eancia online, \u00e9 visto como insuficiente para enfrentar as mudan\u00e7as r\u00e1pidas dos mercados digitais.<\/p>\n<p>Analistas afirmam que o DMA assenta em premissas desfasadas e pode dificultar a inova\u00e7\u00e3o e a competi\u00e7\u00e3o. O debate ganha peso \u00e0 luz de decis\u00f5es recentes de grandes empresas tecnol\u00f3gicas e da experi\u00eancia de regula\u00e7\u00e3o de setores tradicionais. A aplica\u00e7\u00e3o restrita do DMA \u00e9 apontada como fonte de desequil\u00edbrios.<\/p>\n<p>O foco do debate recai sobre a forma como a UE regula plataformas e grandes intervenientes digitais. Observadores destacam que reguladores tendem a antecipar impactos, o que pode resultar em medidas prematuras ou inadequadas para o ecossistema tecnol\u00f3gico.<\/p>\n<p>A cr\u00edtica central sustenta que a Europa ainda depende de infraestruturas digitais dominadas por entidades norte-americanas. Assim, mesmo empresas locais com ambi\u00e7\u00f5es de competi\u00e7\u00e3o enfrentam obst\u00e1culos ao atuar dentro de plataformas estabelecidas, em vez de competir no mercado aberto.<\/p>\n<p>Alguns relatos referem ainda que o DMA \u00e9 apenas um sintoma de um conjunto de pol\u00edticas que n\u00e3o favorecem a efici\u00eancia regulat\u00f3ria. A necessidade apontada \u00e9 de uma revis\u00e3o ampla do quadro regulamentar, com foco na aplica\u00e7\u00e3o mais c\u00e9lere das regras do mercado interno.<\/p>\n<p>Especialistas destacam que aEuropa precisa de uma reformula\u00e7\u00e3o institucional profunda para tornar o mercado digital vi\u00e1vel e competitivo. Sem mudan\u00e7as estruturais, argumenta-se, o DMA n\u00e3o ser\u00e1 suficiente para alterar o cen\u00e1rio tecnol\u00f3gico europeu.<\/p>\n<p>A compara\u00e7\u00e3o com o setor das telecomunica\u00e7\u00f5es \u00e9 utilizada para ilustrar a l\u00f3gica regulat\u00f3ria. Enquanto as redes f\u00edsicas eram europeias, hoje o controlo da infraestrutura digital est\u00e1 amplamente nas m\u00e3os de plataformas norte-americanas, o que altera o modelo de competi\u00e7\u00e3o.<\/p>\n<p>L\u00edderes de opini\u00e3o indicam que obst\u00e1culos regulat\u00f3rios constantes e a vigil\u00e2ncia excessiva podem reduzir a capacidade competitiva da Europa. O argumento \u00e9 que a aplica\u00e7\u00e3o estrita de regras pode afastar investimentos e inova\u00e7\u00e3o.<\/p>\n<p>Numa perspetiva mais ampla, defende-se que eliminar o DMA apenas n\u00e3o resolveria as quest\u00f5es estruturais. Atribui-se \u00e0 Uni\u00e3o Europeia uma vis\u00e3o que precisa de evoluir desde a regula\u00e7\u00e3o at\u00e9 \u00e0 implementa\u00e7\u00e3o pr\u00e1tica de pol\u00edticas de mercado.<\/p>\n<p>O texto aponta para a necessidade de desburocratiza\u00e7\u00e3o e maior agilidade na aplica\u00e7\u00e3o das regras do mercado interno. A meta seria permitir que empresas europeias compitam com sucesso, n\u00e3o apenas dentro das plataformas, mas no mercado como um todo.<\/p>\n<p>Este artigo recolhe an\u00e1lise de v\u00e1rias fontes sobre o impacto regulat\u00f3rio no ecossistema digital europeu. Mant\u00e9m-se o objetivo de informar de forma objetiva sobre o que se discute, sem emitir ju\u00edzos de valor ou opini\u00f5es pr\u00f3prias.<\/p>\n","protected":false},"excerpt":{"rendered":"<ul>\n<li>O DMA foi concebido como instrumento de direito da concorr\u00eancia, mas \u00e9 visto como assente em premissas desatualizadas que persistem.<\/li>\n<li>H\u00e1 mem\u00f3ria de alerta da ex-comiss\u00e1ria Margrethe Vestager sobre o metaverso e o ChatGPT, destacando que a a\u00e7\u00e3o regulat\u00f3ria \u00e9 mais lenta que os mercados.<\/li>\n<li>Regula\u00e7\u00e3o prematura na UE \u00e9 apontada como prejudicial a empresas europeias e consumidores, com v\u00e1rias grandes tecnologias tratadas como \u201cgatekeepers\u201d em sua maioria americanas.<\/li>\n<li>A carta do arquitecto do DSA, Thierry Breton, e a cr\u00edtica \u00e0 presun\u00e7\u00e3o de culpa em transmiss\u00f5es ao vivo de entrevistas mostraram uma abordagem regulat\u00f3ria que pode ser excessivamente restritiva.<\/li>\n<li>Defende-se uma grande desregulamenta\u00e7\u00e3o acompanhada de r\u00e1pida aplica\u00e7\u00e3o do mercado interno, para competir de forma eficaz em todas as camadas da chamada \u201crosa da IA\u201d, e mudar a abordagem regulat\u00f3ria da UE.<\/li>\n<\/ul>\n","protected":false},"author":2,"featured_media":425629,"comment_status":"closed","ping_status":"closed","sticky":false,"template":"","format":"standard","meta":{"footnotes":""},"categories":[6716],"tags":[4060,2487,33,229,2377,153],"class_list":["post-425628","post","type-post","status-publish","format-standard","has-post-thumbnail","hentry","category-tecnologia","tag-economia-digital","tag-europa","tag-inovacao","tag-politica-publica","tag-regulacao-internacional","tag-tecnologia"],"yoast_head":"<!-- This site is optimized with the Yoast SEO plugin v27.2 - https:\/\/yoast.com\/product\/yoast-seo-wordpress\/ -->\n<title>DMA pode impactar negativamente empresas e consumidores europeus - Portal Tela Portugal<\/title>\n<meta name=\"robots\" content=\"index, follow, max-snippet:-1, max-image-preview:large, max-video-preview:-1\" \/>\n<meta property=\"og:locale\" content=\"pt_PT\" \/>\n<meta property=\"og:type\" content=\"article\" \/>\n<meta property=\"og:title\" content=\"DMA pode impactar negativamente empresas e consumidores europeus - Portal Tela Portugal\" \/>\n<meta property=\"og:description\" content=\"O DMA foi concebido como instrumento de direito da concorr\u00eancia, mas \u00e9 visto como assente em premissas desatualizadas que persistem. H\u00e1 mem\u00f3ria de alerta da ex-comiss\u00e1ria Margrethe Vestager sobre o metaverso e o ChatGPT, destacando que a a\u00e7\u00e3o regulat\u00f3ria \u00e9 mais lenta que os mercados. Regula\u00e7\u00e3o prematura na UE \u00e9 apontada como prejudicial a empresas europeias e consumidores, com v\u00e1rias grandes tecnologias tratadas como \u201cgatekeepers\u201d em sua maioria americanas. A carta do arquitecto do DSA, Thierry Breton, e a cr\u00edtica \u00e0 presun\u00e7\u00e3o de culpa em transmiss\u00f5es ao vivo de entrevistas mostraram uma abordagem regulat\u00f3ria que pode ser excessivamente restritiva. Defende-se uma grande desregulamenta\u00e7\u00e3o acompanhada de r\u00e1pida aplica\u00e7\u00e3o do mercado interno, para competir de forma eficaz em todas as camadas da chamada \u201crosa da IA\u201d, e mudar a abordagem regulat\u00f3ria da UE.\" \/>\n<meta property=\"og:url\" content=\"https:\/\/portaltela.pt\/noticias\/2026\/03\/29\/dma-pode-impactar-negativamente-empresas-e-consumidores-europeus\/\" \/>\n<meta property=\"og:site_name\" content=\"Portal Tela Portugal\" \/>\n<meta property=\"article:published_time\" content=\"2026-03-29T05:47:13+00:00\" \/>\n<meta name=\"author\" content=\"Telinha\" \/>\n<meta name=\"twitter:card\" content=\"summary_large_image\" \/>\n<meta name=\"twitter:label1\" content=\"Escrito por\" \/>\n\t<meta name=\"twitter:data1\" content=\"Telinha\" \/>\n\t<meta name=\"twitter:label2\" content=\"Tempo estimado de leitura\" \/>\n\t<meta name=\"twitter:data2\" content=\"2 minutos\" \/>\n<script type=\"application\/ld+json\" class=\"yoast-schema-graph\">{\"@context\":\"https:\/\/schema.org\",\"@graph\":[{\"@type\":\"Article\",\"@id\":\"https:\/\/portaltela.pt\/noticias\/2026\/03\/29\/dma-pode-impactar-negativamente-empresas-e-consumidores-europeus\/#article\",\"isPartOf\":{\"@id\":\"https:\/\/portaltela.pt\/noticias\/2026\/03\/29\/dma-pode-impactar-negativamente-empresas-e-consumidores-europeus\/\"},\"author\":{\"name\":\"Telinha\",\"@id\":\"https:\/\/portaltela.pt\/#\/schema\/person\/c4278d4a6028830caff9ee44b42d32ed\"},\"headline\":\"DMA pode impactar negativamente empresas e consumidores europeus\",\"datePublished\":\"2026-03-29T05:47:13+00:00\",\"mainEntityOfPage\":{\"@id\":\"https:\/\/portaltela.pt\/noticias\/2026\/03\/29\/dma-pode-impactar-negativamente-empresas-e-consumidores-europeus\/\"},\"wordCount\":490,\"image\":{\"@id\":\"https:\/\/portaltela.pt\/noticias\/2026\/03\/29\/dma-pode-impactar-negativamente-empresas-e-consumidores-europeus\/#primaryimage\"},\"thumbnailUrl\":\"https:\/\/portaltela.pt\/s.01k8rhncp4jt1\/2026\/03\/1536x864_cmsv2_ca4d2019-a9a1-5d18-9089-7ad026ad5251-9701059.jpg\",\"keywords\":[\"Economia Digital\",\"Europa\",\"inova\u00e7\u00e3o\",\"pol\u00edtica p\u00fablica\",\"regula\u00e7\u00e3o internacional\",\"tecnologia\"],\"articleSection\":[\"Tecnologia\"],\"inLanguage\":\"pt-PT\"},{\"@type\":\"WebPage\",\"@id\":\"https:\/\/portaltela.pt\/noticias\/2026\/03\/29\/dma-pode-impactar-negativamente-empresas-e-consumidores-europeus\/\",\"url\":\"https:\/\/portaltela.pt\/noticias\/2026\/03\/29\/dma-pode-impactar-negativamente-empresas-e-consumidores-europeus\/\",\"name\":\"DMA pode impactar negativamente empresas e consumidores europeus - Portal Tela Portugal\",\"isPartOf\":{\"@id\":\"https:\/\/portaltela.pt\/#website\"},\"primaryImageOfPage\":{\"@id\":\"https:\/\/portaltela.pt\/noticias\/2026\/03\/29\/dma-pode-impactar-negativamente-empresas-e-consumidores-europeus\/#primaryimage\"},\"image\":{\"@id\":\"https:\/\/portaltela.pt\/noticias\/2026\/03\/29\/dma-pode-impactar-negativamente-empresas-e-consumidores-europeus\/#primaryimage\"},\"thumbnailUrl\":\"https:\/\/portaltela.pt\/s.01k8rhncp4jt1\/2026\/03\/1536x864_cmsv2_ca4d2019-a9a1-5d18-9089-7ad026ad5251-9701059.jpg\",\"datePublished\":\"2026-03-29T05:47:13+00:00\",\"author\":{\"@id\":\"https:\/\/portaltela.pt\/#\/schema\/person\/c4278d4a6028830caff9ee44b42d32ed\"},\"breadcrumb\":{\"@id\":\"https:\/\/portaltela.pt\/noticias\/2026\/03\/29\/dma-pode-impactar-negativamente-empresas-e-consumidores-europeus\/#breadcrumb\"},\"inLanguage\":\"pt-PT\",\"potentialAction\":[{\"@type\":\"ReadAction\",\"target\":[\"https:\/\/portaltela.pt\/noticias\/2026\/03\/29\/dma-pode-impactar-negativamente-empresas-e-consumidores-europeus\/\"]}]},{\"@type\":\"ImageObject\",\"inLanguage\":\"pt-PT\",\"@id\":\"https:\/\/portaltela.pt\/noticias\/2026\/03\/29\/dma-pode-impactar-negativamente-empresas-e-consumidores-europeus\/#primaryimage\",\"url\":\"https:\/\/portaltela.pt\/s.01k8rhncp4jt1\/2026\/03\/1536x864_cmsv2_ca4d2019-a9a1-5d18-9089-7ad026ad5251-9701059.jpg\",\"contentUrl\":\"https:\/\/portaltela.pt\/s.01k8rhncp4jt1\/2026\/03\/1536x864_cmsv2_ca4d2019-a9a1-5d18-9089-7ad026ad5251-9701059.jpg\",\"width\":796,\"height\":448,\"caption\":\"DMA: galinha ou pato? Porque coloca empresas e consumidores europeus em desvantagem\"},{\"@type\":\"BreadcrumbList\",\"@id\":\"https:\/\/portaltela.pt\/noticias\/2026\/03\/29\/dma-pode-impactar-negativamente-empresas-e-consumidores-europeus\/#breadcrumb\",\"itemListElement\":[{\"@type\":\"ListItem\",\"position\":1,\"name\":\"In\u00edcio\",\"item\":\"https:\/\/portaltela.pt\/\"},{\"@type\":\"ListItem\",\"position\":2,\"name\":\"DMA pode impactar negativamente empresas e consumidores europeus\"}]},{\"@type\":\"WebSite\",\"@id\":\"https:\/\/portaltela.pt\/#website\",\"url\":\"https:\/\/portaltela.pt\/\",\"name\":\"Portal Tela Portugal\",\"description\":\"\",\"potentialAction\":[{\"@type\":\"SearchAction\",\"target\":{\"@type\":\"EntryPoint\",\"urlTemplate\":\"https:\/\/portaltela.pt\/?s={search_term_string}\"},\"query-input\":{\"@type\":\"PropertyValueSpecification\",\"valueRequired\":true,\"valueName\":\"search_term_string\"}}],\"inLanguage\":\"pt-PT\"},{\"@type\":\"Person\",\"@id\":\"https:\/\/portaltela.pt\/#\/schema\/person\/c4278d4a6028830caff9ee44b42d32ed\",\"name\":\"Telinha\",\"image\":{\"@type\":\"ImageObject\",\"inLanguage\":\"pt-PT\",\"@id\":\"https:\/\/portaltela.pt\/s.01k8rhncp4jt1\/2025\/11\/talking-bot-125x125.png\",\"url\":\"https:\/\/portaltela.pt\/s.01k8rhncp4jt1\/2025\/11\/talking-bot-125x125.png\",\"contentUrl\":\"https:\/\/portaltela.pt\/s.01k8rhncp4jt1\/2025\/11\/talking-bot-125x125.png\",\"caption\":\"Telinha\"},\"sameAs\":[\"https:\/\/portaltela.pt\/\"],\"url\":\"https:\/\/portaltela.pt\/por\/367410592786\/\"}]}<\/script>\n<!-- \/ Yoast SEO plugin. -->","yoast_head_json":{"title":"DMA pode impactar negativamente empresas e consumidores europeus - Portal Tela Portugal","robots":{"index":"index","follow":"follow","max-snippet":"max-snippet:-1","max-image-preview":"max-image-preview:large","max-video-preview":"max-video-preview:-1"},"og_locale":"pt_PT","og_type":"article","og_title":"DMA pode impactar negativamente empresas e consumidores europeus - Portal Tela Portugal","og_description":"O DMA foi concebido como instrumento de direito da concorr\u00eancia, mas \u00e9 visto como assente em premissas desatualizadas que persistem. H\u00e1 mem\u00f3ria de alerta da ex-comiss\u00e1ria Margrethe Vestager sobre o metaverso e o ChatGPT, destacando que a a\u00e7\u00e3o regulat\u00f3ria \u00e9 mais lenta que os mercados. Regula\u00e7\u00e3o prematura na UE \u00e9 apontada como prejudicial a empresas europeias e consumidores, com v\u00e1rias grandes tecnologias tratadas como \u201cgatekeepers\u201d em sua maioria americanas. A carta do arquitecto do DSA, Thierry Breton, e a cr\u00edtica \u00e0 presun\u00e7\u00e3o de culpa em transmiss\u00f5es ao vivo de entrevistas mostraram uma abordagem regulat\u00f3ria que pode ser excessivamente restritiva. Defende-se uma grande desregulamenta\u00e7\u00e3o acompanhada de r\u00e1pida aplica\u00e7\u00e3o do mercado interno, para competir de forma eficaz em todas as camadas da chamada \u201crosa da IA\u201d, e mudar a abordagem regulat\u00f3ria da UE.","og_url":"https:\/\/portaltela.pt\/noticias\/2026\/03\/29\/dma-pode-impactar-negativamente-empresas-e-consumidores-europeus\/","og_site_name":"Portal Tela Portugal","article_published_time":"2026-03-29T05:47:13+00:00","author":"Telinha","twitter_card":"summary_large_image","twitter_misc":{"Escrito por":"Telinha","Tempo estimado de leitura":"2 minutos"},"schema":{"@context":"https:\/\/schema.org","@graph":[{"@type":"Article","@id":"https:\/\/portaltela.pt\/noticias\/2026\/03\/29\/dma-pode-impactar-negativamente-empresas-e-consumidores-europeus\/#article","isPartOf":{"@id":"https:\/\/portaltela.pt\/noticias\/2026\/03\/29\/dma-pode-impactar-negativamente-empresas-e-consumidores-europeus\/"},"author":{"name":"Telinha","@id":"https:\/\/portaltela.pt\/#\/schema\/person\/c4278d4a6028830caff9ee44b42d32ed"},"headline":"DMA pode impactar negativamente empresas e consumidores europeus","datePublished":"2026-03-29T05:47:13+00:00","mainEntityOfPage":{"@id":"https:\/\/portaltela.pt\/noticias\/2026\/03\/29\/dma-pode-impactar-negativamente-empresas-e-consumidores-europeus\/"},"wordCount":490,"image":{"@id":"https:\/\/portaltela.pt\/noticias\/2026\/03\/29\/dma-pode-impactar-negativamente-empresas-e-consumidores-europeus\/#primaryimage"},"thumbnailUrl":"https:\/\/portaltela.pt\/s.01k8rhncp4jt1\/2026\/03\/1536x864_cmsv2_ca4d2019-a9a1-5d18-9089-7ad026ad5251-9701059.jpg","keywords":["Economia Digital","Europa","inova\u00e7\u00e3o","pol\u00edtica p\u00fablica","regula\u00e7\u00e3o internacional","tecnologia"],"articleSection":["Tecnologia"],"inLanguage":"pt-PT"},{"@type":"WebPage","@id":"https:\/\/portaltela.pt\/noticias\/2026\/03\/29\/dma-pode-impactar-negativamente-empresas-e-consumidores-europeus\/","url":"https:\/\/portaltela.pt\/noticias\/2026\/03\/29\/dma-pode-impactar-negativamente-empresas-e-consumidores-europeus\/","name":"DMA pode impactar negativamente empresas e consumidores europeus - Portal Tela Portugal","isPartOf":{"@id":"https:\/\/portaltela.pt\/#website"},"primaryImageOfPage":{"@id":"https:\/\/portaltela.pt\/noticias\/2026\/03\/29\/dma-pode-impactar-negativamente-empresas-e-consumidores-europeus\/#primaryimage"},"image":{"@id":"https:\/\/portaltela.pt\/noticias\/2026\/03\/29\/dma-pode-impactar-negativamente-empresas-e-consumidores-europeus\/#primaryimage"},"thumbnailUrl":"https:\/\/portaltela.pt\/s.01k8rhncp4jt1\/2026\/03\/1536x864_cmsv2_ca4d2019-a9a1-5d18-9089-7ad026ad5251-9701059.jpg","datePublished":"2026-03-29T05:47:13+00:00","author":{"@id":"https:\/\/portaltela.pt\/#\/schema\/person\/c4278d4a6028830caff9ee44b42d32ed"},"breadcrumb":{"@id":"https:\/\/portaltela.pt\/noticias\/2026\/03\/29\/dma-pode-impactar-negativamente-empresas-e-consumidores-europeus\/#breadcrumb"},"inLanguage":"pt-PT","potentialAction":[{"@type":"ReadAction","target":["https:\/\/portaltela.pt\/noticias\/2026\/03\/29\/dma-pode-impactar-negativamente-empresas-e-consumidores-europeus\/"]}]},{"@type":"ImageObject","inLanguage":"pt-PT","@id":"https:\/\/portaltela.pt\/noticias\/2026\/03\/29\/dma-pode-impactar-negativamente-empresas-e-consumidores-europeus\/#primaryimage","url":"https:\/\/portaltela.pt\/s.01k8rhncp4jt1\/2026\/03\/1536x864_cmsv2_ca4d2019-a9a1-5d18-9089-7ad026ad5251-9701059.jpg","contentUrl":"https:\/\/portaltela.pt\/s.01k8rhncp4jt1\/2026\/03\/1536x864_cmsv2_ca4d2019-a9a1-5d18-9089-7ad026ad5251-9701059.jpg","width":796,"height":448,"caption":"DMA: galinha ou pato? Porque coloca empresas e consumidores europeus em desvantagem"},{"@type":"BreadcrumbList","@id":"https:\/\/portaltela.pt\/noticias\/2026\/03\/29\/dma-pode-impactar-negativamente-empresas-e-consumidores-europeus\/#breadcrumb","itemListElement":[{"@type":"ListItem","position":1,"name":"In\u00edcio","item":"https:\/\/portaltela.pt\/"},{"@type":"ListItem","position":2,"name":"DMA pode impactar negativamente empresas e consumidores europeus"}]},{"@type":"WebSite","@id":"https:\/\/portaltela.pt\/#website","url":"https:\/\/portaltela.pt\/","name":"Portal Tela Portugal","description":"","potentialAction":[{"@type":"SearchAction","target":{"@type":"EntryPoint","urlTemplate":"https:\/\/portaltela.pt\/?s={search_term_string}"},"query-input":{"@type":"PropertyValueSpecification","valueRequired":true,"valueName":"search_term_string"}}],"inLanguage":"pt-PT"},{"@type":"Person","@id":"https:\/\/portaltela.pt\/#\/schema\/person\/c4278d4a6028830caff9ee44b42d32ed","name":"Telinha","image":{"@type":"ImageObject","inLanguage":"pt-PT","@id":"https:\/\/portaltela.pt\/s.01k8rhncp4jt1\/2025\/11\/talking-bot-125x125.png","url":"https:\/\/portaltela.pt\/s.01k8rhncp4jt1\/2025\/11\/talking-bot-125x125.png","contentUrl":"https:\/\/portaltela.pt\/s.01k8rhncp4jt1\/2025\/11\/talking-bot-125x125.png","caption":"Telinha"},"sameAs":["https:\/\/portaltela.pt\/"],"url":"https:\/\/portaltela.pt\/por\/367410592786\/"}]}},"_links":{"self":[{"href":"https:\/\/portaltela.pt\/api\/wp\/v2\/posts\/425628","targetHints":{"allow":["GET"]}}],"collection":[{"href":"https:\/\/portaltela.pt\/api\/wp\/v2\/posts"}],"about":[{"href":"https:\/\/portaltela.pt\/api\/wp\/v2\/types\/post"}],"author":[{"embeddable":true,"href":"https:\/\/portaltela.pt\/api\/wp\/v2\/users\/2"}],"replies":[{"embeddable":true,"href":"https:\/\/portaltela.pt\/api\/wp\/v2\/comments?post=425628"}],"version-history":[{"count":0,"href":"https:\/\/portaltela.pt\/api\/wp\/v2\/posts\/425628\/revisions"}],"wp:featuredmedia":[{"embeddable":true,"href":"https:\/\/portaltela.pt\/api\/wp\/v2\/media\/425629"}],"wp:attachment":[{"href":"https:\/\/portaltela.pt\/api\/wp\/v2\/media?parent=425628"}],"wp:term":[{"taxonomy":"category","embeddable":true,"href":"https:\/\/portaltela.pt\/api\/wp\/v2\/categories?post=425628"},{"taxonomy":"post_tag","embeddable":true,"href":"https:\/\/portaltela.pt\/api\/wp\/v2\/tags?post=425628"}],"curies":[{"name":"wp","href":"https:\/\/api.w.org\/{rel}","templated":true}]}}