{"id":425620,"date":"2026-03-29T02:16:57","date_gmt":"2026-03-29T05:16:57","guid":{"rendered":"https:\/\/portaltela.pt\/noticias\/2026\/03\/29\/mateus-sabino-atinge-50-jogos-pela-oliveirense\/"},"modified":"2026-03-29T02:16:57","modified_gmt":"2026-03-29T05:16:57","slug":"mateus-sabino-atinge-50-jogos-pela-oliveirense","status":"publish","type":"post","link":"https:\/\/portaltela.pt\/desporto\/futebol\/2026\/03\/29\/mateus-sabino-atinge-50-jogos-pela-oliveirense\/","title":{"rendered":"Mateus Sabino atinge 50 jogos pela Oliveirense"},"content":{"rendered":"<p>Mateus Sabino alcan\u00e7ou 50 jogos pela Oliveirense ao entrar em campo contra o Mar\u00edtimo, apenas um minuto ap\u00f3s o apito inicial. A autoriza\u00e7\u00e3o para o registo foi conseguida no encontro disputado recentemente, numa ida ao terreno em que o m\u00e9dio vistou a chamada de utiliza\u00e7\u00e3o.<\/p>\n<p>O jogador, de 26 anos, tem sido um elemento de rota\u00e7\u00e3o indispens\u00e1vel nas \u00faltimas duas \u00e9pocas e pretende manter a consist\u00eancia sob o comando t\u00e9cnico de Ricardo Silva. A aposta na sua versatilidade tem servido a Oliveirense em v\u00e1rias fases da temporada.<\/p>\n<p>Sabino chegou a Portugal proveniente do Betim Futebol, marcando a sua primeira experi\u00eancia fora do Brasil. O m\u00e9dio \u00e9 formado no Am\u00e9rica Mineiro, clube que o lan\u00e7ou como s\u00e9nior e ajudou a moldar a sua carreira at\u00e9 ao momento em que assinou pela Oliveirense.<\/p>\n","protected":false},"excerpt":{"rendered":"<ul>\n<li>Mateus Sabino atingiu 50 jogos pela Oliveirense ap\u00f3s um minuto frente ao Mar\u00edtimo.<\/li>\n<li>O m\u00e9dio, de 26 anos, tem sido uma pe\u00e7a de rota\u00e7\u00e3o nas \u00faltimas duas temporadas e procura manter-se utilizado com Ricardo Silva ao comando.<\/li>\n<li>Chegou a Portugal vindo do Betim Futebol, vivendo agora a sua primeira experi\u00eancia fora do pa\u00eds-natal.<\/li>\n<li>O jogador \u00e9 produto da forma\u00e7\u00e3o do Am\u00e9rica Mineiro, clube que o lan\u00e7ou como s\u00e9nior.<\/li>\n<\/ul>\n","protected":false},"author":2,"featured_media":425621,"comment_status":"closed","ping_status":"closed","sticky":false,"template":"","format":"standard","meta":{"footnotes":""},"categories":[21,24],"tags":[235,1367,152,32,242,1014],"class_list":["post-425620","post","type-post","status-publish","format-standard","has-post-thumbnail","hentry","category-desporto","category-futebol","tag-carreira","tag-clubes","tag-desporto","tag-futebol","tag-jogadores","tag-portugal"],"yoast_head":"<!-- This site is optimized with the Yoast SEO plugin v27.2 - https:\/\/yoast.com\/product\/yoast-seo-wordpress\/ -->\n<title>Mateus Sabino atinge 50 jogos pela Oliveirense - Portal Tela Portugal<\/title>\n<meta name=\"robots\" content=\"index, follow, max-snippet:-1, max-image-preview:large, max-video-preview:-1\" \/>\n<meta property=\"og:locale\" content=\"pt_PT\" \/>\n<meta property=\"og:type\" content=\"article\" \/>\n<meta property=\"og:title\" content=\"Mateus Sabino atinge 50 jogos pela Oliveirense - Portal Tela Portugal\" \/>\n<meta property=\"og:description\" content=\"Mateus Sabino atingiu 50 jogos pela Oliveirense ap\u00f3s um minuto frente ao Mar\u00edtimo. O m\u00e9dio, de 26 anos, tem sido uma pe\u00e7a de rota\u00e7\u00e3o nas \u00faltimas duas temporadas e procura manter-se utilizado com Ricardo Silva ao comando. Chegou a Portugal vindo do Betim Futebol, vivendo agora a sua primeira experi\u00eancia fora do pa\u00eds-natal. O jogador \u00e9 produto da forma\u00e7\u00e3o do Am\u00e9rica Mineiro, clube que o lan\u00e7ou como s\u00e9nior.\" \/>\n<meta property=\"og:url\" content=\"https:\/\/portaltela.pt\/noticias\/2026\/03\/29\/mateus-sabino-atinge-50-jogos-pela-oliveirense\/\" \/>\n<meta property=\"og:site_name\" content=\"Portal Tela Portugal\" \/>\n<meta property=\"article:published_time\" content=\"2026-03-29T05:16:57+00:00\" \/>\n<meta name=\"author\" content=\"Telinha\" \/>\n<meta name=\"twitter:card\" content=\"summary_large_image\" \/>\n<meta name=\"twitter:label1\" content=\"Escrito por\" \/>\n\t<meta name=\"twitter:data1\" content=\"Telinha\" \/>\n\t<meta name=\"twitter:label2\" content=\"Tempo estimado de leitura\" \/>\n\t<meta name=\"twitter:data2\" content=\"1 minuto\" \/>\n<script type=\"application\/ld+json\" class=\"yoast-schema-graph\">{\"@context\":\"https:\/\/schema.org\",\"@graph\":[{\"@type\":\"Article\",\"@id\":\"https:\/\/portaltela.pt\/noticias\/2026\/03\/29\/mateus-sabino-atinge-50-jogos-pela-oliveirense\/#article\",\"isPartOf\":{\"@id\":\"https:\/\/portaltela.pt\/noticias\/2026\/03\/29\/mateus-sabino-atinge-50-jogos-pela-oliveirense\/\"},\"author\":{\"name\":\"Telinha\",\"@id\":\"https:\/\/portaltela.pt\/#\/schema\/person\/c4278d4a6028830caff9ee44b42d32ed\"},\"headline\":\"Mateus Sabino atinge 50 jogos pela Oliveirense\",\"datePublished\":\"2026-03-29T05:16:57+00:00\",\"mainEntityOfPage\":{\"@id\":\"https:\/\/portaltela.pt\/noticias\/2026\/03\/29\/mateus-sabino-atinge-50-jogos-pela-oliveirense\/\"},\"wordCount\":150,\"image\":{\"@id\":\"https:\/\/portaltela.pt\/noticias\/2026\/03\/29\/mateus-sabino-atinge-50-jogos-pela-oliveirense\/#primaryimage\"},\"thumbnailUrl\":\"https:\/\/portaltela.pt\/s.01k8rhncp4jt1\/2026\/03\/img_920x518uu2026-03-28-21-34-30-2429909.jpg\",\"keywords\":[\"Carreira\",\"clubes\",\"desporto\",\"futebol\",\"jogadores\",\"Portugal\"],\"articleSection\":[\"Desporto\",\"Futebol\"],\"inLanguage\":\"pt-PT\"},{\"@type\":\"WebPage\",\"@id\":\"https:\/\/portaltela.pt\/noticias\/2026\/03\/29\/mateus-sabino-atinge-50-jogos-pela-oliveirense\/\",\"url\":\"https:\/\/portaltela.pt\/noticias\/2026\/03\/29\/mateus-sabino-atinge-50-jogos-pela-oliveirense\/\",\"name\":\"Mateus Sabino atinge 50 jogos pela Oliveirense - Portal Tela Portugal\",\"isPartOf\":{\"@id\":\"https:\/\/portaltela.pt\/#website\"},\"primaryImageOfPage\":{\"@id\":\"https:\/\/portaltela.pt\/noticias\/2026\/03\/29\/mateus-sabino-atinge-50-jogos-pela-oliveirense\/#primaryimage\"},\"image\":{\"@id\":\"https:\/\/portaltela.pt\/noticias\/2026\/03\/29\/mateus-sabino-atinge-50-jogos-pela-oliveirense\/#primaryimage\"},\"thumbnailUrl\":\"https:\/\/portaltela.pt\/s.01k8rhncp4jt1\/2026\/03\/img_920x518uu2026-03-28-21-34-30-2429909.jpg\",\"datePublished\":\"2026-03-29T05:16:57+00:00\",\"author\":{\"@id\":\"https:\/\/portaltela.pt\/#\/schema\/person\/c4278d4a6028830caff9ee44b42d32ed\"},\"breadcrumb\":{\"@id\":\"https:\/\/portaltela.pt\/noticias\/2026\/03\/29\/mateus-sabino-atinge-50-jogos-pela-oliveirense\/#breadcrumb\"},\"inLanguage\":\"pt-PT\",\"potentialAction\":[{\"@type\":\"ReadAction\",\"target\":[\"https:\/\/portaltela.pt\/noticias\/2026\/03\/29\/mateus-sabino-atinge-50-jogos-pela-oliveirense\/\"]}]},{\"@type\":\"ImageObject\",\"inLanguage\":\"pt-PT\",\"@id\":\"https:\/\/portaltela.pt\/noticias\/2026\/03\/29\/mateus-sabino-atinge-50-jogos-pela-oliveirense\/#primaryimage\",\"url\":\"https:\/\/portaltela.pt\/s.01k8rhncp4jt1\/2026\/03\/img_920x518uu2026-03-28-21-34-30-2429909.jpg\",\"contentUrl\":\"https:\/\/portaltela.pt\/s.01k8rhncp4jt1\/2026\/03\/img_920x518uu2026-03-28-21-34-30-2429909.jpg\",\"width\":796,\"height\":448,\"caption\":\"Mateus Sabino alcan\u00e7ou 50 jogos pela Oliveirense\"},{\"@type\":\"BreadcrumbList\",\"@id\":\"https:\/\/portaltela.pt\/noticias\/2026\/03\/29\/mateus-sabino-atinge-50-jogos-pela-oliveirense\/#breadcrumb\",\"itemListElement\":[{\"@type\":\"ListItem\",\"position\":1,\"name\":\"In\u00edcio\",\"item\":\"https:\/\/portaltela.pt\/\"},{\"@type\":\"ListItem\",\"position\":2,\"name\":\"Mateus Sabino atinge 50 jogos pela Oliveirense\"}]},{\"@type\":\"WebSite\",\"@id\":\"https:\/\/portaltela.pt\/#website\",\"url\":\"https:\/\/portaltela.pt\/\",\"name\":\"Portal Tela Portugal\",\"description\":\"\",\"potentialAction\":[{\"@type\":\"SearchAction\",\"target\":{\"@type\":\"EntryPoint\",\"urlTemplate\":\"https:\/\/portaltela.pt\/?s={search_term_string}\"},\"query-input\":{\"@type\":\"PropertyValueSpecification\",\"valueRequired\":true,\"valueName\":\"search_term_string\"}}],\"inLanguage\":\"pt-PT\"},{\"@type\":\"Person\",\"@id\":\"https:\/\/portaltela.pt\/#\/schema\/person\/c4278d4a6028830caff9ee44b42d32ed\",\"name\":\"Telinha\",\"image\":{\"@type\":\"ImageObject\",\"inLanguage\":\"pt-PT\",\"@id\":\"https:\/\/portaltela.pt\/s.01k8rhncp4jt1\/2025\/11\/talking-bot-125x125.png\",\"url\":\"https:\/\/portaltela.pt\/s.01k8rhncp4jt1\/2025\/11\/talking-bot-125x125.png\",\"contentUrl\":\"https:\/\/portaltela.pt\/s.01k8rhncp4jt1\/2025\/11\/talking-bot-125x125.png\",\"caption\":\"Telinha\"},\"sameAs\":[\"https:\/\/portaltela.pt\/\"],\"url\":\"https:\/\/portaltela.pt\/por\/367410592786\/\"}]}<\/script>\n<!-- \/ Yoast SEO plugin. -->","yoast_head_json":{"title":"Mateus Sabino atinge 50 jogos pela Oliveirense - Portal Tela Portugal","robots":{"index":"index","follow":"follow","max-snippet":"max-snippet:-1","max-image-preview":"max-image-preview:large","max-video-preview":"max-video-preview:-1"},"og_locale":"pt_PT","og_type":"article","og_title":"Mateus Sabino atinge 50 jogos pela Oliveirense - Portal Tela Portugal","og_description":"Mateus Sabino atingiu 50 jogos pela Oliveirense ap\u00f3s um minuto frente ao Mar\u00edtimo. O m\u00e9dio, de 26 anos, tem sido uma pe\u00e7a de rota\u00e7\u00e3o nas \u00faltimas duas temporadas e procura manter-se utilizado com Ricardo Silva ao comando. Chegou a Portugal vindo do Betim Futebol, vivendo agora a sua primeira experi\u00eancia fora do pa\u00eds-natal. O jogador \u00e9 produto da forma\u00e7\u00e3o do Am\u00e9rica Mineiro, clube que o lan\u00e7ou como s\u00e9nior.","og_url":"https:\/\/portaltela.pt\/noticias\/2026\/03\/29\/mateus-sabino-atinge-50-jogos-pela-oliveirense\/","og_site_name":"Portal Tela Portugal","article_published_time":"2026-03-29T05:16:57+00:00","author":"Telinha","twitter_card":"summary_large_image","twitter_misc":{"Escrito por":"Telinha","Tempo estimado de leitura":"1 minuto"},"schema":{"@context":"https:\/\/schema.org","@graph":[{"@type":"Article","@id":"https:\/\/portaltela.pt\/noticias\/2026\/03\/29\/mateus-sabino-atinge-50-jogos-pela-oliveirense\/#article","isPartOf":{"@id":"https:\/\/portaltela.pt\/noticias\/2026\/03\/29\/mateus-sabino-atinge-50-jogos-pela-oliveirense\/"},"author":{"name":"Telinha","@id":"https:\/\/portaltela.pt\/#\/schema\/person\/c4278d4a6028830caff9ee44b42d32ed"},"headline":"Mateus Sabino atinge 50 jogos pela Oliveirense","datePublished":"2026-03-29T05:16:57+00:00","mainEntityOfPage":{"@id":"https:\/\/portaltela.pt\/noticias\/2026\/03\/29\/mateus-sabino-atinge-50-jogos-pela-oliveirense\/"},"wordCount":150,"image":{"@id":"https:\/\/portaltela.pt\/noticias\/2026\/03\/29\/mateus-sabino-atinge-50-jogos-pela-oliveirense\/#primaryimage"},"thumbnailUrl":"https:\/\/portaltela.pt\/s.01k8rhncp4jt1\/2026\/03\/img_920x518uu2026-03-28-21-34-30-2429909.jpg","keywords":["Carreira","clubes","desporto","futebol","jogadores","Portugal"],"articleSection":["Desporto","Futebol"],"inLanguage":"pt-PT"},{"@type":"WebPage","@id":"https:\/\/portaltela.pt\/noticias\/2026\/03\/29\/mateus-sabino-atinge-50-jogos-pela-oliveirense\/","url":"https:\/\/portaltela.pt\/noticias\/2026\/03\/29\/mateus-sabino-atinge-50-jogos-pela-oliveirense\/","name":"Mateus Sabino atinge 50 jogos pela Oliveirense - Portal Tela Portugal","isPartOf":{"@id":"https:\/\/portaltela.pt\/#website"},"primaryImageOfPage":{"@id":"https:\/\/portaltela.pt\/noticias\/2026\/03\/29\/mateus-sabino-atinge-50-jogos-pela-oliveirense\/#primaryimage"},"image":{"@id":"https:\/\/portaltela.pt\/noticias\/2026\/03\/29\/mateus-sabino-atinge-50-jogos-pela-oliveirense\/#primaryimage"},"thumbnailUrl":"https:\/\/portaltela.pt\/s.01k8rhncp4jt1\/2026\/03\/img_920x518uu2026-03-28-21-34-30-2429909.jpg","datePublished":"2026-03-29T05:16:57+00:00","author":{"@id":"https:\/\/portaltela.pt\/#\/schema\/person\/c4278d4a6028830caff9ee44b42d32ed"},"breadcrumb":{"@id":"https:\/\/portaltela.pt\/noticias\/2026\/03\/29\/mateus-sabino-atinge-50-jogos-pela-oliveirense\/#breadcrumb"},"inLanguage":"pt-PT","potentialAction":[{"@type":"ReadAction","target":["https:\/\/portaltela.pt\/noticias\/2026\/03\/29\/mateus-sabino-atinge-50-jogos-pela-oliveirense\/"]}]},{"@type":"ImageObject","inLanguage":"pt-PT","@id":"https:\/\/portaltela.pt\/noticias\/2026\/03\/29\/mateus-sabino-atinge-50-jogos-pela-oliveirense\/#primaryimage","url":"https:\/\/portaltela.pt\/s.01k8rhncp4jt1\/2026\/03\/img_920x518uu2026-03-28-21-34-30-2429909.jpg","contentUrl":"https:\/\/portaltela.pt\/s.01k8rhncp4jt1\/2026\/03\/img_920x518uu2026-03-28-21-34-30-2429909.jpg","width":796,"height":448,"caption":"Mateus Sabino alcan\u00e7ou 50 jogos pela Oliveirense"},{"@type":"BreadcrumbList","@id":"https:\/\/portaltela.pt\/noticias\/2026\/03\/29\/mateus-sabino-atinge-50-jogos-pela-oliveirense\/#breadcrumb","itemListElement":[{"@type":"ListItem","position":1,"name":"In\u00edcio","item":"https:\/\/portaltela.pt\/"},{"@type":"ListItem","position":2,"name":"Mateus Sabino atinge 50 jogos pela Oliveirense"}]},{"@type":"WebSite","@id":"https:\/\/portaltela.pt\/#website","url":"https:\/\/portaltela.pt\/","name":"Portal Tela Portugal","description":"","potentialAction":[{"@type":"SearchAction","target":{"@type":"EntryPoint","urlTemplate":"https:\/\/portaltela.pt\/?s={search_term_string}"},"query-input":{"@type":"PropertyValueSpecification","valueRequired":true,"valueName":"search_term_string"}}],"inLanguage":"pt-PT"},{"@type":"Person","@id":"https:\/\/portaltela.pt\/#\/schema\/person\/c4278d4a6028830caff9ee44b42d32ed","name":"Telinha","image":{"@type":"ImageObject","inLanguage":"pt-PT","@id":"https:\/\/portaltela.pt\/s.01k8rhncp4jt1\/2025\/11\/talking-bot-125x125.png","url":"https:\/\/portaltela.pt\/s.01k8rhncp4jt1\/2025\/11\/talking-bot-125x125.png","contentUrl":"https:\/\/portaltela.pt\/s.01k8rhncp4jt1\/2025\/11\/talking-bot-125x125.png","caption":"Telinha"},"sameAs":["https:\/\/portaltela.pt\/"],"url":"https:\/\/portaltela.pt\/por\/367410592786\/"}]}},"_links":{"self":[{"href":"https:\/\/portaltela.pt\/api\/wp\/v2\/posts\/425620","targetHints":{"allow":["GET"]}}],"collection":[{"href":"https:\/\/portaltela.pt\/api\/wp\/v2\/posts"}],"about":[{"href":"https:\/\/portaltela.pt\/api\/wp\/v2\/types\/post"}],"author":[{"embeddable":true,"href":"https:\/\/portaltela.pt\/api\/wp\/v2\/users\/2"}],"replies":[{"embeddable":true,"href":"https:\/\/portaltela.pt\/api\/wp\/v2\/comments?post=425620"}],"version-history":[{"count":0,"href":"https:\/\/portaltela.pt\/api\/wp\/v2\/posts\/425620\/revisions"}],"wp:featuredmedia":[{"embeddable":true,"href":"https:\/\/portaltela.pt\/api\/wp\/v2\/media\/425621"}],"wp:attachment":[{"href":"https:\/\/portaltela.pt\/api\/wp\/v2\/media?parent=425620"}],"wp:term":[{"taxonomy":"category","embeddable":true,"href":"https:\/\/portaltela.pt\/api\/wp\/v2\/categories?post=425620"},{"taxonomy":"post_tag","embeddable":true,"href":"https:\/\/portaltela.pt\/api\/wp\/v2\/tags?post=425620"}],"curies":[{"name":"wp","href":"https:\/\/api.w.org\/{rel}","templated":true}]}}