{"id":425604,"date":"2026-03-29T01:17:13","date_gmt":"2026-03-29T04:17:13","guid":{"rendered":"https:\/\/portaltela.pt\/noticias\/2026\/03\/29\/martinez-descreve-duelo-taticamente-exigente-e-lembra-cinco-meses-sem-jogo\/"},"modified":"2026-03-29T01:17:13","modified_gmt":"2026-03-29T04:17:13","slug":"martinez-descreve-duelo-taticamente-exigente-e-lembra-cinco-meses-sem-jogo","status":"publish","type":"post","link":"https:\/\/portaltela.pt\/desporto\/futebol\/2026\/03\/29\/martinez-descreve-duelo-taticamente-exigente-e-lembra-cinco-meses-sem-jogo\/","title":{"rendered":"Mart\u00ednez descreve duelo taticamente exigente e lembra cinco meses sem jogo"},"content":{"rendered":"<p>Roberto Mart\u00ednez classificou o empate 0-0 com o M\u00e9xico como um duelo taticamente exigente, realizado no Est\u00e1dio Azteca. O t\u00e9cnico destacou que foi importante observar se a equipa mant\u00e9m a identidade com sete substitui\u00e7\u00f5es ao intervalo.<\/p>\n<p>Ele explicou que, apesar de seis aus\u00eancias, 17 jogadores demonstraram o que pretende, indicando que o grupo pode manter o estilo de jogo. O treino de hoje evidenciou a continuidade da ideia mesmo com mudan\u00e7as no onze inicial.<\/p>\n<p>Mart\u00ednez tamb\u00e9m elogiou a rece\u00e7\u00e3o mexicana e a organiza\u00e7\u00e3o da equipa advers\u00e1ria, reconhecendo merit\u00f3rios os m\u00e9ritos do t\u00e9cnico Aguirre. Considerou que o jogo foi competitivo e \u00fatil para retirar li\u00e7\u00f5es t\u00e1ticas, pese a aus\u00eancia de golos.<\/p>\n<p>Paulinho recebeu elogios pela adapta\u00e7\u00e3o r\u00e1pida ao grupo e pela qualidade que traz ao meio-campo. O selecionador destacou a import\u00e2ncia de Vitinha, considerado uma refer\u00eancia t\u00e9cnica e estrat\u00e9gica, capaz de abrir espa\u00e7os com movimentos finais.<\/p>\n<p>Quanto aos remates de longe, o treinador admitiu que a equipa pode explorar mais essa op\u00e7\u00e3o, justificando com a gest\u00e3o de cr\u00e9ditos e a necessidade de alternativas eficientes para o jogo seguinte.<\/p>\n","protected":false},"excerpt":{"rendered":"<ul>\n<li>Portugal empatou a zero com o M\u00e9xico num encontro descrito como taticamente exigente, com sete substitui\u00e7\u00f5es ao intervalo.<\/li>\n<li>O selecionador ficou satisfeito por a equipa manter a identidade, apesar das mudan\u00e7as, contando com 17 jogadores que mostraram o que pretende.<\/li>\n<li>Martinez elogiou Paulinho e disse que Vitinha \u00e9 uma refer\u00eancia, destacando que Portugal conseguiu controlar o jogo mesmo sem o jogador.<\/li>\n<li>Reconheceu o m\u00e9rito do M\u00e9xico e a organiza\u00e7\u00e3o da equipa de Aguirre, salientando que foi um jogo competitivo e bem posicionado do ponto de vista t\u00e1tico.<\/li>\n<li>Admitiu que os remates de longa dist\u00e2ncia n\u00e3o foram uma op\u00e7\u00e3o clara e que \u00e9 preciso trabalhar mais esse aspeto.<\/li>\n<\/ul>\n","protected":false},"author":2,"featured_media":425605,"comment_status":"closed","ping_status":"closed","sticky":false,"template":"","format":"standard","meta":{"footnotes":""},"categories":[21,24],"tags":[32,6380,2057,3212,2477,2752],"class_list":["post-425604","post","type-post","status-publish","format-standard","has-post-thumbnail","hentry","category-desporto","category-futebol","tag-futebol","tag-mexico","tag-selecao-nacional","tag-selecoes-internacionais","tag-treinadores","tag-vitinha"],"yoast_head":"<!-- This site is optimized with the Yoast SEO plugin v27.2 - https:\/\/yoast.com\/product\/yoast-seo-wordpress\/ -->\n<title>Mart\u00ednez descreve duelo taticamente exigente e lembra cinco meses sem jogo - Portal Tela Portugal<\/title>\n<meta name=\"robots\" content=\"index, follow, max-snippet:-1, max-image-preview:large, max-video-preview:-1\" \/>\n<meta property=\"og:locale\" content=\"pt_PT\" \/>\n<meta property=\"og:type\" content=\"article\" \/>\n<meta property=\"og:title\" content=\"Mart\u00ednez descreve duelo taticamente exigente e lembra cinco meses sem jogo - Portal Tela Portugal\" \/>\n<meta property=\"og:description\" content=\"Portugal empatou a zero com o M\u00e9xico num encontro descrito como taticamente exigente, com sete substitui\u00e7\u00f5es ao intervalo. O selecionador ficou satisfeito por a equipa manter a identidade, apesar das mudan\u00e7as, contando com 17 jogadores que mostraram o que pretende. Martinez elogiou Paulinho e disse que Vitinha \u00e9 uma refer\u00eancia, destacando que Portugal conseguiu controlar o jogo mesmo sem o jogador. Reconheceu o m\u00e9rito do M\u00e9xico e a organiza\u00e7\u00e3o da equipa de Aguirre, salientando que foi um jogo competitivo e bem posicionado do ponto de vista t\u00e1tico. Admitiu que os remates de longa dist\u00e2ncia n\u00e3o foram uma op\u00e7\u00e3o clara e que \u00e9 preciso trabalhar mais esse aspeto.\" \/>\n<meta property=\"og:url\" content=\"https:\/\/portaltela.pt\/noticias\/2026\/03\/29\/martinez-descreve-duelo-taticamente-exigente-e-lembra-cinco-meses-sem-jogo\/\" \/>\n<meta property=\"og:site_name\" content=\"Portal Tela Portugal\" \/>\n<meta property=\"article:published_time\" content=\"2026-03-29T04:17:13+00:00\" \/>\n<meta name=\"author\" content=\"Telinha\" \/>\n<meta name=\"twitter:card\" content=\"summary_large_image\" \/>\n<meta name=\"twitter:label1\" content=\"Escrito por\" \/>\n\t<meta name=\"twitter:data1\" content=\"Telinha\" \/>\n\t<meta name=\"twitter:label2\" content=\"Tempo estimado de leitura\" \/>\n\t<meta name=\"twitter:data2\" content=\"1 minuto\" \/>\n<script type=\"application\/ld+json\" class=\"yoast-schema-graph\">{\"@context\":\"https:\/\/schema.org\",\"@graph\":[{\"@type\":\"Article\",\"@id\":\"https:\/\/portaltela.pt\/noticias\/2026\/03\/29\/martinez-descreve-duelo-taticamente-exigente-e-lembra-cinco-meses-sem-jogo\/#article\",\"isPartOf\":{\"@id\":\"https:\/\/portaltela.pt\/noticias\/2026\/03\/29\/martinez-descreve-duelo-taticamente-exigente-e-lembra-cinco-meses-sem-jogo\/\"},\"author\":{\"name\":\"Telinha\",\"@id\":\"https:\/\/portaltela.pt\/#\/schema\/person\/c4278d4a6028830caff9ee44b42d32ed\"},\"headline\":\"Mart\u00ednez descreve duelo taticamente exigente e lembra cinco meses sem jogo\",\"datePublished\":\"2026-03-29T04:17:13+00:00\",\"mainEntityOfPage\":{\"@id\":\"https:\/\/portaltela.pt\/noticias\/2026\/03\/29\/martinez-descreve-duelo-taticamente-exigente-e-lembra-cinco-meses-sem-jogo\/\"},\"wordCount\":217,\"image\":{\"@id\":\"https:\/\/portaltela.pt\/noticias\/2026\/03\/29\/martinez-descreve-duelo-taticamente-exigente-e-lembra-cinco-meses-sem-jogo\/#primaryimage\"},\"thumbnailUrl\":\"https:\/\/portaltela.pt\/s.01k8rhncp4jt1\/2026\/03\/img_920x518uu2026-03-29-05-12-42-2429953.jpg\",\"keywords\":[\"futebol\",\"M\u00e9xico\",\"Sele\u00e7\u00e3o Nacional\",\"sele\u00e7\u00f5es internacionais\",\"treinadores\",\"Vitinha\"],\"articleSection\":[\"Desporto\",\"Futebol\"],\"inLanguage\":\"pt-PT\"},{\"@type\":\"WebPage\",\"@id\":\"https:\/\/portaltela.pt\/noticias\/2026\/03\/29\/martinez-descreve-duelo-taticamente-exigente-e-lembra-cinco-meses-sem-jogo\/\",\"url\":\"https:\/\/portaltela.pt\/noticias\/2026\/03\/29\/martinez-descreve-duelo-taticamente-exigente-e-lembra-cinco-meses-sem-jogo\/\",\"name\":\"Mart\u00ednez descreve duelo taticamente exigente e lembra cinco meses sem jogo - Portal Tela Portugal\",\"isPartOf\":{\"@id\":\"https:\/\/portaltela.pt\/#website\"},\"primaryImageOfPage\":{\"@id\":\"https:\/\/portaltela.pt\/noticias\/2026\/03\/29\/martinez-descreve-duelo-taticamente-exigente-e-lembra-cinco-meses-sem-jogo\/#primaryimage\"},\"image\":{\"@id\":\"https:\/\/portaltela.pt\/noticias\/2026\/03\/29\/martinez-descreve-duelo-taticamente-exigente-e-lembra-cinco-meses-sem-jogo\/#primaryimage\"},\"thumbnailUrl\":\"https:\/\/portaltela.pt\/s.01k8rhncp4jt1\/2026\/03\/img_920x518uu2026-03-29-05-12-42-2429953.jpg\",\"datePublished\":\"2026-03-29T04:17:13+00:00\",\"author\":{\"@id\":\"https:\/\/portaltela.pt\/#\/schema\/person\/c4278d4a6028830caff9ee44b42d32ed\"},\"breadcrumb\":{\"@id\":\"https:\/\/portaltela.pt\/noticias\/2026\/03\/29\/martinez-descreve-duelo-taticamente-exigente-e-lembra-cinco-meses-sem-jogo\/#breadcrumb\"},\"inLanguage\":\"pt-PT\",\"potentialAction\":[{\"@type\":\"ReadAction\",\"target\":[\"https:\/\/portaltela.pt\/noticias\/2026\/03\/29\/martinez-descreve-duelo-taticamente-exigente-e-lembra-cinco-meses-sem-jogo\/\"]}]},{\"@type\":\"ImageObject\",\"inLanguage\":\"pt-PT\",\"@id\":\"https:\/\/portaltela.pt\/noticias\/2026\/03\/29\/martinez-descreve-duelo-taticamente-exigente-e-lembra-cinco-meses-sem-jogo\/#primaryimage\",\"url\":\"https:\/\/portaltela.pt\/s.01k8rhncp4jt1\/2026\/03\/img_920x518uu2026-03-29-05-12-42-2429953.jpg\",\"contentUrl\":\"https:\/\/portaltela.pt\/s.01k8rhncp4jt1\/2026\/03\/img_920x518uu2026-03-29-05-12-42-2429953.jpg\",\"width\":796,\"height\":448,\"caption\":\"Roberto Mart\u00ednez reage junto ao banco de Portugal\"},{\"@type\":\"BreadcrumbList\",\"@id\":\"https:\/\/portaltela.pt\/noticias\/2026\/03\/29\/martinez-descreve-duelo-taticamente-exigente-e-lembra-cinco-meses-sem-jogo\/#breadcrumb\",\"itemListElement\":[{\"@type\":\"ListItem\",\"position\":1,\"name\":\"In\u00edcio\",\"item\":\"https:\/\/portaltela.pt\/\"},{\"@type\":\"ListItem\",\"position\":2,\"name\":\"Mart\u00ednez descreve duelo taticamente exigente e lembra cinco meses sem jogo\"}]},{\"@type\":\"WebSite\",\"@id\":\"https:\/\/portaltela.pt\/#website\",\"url\":\"https:\/\/portaltela.pt\/\",\"name\":\"Portal Tela Portugal\",\"description\":\"\",\"potentialAction\":[{\"@type\":\"SearchAction\",\"target\":{\"@type\":\"EntryPoint\",\"urlTemplate\":\"https:\/\/portaltela.pt\/?s={search_term_string}\"},\"query-input\":{\"@type\":\"PropertyValueSpecification\",\"valueRequired\":true,\"valueName\":\"search_term_string\"}}],\"inLanguage\":\"pt-PT\"},{\"@type\":\"Person\",\"@id\":\"https:\/\/portaltela.pt\/#\/schema\/person\/c4278d4a6028830caff9ee44b42d32ed\",\"name\":\"Telinha\",\"image\":{\"@type\":\"ImageObject\",\"inLanguage\":\"pt-PT\",\"@id\":\"https:\/\/portaltela.pt\/s.01k8rhncp4jt1\/2025\/11\/talking-bot-125x125.png\",\"url\":\"https:\/\/portaltela.pt\/s.01k8rhncp4jt1\/2025\/11\/talking-bot-125x125.png\",\"contentUrl\":\"https:\/\/portaltela.pt\/s.01k8rhncp4jt1\/2025\/11\/talking-bot-125x125.png\",\"caption\":\"Telinha\"},\"sameAs\":[\"https:\/\/portaltela.pt\/\"],\"url\":\"https:\/\/portaltela.pt\/por\/367410592786\/\"}]}<\/script>\n<!-- \/ Yoast SEO plugin. -->","yoast_head_json":{"title":"Mart\u00ednez descreve duelo taticamente exigente e lembra cinco meses sem jogo - Portal Tela Portugal","robots":{"index":"index","follow":"follow","max-snippet":"max-snippet:-1","max-image-preview":"max-image-preview:large","max-video-preview":"max-video-preview:-1"},"og_locale":"pt_PT","og_type":"article","og_title":"Mart\u00ednez descreve duelo taticamente exigente e lembra cinco meses sem jogo - Portal Tela Portugal","og_description":"Portugal empatou a zero com o M\u00e9xico num encontro descrito como taticamente exigente, com sete substitui\u00e7\u00f5es ao intervalo. O selecionador ficou satisfeito por a equipa manter a identidade, apesar das mudan\u00e7as, contando com 17 jogadores que mostraram o que pretende. Martinez elogiou Paulinho e disse que Vitinha \u00e9 uma refer\u00eancia, destacando que Portugal conseguiu controlar o jogo mesmo sem o jogador. Reconheceu o m\u00e9rito do M\u00e9xico e a organiza\u00e7\u00e3o da equipa de Aguirre, salientando que foi um jogo competitivo e bem posicionado do ponto de vista t\u00e1tico. Admitiu que os remates de longa dist\u00e2ncia n\u00e3o foram uma op\u00e7\u00e3o clara e que \u00e9 preciso trabalhar mais esse aspeto.","og_url":"https:\/\/portaltela.pt\/noticias\/2026\/03\/29\/martinez-descreve-duelo-taticamente-exigente-e-lembra-cinco-meses-sem-jogo\/","og_site_name":"Portal Tela Portugal","article_published_time":"2026-03-29T04:17:13+00:00","author":"Telinha","twitter_card":"summary_large_image","twitter_misc":{"Escrito por":"Telinha","Tempo estimado de leitura":"1 minuto"},"schema":{"@context":"https:\/\/schema.org","@graph":[{"@type":"Article","@id":"https:\/\/portaltela.pt\/noticias\/2026\/03\/29\/martinez-descreve-duelo-taticamente-exigente-e-lembra-cinco-meses-sem-jogo\/#article","isPartOf":{"@id":"https:\/\/portaltela.pt\/noticias\/2026\/03\/29\/martinez-descreve-duelo-taticamente-exigente-e-lembra-cinco-meses-sem-jogo\/"},"author":{"name":"Telinha","@id":"https:\/\/portaltela.pt\/#\/schema\/person\/c4278d4a6028830caff9ee44b42d32ed"},"headline":"Mart\u00ednez descreve duelo taticamente exigente e lembra cinco meses sem jogo","datePublished":"2026-03-29T04:17:13+00:00","mainEntityOfPage":{"@id":"https:\/\/portaltela.pt\/noticias\/2026\/03\/29\/martinez-descreve-duelo-taticamente-exigente-e-lembra-cinco-meses-sem-jogo\/"},"wordCount":217,"image":{"@id":"https:\/\/portaltela.pt\/noticias\/2026\/03\/29\/martinez-descreve-duelo-taticamente-exigente-e-lembra-cinco-meses-sem-jogo\/#primaryimage"},"thumbnailUrl":"https:\/\/portaltela.pt\/s.01k8rhncp4jt1\/2026\/03\/img_920x518uu2026-03-29-05-12-42-2429953.jpg","keywords":["futebol","M\u00e9xico","Sele\u00e7\u00e3o Nacional","sele\u00e7\u00f5es internacionais","treinadores","Vitinha"],"articleSection":["Desporto","Futebol"],"inLanguage":"pt-PT"},{"@type":"WebPage","@id":"https:\/\/portaltela.pt\/noticias\/2026\/03\/29\/martinez-descreve-duelo-taticamente-exigente-e-lembra-cinco-meses-sem-jogo\/","url":"https:\/\/portaltela.pt\/noticias\/2026\/03\/29\/martinez-descreve-duelo-taticamente-exigente-e-lembra-cinco-meses-sem-jogo\/","name":"Mart\u00ednez descreve duelo taticamente exigente e lembra cinco meses sem jogo - Portal Tela Portugal","isPartOf":{"@id":"https:\/\/portaltela.pt\/#website"},"primaryImageOfPage":{"@id":"https:\/\/portaltela.pt\/noticias\/2026\/03\/29\/martinez-descreve-duelo-taticamente-exigente-e-lembra-cinco-meses-sem-jogo\/#primaryimage"},"image":{"@id":"https:\/\/portaltela.pt\/noticias\/2026\/03\/29\/martinez-descreve-duelo-taticamente-exigente-e-lembra-cinco-meses-sem-jogo\/#primaryimage"},"thumbnailUrl":"https:\/\/portaltela.pt\/s.01k8rhncp4jt1\/2026\/03\/img_920x518uu2026-03-29-05-12-42-2429953.jpg","datePublished":"2026-03-29T04:17:13+00:00","author":{"@id":"https:\/\/portaltela.pt\/#\/schema\/person\/c4278d4a6028830caff9ee44b42d32ed"},"breadcrumb":{"@id":"https:\/\/portaltela.pt\/noticias\/2026\/03\/29\/martinez-descreve-duelo-taticamente-exigente-e-lembra-cinco-meses-sem-jogo\/#breadcrumb"},"inLanguage":"pt-PT","potentialAction":[{"@type":"ReadAction","target":["https:\/\/portaltela.pt\/noticias\/2026\/03\/29\/martinez-descreve-duelo-taticamente-exigente-e-lembra-cinco-meses-sem-jogo\/"]}]},{"@type":"ImageObject","inLanguage":"pt-PT","@id":"https:\/\/portaltela.pt\/noticias\/2026\/03\/29\/martinez-descreve-duelo-taticamente-exigente-e-lembra-cinco-meses-sem-jogo\/#primaryimage","url":"https:\/\/portaltela.pt\/s.01k8rhncp4jt1\/2026\/03\/img_920x518uu2026-03-29-05-12-42-2429953.jpg","contentUrl":"https:\/\/portaltela.pt\/s.01k8rhncp4jt1\/2026\/03\/img_920x518uu2026-03-29-05-12-42-2429953.jpg","width":796,"height":448,"caption":"Roberto Mart\u00ednez reage junto ao banco de Portugal"},{"@type":"BreadcrumbList","@id":"https:\/\/portaltela.pt\/noticias\/2026\/03\/29\/martinez-descreve-duelo-taticamente-exigente-e-lembra-cinco-meses-sem-jogo\/#breadcrumb","itemListElement":[{"@type":"ListItem","position":1,"name":"In\u00edcio","item":"https:\/\/portaltela.pt\/"},{"@type":"ListItem","position":2,"name":"Mart\u00ednez descreve duelo taticamente exigente e lembra cinco meses sem jogo"}]},{"@type":"WebSite","@id":"https:\/\/portaltela.pt\/#website","url":"https:\/\/portaltela.pt\/","name":"Portal Tela Portugal","description":"","potentialAction":[{"@type":"SearchAction","target":{"@type":"EntryPoint","urlTemplate":"https:\/\/portaltela.pt\/?s={search_term_string}"},"query-input":{"@type":"PropertyValueSpecification","valueRequired":true,"valueName":"search_term_string"}}],"inLanguage":"pt-PT"},{"@type":"Person","@id":"https:\/\/portaltela.pt\/#\/schema\/person\/c4278d4a6028830caff9ee44b42d32ed","name":"Telinha","image":{"@type":"ImageObject","inLanguage":"pt-PT","@id":"https:\/\/portaltela.pt\/s.01k8rhncp4jt1\/2025\/11\/talking-bot-125x125.png","url":"https:\/\/portaltela.pt\/s.01k8rhncp4jt1\/2025\/11\/talking-bot-125x125.png","contentUrl":"https:\/\/portaltela.pt\/s.01k8rhncp4jt1\/2025\/11\/talking-bot-125x125.png","caption":"Telinha"},"sameAs":["https:\/\/portaltela.pt\/"],"url":"https:\/\/portaltela.pt\/por\/367410592786\/"}]}},"_links":{"self":[{"href":"https:\/\/portaltela.pt\/api\/wp\/v2\/posts\/425604","targetHints":{"allow":["GET"]}}],"collection":[{"href":"https:\/\/portaltela.pt\/api\/wp\/v2\/posts"}],"about":[{"href":"https:\/\/portaltela.pt\/api\/wp\/v2\/types\/post"}],"author":[{"embeddable":true,"href":"https:\/\/portaltela.pt\/api\/wp\/v2\/users\/2"}],"replies":[{"embeddable":true,"href":"https:\/\/portaltela.pt\/api\/wp\/v2\/comments?post=425604"}],"version-history":[{"count":0,"href":"https:\/\/portaltela.pt\/api\/wp\/v2\/posts\/425604\/revisions"}],"wp:featuredmedia":[{"embeddable":true,"href":"https:\/\/portaltela.pt\/api\/wp\/v2\/media\/425605"}],"wp:attachment":[{"href":"https:\/\/portaltela.pt\/api\/wp\/v2\/media?parent=425604"}],"wp:term":[{"taxonomy":"category","embeddable":true,"href":"https:\/\/portaltela.pt\/api\/wp\/v2\/categories?post=425604"},{"taxonomy":"post_tag","embeddable":true,"href":"https:\/\/portaltela.pt\/api\/wp\/v2\/tags?post=425604"}],"curies":[{"name":"wp","href":"https:\/\/api.w.org\/{rel}","templated":true}]}}