{"id":425582,"date":"2026-03-29T00:02:39","date_gmt":"2026-03-29T03:02:39","guid":{"rendered":"https:\/\/portaltela.pt\/noticias\/2026\/03\/29\/grillitsch-da-salto-e-desperta-cobica-no-mercado\/"},"modified":"2026-03-29T00:02:39","modified_gmt":"2026-03-29T03:02:39","slug":"grillitsch-da-salto-e-desperta-cobica-no-mercado","status":"publish","type":"post","link":"https:\/\/portaltela.pt\/desporto\/futebol\/2026\/03\/29\/grillitsch-da-salto-e-desperta-cobica-no-mercado\/","title":{"rendered":"Grillitsch d\u00e1 salto e desperta cobi\u00e7a no mercado"},"content":{"rendered":"<p>Florian Grillitsch consolidou-se no onze do Braga, rompendo a fase inicial de adapta\u00e7\u00e3o e tornando-se pe\u00e7a-chave do grupo orientado por Carlos Vicens.<\/p>\n<p>O m\u00e9dio austr\u00edaco passou a titular indiscut\u00edvel desde o in\u00edcio do ano civil, estreando na meia-final da Allianz Cup frente ao Benfica. Foi poupado apenas frente a Alverca e AVS SAD para manter o ritmo na Liga Europa.<\/p>\n<p>A aposta de Vicens come\u00e7a a refletir-se no rendimento do meio-campo, com Grillitsch a justificar o investimento do clube e a despertar interesse de mercado. A dire\u00e7\u00e3o bracarense segue atento ao desempenho do jogador.<\/p>\n","protected":false},"excerpt":{"rendered":"<ul>\n<li>Florian Grillitsch tornou-se pe\u00e7a indispens\u00e1vel no onze do Sp. Braga, orientado por Carlos Vicens.<\/li>\n<li>O m\u00e9dio austr\u00edaco passou a titular indiscut\u00edvel desde o in\u00edcio do ano civil, come\u00e7ando na meia-final da Allianz Cup contra o Benfica.<\/li>\n<li>Foi poupado apenas diante de Alverca e do AVS SAD, para chegar mais fresco ao fecho da fase regular da Liga Europa.<\/li>\n<li>Grillitsch j\u00e1 desperta cobi\u00e7a no mercado devido ao seu rendimento pelo clube.<\/li>\n<\/ul>\n","protected":false},"author":2,"featured_media":425583,"comment_status":"closed","ping_status":"closed","sticky":false,"template":"","format":"standard","meta":{"footnotes":""},"categories":[21,24],"tags":[4073,1207,152,32,3338,50],"class_list":["post-425582","post","type-post","status-publish","format-standard","has-post-thumbnail","hentry","category-desporto","category-futebol","tag-allianz-cup","tag-braga","tag-desporto","tag-futebol","tag-futebol-internacional","tag-mercado-da-bola"],"yoast_head":"<!-- This site is optimized with the Yoast SEO plugin v27.2 - https:\/\/yoast.com\/product\/yoast-seo-wordpress\/ -->\n<title>Grillitsch d\u00e1 salto e desperta cobi\u00e7a no mercado - Portal Tela Portugal<\/title>\n<meta name=\"robots\" content=\"index, follow, max-snippet:-1, max-image-preview:large, max-video-preview:-1\" \/>\n<meta property=\"og:locale\" content=\"pt_PT\" \/>\n<meta property=\"og:type\" content=\"article\" \/>\n<meta property=\"og:title\" content=\"Grillitsch d\u00e1 salto e desperta cobi\u00e7a no mercado - Portal Tela Portugal\" \/>\n<meta property=\"og:description\" content=\"Florian Grillitsch tornou-se pe\u00e7a indispens\u00e1vel no onze do Sp. Braga, orientado por Carlos Vicens. O m\u00e9dio austr\u00edaco passou a titular indiscut\u00edvel desde o in\u00edcio do ano civil, come\u00e7ando na meia-final da Allianz Cup contra o Benfica. Foi poupado apenas diante de Alverca e do AVS SAD, para chegar mais fresco ao fecho da fase regular da Liga Europa. Grillitsch j\u00e1 desperta cobi\u00e7a no mercado devido ao seu rendimento pelo clube.\" \/>\n<meta property=\"og:url\" content=\"https:\/\/portaltela.pt\/noticias\/2026\/03\/29\/grillitsch-da-salto-e-desperta-cobica-no-mercado\/\" \/>\n<meta property=\"og:site_name\" content=\"Portal Tela Portugal\" \/>\n<meta property=\"article:published_time\" content=\"2026-03-29T03:02:39+00:00\" \/>\n<meta name=\"author\" content=\"Telinha\" \/>\n<meta name=\"twitter:card\" content=\"summary_large_image\" \/>\n<meta name=\"twitter:label1\" content=\"Escrito por\" \/>\n\t<meta name=\"twitter:data1\" content=\"Telinha\" \/>\n\t<meta name=\"twitter:label2\" content=\"Tempo estimado de leitura\" \/>\n\t<meta name=\"twitter:data2\" content=\"1 minuto\" \/>\n<script type=\"application\/ld+json\" class=\"yoast-schema-graph\">{\"@context\":\"https:\/\/schema.org\",\"@graph\":[{\"@type\":\"Article\",\"@id\":\"https:\/\/portaltela.pt\/noticias\/2026\/03\/29\/grillitsch-da-salto-e-desperta-cobica-no-mercado\/#article\",\"isPartOf\":{\"@id\":\"https:\/\/portaltela.pt\/noticias\/2026\/03\/29\/grillitsch-da-salto-e-desperta-cobica-no-mercado\/\"},\"author\":{\"name\":\"Telinha\",\"@id\":\"https:\/\/portaltela.pt\/#\/schema\/person\/c4278d4a6028830caff9ee44b42d32ed\"},\"headline\":\"Grillitsch d\u00e1 salto e desperta cobi\u00e7a no mercado\",\"datePublished\":\"2026-03-29T03:02:39+00:00\",\"mainEntityOfPage\":{\"@id\":\"https:\/\/portaltela.pt\/noticias\/2026\/03\/29\/grillitsch-da-salto-e-desperta-cobica-no-mercado\/\"},\"wordCount\":111,\"image\":{\"@id\":\"https:\/\/portaltela.pt\/noticias\/2026\/03\/29\/grillitsch-da-salto-e-desperta-cobica-no-mercado\/#primaryimage\"},\"thumbnailUrl\":\"https:\/\/portaltela.pt\/s.01k8rhncp4jt1\/2026\/03\/img_920x518uu2025-10-20-18-07-29-2397375-im-639103242821086211.jpg\",\"keywords\":[\"Allianz Cup\",\"Braga\",\"desporto\",\"futebol\",\"futebol internacional\",\"mercado da bola\"],\"articleSection\":[\"Desporto\",\"Futebol\"],\"inLanguage\":\"pt-PT\"},{\"@type\":\"WebPage\",\"@id\":\"https:\/\/portaltela.pt\/noticias\/2026\/03\/29\/grillitsch-da-salto-e-desperta-cobica-no-mercado\/\",\"url\":\"https:\/\/portaltela.pt\/noticias\/2026\/03\/29\/grillitsch-da-salto-e-desperta-cobica-no-mercado\/\",\"name\":\"Grillitsch d\u00e1 salto e desperta cobi\u00e7a no mercado - Portal Tela Portugal\",\"isPartOf\":{\"@id\":\"https:\/\/portaltela.pt\/#website\"},\"primaryImageOfPage\":{\"@id\":\"https:\/\/portaltela.pt\/noticias\/2026\/03\/29\/grillitsch-da-salto-e-desperta-cobica-no-mercado\/#primaryimage\"},\"image\":{\"@id\":\"https:\/\/portaltela.pt\/noticias\/2026\/03\/29\/grillitsch-da-salto-e-desperta-cobica-no-mercado\/#primaryimage\"},\"thumbnailUrl\":\"https:\/\/portaltela.pt\/s.01k8rhncp4jt1\/2026\/03\/img_920x518uu2025-10-20-18-07-29-2397375-im-639103242821086211.jpg\",\"datePublished\":\"2026-03-29T03:02:39+00:00\",\"author\":{\"@id\":\"https:\/\/portaltela.pt\/#\/schema\/person\/c4278d4a6028830caff9ee44b42d32ed\"},\"breadcrumb\":{\"@id\":\"https:\/\/portaltela.pt\/noticias\/2026\/03\/29\/grillitsch-da-salto-e-desperta-cobica-no-mercado\/#breadcrumb\"},\"inLanguage\":\"pt-PT\",\"potentialAction\":[{\"@type\":\"ReadAction\",\"target\":[\"https:\/\/portaltela.pt\/noticias\/2026\/03\/29\/grillitsch-da-salto-e-desperta-cobica-no-mercado\/\"]}]},{\"@type\":\"ImageObject\",\"inLanguage\":\"pt-PT\",\"@id\":\"https:\/\/portaltela.pt\/noticias\/2026\/03\/29\/grillitsch-da-salto-e-desperta-cobica-no-mercado\/#primaryimage\",\"url\":\"https:\/\/portaltela.pt\/s.01k8rhncp4jt1\/2026\/03\/img_920x518uu2025-10-20-18-07-29-2397375-im-639103242821086211.jpg\",\"contentUrl\":\"https:\/\/portaltela.pt\/s.01k8rhncp4jt1\/2026\/03\/img_920x518uu2025-10-20-18-07-29-2397375-im-639103242821086211.jpg\",\"width\":796,\"height\":448,\"caption\":\"Florian Grillitsch\"},{\"@type\":\"BreadcrumbList\",\"@id\":\"https:\/\/portaltela.pt\/noticias\/2026\/03\/29\/grillitsch-da-salto-e-desperta-cobica-no-mercado\/#breadcrumb\",\"itemListElement\":[{\"@type\":\"ListItem\",\"position\":1,\"name\":\"In\u00edcio\",\"item\":\"https:\/\/portaltela.pt\/\"},{\"@type\":\"ListItem\",\"position\":2,\"name\":\"Grillitsch d\u00e1 salto e desperta cobi\u00e7a no mercado\"}]},{\"@type\":\"WebSite\",\"@id\":\"https:\/\/portaltela.pt\/#website\",\"url\":\"https:\/\/portaltela.pt\/\",\"name\":\"Portal Tela Portugal\",\"description\":\"\",\"potentialAction\":[{\"@type\":\"SearchAction\",\"target\":{\"@type\":\"EntryPoint\",\"urlTemplate\":\"https:\/\/portaltela.pt\/?s={search_term_string}\"},\"query-input\":{\"@type\":\"PropertyValueSpecification\",\"valueRequired\":true,\"valueName\":\"search_term_string\"}}],\"inLanguage\":\"pt-PT\"},{\"@type\":\"Person\",\"@id\":\"https:\/\/portaltela.pt\/#\/schema\/person\/c4278d4a6028830caff9ee44b42d32ed\",\"name\":\"Telinha\",\"image\":{\"@type\":\"ImageObject\",\"inLanguage\":\"pt-PT\",\"@id\":\"https:\/\/portaltela.pt\/s.01k8rhncp4jt1\/2025\/11\/talking-bot-125x125.png\",\"url\":\"https:\/\/portaltela.pt\/s.01k8rhncp4jt1\/2025\/11\/talking-bot-125x125.png\",\"contentUrl\":\"https:\/\/portaltela.pt\/s.01k8rhncp4jt1\/2025\/11\/talking-bot-125x125.png\",\"caption\":\"Telinha\"},\"sameAs\":[\"https:\/\/portaltela.pt\/\"],\"url\":\"https:\/\/portaltela.pt\/por\/367410592786\/\"}]}<\/script>\n<!-- \/ Yoast SEO plugin. -->","yoast_head_json":{"title":"Grillitsch d\u00e1 salto e desperta cobi\u00e7a no mercado - Portal Tela Portugal","robots":{"index":"index","follow":"follow","max-snippet":"max-snippet:-1","max-image-preview":"max-image-preview:large","max-video-preview":"max-video-preview:-1"},"og_locale":"pt_PT","og_type":"article","og_title":"Grillitsch d\u00e1 salto e desperta cobi\u00e7a no mercado - Portal Tela Portugal","og_description":"Florian Grillitsch tornou-se pe\u00e7a indispens\u00e1vel no onze do Sp. Braga, orientado por Carlos Vicens. O m\u00e9dio austr\u00edaco passou a titular indiscut\u00edvel desde o in\u00edcio do ano civil, come\u00e7ando na meia-final da Allianz Cup contra o Benfica. Foi poupado apenas diante de Alverca e do AVS SAD, para chegar mais fresco ao fecho da fase regular da Liga Europa. Grillitsch j\u00e1 desperta cobi\u00e7a no mercado devido ao seu rendimento pelo clube.","og_url":"https:\/\/portaltela.pt\/noticias\/2026\/03\/29\/grillitsch-da-salto-e-desperta-cobica-no-mercado\/","og_site_name":"Portal Tela Portugal","article_published_time":"2026-03-29T03:02:39+00:00","author":"Telinha","twitter_card":"summary_large_image","twitter_misc":{"Escrito por":"Telinha","Tempo estimado de leitura":"1 minuto"},"schema":{"@context":"https:\/\/schema.org","@graph":[{"@type":"Article","@id":"https:\/\/portaltela.pt\/noticias\/2026\/03\/29\/grillitsch-da-salto-e-desperta-cobica-no-mercado\/#article","isPartOf":{"@id":"https:\/\/portaltela.pt\/noticias\/2026\/03\/29\/grillitsch-da-salto-e-desperta-cobica-no-mercado\/"},"author":{"name":"Telinha","@id":"https:\/\/portaltela.pt\/#\/schema\/person\/c4278d4a6028830caff9ee44b42d32ed"},"headline":"Grillitsch d\u00e1 salto e desperta cobi\u00e7a no mercado","datePublished":"2026-03-29T03:02:39+00:00","mainEntityOfPage":{"@id":"https:\/\/portaltela.pt\/noticias\/2026\/03\/29\/grillitsch-da-salto-e-desperta-cobica-no-mercado\/"},"wordCount":111,"image":{"@id":"https:\/\/portaltela.pt\/noticias\/2026\/03\/29\/grillitsch-da-salto-e-desperta-cobica-no-mercado\/#primaryimage"},"thumbnailUrl":"https:\/\/portaltela.pt\/s.01k8rhncp4jt1\/2026\/03\/img_920x518uu2025-10-20-18-07-29-2397375-im-639103242821086211.jpg","keywords":["Allianz Cup","Braga","desporto","futebol","futebol internacional","mercado da bola"],"articleSection":["Desporto","Futebol"],"inLanguage":"pt-PT"},{"@type":"WebPage","@id":"https:\/\/portaltela.pt\/noticias\/2026\/03\/29\/grillitsch-da-salto-e-desperta-cobica-no-mercado\/","url":"https:\/\/portaltela.pt\/noticias\/2026\/03\/29\/grillitsch-da-salto-e-desperta-cobica-no-mercado\/","name":"Grillitsch d\u00e1 salto e desperta cobi\u00e7a no mercado - Portal Tela Portugal","isPartOf":{"@id":"https:\/\/portaltela.pt\/#website"},"primaryImageOfPage":{"@id":"https:\/\/portaltela.pt\/noticias\/2026\/03\/29\/grillitsch-da-salto-e-desperta-cobica-no-mercado\/#primaryimage"},"image":{"@id":"https:\/\/portaltela.pt\/noticias\/2026\/03\/29\/grillitsch-da-salto-e-desperta-cobica-no-mercado\/#primaryimage"},"thumbnailUrl":"https:\/\/portaltela.pt\/s.01k8rhncp4jt1\/2026\/03\/img_920x518uu2025-10-20-18-07-29-2397375-im-639103242821086211.jpg","datePublished":"2026-03-29T03:02:39+00:00","author":{"@id":"https:\/\/portaltela.pt\/#\/schema\/person\/c4278d4a6028830caff9ee44b42d32ed"},"breadcrumb":{"@id":"https:\/\/portaltela.pt\/noticias\/2026\/03\/29\/grillitsch-da-salto-e-desperta-cobica-no-mercado\/#breadcrumb"},"inLanguage":"pt-PT","potentialAction":[{"@type":"ReadAction","target":["https:\/\/portaltela.pt\/noticias\/2026\/03\/29\/grillitsch-da-salto-e-desperta-cobica-no-mercado\/"]}]},{"@type":"ImageObject","inLanguage":"pt-PT","@id":"https:\/\/portaltela.pt\/noticias\/2026\/03\/29\/grillitsch-da-salto-e-desperta-cobica-no-mercado\/#primaryimage","url":"https:\/\/portaltela.pt\/s.01k8rhncp4jt1\/2026\/03\/img_920x518uu2025-10-20-18-07-29-2397375-im-639103242821086211.jpg","contentUrl":"https:\/\/portaltela.pt\/s.01k8rhncp4jt1\/2026\/03\/img_920x518uu2025-10-20-18-07-29-2397375-im-639103242821086211.jpg","width":796,"height":448,"caption":"Florian Grillitsch"},{"@type":"BreadcrumbList","@id":"https:\/\/portaltela.pt\/noticias\/2026\/03\/29\/grillitsch-da-salto-e-desperta-cobica-no-mercado\/#breadcrumb","itemListElement":[{"@type":"ListItem","position":1,"name":"In\u00edcio","item":"https:\/\/portaltela.pt\/"},{"@type":"ListItem","position":2,"name":"Grillitsch d\u00e1 salto e desperta cobi\u00e7a no mercado"}]},{"@type":"WebSite","@id":"https:\/\/portaltela.pt\/#website","url":"https:\/\/portaltela.pt\/","name":"Portal Tela Portugal","description":"","potentialAction":[{"@type":"SearchAction","target":{"@type":"EntryPoint","urlTemplate":"https:\/\/portaltela.pt\/?s={search_term_string}"},"query-input":{"@type":"PropertyValueSpecification","valueRequired":true,"valueName":"search_term_string"}}],"inLanguage":"pt-PT"},{"@type":"Person","@id":"https:\/\/portaltela.pt\/#\/schema\/person\/c4278d4a6028830caff9ee44b42d32ed","name":"Telinha","image":{"@type":"ImageObject","inLanguage":"pt-PT","@id":"https:\/\/portaltela.pt\/s.01k8rhncp4jt1\/2025\/11\/talking-bot-125x125.png","url":"https:\/\/portaltela.pt\/s.01k8rhncp4jt1\/2025\/11\/talking-bot-125x125.png","contentUrl":"https:\/\/portaltela.pt\/s.01k8rhncp4jt1\/2025\/11\/talking-bot-125x125.png","caption":"Telinha"},"sameAs":["https:\/\/portaltela.pt\/"],"url":"https:\/\/portaltela.pt\/por\/367410592786\/"}]}},"_links":{"self":[{"href":"https:\/\/portaltela.pt\/api\/wp\/v2\/posts\/425582","targetHints":{"allow":["GET"]}}],"collection":[{"href":"https:\/\/portaltela.pt\/api\/wp\/v2\/posts"}],"about":[{"href":"https:\/\/portaltela.pt\/api\/wp\/v2\/types\/post"}],"author":[{"embeddable":true,"href":"https:\/\/portaltela.pt\/api\/wp\/v2\/users\/2"}],"replies":[{"embeddable":true,"href":"https:\/\/portaltela.pt\/api\/wp\/v2\/comments?post=425582"}],"version-history":[{"count":0,"href":"https:\/\/portaltela.pt\/api\/wp\/v2\/posts\/425582\/revisions"}],"wp:featuredmedia":[{"embeddable":true,"href":"https:\/\/portaltela.pt\/api\/wp\/v2\/media\/425583"}],"wp:attachment":[{"href":"https:\/\/portaltela.pt\/api\/wp\/v2\/media?parent=425582"}],"wp:term":[{"taxonomy":"category","embeddable":true,"href":"https:\/\/portaltela.pt\/api\/wp\/v2\/categories?post=425582"},{"taxonomy":"post_tag","embeddable":true,"href":"https:\/\/portaltela.pt\/api\/wp\/v2\/tags?post=425582"}],"curies":[{"name":"wp","href":"https:\/\/api.w.org\/{rel}","templated":true}]}}