{"id":425576,"date":"2026-03-28T23:02:13","date_gmt":"2026-03-29T02:02:13","guid":{"rendered":"https:\/\/portaltela.pt\/noticias\/2026\/03\/28\/iordanov-felicita-balakov-no-60-o-aniversario\/"},"modified":"2026-03-28T23:02:13","modified_gmt":"2026-03-29T02:02:13","slug":"iordanov-felicita-balakov-no-60-o-aniversario","status":"publish","type":"post","link":"https:\/\/portaltela.pt\/desporto\/futebol\/2026\/03\/28\/iordanov-felicita-balakov-no-60-o-aniversario\/","title":{"rendered":"Iordanov felicita Balakov no 60.\u00ba anivers\u00e1rio"},"content":{"rendered":"<p>Krasimir Balakov celebra este domingo, 28 de mar\u00e7o, o seu 60.\u00ba anivers\u00e1rio. Em viagem de lazer pela Indon\u00e9sia, Ivaylo Iordanov enviou uma mensagem de parab\u00e9ns ao compatriota.<\/p>\n<p>Iordanov recorda a liga\u00e7\u00e3o com Balakov desde 1991, quando o internacional foi contratado pelo ent\u00e3o presidente do Sporting, Sousa Cintra, para refor\u00e7ar o ataque dos le\u00f5es.<\/p>\n<p>Os dois b\u00falgaros dividiram quarto durante anos no Sporting e na sele\u00e7\u00e3o, consolidando uma rela\u00e7\u00e3o de amizade ao longo das suas carreiras em Lisboa.<\/p>\n","protected":false},"excerpt":{"rendered":"<ul>\n<li>Krasimir Balakov celebra este domingo o seu 60.\u00ba anivers\u00e1rio, em 28 de mar\u00e7o.<\/li>\n<li>Ivaylo Iordanov, antigo capit\u00e3o do Sporting, deixou uma mensagem de parab\u00e9ns.<\/li>\n<li>Os dois b\u00falgaros partilharam quarto durante anos em Lisboa, tanto no Sporting como na sele\u00e7\u00e3o.<\/li>\n<li>Iordanov est\u00e1 atualmente na Indon\u00e9sia, onde est\u00e1 de lazer, quando recorda o amigo via Record.<\/li>\n<li>Balakov foi contratado em 1991 pelo ent\u00e3o presidente do Sporting, Sousa Cintra, para refor\u00e7ar o ataque dos le\u00f5es.<\/li>\n<\/ul>\n","protected":false},"author":2,"featured_media":425577,"comment_status":"closed","ping_status":"closed","sticky":false,"template":"","format":"standard","meta":{"footnotes":""},"categories":[21,24],"tags":[1487,32,981,1014,1652],"class_list":["post-425576","post","type-post","status-publish","format-standard","has-post-thumbnail","hentry","category-desporto","category-futebol","tag-bulgaria","tag-futebol","tag-lisboa","tag-portugal","tag-sporting"],"yoast_head":"<!-- This site is optimized with the Yoast SEO plugin v27.2 - https:\/\/yoast.com\/product\/yoast-seo-wordpress\/ -->\n<title>Iordanov felicita Balakov no 60.\u00ba anivers\u00e1rio - Portal Tela Portugal<\/title>\n<meta name=\"robots\" content=\"index, follow, max-snippet:-1, max-image-preview:large, max-video-preview:-1\" \/>\n<meta property=\"og:locale\" content=\"pt_PT\" \/>\n<meta property=\"og:type\" content=\"article\" \/>\n<meta property=\"og:title\" content=\"Iordanov felicita Balakov no 60.\u00ba anivers\u00e1rio - Portal Tela Portugal\" \/>\n<meta property=\"og:description\" content=\"Krasimir Balakov celebra este domingo o seu 60.\u00ba anivers\u00e1rio, em 28 de mar\u00e7o. Ivaylo Iordanov, antigo capit\u00e3o do Sporting, deixou uma mensagem de parab\u00e9ns. Os dois b\u00falgaros partilharam quarto durante anos em Lisboa, tanto no Sporting como na sele\u00e7\u00e3o. Iordanov est\u00e1 atualmente na Indon\u00e9sia, onde est\u00e1 de lazer, quando recorda o amigo via Record. Balakov foi contratado em 1991 pelo ent\u00e3o presidente do Sporting, Sousa Cintra, para refor\u00e7ar o ataque dos le\u00f5es.\" \/>\n<meta property=\"og:url\" content=\"https:\/\/portaltela.pt\/noticias\/2026\/03\/28\/iordanov-felicita-balakov-no-60-o-aniversario\/\" \/>\n<meta property=\"og:site_name\" content=\"Portal Tela Portugal\" \/>\n<meta property=\"article:published_time\" content=\"2026-03-29T02:02:13+00:00\" \/>\n<meta name=\"author\" content=\"Telinha\" \/>\n<meta name=\"twitter:card\" content=\"summary_large_image\" \/>\n<meta name=\"twitter:label1\" content=\"Escrito por\" \/>\n\t<meta name=\"twitter:data1\" content=\"Telinha\" \/>\n<script type=\"application\/ld+json\" class=\"yoast-schema-graph\">{\"@context\":\"https:\/\/schema.org\",\"@graph\":[{\"@type\":\"Article\",\"@id\":\"https:\/\/portaltela.pt\/noticias\/2026\/03\/28\/iordanov-felicita-balakov-no-60-o-aniversario\/#article\",\"isPartOf\":{\"@id\":\"https:\/\/portaltela.pt\/noticias\/2026\/03\/28\/iordanov-felicita-balakov-no-60-o-aniversario\/\"},\"author\":{\"name\":\"Telinha\",\"@id\":\"https:\/\/portaltela.pt\/#\/schema\/person\/c4278d4a6028830caff9ee44b42d32ed\"},\"headline\":\"Iordanov felicita Balakov no 60.\u00ba anivers\u00e1rio\",\"datePublished\":\"2026-03-29T02:02:13+00:00\",\"mainEntityOfPage\":{\"@id\":\"https:\/\/portaltela.pt\/noticias\/2026\/03\/28\/iordanov-felicita-balakov-no-60-o-aniversario\/\"},\"wordCount\":91,\"image\":{\"@id\":\"https:\/\/portaltela.pt\/noticias\/2026\/03\/28\/iordanov-felicita-balakov-no-60-o-aniversario\/#primaryimage\"},\"thumbnailUrl\":\"https:\/\/portaltela.pt\/s.01k8rhncp4jt1\/2026\/03\/img_1200x721uu2026-03-28-17-14-13-2429873.jpg\",\"keywords\":[\"Bulg\u00e1ria\",\"futebol\",\"Lisboa\",\"Portugal\",\"Sporting\"],\"articleSection\":[\"Desporto\",\"Futebol\"],\"inLanguage\":\"pt-PT\"},{\"@type\":\"WebPage\",\"@id\":\"https:\/\/portaltela.pt\/noticias\/2026\/03\/28\/iordanov-felicita-balakov-no-60-o-aniversario\/\",\"url\":\"https:\/\/portaltela.pt\/noticias\/2026\/03\/28\/iordanov-felicita-balakov-no-60-o-aniversario\/\",\"name\":\"Iordanov felicita Balakov no 60.\u00ba anivers\u00e1rio - Portal Tela Portugal\",\"isPartOf\":{\"@id\":\"https:\/\/portaltela.pt\/#website\"},\"primaryImageOfPage\":{\"@id\":\"https:\/\/portaltela.pt\/noticias\/2026\/03\/28\/iordanov-felicita-balakov-no-60-o-aniversario\/#primaryimage\"},\"image\":{\"@id\":\"https:\/\/portaltela.pt\/noticias\/2026\/03\/28\/iordanov-felicita-balakov-no-60-o-aniversario\/#primaryimage\"},\"thumbnailUrl\":\"https:\/\/portaltela.pt\/s.01k8rhncp4jt1\/2026\/03\/img_1200x721uu2026-03-28-17-14-13-2429873.jpg\",\"datePublished\":\"2026-03-29T02:02:13+00:00\",\"author\":{\"@id\":\"https:\/\/portaltela.pt\/#\/schema\/person\/c4278d4a6028830caff9ee44b42d32ed\"},\"breadcrumb\":{\"@id\":\"https:\/\/portaltela.pt\/noticias\/2026\/03\/28\/iordanov-felicita-balakov-no-60-o-aniversario\/#breadcrumb\"},\"inLanguage\":\"pt-PT\",\"potentialAction\":[{\"@type\":\"ReadAction\",\"target\":[\"https:\/\/portaltela.pt\/noticias\/2026\/03\/28\/iordanov-felicita-balakov-no-60-o-aniversario\/\"]}]},{\"@type\":\"ImageObject\",\"inLanguage\":\"pt-PT\",\"@id\":\"https:\/\/portaltela.pt\/noticias\/2026\/03\/28\/iordanov-felicita-balakov-no-60-o-aniversario\/#primaryimage\",\"url\":\"https:\/\/portaltela.pt\/s.01k8rhncp4jt1\/2026\/03\/img_1200x721uu2026-03-28-17-14-13-2429873.jpg\",\"contentUrl\":\"https:\/\/portaltela.pt\/s.01k8rhncp4jt1\/2026\/03\/img_1200x721uu2026-03-28-17-14-13-2429873.jpg\",\"width\":796,\"height\":448,\"caption\":\"Balakov esteve em Alvalade em setembro de 2025\"},{\"@type\":\"BreadcrumbList\",\"@id\":\"https:\/\/portaltela.pt\/noticias\/2026\/03\/28\/iordanov-felicita-balakov-no-60-o-aniversario\/#breadcrumb\",\"itemListElement\":[{\"@type\":\"ListItem\",\"position\":1,\"name\":\"In\u00edcio\",\"item\":\"https:\/\/portaltela.pt\/\"},{\"@type\":\"ListItem\",\"position\":2,\"name\":\"Iordanov felicita Balakov no 60.\u00ba anivers\u00e1rio\"}]},{\"@type\":\"WebSite\",\"@id\":\"https:\/\/portaltela.pt\/#website\",\"url\":\"https:\/\/portaltela.pt\/\",\"name\":\"Portal Tela Portugal\",\"description\":\"\",\"potentialAction\":[{\"@type\":\"SearchAction\",\"target\":{\"@type\":\"EntryPoint\",\"urlTemplate\":\"https:\/\/portaltela.pt\/?s={search_term_string}\"},\"query-input\":{\"@type\":\"PropertyValueSpecification\",\"valueRequired\":true,\"valueName\":\"search_term_string\"}}],\"inLanguage\":\"pt-PT\"},{\"@type\":\"Person\",\"@id\":\"https:\/\/portaltela.pt\/#\/schema\/person\/c4278d4a6028830caff9ee44b42d32ed\",\"name\":\"Telinha\",\"image\":{\"@type\":\"ImageObject\",\"inLanguage\":\"pt-PT\",\"@id\":\"https:\/\/portaltela.pt\/s.01k8rhncp4jt1\/2025\/11\/talking-bot-125x125.png\",\"url\":\"https:\/\/portaltela.pt\/s.01k8rhncp4jt1\/2025\/11\/talking-bot-125x125.png\",\"contentUrl\":\"https:\/\/portaltela.pt\/s.01k8rhncp4jt1\/2025\/11\/talking-bot-125x125.png\",\"caption\":\"Telinha\"},\"sameAs\":[\"https:\/\/portaltela.pt\/\"],\"url\":\"https:\/\/portaltela.pt\/por\/367410592786\/\"}]}<\/script>\n<!-- \/ Yoast SEO plugin. -->","yoast_head_json":{"title":"Iordanov felicita Balakov no 60.\u00ba anivers\u00e1rio - Portal Tela Portugal","robots":{"index":"index","follow":"follow","max-snippet":"max-snippet:-1","max-image-preview":"max-image-preview:large","max-video-preview":"max-video-preview:-1"},"og_locale":"pt_PT","og_type":"article","og_title":"Iordanov felicita Balakov no 60.\u00ba anivers\u00e1rio - Portal Tela Portugal","og_description":"Krasimir Balakov celebra este domingo o seu 60.\u00ba anivers\u00e1rio, em 28 de mar\u00e7o. Ivaylo Iordanov, antigo capit\u00e3o do Sporting, deixou uma mensagem de parab\u00e9ns. Os dois b\u00falgaros partilharam quarto durante anos em Lisboa, tanto no Sporting como na sele\u00e7\u00e3o. Iordanov est\u00e1 atualmente na Indon\u00e9sia, onde est\u00e1 de lazer, quando recorda o amigo via Record. Balakov foi contratado em 1991 pelo ent\u00e3o presidente do Sporting, Sousa Cintra, para refor\u00e7ar o ataque dos le\u00f5es.","og_url":"https:\/\/portaltela.pt\/noticias\/2026\/03\/28\/iordanov-felicita-balakov-no-60-o-aniversario\/","og_site_name":"Portal Tela Portugal","article_published_time":"2026-03-29T02:02:13+00:00","author":"Telinha","twitter_card":"summary_large_image","twitter_misc":{"Escrito por":"Telinha"},"schema":{"@context":"https:\/\/schema.org","@graph":[{"@type":"Article","@id":"https:\/\/portaltela.pt\/noticias\/2026\/03\/28\/iordanov-felicita-balakov-no-60-o-aniversario\/#article","isPartOf":{"@id":"https:\/\/portaltela.pt\/noticias\/2026\/03\/28\/iordanov-felicita-balakov-no-60-o-aniversario\/"},"author":{"name":"Telinha","@id":"https:\/\/portaltela.pt\/#\/schema\/person\/c4278d4a6028830caff9ee44b42d32ed"},"headline":"Iordanov felicita Balakov no 60.\u00ba anivers\u00e1rio","datePublished":"2026-03-29T02:02:13+00:00","mainEntityOfPage":{"@id":"https:\/\/portaltela.pt\/noticias\/2026\/03\/28\/iordanov-felicita-balakov-no-60-o-aniversario\/"},"wordCount":91,"image":{"@id":"https:\/\/portaltela.pt\/noticias\/2026\/03\/28\/iordanov-felicita-balakov-no-60-o-aniversario\/#primaryimage"},"thumbnailUrl":"https:\/\/portaltela.pt\/s.01k8rhncp4jt1\/2026\/03\/img_1200x721uu2026-03-28-17-14-13-2429873.jpg","keywords":["Bulg\u00e1ria","futebol","Lisboa","Portugal","Sporting"],"articleSection":["Desporto","Futebol"],"inLanguage":"pt-PT"},{"@type":"WebPage","@id":"https:\/\/portaltela.pt\/noticias\/2026\/03\/28\/iordanov-felicita-balakov-no-60-o-aniversario\/","url":"https:\/\/portaltela.pt\/noticias\/2026\/03\/28\/iordanov-felicita-balakov-no-60-o-aniversario\/","name":"Iordanov felicita Balakov no 60.\u00ba anivers\u00e1rio - Portal Tela Portugal","isPartOf":{"@id":"https:\/\/portaltela.pt\/#website"},"primaryImageOfPage":{"@id":"https:\/\/portaltela.pt\/noticias\/2026\/03\/28\/iordanov-felicita-balakov-no-60-o-aniversario\/#primaryimage"},"image":{"@id":"https:\/\/portaltela.pt\/noticias\/2026\/03\/28\/iordanov-felicita-balakov-no-60-o-aniversario\/#primaryimage"},"thumbnailUrl":"https:\/\/portaltela.pt\/s.01k8rhncp4jt1\/2026\/03\/img_1200x721uu2026-03-28-17-14-13-2429873.jpg","datePublished":"2026-03-29T02:02:13+00:00","author":{"@id":"https:\/\/portaltela.pt\/#\/schema\/person\/c4278d4a6028830caff9ee44b42d32ed"},"breadcrumb":{"@id":"https:\/\/portaltela.pt\/noticias\/2026\/03\/28\/iordanov-felicita-balakov-no-60-o-aniversario\/#breadcrumb"},"inLanguage":"pt-PT","potentialAction":[{"@type":"ReadAction","target":["https:\/\/portaltela.pt\/noticias\/2026\/03\/28\/iordanov-felicita-balakov-no-60-o-aniversario\/"]}]},{"@type":"ImageObject","inLanguage":"pt-PT","@id":"https:\/\/portaltela.pt\/noticias\/2026\/03\/28\/iordanov-felicita-balakov-no-60-o-aniversario\/#primaryimage","url":"https:\/\/portaltela.pt\/s.01k8rhncp4jt1\/2026\/03\/img_1200x721uu2026-03-28-17-14-13-2429873.jpg","contentUrl":"https:\/\/portaltela.pt\/s.01k8rhncp4jt1\/2026\/03\/img_1200x721uu2026-03-28-17-14-13-2429873.jpg","width":796,"height":448,"caption":"Balakov esteve em Alvalade em setembro de 2025"},{"@type":"BreadcrumbList","@id":"https:\/\/portaltela.pt\/noticias\/2026\/03\/28\/iordanov-felicita-balakov-no-60-o-aniversario\/#breadcrumb","itemListElement":[{"@type":"ListItem","position":1,"name":"In\u00edcio","item":"https:\/\/portaltela.pt\/"},{"@type":"ListItem","position":2,"name":"Iordanov felicita Balakov no 60.\u00ba anivers\u00e1rio"}]},{"@type":"WebSite","@id":"https:\/\/portaltela.pt\/#website","url":"https:\/\/portaltela.pt\/","name":"Portal Tela Portugal","description":"","potentialAction":[{"@type":"SearchAction","target":{"@type":"EntryPoint","urlTemplate":"https:\/\/portaltela.pt\/?s={search_term_string}"},"query-input":{"@type":"PropertyValueSpecification","valueRequired":true,"valueName":"search_term_string"}}],"inLanguage":"pt-PT"},{"@type":"Person","@id":"https:\/\/portaltela.pt\/#\/schema\/person\/c4278d4a6028830caff9ee44b42d32ed","name":"Telinha","image":{"@type":"ImageObject","inLanguage":"pt-PT","@id":"https:\/\/portaltela.pt\/s.01k8rhncp4jt1\/2025\/11\/talking-bot-125x125.png","url":"https:\/\/portaltela.pt\/s.01k8rhncp4jt1\/2025\/11\/talking-bot-125x125.png","contentUrl":"https:\/\/portaltela.pt\/s.01k8rhncp4jt1\/2025\/11\/talking-bot-125x125.png","caption":"Telinha"},"sameAs":["https:\/\/portaltela.pt\/"],"url":"https:\/\/portaltela.pt\/por\/367410592786\/"}]}},"_links":{"self":[{"href":"https:\/\/portaltela.pt\/api\/wp\/v2\/posts\/425576","targetHints":{"allow":["GET"]}}],"collection":[{"href":"https:\/\/portaltela.pt\/api\/wp\/v2\/posts"}],"about":[{"href":"https:\/\/portaltela.pt\/api\/wp\/v2\/types\/post"}],"author":[{"embeddable":true,"href":"https:\/\/portaltela.pt\/api\/wp\/v2\/users\/2"}],"replies":[{"embeddable":true,"href":"https:\/\/portaltela.pt\/api\/wp\/v2\/comments?post=425576"}],"version-history":[{"count":0,"href":"https:\/\/portaltela.pt\/api\/wp\/v2\/posts\/425576\/revisions"}],"wp:featuredmedia":[{"embeddable":true,"href":"https:\/\/portaltela.pt\/api\/wp\/v2\/media\/425577"}],"wp:attachment":[{"href":"https:\/\/portaltela.pt\/api\/wp\/v2\/media?parent=425576"}],"wp:term":[{"taxonomy":"category","embeddable":true,"href":"https:\/\/portaltela.pt\/api\/wp\/v2\/categories?post=425576"},{"taxonomy":"post_tag","embeddable":true,"href":"https:\/\/portaltela.pt\/api\/wp\/v2\/tags?post=425576"}],"curies":[{"name":"wp","href":"https:\/\/api.w.org\/{rel}","templated":true}]}}