{"id":425571,"date":"2026-03-28T22:47:19","date_gmt":"2026-03-29T01:47:19","guid":{"rendered":"https:\/\/portaltela.pt\/noticias\/2026\/03\/28\/nove-secretarios-de-estado-obrigados-a-declarar-lista-de-clientes\/"},"modified":"2026-03-28T22:47:19","modified_gmt":"2026-03-29T01:47:19","slug":"nove-secretarios-de-estado-obrigados-a-declarar-lista-de-clientes","status":"publish","type":"post","link":"https:\/\/portaltela.pt\/noticias\/politica\/2026\/03\/28\/nove-secretarios-de-estado-obrigados-a-declarar-lista-de-clientes\/","title":{"rendered":"Nove secret\u00e1rios de Estado obrigados a declarar lista de clientes"},"content":{"rendered":"<p>Nove secret\u00e1rios de Estado ficam obrigados a declarar \u00e0 Entidade para a Transpar\u00eancia (EpT) a lista de clientes, os servi\u00e7os prestados e os saldos das contas banc\u00e1rias das suas empresas ou das firmas detidas pelos c\u00f4njuges. A medida surge ap\u00f3s o Tribunal Constitucional chumbarem o recurso do primeiro-ministro contra a EpT. No total, 15 governantes, incluindo Lu\u00eds Montenegro, ficam obrigados a prestar estas informa\u00e7\u00f5es.<\/p>\n<p>A obriga\u00e7\u00e3o \u00e9 j\u00e1 efetiva e a EpT anunciou que ir\u00e1 exigir dados a todos os titulares de cargos pol\u00edticos em situa\u00e7\u00e3o semelhante. A revela\u00e7\u00e3o integra declara\u00e7\u00f5es de rendimentos atualizadas, que devem abranger participa\u00e7\u00f5es, o valor de cada sociedade e a percentagem de capital.<\/p>\n<p>Os secret\u00e1rios de Estado em causa s\u00e3o: Rui Armindo Freitas, da Presid\u00eancia e Imigra\u00e7\u00e3o; Adriano Rafael Moreira, do Trabalho; Jo\u00e3o Moura, da Agricultura; Paulo Magro da Luz, da Simplifica\u00e7\u00e3o; Jean Barroca, da Energia; Jo\u00e3o Silva Lopes, do Tesouro e das Finan\u00e7as; Rui Rocha, da Prote\u00e7\u00e3o Civil; Helena Canh\u00e3o, da Ci\u00eancia e Inova\u00e7\u00e3o; Alberto Santos, da Cultura.<\/p>\n<h3>Secret\u00e1rios e empresas<\/h3>\n<p>Armindo Freitas tem participa\u00e7\u00f5es em cinco empresas (Plurima, Plurichem, Tecmobai, Zagfest e Filipa Guimar\u00e3es), sendo o governante com mais sociedades. Moreira \u00e9 s\u00f3cio em tr\u00eas: Adriano Rafael Moreira &amp; Associados, Orbis Terra e Sociedade Agr\u00edcola Quinta de Lousada.<\/p>\n<p>Moura, Barroca e Magro da Luz det\u00eam duas firmas cada um. Moura \u00e9 s\u00f3cio da Quadrado ao Metro e da Metric Memory; Barroca aparece ligado \u00e0 Ferreteria El Llano (Venezuela) e a Bag! Consulting, de propriedade da esposa; Magro da Luz \u00e9 s\u00f3cio da Primalgoal e da Switch &#8211; Happy People.<\/p>\n<p>Silva Lopes, Rocha, Canh\u00e3o e Santos possuem uma empresa cada um: Silva Lopes em Transolum; Rocha em Serras de Ansi\u00e3o &#8211; Not\u00edcias e Publicidade; Canh\u00e3o em DHC &#8211; Servi\u00e7os M\u00e9dicos; Santos em outra firma n\u00e3o especificada no consolidado.<\/p>\n","protected":false},"excerpt":{"rendered":"<ul>\n<li>Nove secret\u00e1rios de Estado s\u00e3o obrigados a declarar \u00e0 Entidade para a Transpar\u00eancia a lista de clientes, os servi\u00e7os prestados e os saldos das contas das suas empresas ou das firmas detidas pelos c\u00f4njuges.<\/li>\n<li>A obriga\u00e7\u00e3o resulta da decis\u00e3o do Tribunal Constitucional, que chumbou o recurso do primeiro-ministro contra a EpT; no total, j\u00e1 s\u00e3o quinze governantes, incluindo Lu\u00eds Montenegro.<\/li>\n<li>A EpT anunciou que vai exigir estes dados a todos os titulares de cargos pol\u00edticos em situa\u00e7\u00e3o semelhante \u00e0 de Montenegro.<\/li>\n<li>Os secret\u00e1rios de Estado mencionados s\u00e3o: Rui Armindo Freitas, Adriano Rafael Moreira, Jo\u00e3o Moura, Paulo Magro da Luz, Jean Barroca, Jo\u00e3o Silva Lopes, Rui Rocha, Helena Canh\u00e3o e Alberto Santos.<\/li>\n<li>Em termos de participa\u00e7\u00e3o societ\u00e1ria: Freitas tem cinco empresas; Moreira, tr\u00eas; Moura, Barroca e Luz, duas cada um; Silva Lopes, Rocha, Canh\u00e3o e Santos, uma cada.<\/li>\n<\/ul>\n","protected":false},"author":2,"featured_media":425573,"comment_status":"closed","ping_status":"closed","sticky":false,"template":"","format":"standard","meta":{"footnotes":""},"categories":[1,5],"tags":[3177,34,5563,5661,2832,5708],"class_list":["post-425571","post","type-post","status-publish","format-standard","has-post-thumbnail","hentry","category-noticias","category-politica","tag-autoridade-publica","tag-governo","tag-informacao-publica","tag-pessoas-publicas","tag-politica","tag-transparencia-publica"],"yoast_head":"<!-- This site is optimized with the Yoast SEO plugin v27.2 - https:\/\/yoast.com\/product\/yoast-seo-wordpress\/ -->\n<title>Nove secret\u00e1rios de Estado obrigados a declarar lista de clientes - Portal Tela Portugal<\/title>\n<meta name=\"robots\" content=\"index, follow, max-snippet:-1, max-image-preview:large, max-video-preview:-1\" \/>\n<meta property=\"og:locale\" content=\"pt_PT\" \/>\n<meta property=\"og:type\" content=\"article\" \/>\n<meta property=\"og:title\" content=\"Nove secret\u00e1rios de Estado obrigados a declarar lista de clientes - Portal Tela Portugal\" \/>\n<meta property=\"og:description\" content=\"Nove secret\u00e1rios de Estado s\u00e3o obrigados a declarar \u00e0 Entidade para a Transpar\u00eancia a lista de clientes, os servi\u00e7os prestados e os saldos das contas das suas empresas ou das firmas detidas pelos c\u00f4njuges. A obriga\u00e7\u00e3o resulta da decis\u00e3o do Tribunal Constitucional, que chumbou o recurso do primeiro-ministro contra a EpT; no total, j\u00e1 s\u00e3o quinze governantes, incluindo Lu\u00eds Montenegro. A EpT anunciou que vai exigir estes dados a todos os titulares de cargos pol\u00edticos em situa\u00e7\u00e3o semelhante \u00e0 de Montenegro. Os secret\u00e1rios de Estado mencionados s\u00e3o: Rui Armindo Freitas, Adriano Rafael Moreira, Jo\u00e3o Moura, Paulo Magro da Luz, Jean Barroca, Jo\u00e3o Silva Lopes, Rui Rocha, Helena Canh\u00e3o e Alberto Santos. Em termos de participa\u00e7\u00e3o societ\u00e1ria: Freitas tem cinco empresas; Moreira, tr\u00eas; Moura, Barroca e Luz, duas cada um; Silva Lopes, Rocha, Canh\u00e3o e Santos, uma cada.\" \/>\n<meta property=\"og:url\" content=\"https:\/\/portaltela.pt\/noticias\/2026\/03\/28\/nove-secretarios-de-estado-obrigados-a-declarar-lista-de-clientes\/\" \/>\n<meta property=\"og:site_name\" content=\"Portal Tela Portugal\" \/>\n<meta property=\"article:published_time\" content=\"2026-03-29T01:47:19+00:00\" \/>\n<meta name=\"author\" content=\"Telinha\" \/>\n<meta name=\"twitter:card\" content=\"summary_large_image\" \/>\n<meta name=\"twitter:label1\" content=\"Escrito por\" \/>\n\t<meta name=\"twitter:data1\" content=\"Telinha\" \/>\n\t<meta name=\"twitter:label2\" content=\"Tempo estimado de leitura\" \/>\n\t<meta name=\"twitter:data2\" content=\"2 minutos\" \/>\n<script type=\"application\/ld+json\" class=\"yoast-schema-graph\">{\"@context\":\"https:\/\/schema.org\",\"@graph\":[{\"@type\":\"Article\",\"@id\":\"https:\/\/portaltela.pt\/noticias\/2026\/03\/28\/nove-secretarios-de-estado-obrigados-a-declarar-lista-de-clientes\/#article\",\"isPartOf\":{\"@id\":\"https:\/\/portaltela.pt\/noticias\/2026\/03\/28\/nove-secretarios-de-estado-obrigados-a-declarar-lista-de-clientes\/\"},\"author\":{\"name\":\"Telinha\",\"@id\":\"https:\/\/portaltela.pt\/#\/schema\/person\/c4278d4a6028830caff9ee44b42d32ed\"},\"headline\":\"Nove secret\u00e1rios de Estado obrigados a declarar lista de clientes\",\"datePublished\":\"2026-03-29T01:47:19+00:00\",\"mainEntityOfPage\":{\"@id\":\"https:\/\/portaltela.pt\/noticias\/2026\/03\/28\/nove-secretarios-de-estado-obrigados-a-declarar-lista-de-clientes\/\"},\"wordCount\":340,\"image\":{\"@id\":\"https:\/\/portaltela.pt\/noticias\/2026\/03\/28\/nove-secretarios-de-estado-obrigados-a-declarar-lista-de-clientes\/#primaryimage\"},\"thumbnailUrl\":\"https:\/\/portaltela.pt\/s.01k8rhncp4jt1\/2026\/03\/img_1500x1000uu2025-12-20-23-46-13-2255606.jpg\",\"keywords\":[\"autoridade p\u00fablica\",\"governo\",\"informa\u00e7\u00e3o p\u00fablica\",\"pessoas p\u00fablicas\",\"pol\u00edtica\",\"transpar\u00eancia p\u00fablica\"],\"articleSection\":[\"Not\u00edcias\",\"Pol\u00edtica\"],\"inLanguage\":\"pt-PT\"},{\"@type\":\"WebPage\",\"@id\":\"https:\/\/portaltela.pt\/noticias\/2026\/03\/28\/nove-secretarios-de-estado-obrigados-a-declarar-lista-de-clientes\/\",\"url\":\"https:\/\/portaltela.pt\/noticias\/2026\/03\/28\/nove-secretarios-de-estado-obrigados-a-declarar-lista-de-clientes\/\",\"name\":\"Nove secret\u00e1rios de Estado obrigados a declarar lista de clientes - Portal Tela Portugal\",\"isPartOf\":{\"@id\":\"https:\/\/portaltela.pt\/#website\"},\"primaryImageOfPage\":{\"@id\":\"https:\/\/portaltela.pt\/noticias\/2026\/03\/28\/nove-secretarios-de-estado-obrigados-a-declarar-lista-de-clientes\/#primaryimage\"},\"image\":{\"@id\":\"https:\/\/portaltela.pt\/noticias\/2026\/03\/28\/nove-secretarios-de-estado-obrigados-a-declarar-lista-de-clientes\/#primaryimage\"},\"thumbnailUrl\":\"https:\/\/portaltela.pt\/s.01k8rhncp4jt1\/2026\/03\/img_1500x1000uu2025-12-20-23-46-13-2255606.jpg\",\"datePublished\":\"2026-03-29T01:47:19+00:00\",\"author\":{\"@id\":\"https:\/\/portaltela.pt\/#\/schema\/person\/c4278d4a6028830caff9ee44b42d32ed\"},\"breadcrumb\":{\"@id\":\"https:\/\/portaltela.pt\/noticias\/2026\/03\/28\/nove-secretarios-de-estado-obrigados-a-declarar-lista-de-clientes\/#breadcrumb\"},\"inLanguage\":\"pt-PT\",\"potentialAction\":[{\"@type\":\"ReadAction\",\"target\":[\"https:\/\/portaltela.pt\/noticias\/2026\/03\/28\/nove-secretarios-de-estado-obrigados-a-declarar-lista-de-clientes\/\"]}]},{\"@type\":\"ImageObject\",\"inLanguage\":\"pt-PT\",\"@id\":\"https:\/\/portaltela.pt\/noticias\/2026\/03\/28\/nove-secretarios-de-estado-obrigados-a-declarar-lista-de-clientes\/#primaryimage\",\"url\":\"https:\/\/portaltela.pt\/s.01k8rhncp4jt1\/2026\/03\/img_1500x1000uu2025-12-20-23-46-13-2255606.jpg\",\"contentUrl\":\"https:\/\/portaltela.pt\/s.01k8rhncp4jt1\/2026\/03\/img_1500x1000uu2025-12-20-23-46-13-2255606.jpg\",\"width\":796,\"height\":448,\"caption\":\"Rui Armindo Freitas\"},{\"@type\":\"BreadcrumbList\",\"@id\":\"https:\/\/portaltela.pt\/noticias\/2026\/03\/28\/nove-secretarios-de-estado-obrigados-a-declarar-lista-de-clientes\/#breadcrumb\",\"itemListElement\":[{\"@type\":\"ListItem\",\"position\":1,\"name\":\"In\u00edcio\",\"item\":\"https:\/\/portaltela.pt\/\"},{\"@type\":\"ListItem\",\"position\":2,\"name\":\"Nove secret\u00e1rios de Estado obrigados a declarar lista de clientes\"}]},{\"@type\":\"WebSite\",\"@id\":\"https:\/\/portaltela.pt\/#website\",\"url\":\"https:\/\/portaltela.pt\/\",\"name\":\"Portal Tela Portugal\",\"description\":\"\",\"potentialAction\":[{\"@type\":\"SearchAction\",\"target\":{\"@type\":\"EntryPoint\",\"urlTemplate\":\"https:\/\/portaltela.pt\/?s={search_term_string}\"},\"query-input\":{\"@type\":\"PropertyValueSpecification\",\"valueRequired\":true,\"valueName\":\"search_term_string\"}}],\"inLanguage\":\"pt-PT\"},{\"@type\":\"Person\",\"@id\":\"https:\/\/portaltela.pt\/#\/schema\/person\/c4278d4a6028830caff9ee44b42d32ed\",\"name\":\"Telinha\",\"image\":{\"@type\":\"ImageObject\",\"inLanguage\":\"pt-PT\",\"@id\":\"https:\/\/portaltela.pt\/s.01k8rhncp4jt1\/2025\/11\/talking-bot-125x125.png\",\"url\":\"https:\/\/portaltela.pt\/s.01k8rhncp4jt1\/2025\/11\/talking-bot-125x125.png\",\"contentUrl\":\"https:\/\/portaltela.pt\/s.01k8rhncp4jt1\/2025\/11\/talking-bot-125x125.png\",\"caption\":\"Telinha\"},\"sameAs\":[\"https:\/\/portaltela.pt\/\"],\"url\":\"https:\/\/portaltela.pt\/por\/367410592786\/\"}]}<\/script>\n<!-- \/ Yoast SEO plugin. -->","yoast_head_json":{"title":"Nove secret\u00e1rios de Estado obrigados a declarar lista de clientes - Portal Tela Portugal","robots":{"index":"index","follow":"follow","max-snippet":"max-snippet:-1","max-image-preview":"max-image-preview:large","max-video-preview":"max-video-preview:-1"},"og_locale":"pt_PT","og_type":"article","og_title":"Nove secret\u00e1rios de Estado obrigados a declarar lista de clientes - Portal Tela Portugal","og_description":"Nove secret\u00e1rios de Estado s\u00e3o obrigados a declarar \u00e0 Entidade para a Transpar\u00eancia a lista de clientes, os servi\u00e7os prestados e os saldos das contas das suas empresas ou das firmas detidas pelos c\u00f4njuges. A obriga\u00e7\u00e3o resulta da decis\u00e3o do Tribunal Constitucional, que chumbou o recurso do primeiro-ministro contra a EpT; no total, j\u00e1 s\u00e3o quinze governantes, incluindo Lu\u00eds Montenegro. A EpT anunciou que vai exigir estes dados a todos os titulares de cargos pol\u00edticos em situa\u00e7\u00e3o semelhante \u00e0 de Montenegro. Os secret\u00e1rios de Estado mencionados s\u00e3o: Rui Armindo Freitas, Adriano Rafael Moreira, Jo\u00e3o Moura, Paulo Magro da Luz, Jean Barroca, Jo\u00e3o Silva Lopes, Rui Rocha, Helena Canh\u00e3o e Alberto Santos. Em termos de participa\u00e7\u00e3o societ\u00e1ria: Freitas tem cinco empresas; Moreira, tr\u00eas; Moura, Barroca e Luz, duas cada um; Silva Lopes, Rocha, Canh\u00e3o e Santos, uma cada.","og_url":"https:\/\/portaltela.pt\/noticias\/2026\/03\/28\/nove-secretarios-de-estado-obrigados-a-declarar-lista-de-clientes\/","og_site_name":"Portal Tela Portugal","article_published_time":"2026-03-29T01:47:19+00:00","author":"Telinha","twitter_card":"summary_large_image","twitter_misc":{"Escrito por":"Telinha","Tempo estimado de leitura":"2 minutos"},"schema":{"@context":"https:\/\/schema.org","@graph":[{"@type":"Article","@id":"https:\/\/portaltela.pt\/noticias\/2026\/03\/28\/nove-secretarios-de-estado-obrigados-a-declarar-lista-de-clientes\/#article","isPartOf":{"@id":"https:\/\/portaltela.pt\/noticias\/2026\/03\/28\/nove-secretarios-de-estado-obrigados-a-declarar-lista-de-clientes\/"},"author":{"name":"Telinha","@id":"https:\/\/portaltela.pt\/#\/schema\/person\/c4278d4a6028830caff9ee44b42d32ed"},"headline":"Nove secret\u00e1rios de Estado obrigados a declarar lista de clientes","datePublished":"2026-03-29T01:47:19+00:00","mainEntityOfPage":{"@id":"https:\/\/portaltela.pt\/noticias\/2026\/03\/28\/nove-secretarios-de-estado-obrigados-a-declarar-lista-de-clientes\/"},"wordCount":340,"image":{"@id":"https:\/\/portaltela.pt\/noticias\/2026\/03\/28\/nove-secretarios-de-estado-obrigados-a-declarar-lista-de-clientes\/#primaryimage"},"thumbnailUrl":"https:\/\/portaltela.pt\/s.01k8rhncp4jt1\/2026\/03\/img_1500x1000uu2025-12-20-23-46-13-2255606.jpg","keywords":["autoridade p\u00fablica","governo","informa\u00e7\u00e3o p\u00fablica","pessoas p\u00fablicas","pol\u00edtica","transpar\u00eancia p\u00fablica"],"articleSection":["Not\u00edcias","Pol\u00edtica"],"inLanguage":"pt-PT"},{"@type":"WebPage","@id":"https:\/\/portaltela.pt\/noticias\/2026\/03\/28\/nove-secretarios-de-estado-obrigados-a-declarar-lista-de-clientes\/","url":"https:\/\/portaltela.pt\/noticias\/2026\/03\/28\/nove-secretarios-de-estado-obrigados-a-declarar-lista-de-clientes\/","name":"Nove secret\u00e1rios de Estado obrigados a declarar lista de clientes - Portal Tela Portugal","isPartOf":{"@id":"https:\/\/portaltela.pt\/#website"},"primaryImageOfPage":{"@id":"https:\/\/portaltela.pt\/noticias\/2026\/03\/28\/nove-secretarios-de-estado-obrigados-a-declarar-lista-de-clientes\/#primaryimage"},"image":{"@id":"https:\/\/portaltela.pt\/noticias\/2026\/03\/28\/nove-secretarios-de-estado-obrigados-a-declarar-lista-de-clientes\/#primaryimage"},"thumbnailUrl":"https:\/\/portaltela.pt\/s.01k8rhncp4jt1\/2026\/03\/img_1500x1000uu2025-12-20-23-46-13-2255606.jpg","datePublished":"2026-03-29T01:47:19+00:00","author":{"@id":"https:\/\/portaltela.pt\/#\/schema\/person\/c4278d4a6028830caff9ee44b42d32ed"},"breadcrumb":{"@id":"https:\/\/portaltela.pt\/noticias\/2026\/03\/28\/nove-secretarios-de-estado-obrigados-a-declarar-lista-de-clientes\/#breadcrumb"},"inLanguage":"pt-PT","potentialAction":[{"@type":"ReadAction","target":["https:\/\/portaltela.pt\/noticias\/2026\/03\/28\/nove-secretarios-de-estado-obrigados-a-declarar-lista-de-clientes\/"]}]},{"@type":"ImageObject","inLanguage":"pt-PT","@id":"https:\/\/portaltela.pt\/noticias\/2026\/03\/28\/nove-secretarios-de-estado-obrigados-a-declarar-lista-de-clientes\/#primaryimage","url":"https:\/\/portaltela.pt\/s.01k8rhncp4jt1\/2026\/03\/img_1500x1000uu2025-12-20-23-46-13-2255606.jpg","contentUrl":"https:\/\/portaltela.pt\/s.01k8rhncp4jt1\/2026\/03\/img_1500x1000uu2025-12-20-23-46-13-2255606.jpg","width":796,"height":448,"caption":"Rui Armindo Freitas"},{"@type":"BreadcrumbList","@id":"https:\/\/portaltela.pt\/noticias\/2026\/03\/28\/nove-secretarios-de-estado-obrigados-a-declarar-lista-de-clientes\/#breadcrumb","itemListElement":[{"@type":"ListItem","position":1,"name":"In\u00edcio","item":"https:\/\/portaltela.pt\/"},{"@type":"ListItem","position":2,"name":"Nove secret\u00e1rios de Estado obrigados a declarar lista de clientes"}]},{"@type":"WebSite","@id":"https:\/\/portaltela.pt\/#website","url":"https:\/\/portaltela.pt\/","name":"Portal Tela Portugal","description":"","potentialAction":[{"@type":"SearchAction","target":{"@type":"EntryPoint","urlTemplate":"https:\/\/portaltela.pt\/?s={search_term_string}"},"query-input":{"@type":"PropertyValueSpecification","valueRequired":true,"valueName":"search_term_string"}}],"inLanguage":"pt-PT"},{"@type":"Person","@id":"https:\/\/portaltela.pt\/#\/schema\/person\/c4278d4a6028830caff9ee44b42d32ed","name":"Telinha","image":{"@type":"ImageObject","inLanguage":"pt-PT","@id":"https:\/\/portaltela.pt\/s.01k8rhncp4jt1\/2025\/11\/talking-bot-125x125.png","url":"https:\/\/portaltela.pt\/s.01k8rhncp4jt1\/2025\/11\/talking-bot-125x125.png","contentUrl":"https:\/\/portaltela.pt\/s.01k8rhncp4jt1\/2025\/11\/talking-bot-125x125.png","caption":"Telinha"},"sameAs":["https:\/\/portaltela.pt\/"],"url":"https:\/\/portaltela.pt\/por\/367410592786\/"}]}},"_links":{"self":[{"href":"https:\/\/portaltela.pt\/api\/wp\/v2\/posts\/425571","targetHints":{"allow":["GET"]}}],"collection":[{"href":"https:\/\/portaltela.pt\/api\/wp\/v2\/posts"}],"about":[{"href":"https:\/\/portaltela.pt\/api\/wp\/v2\/types\/post"}],"author":[{"embeddable":true,"href":"https:\/\/portaltela.pt\/api\/wp\/v2\/users\/2"}],"replies":[{"embeddable":true,"href":"https:\/\/portaltela.pt\/api\/wp\/v2\/comments?post=425571"}],"version-history":[{"count":0,"href":"https:\/\/portaltela.pt\/api\/wp\/v2\/posts\/425571\/revisions"}],"wp:featuredmedia":[{"embeddable":true,"href":"https:\/\/portaltela.pt\/api\/wp\/v2\/media\/425573"}],"wp:attachment":[{"href":"https:\/\/portaltela.pt\/api\/wp\/v2\/media?parent=425571"}],"wp:term":[{"taxonomy":"category","embeddable":true,"href":"https:\/\/portaltela.pt\/api\/wp\/v2\/categories?post=425571"},{"taxonomy":"post_tag","embeddable":true,"href":"https:\/\/portaltela.pt\/api\/wp\/v2\/tags?post=425571"}],"curies":[{"name":"wp","href":"https:\/\/api.w.org\/{rel}","templated":true}]}}