{"id":425559,"date":"2026-03-28T22:47:13","date_gmt":"2026-03-29T01:47:13","guid":{"rendered":"https:\/\/portaltela.pt\/noticias\/2026\/03\/28\/sarajevo-registra-mortes-de-civis-durante-fim-de-semana-prolongado\/"},"modified":"2026-03-28T22:47:13","modified_gmt":"2026-03-29T01:47:13","slug":"sarajevo-registra-mortes-de-civis-durante-fim-de-semana-prolongado","status":"publish","type":"post","link":"https:\/\/portaltela.pt\/guerra\/2026\/03\/28\/sarajevo-registra-mortes-de-civis-durante-fim-de-semana-prolongado\/","title":{"rendered":"Sarajevo registra mortes de civis durante fim de semana prolongado"},"content":{"rendered":"<p>A Procuradoria de Mil\u00e3o abriu uma investiga\u00e7\u00e3o sobre alegados casos de turismo de guerra ligados ao cerco de Sarajevo, que durou quatro anos. O foco \u00e9 a possibilidade de civis terem pago para atuar como snipers durante fins de semana prolongados. A imprensa descreve o fen\u00f3meno como uma forma de turismo extremo, ainda pouco investigado.<\/p>\n<p>Segundo informa\u00e7\u00f5es recebidas, italianos abonados participaram do epis\u00f3dio, bem como cidad\u00e3os de outros Estados, incluindo Inglaterra, Fran\u00e7a, Estados Unidos e Alemanha. O objetivo alegado seria observar ou experimentar a viol\u00eancia sem estar diretamente envolvido na luta.<\/p>\n<p>O jornalista e documentarista Andrew Drury, conhecido por reportar sobre conflitos, associa-se ao relato. Drury participou na pr\u00e1tica de \u201cwar games\u201d e afirma ter conhecimento de redes de facilitadores locais que, hoje, podem identificar pessoas que ainda hoje frequentam s\u00edtios onde se praticava este tipo de turismo.<\/p>\n<p>A an\u00e1lise de Drury surge numa altura em que a Netflix divulga a s\u00e9rie Dark Tourism, na qual o epis\u00f3dio em causa envolve o tema do turismo macabro. A produ\u00e7\u00e3o descreve as viagens de turistas que visitam zonas de conflito a t\u00edtulo de experi\u00eancia, sem ju\u00edzo de valor expl\u00edcito.<\/p>\n<p>Hist\u00f3rico do conflito de Sarajevo \u00e9 citado como contexto da investiga\u00e7\u00e3o, j\u00e1 que o cerco aconteceu entre 1992 e 1996. A Procuradoria de Mil\u00e3o indica que a investiga\u00e7\u00e3o visa reunir ind\u00edcios e identificar potenciais suspeitos ligados a estes fins de semana sangrentos.<\/p>\n","protected":false},"excerpt":{"rendered":"<ul>\n<li>A Procuradoria de Mil\u00e3o vai investigar ind\u00edcios e suspeitos num caso de turismo macabro relacionado ao cerco de Sarajevo, que durou quatro anos.<\/li>\n<li>Italiano(s) abastados, bem como ingleses, franceses, americanos e alem\u00e3es, teriam pago para ser snipers durante um fim de semana prolongado que come\u00e7ava numa sexta-feira.<\/li>\n<li>Andrew Drury, jornalista e documentarista que j\u00e1 se apresenta como \u201cdark tourist\u201d, participou no epis\u00f3dio quatro da s\u00e9rie da Netflix Dark Tourism.<\/li>\n<li>Drury diz que esteve na B\u00f3snia pouco depois dos factos reportados e que a pr\u00e1tica era amplamente discutida na altura, sugerindo que h\u00e1 pessoas hoje em s\u00edtios de conflito que continuam a fazer turismo de guerra.<\/li>\n<li>A not\u00edcia associa o caso \u00e0 t\u00eampera da s\u00e9rie televisiva, cuja sinopse explica viagens a ambientes de turismo macabro.<\/li>\n<\/ul>\n","protected":false},"author":2,"featured_media":425569,"comment_status":"closed","ping_status":"closed","sticky":false,"template":"","format":"standard","meta":{"footnotes":""},"categories":[6804],"tags":[2198,196,2921,169,5621,939],"class_list":["post-425559","post","type-post","status-publish","format-standard","has-post-thumbnail","hentry","category-guerra","tag-conflitos-internacionais","tag-documentarios","tag-netflix","tag-turismo","tag-turismo-internacional","tag-violencia"],"yoast_head":"<!-- This site is optimized with the Yoast SEO plugin v27.2 - https:\/\/yoast.com\/product\/yoast-seo-wordpress\/ -->\n<title>Sarajevo registra mortes de civis durante fim de semana prolongado - Portal Tela Portugal<\/title>\n<meta name=\"robots\" content=\"index, follow, max-snippet:-1, max-image-preview:large, max-video-preview:-1\" \/>\n<meta property=\"og:locale\" content=\"pt_PT\" \/>\n<meta property=\"og:type\" content=\"article\" \/>\n<meta property=\"og:title\" content=\"Sarajevo registra mortes de civis durante fim de semana prolongado - Portal Tela Portugal\" \/>\n<meta property=\"og:description\" content=\"A Procuradoria de Mil\u00e3o vai investigar ind\u00edcios e suspeitos num caso de turismo macabro relacionado ao cerco de Sarajevo, que durou quatro anos. Italiano(s) abastados, bem como ingleses, franceses, americanos e alem\u00e3es, teriam pago para ser snipers durante um fim de semana prolongado que come\u00e7ava numa sexta-feira. Andrew Drury, jornalista e documentarista que j\u00e1 se apresenta como \u201cdark tourist\u201d, participou no epis\u00f3dio quatro da s\u00e9rie da Netflix Dark Tourism. Drury diz que esteve na B\u00f3snia pouco depois dos factos reportados e que a pr\u00e1tica era amplamente discutida na altura, sugerindo que h\u00e1 pessoas hoje em s\u00edtios de conflito que continuam a fazer turismo de guerra. A not\u00edcia associa o caso \u00e0 t\u00eampera da s\u00e9rie televisiva, cuja sinopse explica viagens a ambientes de turismo macabro.\" \/>\n<meta property=\"og:url\" content=\"https:\/\/portaltela.pt\/noticias\/2026\/03\/28\/sarajevo-registra-mortes-de-civis-durante-fim-de-semana-prolongado\/\" \/>\n<meta property=\"og:site_name\" content=\"Portal Tela Portugal\" \/>\n<meta property=\"article:published_time\" content=\"2026-03-29T01:47:13+00:00\" \/>\n<meta name=\"author\" content=\"Telinha\" \/>\n<meta name=\"twitter:card\" content=\"summary_large_image\" \/>\n<meta name=\"twitter:label1\" content=\"Escrito por\" \/>\n\t<meta name=\"twitter:data1\" content=\"Telinha\" \/>\n\t<meta name=\"twitter:label2\" content=\"Tempo estimado de leitura\" \/>\n\t<meta name=\"twitter:data2\" content=\"1 minuto\" \/>\n<script type=\"application\/ld+json\" class=\"yoast-schema-graph\">{\"@context\":\"https:\/\/schema.org\",\"@graph\":[{\"@type\":\"Article\",\"@id\":\"https:\/\/portaltela.pt\/noticias\/2026\/03\/28\/sarajevo-registra-mortes-de-civis-durante-fim-de-semana-prolongado\/#article\",\"isPartOf\":{\"@id\":\"https:\/\/portaltela.pt\/noticias\/2026\/03\/28\/sarajevo-registra-mortes-de-civis-durante-fim-de-semana-prolongado\/\"},\"author\":{\"name\":\"Telinha\",\"@id\":\"https:\/\/portaltela.pt\/#\/schema\/person\/c4278d4a6028830caff9ee44b42d32ed\"},\"headline\":\"Sarajevo registra mortes de civis durante fim de semana prolongado\",\"datePublished\":\"2026-03-29T01:47:13+00:00\",\"mainEntityOfPage\":{\"@id\":\"https:\/\/portaltela.pt\/noticias\/2026\/03\/28\/sarajevo-registra-mortes-de-civis-durante-fim-de-semana-prolongado\/\"},\"wordCount\":258,\"image\":{\"@id\":\"https:\/\/portaltela.pt\/noticias\/2026\/03\/28\/sarajevo-registra-mortes-de-civis-durante-fim-de-semana-prolongado\/#primaryimage\"},\"thumbnailUrl\":\"https:\/\/portaltela.pt\/s.01k8rhncp4jt1\/2026\/03\/img_1280x721uu2026-03-28-19-43-31-2275325.jpg\",\"keywords\":[\"conflitos internacionais\",\"document\u00e1rios\",\"Netflix\",\"turismo\",\"turismo internacional\",\"viol\u00eancia\"],\"articleSection\":[\"Guerra\"],\"inLanguage\":\"pt-PT\"},{\"@type\":\"WebPage\",\"@id\":\"https:\/\/portaltela.pt\/noticias\/2026\/03\/28\/sarajevo-registra-mortes-de-civis-durante-fim-de-semana-prolongado\/\",\"url\":\"https:\/\/portaltela.pt\/noticias\/2026\/03\/28\/sarajevo-registra-mortes-de-civis-durante-fim-de-semana-prolongado\/\",\"name\":\"Sarajevo registra mortes de civis durante fim de semana prolongado - Portal Tela Portugal\",\"isPartOf\":{\"@id\":\"https:\/\/portaltela.pt\/#website\"},\"primaryImageOfPage\":{\"@id\":\"https:\/\/portaltela.pt\/noticias\/2026\/03\/28\/sarajevo-registra-mortes-de-civis-durante-fim-de-semana-prolongado\/#primaryimage\"},\"image\":{\"@id\":\"https:\/\/portaltela.pt\/noticias\/2026\/03\/28\/sarajevo-registra-mortes-de-civis-durante-fim-de-semana-prolongado\/#primaryimage\"},\"thumbnailUrl\":\"https:\/\/portaltela.pt\/s.01k8rhncp4jt1\/2026\/03\/img_1280x721uu2026-03-28-19-43-31-2275325.jpg\",\"datePublished\":\"2026-03-29T01:47:13+00:00\",\"author\":{\"@id\":\"https:\/\/portaltela.pt\/#\/schema\/person\/c4278d4a6028830caff9ee44b42d32ed\"},\"breadcrumb\":{\"@id\":\"https:\/\/portaltela.pt\/noticias\/2026\/03\/28\/sarajevo-registra-mortes-de-civis-durante-fim-de-semana-prolongado\/#breadcrumb\"},\"inLanguage\":\"pt-PT\",\"potentialAction\":[{\"@type\":\"ReadAction\",\"target\":[\"https:\/\/portaltela.pt\/noticias\/2026\/03\/28\/sarajevo-registra-mortes-de-civis-durante-fim-de-semana-prolongado\/\"]}]},{\"@type\":\"ImageObject\",\"inLanguage\":\"pt-PT\",\"@id\":\"https:\/\/portaltela.pt\/noticias\/2026\/03\/28\/sarajevo-registra-mortes-de-civis-durante-fim-de-semana-prolongado\/#primaryimage\",\"url\":\"https:\/\/portaltela.pt\/s.01k8rhncp4jt1\/2026\/03\/img_1280x721uu2026-03-28-19-43-31-2275325.jpg\",\"contentUrl\":\"https:\/\/portaltela.pt\/s.01k8rhncp4jt1\/2026\/03\/img_1280x721uu2026-03-28-19-43-31-2275325.jpg\",\"width\":796,\"height\":448,\"caption\":\"Na parede de um pr\u00e9dio de Sarajevo, a frase que define os quatro anos de cerco: \\\"Bem-vindos ao inferno\\\"\"},{\"@type\":\"BreadcrumbList\",\"@id\":\"https:\/\/portaltela.pt\/noticias\/2026\/03\/28\/sarajevo-registra-mortes-de-civis-durante-fim-de-semana-prolongado\/#breadcrumb\",\"itemListElement\":[{\"@type\":\"ListItem\",\"position\":1,\"name\":\"In\u00edcio\",\"item\":\"https:\/\/portaltela.pt\/\"},{\"@type\":\"ListItem\",\"position\":2,\"name\":\"Sarajevo registra mortes de civis durante fim de semana prolongado\"}]},{\"@type\":\"WebSite\",\"@id\":\"https:\/\/portaltela.pt\/#website\",\"url\":\"https:\/\/portaltela.pt\/\",\"name\":\"Portal Tela Portugal\",\"description\":\"\",\"potentialAction\":[{\"@type\":\"SearchAction\",\"target\":{\"@type\":\"EntryPoint\",\"urlTemplate\":\"https:\/\/portaltela.pt\/?s={search_term_string}\"},\"query-input\":{\"@type\":\"PropertyValueSpecification\",\"valueRequired\":true,\"valueName\":\"search_term_string\"}}],\"inLanguage\":\"pt-PT\"},{\"@type\":\"Person\",\"@id\":\"https:\/\/portaltela.pt\/#\/schema\/person\/c4278d4a6028830caff9ee44b42d32ed\",\"name\":\"Telinha\",\"image\":{\"@type\":\"ImageObject\",\"inLanguage\":\"pt-PT\",\"@id\":\"https:\/\/portaltela.pt\/s.01k8rhncp4jt1\/2025\/11\/talking-bot-125x125.png\",\"url\":\"https:\/\/portaltela.pt\/s.01k8rhncp4jt1\/2025\/11\/talking-bot-125x125.png\",\"contentUrl\":\"https:\/\/portaltela.pt\/s.01k8rhncp4jt1\/2025\/11\/talking-bot-125x125.png\",\"caption\":\"Telinha\"},\"sameAs\":[\"https:\/\/portaltela.pt\/\"],\"url\":\"https:\/\/portaltela.pt\/por\/367410592786\/\"}]}<\/script>\n<!-- \/ Yoast SEO plugin. -->","yoast_head_json":{"title":"Sarajevo registra mortes de civis durante fim de semana prolongado - Portal Tela Portugal","robots":{"index":"index","follow":"follow","max-snippet":"max-snippet:-1","max-image-preview":"max-image-preview:large","max-video-preview":"max-video-preview:-1"},"og_locale":"pt_PT","og_type":"article","og_title":"Sarajevo registra mortes de civis durante fim de semana prolongado - Portal Tela Portugal","og_description":"A Procuradoria de Mil\u00e3o vai investigar ind\u00edcios e suspeitos num caso de turismo macabro relacionado ao cerco de Sarajevo, que durou quatro anos. Italiano(s) abastados, bem como ingleses, franceses, americanos e alem\u00e3es, teriam pago para ser snipers durante um fim de semana prolongado que come\u00e7ava numa sexta-feira. Andrew Drury, jornalista e documentarista que j\u00e1 se apresenta como \u201cdark tourist\u201d, participou no epis\u00f3dio quatro da s\u00e9rie da Netflix Dark Tourism. Drury diz que esteve na B\u00f3snia pouco depois dos factos reportados e que a pr\u00e1tica era amplamente discutida na altura, sugerindo que h\u00e1 pessoas hoje em s\u00edtios de conflito que continuam a fazer turismo de guerra. A not\u00edcia associa o caso \u00e0 t\u00eampera da s\u00e9rie televisiva, cuja sinopse explica viagens a ambientes de turismo macabro.","og_url":"https:\/\/portaltela.pt\/noticias\/2026\/03\/28\/sarajevo-registra-mortes-de-civis-durante-fim-de-semana-prolongado\/","og_site_name":"Portal Tela Portugal","article_published_time":"2026-03-29T01:47:13+00:00","author":"Telinha","twitter_card":"summary_large_image","twitter_misc":{"Escrito por":"Telinha","Tempo estimado de leitura":"1 minuto"},"schema":{"@context":"https:\/\/schema.org","@graph":[{"@type":"Article","@id":"https:\/\/portaltela.pt\/noticias\/2026\/03\/28\/sarajevo-registra-mortes-de-civis-durante-fim-de-semana-prolongado\/#article","isPartOf":{"@id":"https:\/\/portaltela.pt\/noticias\/2026\/03\/28\/sarajevo-registra-mortes-de-civis-durante-fim-de-semana-prolongado\/"},"author":{"name":"Telinha","@id":"https:\/\/portaltela.pt\/#\/schema\/person\/c4278d4a6028830caff9ee44b42d32ed"},"headline":"Sarajevo registra mortes de civis durante fim de semana prolongado","datePublished":"2026-03-29T01:47:13+00:00","mainEntityOfPage":{"@id":"https:\/\/portaltela.pt\/noticias\/2026\/03\/28\/sarajevo-registra-mortes-de-civis-durante-fim-de-semana-prolongado\/"},"wordCount":258,"image":{"@id":"https:\/\/portaltela.pt\/noticias\/2026\/03\/28\/sarajevo-registra-mortes-de-civis-durante-fim-de-semana-prolongado\/#primaryimage"},"thumbnailUrl":"https:\/\/portaltela.pt\/s.01k8rhncp4jt1\/2026\/03\/img_1280x721uu2026-03-28-19-43-31-2275325.jpg","keywords":["conflitos internacionais","document\u00e1rios","Netflix","turismo","turismo internacional","viol\u00eancia"],"articleSection":["Guerra"],"inLanguage":"pt-PT"},{"@type":"WebPage","@id":"https:\/\/portaltela.pt\/noticias\/2026\/03\/28\/sarajevo-registra-mortes-de-civis-durante-fim-de-semana-prolongado\/","url":"https:\/\/portaltela.pt\/noticias\/2026\/03\/28\/sarajevo-registra-mortes-de-civis-durante-fim-de-semana-prolongado\/","name":"Sarajevo registra mortes de civis durante fim de semana prolongado - Portal Tela Portugal","isPartOf":{"@id":"https:\/\/portaltela.pt\/#website"},"primaryImageOfPage":{"@id":"https:\/\/portaltela.pt\/noticias\/2026\/03\/28\/sarajevo-registra-mortes-de-civis-durante-fim-de-semana-prolongado\/#primaryimage"},"image":{"@id":"https:\/\/portaltela.pt\/noticias\/2026\/03\/28\/sarajevo-registra-mortes-de-civis-durante-fim-de-semana-prolongado\/#primaryimage"},"thumbnailUrl":"https:\/\/portaltela.pt\/s.01k8rhncp4jt1\/2026\/03\/img_1280x721uu2026-03-28-19-43-31-2275325.jpg","datePublished":"2026-03-29T01:47:13+00:00","author":{"@id":"https:\/\/portaltela.pt\/#\/schema\/person\/c4278d4a6028830caff9ee44b42d32ed"},"breadcrumb":{"@id":"https:\/\/portaltela.pt\/noticias\/2026\/03\/28\/sarajevo-registra-mortes-de-civis-durante-fim-de-semana-prolongado\/#breadcrumb"},"inLanguage":"pt-PT","potentialAction":[{"@type":"ReadAction","target":["https:\/\/portaltela.pt\/noticias\/2026\/03\/28\/sarajevo-registra-mortes-de-civis-durante-fim-de-semana-prolongado\/"]}]},{"@type":"ImageObject","inLanguage":"pt-PT","@id":"https:\/\/portaltela.pt\/noticias\/2026\/03\/28\/sarajevo-registra-mortes-de-civis-durante-fim-de-semana-prolongado\/#primaryimage","url":"https:\/\/portaltela.pt\/s.01k8rhncp4jt1\/2026\/03\/img_1280x721uu2026-03-28-19-43-31-2275325.jpg","contentUrl":"https:\/\/portaltela.pt\/s.01k8rhncp4jt1\/2026\/03\/img_1280x721uu2026-03-28-19-43-31-2275325.jpg","width":796,"height":448,"caption":"Na parede de um pr\u00e9dio de Sarajevo, a frase que define os quatro anos de cerco: \"Bem-vindos ao inferno\""},{"@type":"BreadcrumbList","@id":"https:\/\/portaltela.pt\/noticias\/2026\/03\/28\/sarajevo-registra-mortes-de-civis-durante-fim-de-semana-prolongado\/#breadcrumb","itemListElement":[{"@type":"ListItem","position":1,"name":"In\u00edcio","item":"https:\/\/portaltela.pt\/"},{"@type":"ListItem","position":2,"name":"Sarajevo registra mortes de civis durante fim de semana prolongado"}]},{"@type":"WebSite","@id":"https:\/\/portaltela.pt\/#website","url":"https:\/\/portaltela.pt\/","name":"Portal Tela Portugal","description":"","potentialAction":[{"@type":"SearchAction","target":{"@type":"EntryPoint","urlTemplate":"https:\/\/portaltela.pt\/?s={search_term_string}"},"query-input":{"@type":"PropertyValueSpecification","valueRequired":true,"valueName":"search_term_string"}}],"inLanguage":"pt-PT"},{"@type":"Person","@id":"https:\/\/portaltela.pt\/#\/schema\/person\/c4278d4a6028830caff9ee44b42d32ed","name":"Telinha","image":{"@type":"ImageObject","inLanguage":"pt-PT","@id":"https:\/\/portaltela.pt\/s.01k8rhncp4jt1\/2025\/11\/talking-bot-125x125.png","url":"https:\/\/portaltela.pt\/s.01k8rhncp4jt1\/2025\/11\/talking-bot-125x125.png","contentUrl":"https:\/\/portaltela.pt\/s.01k8rhncp4jt1\/2025\/11\/talking-bot-125x125.png","caption":"Telinha"},"sameAs":["https:\/\/portaltela.pt\/"],"url":"https:\/\/portaltela.pt\/por\/367410592786\/"}]}},"_links":{"self":[{"href":"https:\/\/portaltela.pt\/api\/wp\/v2\/posts\/425559","targetHints":{"allow":["GET"]}}],"collection":[{"href":"https:\/\/portaltela.pt\/api\/wp\/v2\/posts"}],"about":[{"href":"https:\/\/portaltela.pt\/api\/wp\/v2\/types\/post"}],"author":[{"embeddable":true,"href":"https:\/\/portaltela.pt\/api\/wp\/v2\/users\/2"}],"replies":[{"embeddable":true,"href":"https:\/\/portaltela.pt\/api\/wp\/v2\/comments?post=425559"}],"version-history":[{"count":0,"href":"https:\/\/portaltela.pt\/api\/wp\/v2\/posts\/425559\/revisions"}],"wp:featuredmedia":[{"embeddable":true,"href":"https:\/\/portaltela.pt\/api\/wp\/v2\/media\/425569"}],"wp:attachment":[{"href":"https:\/\/portaltela.pt\/api\/wp\/v2\/media?parent=425559"}],"wp:term":[{"taxonomy":"category","embeddable":true,"href":"https:\/\/portaltela.pt\/api\/wp\/v2\/categories?post=425559"},{"taxonomy":"post_tag","embeddable":true,"href":"https:\/\/portaltela.pt\/api\/wp\/v2\/tags?post=425559"}],"curies":[{"name":"wp","href":"https:\/\/api.w.org\/{rel}","templated":true}]}}