{"id":425557,"date":"2026-03-28T22:47:13","date_gmt":"2026-03-29T01:47:13","guid":{"rendered":"https:\/\/portaltela.pt\/noticias\/2026\/03\/28\/presidente-dos-eua-volta-a-provocar-sobre-estreito-de-hormuz-e-irao\/"},"modified":"2026-03-28T22:47:13","modified_gmt":"2026-03-29T01:47:13","slug":"presidente-dos-eua-volta-a-provocar-sobre-estreito-de-hormuz-e-irao","status":"publish","type":"post","link":"https:\/\/portaltela.pt\/noticias\/internacional\/2026\/03\/28\/presidente-dos-eua-volta-a-provocar-sobre-estreito-de-hormuz-e-irao\/","title":{"rendered":"Presidente dos EUA volta a provocar sobre Estreito de Hormuz e Ir\u00e3o"},"content":{"rendered":"<p>Donald Trump voltou a usar o humor no palco de uma confer\u00eancia em Miami, organizada pelo fundo soberano da Ar\u00e1bia Saudita. O tema central foi o Estreito de Ormuz, que o presidente chamou de Estreito de Trump numa brincadeira que gerou risos entre o p\u00fablico.<\/p>\n<p>Logo de seguida, Trump corrigiu-se quase de imediato, negando que haja \u201cacidentes\u201d nas suas palavras. Pediu desculpas de forma ir\u00f3nica, sublinhando que n\u00e3o h\u00e1 erros sem inten\u00e7\u00e3o.<\/p>\n<p>Na interven\u00e7\u00e3o, o Presidente descreveu um cen\u00e1rio de avan\u00e7o militar no M\u00e9dio Oriente, afirmando que os objetivos v\u00e3o a bom ritmo e que a lideran\u00e7a iraniana est\u00e1 \u201cdizimada\u201d. Acrescentou que ainda faltam milhares de alvos, mas que a opera\u00e7\u00e3o poder\u00e1 terminar rapidamente.<\/p>\n<p>Paralelamente, Trump disse que as negocia\u00e7\u00f5es diplom\u00e1ticas est\u00e3o em evolu\u00e7\u00e3o e que o Ir\u00e3o ter\u00e1 \u201cimplorado\u201d por di\u00e1logo, segundo a sua leitura dos acontecimentos. N\u00e3o forneceu detalhes adicionais sobre prazos ou m\u00e9todos.<\/p>\n<p>O chefe de estado comentou tamb\u00e9m a lideran\u00e7a iraniana, sugerindo que Mojtaba Khamenei poder\u00e1 estar morto ou incapacitado, acrescentando que ningu\u00e9m quer liderar aquele pa\u00eds. Este coment\u00e1rio n\u00e3o foi corroborado por fontes independentes.<\/p>\n<h3>Reaproxima\u00e7\u00e3o com aliados \u00e1rabes<\/h3>\n<p>O discurso revelou um afastamento dos aliados europeus, com elogios expl\u00edcitos aos pa\u00edses \u00e1rabes. Trump agradeceu \u00e0 Ar\u00e1bia Saudita pelo apoio, em contraste com cr\u00edticas \u00e0 NATO, afirmando que o reino os ajudou muito.<\/p>\n","protected":false},"excerpt":{"rendered":"<ul>\n<li>Donald Trump zombou ao referir-se ao Estreito de Ormuz como \u201cestreito de Trump\u201d numa confer\u00eancia em Miami organizada pelo fundo soberano da Ar\u00e1bia Saudita.<\/li>\n<li>Corrigiu-se a seguir, dizendo que n\u00e3o comete \u201cacidentes\u201d e que as fake news ir\u00e3o dizer que ele disse sem querer.<\/li>\n<li>Afirmou que h\u00e1 um avan\u00e7o militar no M\u00e9dio Oriente, com objetivos a cumprir \u201ca bom ritmo\u201d e a lideran\u00e7a iraniana considerada \u201cdizimada\u201d; ainda faltam milhares de alvos, mas a opera\u00e7\u00e3o deve terminar rapidamente.<\/li>\n<li>Sugeriu que negocia\u00e7\u00f5es diplom\u00e1ticas est\u00e3o a evoluir, afirmando que o Ir\u00e3o ter\u00e1 \u201cimplorado\u201d por di\u00e1logo; comentou ainda que Mojtaba Khamenei poder\u00e1 estar morto ou incapacitado.<\/li>\n<li>Afirmou um afastamento dos aliados europeus, elogiando os pa\u00edses \u00e1rabes e agradecendo \u00e0 Ar\u00e1bia Saudita, em contraste com cr\u00edticas \u00e0 NATO.<\/li>\n<\/ul>\n","protected":false},"author":2,"featured_media":425565,"comment_status":"closed","ping_status":"closed","sticky":false,"template":"","format":"standard","meta":{"footnotes":""},"categories":[6814,4],"tags":[6335,3496,6703,62,3153,5698],"class_list":["post-425557","post","type-post","status-publish","format-standard","has-post-thumbnail","hentry","category-geopolitica","category-internacional","tag-a-arabia","tag-aliancas-internacionais","tag-diplomacia-internacional","tag-guerra","tag-ira","tag-politica-internacional"],"yoast_head":"<!-- This site is optimized with the Yoast SEO plugin v27.2 - https:\/\/yoast.com\/product\/yoast-seo-wordpress\/ -->\n<title>Presidente dos EUA volta a provocar sobre Estreito de Hormuz e Ir\u00e3o - Portal Tela Portugal<\/title>\n<meta name=\"robots\" content=\"index, follow, max-snippet:-1, max-image-preview:large, max-video-preview:-1\" \/>\n<meta property=\"og:locale\" content=\"pt_PT\" \/>\n<meta property=\"og:type\" content=\"article\" \/>\n<meta property=\"og:title\" content=\"Presidente dos EUA volta a provocar sobre Estreito de Hormuz e Ir\u00e3o - Portal Tela Portugal\" \/>\n<meta property=\"og:description\" content=\"Donald Trump zombou ao referir-se ao Estreito de Ormuz como \u201cestreito de Trump\u201d numa confer\u00eancia em Miami organizada pelo fundo soberano da Ar\u00e1bia Saudita. Corrigiu-se a seguir, dizendo que n\u00e3o comete \u201cacidentes\u201d e que as fake news ir\u00e3o dizer que ele disse sem querer. Afirmou que h\u00e1 um avan\u00e7o militar no M\u00e9dio Oriente, com objetivos a cumprir \u201ca bom ritmo\u201d e a lideran\u00e7a iraniana considerada \u201cdizimada\u201d; ainda faltam milhares de alvos, mas a opera\u00e7\u00e3o deve terminar rapidamente. Sugeriu que negocia\u00e7\u00f5es diplom\u00e1ticas est\u00e3o a evoluir, afirmando que o Ir\u00e3o ter\u00e1 \u201cimplorado\u201d por di\u00e1logo; comentou ainda que Mojtaba Khamenei poder\u00e1 estar morto ou incapacitado. Afirmou um afastamento dos aliados europeus, elogiando os pa\u00edses \u00e1rabes e agradecendo \u00e0 Ar\u00e1bia Saudita, em contraste com cr\u00edticas \u00e0 NATO.\" \/>\n<meta property=\"og:url\" content=\"https:\/\/portaltela.pt\/noticias\/2026\/03\/28\/presidente-dos-eua-volta-a-provocar-sobre-estreito-de-hormuz-e-irao\/\" \/>\n<meta property=\"og:site_name\" content=\"Portal Tela Portugal\" \/>\n<meta property=\"article:published_time\" content=\"2026-03-29T01:47:13+00:00\" \/>\n<meta name=\"author\" content=\"Telinha\" \/>\n<meta name=\"twitter:card\" content=\"summary_large_image\" \/>\n<meta name=\"twitter:label1\" content=\"Escrito por\" \/>\n\t<meta name=\"twitter:data1\" content=\"Telinha\" \/>\n\t<meta name=\"twitter:label2\" content=\"Tempo estimado de leitura\" \/>\n\t<meta name=\"twitter:data2\" content=\"1 minuto\" \/>\n<script type=\"application\/ld+json\" class=\"yoast-schema-graph\">{\"@context\":\"https:\/\/schema.org\",\"@graph\":[{\"@type\":\"Article\",\"@id\":\"https:\/\/portaltela.pt\/noticias\/2026\/03\/28\/presidente-dos-eua-volta-a-provocar-sobre-estreito-de-hormuz-e-irao\/#article\",\"isPartOf\":{\"@id\":\"https:\/\/portaltela.pt\/noticias\/2026\/03\/28\/presidente-dos-eua-volta-a-provocar-sobre-estreito-de-hormuz-e-irao\/\"},\"author\":{\"name\":\"Telinha\",\"@id\":\"https:\/\/portaltela.pt\/#\/schema\/person\/c4278d4a6028830caff9ee44b42d32ed\"},\"headline\":\"Presidente dos EUA volta a provocar sobre Estreito de Hormuz e Ir\u00e3o\",\"datePublished\":\"2026-03-29T01:47:13+00:00\",\"mainEntityOfPage\":{\"@id\":\"https:\/\/portaltela.pt\/noticias\/2026\/03\/28\/presidente-dos-eua-volta-a-provocar-sobre-estreito-de-hormuz-e-irao\/\"},\"wordCount\":260,\"image\":{\"@id\":\"https:\/\/portaltela.pt\/noticias\/2026\/03\/28\/presidente-dos-eua-volta-a-provocar-sobre-estreito-de-hormuz-e-irao\/#primaryimage\"},\"thumbnailUrl\":\"https:\/\/portaltela.pt\/s.01k8rhncp4jt1\/2026\/03\/img_1280x721uu2026-03-28-13-23-36-2275248.jpg\",\"keywords\":[\"a ar\u00e1bia\",\"alian\u00e7as internacionais\",\"diplomacia internacional\",\"guerra\",\"Ir\u00e3\",\"pol\u00edtica internacional\"],\"articleSection\":[\"Geopol\u00edtica\",\"Internacional\"],\"inLanguage\":\"pt-PT\"},{\"@type\":\"WebPage\",\"@id\":\"https:\/\/portaltela.pt\/noticias\/2026\/03\/28\/presidente-dos-eua-volta-a-provocar-sobre-estreito-de-hormuz-e-irao\/\",\"url\":\"https:\/\/portaltela.pt\/noticias\/2026\/03\/28\/presidente-dos-eua-volta-a-provocar-sobre-estreito-de-hormuz-e-irao\/\",\"name\":\"Presidente dos EUA volta a provocar sobre Estreito de Hormuz e Ir\u00e3o - Portal Tela Portugal\",\"isPartOf\":{\"@id\":\"https:\/\/portaltela.pt\/#website\"},\"primaryImageOfPage\":{\"@id\":\"https:\/\/portaltela.pt\/noticias\/2026\/03\/28\/presidente-dos-eua-volta-a-provocar-sobre-estreito-de-hormuz-e-irao\/#primaryimage\"},\"image\":{\"@id\":\"https:\/\/portaltela.pt\/noticias\/2026\/03\/28\/presidente-dos-eua-volta-a-provocar-sobre-estreito-de-hormuz-e-irao\/#primaryimage\"},\"thumbnailUrl\":\"https:\/\/portaltela.pt\/s.01k8rhncp4jt1\/2026\/03\/img_1280x721uu2026-03-28-13-23-36-2275248.jpg\",\"datePublished\":\"2026-03-29T01:47:13+00:00\",\"author\":{\"@id\":\"https:\/\/portaltela.pt\/#\/schema\/person\/c4278d4a6028830caff9ee44b42d32ed\"},\"breadcrumb\":{\"@id\":\"https:\/\/portaltela.pt\/noticias\/2026\/03\/28\/presidente-dos-eua-volta-a-provocar-sobre-estreito-de-hormuz-e-irao\/#breadcrumb\"},\"inLanguage\":\"pt-PT\",\"potentialAction\":[{\"@type\":\"ReadAction\",\"target\":[\"https:\/\/portaltela.pt\/noticias\/2026\/03\/28\/presidente-dos-eua-volta-a-provocar-sobre-estreito-de-hormuz-e-irao\/\"]}]},{\"@type\":\"ImageObject\",\"inLanguage\":\"pt-PT\",\"@id\":\"https:\/\/portaltela.pt\/noticias\/2026\/03\/28\/presidente-dos-eua-volta-a-provocar-sobre-estreito-de-hormuz-e-irao\/#primaryimage\",\"url\":\"https:\/\/portaltela.pt\/s.01k8rhncp4jt1\/2026\/03\/img_1280x721uu2026-03-28-13-23-36-2275248.jpg\",\"contentUrl\":\"https:\/\/portaltela.pt\/s.01k8rhncp4jt1\/2026\/03\/img_1280x721uu2026-03-28-13-23-36-2275248.jpg\",\"width\":796,\"height\":448,\"caption\":\"Photo\"},{\"@type\":\"BreadcrumbList\",\"@id\":\"https:\/\/portaltela.pt\/noticias\/2026\/03\/28\/presidente-dos-eua-volta-a-provocar-sobre-estreito-de-hormuz-e-irao\/#breadcrumb\",\"itemListElement\":[{\"@type\":\"ListItem\",\"position\":1,\"name\":\"In\u00edcio\",\"item\":\"https:\/\/portaltela.pt\/\"},{\"@type\":\"ListItem\",\"position\":2,\"name\":\"Presidente dos EUA volta a provocar sobre Estreito de Hormuz e Ir\u00e3o\"}]},{\"@type\":\"WebSite\",\"@id\":\"https:\/\/portaltela.pt\/#website\",\"url\":\"https:\/\/portaltela.pt\/\",\"name\":\"Portal Tela Portugal\",\"description\":\"\",\"potentialAction\":[{\"@type\":\"SearchAction\",\"target\":{\"@type\":\"EntryPoint\",\"urlTemplate\":\"https:\/\/portaltela.pt\/?s={search_term_string}\"},\"query-input\":{\"@type\":\"PropertyValueSpecification\",\"valueRequired\":true,\"valueName\":\"search_term_string\"}}],\"inLanguage\":\"pt-PT\"},{\"@type\":\"Person\",\"@id\":\"https:\/\/portaltela.pt\/#\/schema\/person\/c4278d4a6028830caff9ee44b42d32ed\",\"name\":\"Telinha\",\"image\":{\"@type\":\"ImageObject\",\"inLanguage\":\"pt-PT\",\"@id\":\"https:\/\/portaltela.pt\/s.01k8rhncp4jt1\/2025\/11\/talking-bot-125x125.png\",\"url\":\"https:\/\/portaltela.pt\/s.01k8rhncp4jt1\/2025\/11\/talking-bot-125x125.png\",\"contentUrl\":\"https:\/\/portaltela.pt\/s.01k8rhncp4jt1\/2025\/11\/talking-bot-125x125.png\",\"caption\":\"Telinha\"},\"sameAs\":[\"https:\/\/portaltela.pt\/\"],\"url\":\"https:\/\/portaltela.pt\/por\/367410592786\/\"}]}<\/script>\n<!-- \/ Yoast SEO plugin. -->","yoast_head_json":{"title":"Presidente dos EUA volta a provocar sobre Estreito de Hormuz e Ir\u00e3o - Portal Tela Portugal","robots":{"index":"index","follow":"follow","max-snippet":"max-snippet:-1","max-image-preview":"max-image-preview:large","max-video-preview":"max-video-preview:-1"},"og_locale":"pt_PT","og_type":"article","og_title":"Presidente dos EUA volta a provocar sobre Estreito de Hormuz e Ir\u00e3o - Portal Tela Portugal","og_description":"Donald Trump zombou ao referir-se ao Estreito de Ormuz como \u201cestreito de Trump\u201d numa confer\u00eancia em Miami organizada pelo fundo soberano da Ar\u00e1bia Saudita. Corrigiu-se a seguir, dizendo que n\u00e3o comete \u201cacidentes\u201d e que as fake news ir\u00e3o dizer que ele disse sem querer. Afirmou que h\u00e1 um avan\u00e7o militar no M\u00e9dio Oriente, com objetivos a cumprir \u201ca bom ritmo\u201d e a lideran\u00e7a iraniana considerada \u201cdizimada\u201d; ainda faltam milhares de alvos, mas a opera\u00e7\u00e3o deve terminar rapidamente. Sugeriu que negocia\u00e7\u00f5es diplom\u00e1ticas est\u00e3o a evoluir, afirmando que o Ir\u00e3o ter\u00e1 \u201cimplorado\u201d por di\u00e1logo; comentou ainda que Mojtaba Khamenei poder\u00e1 estar morto ou incapacitado. Afirmou um afastamento dos aliados europeus, elogiando os pa\u00edses \u00e1rabes e agradecendo \u00e0 Ar\u00e1bia Saudita, em contraste com cr\u00edticas \u00e0 NATO.","og_url":"https:\/\/portaltela.pt\/noticias\/2026\/03\/28\/presidente-dos-eua-volta-a-provocar-sobre-estreito-de-hormuz-e-irao\/","og_site_name":"Portal Tela Portugal","article_published_time":"2026-03-29T01:47:13+00:00","author":"Telinha","twitter_card":"summary_large_image","twitter_misc":{"Escrito por":"Telinha","Tempo estimado de leitura":"1 minuto"},"schema":{"@context":"https:\/\/schema.org","@graph":[{"@type":"Article","@id":"https:\/\/portaltela.pt\/noticias\/2026\/03\/28\/presidente-dos-eua-volta-a-provocar-sobre-estreito-de-hormuz-e-irao\/#article","isPartOf":{"@id":"https:\/\/portaltela.pt\/noticias\/2026\/03\/28\/presidente-dos-eua-volta-a-provocar-sobre-estreito-de-hormuz-e-irao\/"},"author":{"name":"Telinha","@id":"https:\/\/portaltela.pt\/#\/schema\/person\/c4278d4a6028830caff9ee44b42d32ed"},"headline":"Presidente dos EUA volta a provocar sobre Estreito de Hormuz e Ir\u00e3o","datePublished":"2026-03-29T01:47:13+00:00","mainEntityOfPage":{"@id":"https:\/\/portaltela.pt\/noticias\/2026\/03\/28\/presidente-dos-eua-volta-a-provocar-sobre-estreito-de-hormuz-e-irao\/"},"wordCount":260,"image":{"@id":"https:\/\/portaltela.pt\/noticias\/2026\/03\/28\/presidente-dos-eua-volta-a-provocar-sobre-estreito-de-hormuz-e-irao\/#primaryimage"},"thumbnailUrl":"https:\/\/portaltela.pt\/s.01k8rhncp4jt1\/2026\/03\/img_1280x721uu2026-03-28-13-23-36-2275248.jpg","keywords":["a ar\u00e1bia","alian\u00e7as internacionais","diplomacia internacional","guerra","Ir\u00e3","pol\u00edtica internacional"],"articleSection":["Geopol\u00edtica","Internacional"],"inLanguage":"pt-PT"},{"@type":"WebPage","@id":"https:\/\/portaltela.pt\/noticias\/2026\/03\/28\/presidente-dos-eua-volta-a-provocar-sobre-estreito-de-hormuz-e-irao\/","url":"https:\/\/portaltela.pt\/noticias\/2026\/03\/28\/presidente-dos-eua-volta-a-provocar-sobre-estreito-de-hormuz-e-irao\/","name":"Presidente dos EUA volta a provocar sobre Estreito de Hormuz e Ir\u00e3o - Portal Tela Portugal","isPartOf":{"@id":"https:\/\/portaltela.pt\/#website"},"primaryImageOfPage":{"@id":"https:\/\/portaltela.pt\/noticias\/2026\/03\/28\/presidente-dos-eua-volta-a-provocar-sobre-estreito-de-hormuz-e-irao\/#primaryimage"},"image":{"@id":"https:\/\/portaltela.pt\/noticias\/2026\/03\/28\/presidente-dos-eua-volta-a-provocar-sobre-estreito-de-hormuz-e-irao\/#primaryimage"},"thumbnailUrl":"https:\/\/portaltela.pt\/s.01k8rhncp4jt1\/2026\/03\/img_1280x721uu2026-03-28-13-23-36-2275248.jpg","datePublished":"2026-03-29T01:47:13+00:00","author":{"@id":"https:\/\/portaltela.pt\/#\/schema\/person\/c4278d4a6028830caff9ee44b42d32ed"},"breadcrumb":{"@id":"https:\/\/portaltela.pt\/noticias\/2026\/03\/28\/presidente-dos-eua-volta-a-provocar-sobre-estreito-de-hormuz-e-irao\/#breadcrumb"},"inLanguage":"pt-PT","potentialAction":[{"@type":"ReadAction","target":["https:\/\/portaltela.pt\/noticias\/2026\/03\/28\/presidente-dos-eua-volta-a-provocar-sobre-estreito-de-hormuz-e-irao\/"]}]},{"@type":"ImageObject","inLanguage":"pt-PT","@id":"https:\/\/portaltela.pt\/noticias\/2026\/03\/28\/presidente-dos-eua-volta-a-provocar-sobre-estreito-de-hormuz-e-irao\/#primaryimage","url":"https:\/\/portaltela.pt\/s.01k8rhncp4jt1\/2026\/03\/img_1280x721uu2026-03-28-13-23-36-2275248.jpg","contentUrl":"https:\/\/portaltela.pt\/s.01k8rhncp4jt1\/2026\/03\/img_1280x721uu2026-03-28-13-23-36-2275248.jpg","width":796,"height":448,"caption":"Photo"},{"@type":"BreadcrumbList","@id":"https:\/\/portaltela.pt\/noticias\/2026\/03\/28\/presidente-dos-eua-volta-a-provocar-sobre-estreito-de-hormuz-e-irao\/#breadcrumb","itemListElement":[{"@type":"ListItem","position":1,"name":"In\u00edcio","item":"https:\/\/portaltela.pt\/"},{"@type":"ListItem","position":2,"name":"Presidente dos EUA volta a provocar sobre Estreito de Hormuz e Ir\u00e3o"}]},{"@type":"WebSite","@id":"https:\/\/portaltela.pt\/#website","url":"https:\/\/portaltela.pt\/","name":"Portal Tela Portugal","description":"","potentialAction":[{"@type":"SearchAction","target":{"@type":"EntryPoint","urlTemplate":"https:\/\/portaltela.pt\/?s={search_term_string}"},"query-input":{"@type":"PropertyValueSpecification","valueRequired":true,"valueName":"search_term_string"}}],"inLanguage":"pt-PT"},{"@type":"Person","@id":"https:\/\/portaltela.pt\/#\/schema\/person\/c4278d4a6028830caff9ee44b42d32ed","name":"Telinha","image":{"@type":"ImageObject","inLanguage":"pt-PT","@id":"https:\/\/portaltela.pt\/s.01k8rhncp4jt1\/2025\/11\/talking-bot-125x125.png","url":"https:\/\/portaltela.pt\/s.01k8rhncp4jt1\/2025\/11\/talking-bot-125x125.png","contentUrl":"https:\/\/portaltela.pt\/s.01k8rhncp4jt1\/2025\/11\/talking-bot-125x125.png","caption":"Telinha"},"sameAs":["https:\/\/portaltela.pt\/"],"url":"https:\/\/portaltela.pt\/por\/367410592786\/"}]}},"_links":{"self":[{"href":"https:\/\/portaltela.pt\/api\/wp\/v2\/posts\/425557","targetHints":{"allow":["GET"]}}],"collection":[{"href":"https:\/\/portaltela.pt\/api\/wp\/v2\/posts"}],"about":[{"href":"https:\/\/portaltela.pt\/api\/wp\/v2\/types\/post"}],"author":[{"embeddable":true,"href":"https:\/\/portaltela.pt\/api\/wp\/v2\/users\/2"}],"replies":[{"embeddable":true,"href":"https:\/\/portaltela.pt\/api\/wp\/v2\/comments?post=425557"}],"version-history":[{"count":0,"href":"https:\/\/portaltela.pt\/api\/wp\/v2\/posts\/425557\/revisions"}],"wp:featuredmedia":[{"embeddable":true,"href":"https:\/\/portaltela.pt\/api\/wp\/v2\/media\/425565"}],"wp:attachment":[{"href":"https:\/\/portaltela.pt\/api\/wp\/v2\/media?parent=425557"}],"wp:term":[{"taxonomy":"category","embeddable":true,"href":"https:\/\/portaltela.pt\/api\/wp\/v2\/categories?post=425557"},{"taxonomy":"post_tag","embeddable":true,"href":"https:\/\/portaltela.pt\/api\/wp\/v2\/tags?post=425557"}],"curies":[{"name":"wp","href":"https:\/\/api.w.org\/{rel}","templated":true}]}}