{"id":425555,"date":"2026-03-28T22:47:12","date_gmt":"2026-03-29T01:47:12","guid":{"rendered":"https:\/\/portaltela.pt\/noticias\/2026\/03\/28\/peixoto-compoe-livro-a-partir-de-relatos-de-pacientes-do-ipo-do-porto\/"},"modified":"2026-03-28T22:47:12","modified_gmt":"2026-03-29T01:47:12","slug":"peixoto-compoe-livro-a-partir-de-relatos-de-pacientes-do-ipo-do-porto","status":"publish","type":"post","link":"https:\/\/portaltela.pt\/lazer\/2026\/03\/28\/peixoto-compoe-livro-a-partir-de-relatos-de-pacientes-do-ipo-do-porto\/","title":{"rendered":"Peixoto comp\u00f5e livro a partir de relatos de pacientes do IPO do Porto"},"content":{"rendered":"<p>Jos\u00e9 Lu\u00eds Peixoto revela que o seu livro mais pessoal nasceu de relatos de pacientes do IPO do Porto. A ideia inicial surgiu em 2019, quando dois cl\u00ednicos o desafiaram a reproduzir a hist\u00f3ria de algu\u00e9m da institui\u00e7\u00e3o.<\/p>\n<p>O projeto, inicialmente, ficou por cumprir. Contudo, o escritor decidiu avan\u00e7ar sozinho dois anos depois, mantendo contacto com o hospital oncol\u00f3gico para ouvir novas vozes. Foi esse material que alimentou A Montanha.<\/p>\n<p>Durante dois anos, Peixoto percorreu o IPO do Porto para recolher experi\u00eancias, que depois transformou em narrativa po\u00e9tica e com toques de surrealismo, centrada na doen\u00e7a oncol\u00f3gica.<\/p>\n<p>O resultado \u00e9 o romance A Montanha, publicado pela editora Quetzal. O livro apresenta uma reflex\u00e3o sobre a experi\u00eancia de doentes e o impacto da doen\u00e7a, ficcionalizada a partir de relatos reais.<\/p>\n<p>A Montanha \u00e9 descrito pelo autor como um mergulho liter\u00e1rio que traduz a dor, a esperan\u00e7a e a resist\u00eancia, sem adotar tom jornal\u00edstico, mas mantendo a autenticidade das vozes que o inspiraram.<\/p>\n","protected":false},"excerpt":{"rendered":"<ul>\n<li>Dois cl\u00ednicos do IPO do Porto propuseram, em 2019, desafiar escritores para reproduzirem a hist\u00f3ria de um paciente da institui\u00e7\u00e3o.<\/li>\n<li>O projeto acabou por n\u00e3o avan\u00e7ar na altura, mas o escritor Jos\u00e9 Lu\u00eds Peixoto n\u00e3o o esqueceu.<\/li>\n<li>Dois anos depois, o autor avan\u00e7ou com a ideia por conta pr\u00f3pria e passou a visitar o IPO para ouvir relatos dos pacientes.<\/li>\n<li>Dos encontros nasceu o livro A Montanha, publicado pela editora Quetzal.<\/li>\n<li>A obra apresenta uma leitura po\u00e9tica e com toques de surreal sobre o universo da doen\u00e7a oncol\u00f3gica.<\/li>\n<\/ul>\n","protected":false},"author":2,"featured_media":425560,"comment_status":"closed","ping_status":"closed","sticky":false,"template":"","format":"standard","meta":{"footnotes":""},"categories":[7375,7381],"tags":[6282,106,130,3994,982,6655],"class_list":["post-425555","post","type-post","status-publish","format-standard","has-post-thumbnail","hentry","category-cultura","category-lazer","tag-doentes","tag-literatura","tag-livros","tag-oncologia","tag-porto","tag-romances"],"yoast_head":"<!-- This site is optimized with the Yoast SEO plugin v27.2 - https:\/\/yoast.com\/product\/yoast-seo-wordpress\/ -->\n<title>Peixoto comp\u00f5e livro a partir de relatos de pacientes do IPO do Porto - Portal Tela Portugal<\/title>\n<meta name=\"robots\" content=\"index, follow, max-snippet:-1, max-image-preview:large, max-video-preview:-1\" \/>\n<meta property=\"og:locale\" content=\"pt_PT\" \/>\n<meta property=\"og:type\" content=\"article\" \/>\n<meta property=\"og:title\" content=\"Peixoto comp\u00f5e livro a partir de relatos de pacientes do IPO do Porto - Portal Tela Portugal\" \/>\n<meta property=\"og:description\" content=\"Dois cl\u00ednicos do IPO do Porto propuseram, em 2019, desafiar escritores para reproduzirem a hist\u00f3ria de um paciente da institui\u00e7\u00e3o. O projeto acabou por n\u00e3o avan\u00e7ar na altura, mas o escritor Jos\u00e9 Lu\u00eds Peixoto n\u00e3o o esqueceu. Dois anos depois, o autor avan\u00e7ou com a ideia por conta pr\u00f3pria e passou a visitar o IPO para ouvir relatos dos pacientes. Dos encontros nasceu o livro A Montanha, publicado pela editora Quetzal. A obra apresenta uma leitura po\u00e9tica e com toques de surreal sobre o universo da doen\u00e7a oncol\u00f3gica.\" \/>\n<meta property=\"og:url\" content=\"https:\/\/portaltela.pt\/noticias\/2026\/03\/28\/peixoto-compoe-livro-a-partir-de-relatos-de-pacientes-do-ipo-do-porto\/\" \/>\n<meta property=\"og:site_name\" content=\"Portal Tela Portugal\" \/>\n<meta property=\"article:published_time\" content=\"2026-03-29T01:47:12+00:00\" \/>\n<meta name=\"author\" content=\"Telinha\" \/>\n<meta name=\"twitter:card\" content=\"summary_large_image\" \/>\n<meta name=\"twitter:label1\" content=\"Escrito por\" \/>\n\t<meta name=\"twitter:data1\" content=\"Telinha\" \/>\n\t<meta name=\"twitter:label2\" content=\"Tempo estimado de leitura\" \/>\n\t<meta name=\"twitter:data2\" content=\"1 minuto\" \/>\n<script type=\"application\/ld+json\" class=\"yoast-schema-graph\">{\"@context\":\"https:\/\/schema.org\",\"@graph\":[{\"@type\":\"Article\",\"@id\":\"https:\/\/portaltela.pt\/noticias\/2026\/03\/28\/peixoto-compoe-livro-a-partir-de-relatos-de-pacientes-do-ipo-do-porto\/#article\",\"isPartOf\":{\"@id\":\"https:\/\/portaltela.pt\/noticias\/2026\/03\/28\/peixoto-compoe-livro-a-partir-de-relatos-de-pacientes-do-ipo-do-porto\/\"},\"author\":{\"name\":\"Telinha\",\"@id\":\"https:\/\/portaltela.pt\/#\/schema\/person\/c4278d4a6028830caff9ee44b42d32ed\"},\"headline\":\"Peixoto comp\u00f5e livro a partir de relatos de pacientes do IPO do Porto\",\"datePublished\":\"2026-03-29T01:47:12+00:00\",\"mainEntityOfPage\":{\"@id\":\"https:\/\/portaltela.pt\/noticias\/2026\/03\/28\/peixoto-compoe-livro-a-partir-de-relatos-de-pacientes-do-ipo-do-porto\/\"},\"wordCount\":190,\"image\":{\"@id\":\"https:\/\/portaltela.pt\/noticias\/2026\/03\/28\/peixoto-compoe-livro-a-partir-de-relatos-de-pacientes-do-ipo-do-porto\/#primaryimage\"},\"thumbnailUrl\":\"https:\/\/portaltela.pt\/s.01k8rhncp4jt1\/2026\/03\/img_1500x1000uu2022-07-28-14-01-24-1172905-im-639103186042170287.jpg\",\"keywords\":[\"doentes\",\"literatura\",\"livros\",\"Oncologia\",\"Porto\",\"romances\"],\"articleSection\":[\"Cultura\",\"Lazer\"],\"inLanguage\":\"pt-PT\"},{\"@type\":\"WebPage\",\"@id\":\"https:\/\/portaltela.pt\/noticias\/2026\/03\/28\/peixoto-compoe-livro-a-partir-de-relatos-de-pacientes-do-ipo-do-porto\/\",\"url\":\"https:\/\/portaltela.pt\/noticias\/2026\/03\/28\/peixoto-compoe-livro-a-partir-de-relatos-de-pacientes-do-ipo-do-porto\/\",\"name\":\"Peixoto comp\u00f5e livro a partir de relatos de pacientes do IPO do Porto - Portal Tela Portugal\",\"isPartOf\":{\"@id\":\"https:\/\/portaltela.pt\/#website\"},\"primaryImageOfPage\":{\"@id\":\"https:\/\/portaltela.pt\/noticias\/2026\/03\/28\/peixoto-compoe-livro-a-partir-de-relatos-de-pacientes-do-ipo-do-porto\/#primaryimage\"},\"image\":{\"@id\":\"https:\/\/portaltela.pt\/noticias\/2026\/03\/28\/peixoto-compoe-livro-a-partir-de-relatos-de-pacientes-do-ipo-do-porto\/#primaryimage\"},\"thumbnailUrl\":\"https:\/\/portaltela.pt\/s.01k8rhncp4jt1\/2026\/03\/img_1500x1000uu2022-07-28-14-01-24-1172905-im-639103186042170287.jpg\",\"datePublished\":\"2026-03-29T01:47:12+00:00\",\"author\":{\"@id\":\"https:\/\/portaltela.pt\/#\/schema\/person\/c4278d4a6028830caff9ee44b42d32ed\"},\"breadcrumb\":{\"@id\":\"https:\/\/portaltela.pt\/noticias\/2026\/03\/28\/peixoto-compoe-livro-a-partir-de-relatos-de-pacientes-do-ipo-do-porto\/#breadcrumb\"},\"inLanguage\":\"pt-PT\",\"potentialAction\":[{\"@type\":\"ReadAction\",\"target\":[\"https:\/\/portaltela.pt\/noticias\/2026\/03\/28\/peixoto-compoe-livro-a-partir-de-relatos-de-pacientes-do-ipo-do-porto\/\"]}]},{\"@type\":\"ImageObject\",\"inLanguage\":\"pt-PT\",\"@id\":\"https:\/\/portaltela.pt\/noticias\/2026\/03\/28\/peixoto-compoe-livro-a-partir-de-relatos-de-pacientes-do-ipo-do-porto\/#primaryimage\",\"url\":\"https:\/\/portaltela.pt\/s.01k8rhncp4jt1\/2026\/03\/img_1500x1000uu2022-07-28-14-01-24-1172905-im-639103186042170287.jpg\",\"contentUrl\":\"https:\/\/portaltela.pt\/s.01k8rhncp4jt1\/2026\/03\/img_1500x1000uu2022-07-28-14-01-24-1172905-im-639103186042170287.jpg\",\"width\":796,\"height\":448,\"caption\":\"Jos\u00e9 Lu\u00eds Peixoto\"},{\"@type\":\"BreadcrumbList\",\"@id\":\"https:\/\/portaltela.pt\/noticias\/2026\/03\/28\/peixoto-compoe-livro-a-partir-de-relatos-de-pacientes-do-ipo-do-porto\/#breadcrumb\",\"itemListElement\":[{\"@type\":\"ListItem\",\"position\":1,\"name\":\"In\u00edcio\",\"item\":\"https:\/\/portaltela.pt\/\"},{\"@type\":\"ListItem\",\"position\":2,\"name\":\"Peixoto comp\u00f5e livro a partir de relatos de pacientes do IPO do Porto\"}]},{\"@type\":\"WebSite\",\"@id\":\"https:\/\/portaltela.pt\/#website\",\"url\":\"https:\/\/portaltela.pt\/\",\"name\":\"Portal Tela Portugal\",\"description\":\"\",\"potentialAction\":[{\"@type\":\"SearchAction\",\"target\":{\"@type\":\"EntryPoint\",\"urlTemplate\":\"https:\/\/portaltela.pt\/?s={search_term_string}\"},\"query-input\":{\"@type\":\"PropertyValueSpecification\",\"valueRequired\":true,\"valueName\":\"search_term_string\"}}],\"inLanguage\":\"pt-PT\"},{\"@type\":\"Person\",\"@id\":\"https:\/\/portaltela.pt\/#\/schema\/person\/c4278d4a6028830caff9ee44b42d32ed\",\"name\":\"Telinha\",\"image\":{\"@type\":\"ImageObject\",\"inLanguage\":\"pt-PT\",\"@id\":\"https:\/\/portaltela.pt\/s.01k8rhncp4jt1\/2025\/11\/talking-bot-125x125.png\",\"url\":\"https:\/\/portaltela.pt\/s.01k8rhncp4jt1\/2025\/11\/talking-bot-125x125.png\",\"contentUrl\":\"https:\/\/portaltela.pt\/s.01k8rhncp4jt1\/2025\/11\/talking-bot-125x125.png\",\"caption\":\"Telinha\"},\"sameAs\":[\"https:\/\/portaltela.pt\/\"],\"url\":\"https:\/\/portaltela.pt\/por\/367410592786\/\"}]}<\/script>\n<!-- \/ Yoast SEO plugin. -->","yoast_head_json":{"title":"Peixoto comp\u00f5e livro a partir de relatos de pacientes do IPO do Porto - Portal Tela Portugal","robots":{"index":"index","follow":"follow","max-snippet":"max-snippet:-1","max-image-preview":"max-image-preview:large","max-video-preview":"max-video-preview:-1"},"og_locale":"pt_PT","og_type":"article","og_title":"Peixoto comp\u00f5e livro a partir de relatos de pacientes do IPO do Porto - Portal Tela Portugal","og_description":"Dois cl\u00ednicos do IPO do Porto propuseram, em 2019, desafiar escritores para reproduzirem a hist\u00f3ria de um paciente da institui\u00e7\u00e3o. O projeto acabou por n\u00e3o avan\u00e7ar na altura, mas o escritor Jos\u00e9 Lu\u00eds Peixoto n\u00e3o o esqueceu. Dois anos depois, o autor avan\u00e7ou com a ideia por conta pr\u00f3pria e passou a visitar o IPO para ouvir relatos dos pacientes. Dos encontros nasceu o livro A Montanha, publicado pela editora Quetzal. A obra apresenta uma leitura po\u00e9tica e com toques de surreal sobre o universo da doen\u00e7a oncol\u00f3gica.","og_url":"https:\/\/portaltela.pt\/noticias\/2026\/03\/28\/peixoto-compoe-livro-a-partir-de-relatos-de-pacientes-do-ipo-do-porto\/","og_site_name":"Portal Tela Portugal","article_published_time":"2026-03-29T01:47:12+00:00","author":"Telinha","twitter_card":"summary_large_image","twitter_misc":{"Escrito por":"Telinha","Tempo estimado de leitura":"1 minuto"},"schema":{"@context":"https:\/\/schema.org","@graph":[{"@type":"Article","@id":"https:\/\/portaltela.pt\/noticias\/2026\/03\/28\/peixoto-compoe-livro-a-partir-de-relatos-de-pacientes-do-ipo-do-porto\/#article","isPartOf":{"@id":"https:\/\/portaltela.pt\/noticias\/2026\/03\/28\/peixoto-compoe-livro-a-partir-de-relatos-de-pacientes-do-ipo-do-porto\/"},"author":{"name":"Telinha","@id":"https:\/\/portaltela.pt\/#\/schema\/person\/c4278d4a6028830caff9ee44b42d32ed"},"headline":"Peixoto comp\u00f5e livro a partir de relatos de pacientes do IPO do Porto","datePublished":"2026-03-29T01:47:12+00:00","mainEntityOfPage":{"@id":"https:\/\/portaltela.pt\/noticias\/2026\/03\/28\/peixoto-compoe-livro-a-partir-de-relatos-de-pacientes-do-ipo-do-porto\/"},"wordCount":190,"image":{"@id":"https:\/\/portaltela.pt\/noticias\/2026\/03\/28\/peixoto-compoe-livro-a-partir-de-relatos-de-pacientes-do-ipo-do-porto\/#primaryimage"},"thumbnailUrl":"https:\/\/portaltela.pt\/s.01k8rhncp4jt1\/2026\/03\/img_1500x1000uu2022-07-28-14-01-24-1172905-im-639103186042170287.jpg","keywords":["doentes","literatura","livros","Oncologia","Porto","romances"],"articleSection":["Cultura","Lazer"],"inLanguage":"pt-PT"},{"@type":"WebPage","@id":"https:\/\/portaltela.pt\/noticias\/2026\/03\/28\/peixoto-compoe-livro-a-partir-de-relatos-de-pacientes-do-ipo-do-porto\/","url":"https:\/\/portaltela.pt\/noticias\/2026\/03\/28\/peixoto-compoe-livro-a-partir-de-relatos-de-pacientes-do-ipo-do-porto\/","name":"Peixoto comp\u00f5e livro a partir de relatos de pacientes do IPO do Porto - Portal Tela Portugal","isPartOf":{"@id":"https:\/\/portaltela.pt\/#website"},"primaryImageOfPage":{"@id":"https:\/\/portaltela.pt\/noticias\/2026\/03\/28\/peixoto-compoe-livro-a-partir-de-relatos-de-pacientes-do-ipo-do-porto\/#primaryimage"},"image":{"@id":"https:\/\/portaltela.pt\/noticias\/2026\/03\/28\/peixoto-compoe-livro-a-partir-de-relatos-de-pacientes-do-ipo-do-porto\/#primaryimage"},"thumbnailUrl":"https:\/\/portaltela.pt\/s.01k8rhncp4jt1\/2026\/03\/img_1500x1000uu2022-07-28-14-01-24-1172905-im-639103186042170287.jpg","datePublished":"2026-03-29T01:47:12+00:00","author":{"@id":"https:\/\/portaltela.pt\/#\/schema\/person\/c4278d4a6028830caff9ee44b42d32ed"},"breadcrumb":{"@id":"https:\/\/portaltela.pt\/noticias\/2026\/03\/28\/peixoto-compoe-livro-a-partir-de-relatos-de-pacientes-do-ipo-do-porto\/#breadcrumb"},"inLanguage":"pt-PT","potentialAction":[{"@type":"ReadAction","target":["https:\/\/portaltela.pt\/noticias\/2026\/03\/28\/peixoto-compoe-livro-a-partir-de-relatos-de-pacientes-do-ipo-do-porto\/"]}]},{"@type":"ImageObject","inLanguage":"pt-PT","@id":"https:\/\/portaltela.pt\/noticias\/2026\/03\/28\/peixoto-compoe-livro-a-partir-de-relatos-de-pacientes-do-ipo-do-porto\/#primaryimage","url":"https:\/\/portaltela.pt\/s.01k8rhncp4jt1\/2026\/03\/img_1500x1000uu2022-07-28-14-01-24-1172905-im-639103186042170287.jpg","contentUrl":"https:\/\/portaltela.pt\/s.01k8rhncp4jt1\/2026\/03\/img_1500x1000uu2022-07-28-14-01-24-1172905-im-639103186042170287.jpg","width":796,"height":448,"caption":"Jos\u00e9 Lu\u00eds Peixoto"},{"@type":"BreadcrumbList","@id":"https:\/\/portaltela.pt\/noticias\/2026\/03\/28\/peixoto-compoe-livro-a-partir-de-relatos-de-pacientes-do-ipo-do-porto\/#breadcrumb","itemListElement":[{"@type":"ListItem","position":1,"name":"In\u00edcio","item":"https:\/\/portaltela.pt\/"},{"@type":"ListItem","position":2,"name":"Peixoto comp\u00f5e livro a partir de relatos de pacientes do IPO do Porto"}]},{"@type":"WebSite","@id":"https:\/\/portaltela.pt\/#website","url":"https:\/\/portaltela.pt\/","name":"Portal Tela Portugal","description":"","potentialAction":[{"@type":"SearchAction","target":{"@type":"EntryPoint","urlTemplate":"https:\/\/portaltela.pt\/?s={search_term_string}"},"query-input":{"@type":"PropertyValueSpecification","valueRequired":true,"valueName":"search_term_string"}}],"inLanguage":"pt-PT"},{"@type":"Person","@id":"https:\/\/portaltela.pt\/#\/schema\/person\/c4278d4a6028830caff9ee44b42d32ed","name":"Telinha","image":{"@type":"ImageObject","inLanguage":"pt-PT","@id":"https:\/\/portaltela.pt\/s.01k8rhncp4jt1\/2025\/11\/talking-bot-125x125.png","url":"https:\/\/portaltela.pt\/s.01k8rhncp4jt1\/2025\/11\/talking-bot-125x125.png","contentUrl":"https:\/\/portaltela.pt\/s.01k8rhncp4jt1\/2025\/11\/talking-bot-125x125.png","caption":"Telinha"},"sameAs":["https:\/\/portaltela.pt\/"],"url":"https:\/\/portaltela.pt\/por\/367410592786\/"}]}},"_links":{"self":[{"href":"https:\/\/portaltela.pt\/api\/wp\/v2\/posts\/425555","targetHints":{"allow":["GET"]}}],"collection":[{"href":"https:\/\/portaltela.pt\/api\/wp\/v2\/posts"}],"about":[{"href":"https:\/\/portaltela.pt\/api\/wp\/v2\/types\/post"}],"author":[{"embeddable":true,"href":"https:\/\/portaltela.pt\/api\/wp\/v2\/users\/2"}],"replies":[{"embeddable":true,"href":"https:\/\/portaltela.pt\/api\/wp\/v2\/comments?post=425555"}],"version-history":[{"count":0,"href":"https:\/\/portaltela.pt\/api\/wp\/v2\/posts\/425555\/revisions"}],"wp:featuredmedia":[{"embeddable":true,"href":"https:\/\/portaltela.pt\/api\/wp\/v2\/media\/425560"}],"wp:attachment":[{"href":"https:\/\/portaltela.pt\/api\/wp\/v2\/media?parent=425555"}],"wp:term":[{"taxonomy":"category","embeddable":true,"href":"https:\/\/portaltela.pt\/api\/wp\/v2\/categories?post=425555"},{"taxonomy":"post_tag","embeddable":true,"href":"https:\/\/portaltela.pt\/api\/wp\/v2\/tags?post=425555"}],"curies":[{"name":"wp","href":"https:\/\/api.w.org\/{rel}","templated":true}]}}