{"id":425553,"date":"2026-03-28T22:47:11","date_gmt":"2026-03-29T01:47:11","guid":{"rendered":"https:\/\/portaltela.pt\/noticias\/2026\/03\/28\/nova-lei-amplia-poderes-do-testador-na-partilha-de-bens\/"},"modified":"2026-03-28T22:47:11","modified_gmt":"2026-03-29T01:47:11","slug":"nova-lei-amplia-poderes-do-testador-na-partilha-de-bens","status":"publish","type":"post","link":"https:\/\/portaltela.pt\/noticias\/2026\/03\/28\/nova-lei-amplia-poderes-do-testador-na-partilha-de-bens\/","title":{"rendered":"Nova lei amplia poderes do testador na partilha de bens"},"content":{"rendered":"<p>O Governo apresentou uma nova lei que refor\u00e7a o poder de quem faz testamento na divis\u00e3o de bens entre herdeiros. A medida pretende acabar com as heran\u00e7as indivisas e ampliar o planeamento sucess\u00f3rio.<\/p>\n<p>O diploma, aprovado no Conselho de Ministros na \u00faltima quinta-feira, permite a defini\u00e7\u00e3o pelos testadores de como ficam os bens na leg\u00edtima. Esta reforma consolida a liberdade do autor da sucess\u00e3o para definir a partilha.<\/p>\n<p>Actualmente, por exemplo, um pai pode indicar a quem atribui determinado im\u00f3vel, mas n\u00e3o pode impor essa decis\u00e3o aos herdeiros. A nova regra altera esse quadro, mantendo garantido que cada herda a parte a que tem direito.<\/p>\n<p>Segundo uma fonte da Executivo contactada pelo CM, a vontade do testador passa a prevalecer desde que os herdeiros n\u00e3o renunciem \u00e0 heran\u00e7a e que haja respeito pela parte leg\u00edtima. Assim, a partilha passa a seguir o desejo expresso no testamento.<\/p>\n<p>A reforma visa facilitar o planeamento sucess\u00f3rio e reduzir conflitos entre herdeiros, ao clarificar o peso da vontade do testador. O Governo ainda n\u00e3o revelou detalhes operacionais sobre a aplica\u00e7\u00e3o pr\u00e1tica da norma.<\/p>\n","protected":false},"excerpt":{"rendered":"<ul>\n<li>O Governo apresentou uma proposta de lei para acabar com as heran\u00e7as indivisas, dando mais poder ao testador na distribui\u00e7\u00e3o dos bens.<\/li>\n<li>O diploma, aprovado no Conselho de Ministros na \u00faltima quinta-feira, permite ao autor da sucess\u00e3o definir os bens da leg\u00edtima, refor\u00e7ando o planeamento sucess\u00f3rio.<\/li>\n<li>A reforma prev\u00ea que, desde que todos recebam a parte a que t\u00eam direito e n\u00e3o existam ren\u00fancias, a vontade do testador deve ser cumprida, mesmo sem acordo dos herdeiros leg\u00edtimos.<\/li>\n<li>Atualmente, por exemplo, um pai pode indicar o im\u00f3vel para determinado filho, mas n\u00e3o pode impor essa decis\u00e3o; a mudan\u00e7a altera esse cen\u00e1rio.<\/li>\n<li>A nova regra envolve uma altera\u00e7\u00e3o significativa em rela\u00e7\u00e3o ao regime existente, mantendo, no entanto, a prote\u00e7\u00e3o das parcelas legais dos herdeiros.<\/li>\n<\/ul>\n","protected":false},"author":2,"featured_media":425564,"comment_status":"closed","ping_status":"closed","sticky":false,"template":"","format":"standard","meta":{"footnotes":""},"categories":[6815,1],"tags":[6337,6373,64,4871,7098],"class_list":["post-425553","post","type-post","status-publish","format-standard","has-post-thumbnail","hentry","category-justica","category-noticias","tag-direito","tag-direitos","tag-familia","tag-heranca","tag-propriedade"],"yoast_head":"<!-- This site is optimized with the Yoast SEO plugin v27.2 - https:\/\/yoast.com\/product\/yoast-seo-wordpress\/ -->\n<title>Nova lei amplia poderes do testador na partilha de bens - Portal Tela Portugal<\/title>\n<meta name=\"robots\" content=\"index, follow, max-snippet:-1, max-image-preview:large, max-video-preview:-1\" \/>\n<meta property=\"og:locale\" content=\"pt_PT\" \/>\n<meta property=\"og:type\" content=\"article\" \/>\n<meta property=\"og:title\" content=\"Nova lei amplia poderes do testador na partilha de bens - Portal Tela Portugal\" \/>\n<meta property=\"og:description\" content=\"O Governo apresentou uma proposta de lei para acabar com as heran\u00e7as indivisas, dando mais poder ao testador na distribui\u00e7\u00e3o dos bens. O diploma, aprovado no Conselho de Ministros na \u00faltima quinta-feira, permite ao autor da sucess\u00e3o definir os bens da leg\u00edtima, refor\u00e7ando o planeamento sucess\u00f3rio. A reforma prev\u00ea que, desde que todos recebam a parte a que t\u00eam direito e n\u00e3o existam ren\u00fancias, a vontade do testador deve ser cumprida, mesmo sem acordo dos herdeiros leg\u00edtimos. Atualmente, por exemplo, um pai pode indicar o im\u00f3vel para determinado filho, mas n\u00e3o pode impor essa decis\u00e3o; a mudan\u00e7a altera esse cen\u00e1rio. A nova regra envolve uma altera\u00e7\u00e3o significativa em rela\u00e7\u00e3o ao regime existente, mantendo, no entanto, a prote\u00e7\u00e3o das parcelas legais dos herdeiros.\" \/>\n<meta property=\"og:url\" content=\"https:\/\/portaltela.pt\/noticias\/2026\/03\/28\/nova-lei-amplia-poderes-do-testador-na-partilha-de-bens\/\" \/>\n<meta property=\"og:site_name\" content=\"Portal Tela Portugal\" \/>\n<meta property=\"article:published_time\" content=\"2026-03-29T01:47:11+00:00\" \/>\n<meta name=\"author\" content=\"Telinha\" \/>\n<meta name=\"twitter:card\" content=\"summary_large_image\" \/>\n<meta name=\"twitter:label1\" content=\"Escrito por\" \/>\n\t<meta name=\"twitter:data1\" content=\"Telinha\" \/>\n\t<meta name=\"twitter:label2\" content=\"Tempo estimado de leitura\" \/>\n\t<meta name=\"twitter:data2\" content=\"1 minuto\" \/>\n<script type=\"application\/ld+json\" class=\"yoast-schema-graph\">{\"@context\":\"https:\/\/schema.org\",\"@graph\":[{\"@type\":\"Article\",\"@id\":\"https:\/\/portaltela.pt\/noticias\/2026\/03\/28\/nova-lei-amplia-poderes-do-testador-na-partilha-de-bens\/#article\",\"isPartOf\":{\"@id\":\"https:\/\/portaltela.pt\/noticias\/2026\/03\/28\/nova-lei-amplia-poderes-do-testador-na-partilha-de-bens\/\"},\"author\":{\"name\":\"Telinha\",\"@id\":\"https:\/\/portaltela.pt\/#\/schema\/person\/c4278d4a6028830caff9ee44b42d32ed\"},\"headline\":\"Nova lei amplia poderes do testador na partilha de bens\",\"datePublished\":\"2026-03-29T01:47:11+00:00\",\"mainEntityOfPage\":{\"@id\":\"https:\/\/portaltela.pt\/noticias\/2026\/03\/28\/nova-lei-amplia-poderes-do-testador-na-partilha-de-bens\/\"},\"wordCount\":205,\"image\":{\"@id\":\"https:\/\/portaltela.pt\/noticias\/2026\/03\/28\/nova-lei-amplia-poderes-do-testador-na-partilha-de-bens\/#primaryimage\"},\"thumbnailUrl\":\"https:\/\/portaltela.pt\/s.01k8rhncp4jt1\/2026\/03\/img_1500x1000uu2022-03-29-21-16-26-1135324.jpg\",\"keywords\":[\"direito\",\"direitos\",\"fam\u00edlia\",\"Heran\u00e7a\",\"propriedade\"],\"articleSection\":[\"Justi\u00e7a\",\"Not\u00edcias\"],\"inLanguage\":\"pt-PT\"},{\"@type\":\"WebPage\",\"@id\":\"https:\/\/portaltela.pt\/noticias\/2026\/03\/28\/nova-lei-amplia-poderes-do-testador-na-partilha-de-bens\/\",\"url\":\"https:\/\/portaltela.pt\/noticias\/2026\/03\/28\/nova-lei-amplia-poderes-do-testador-na-partilha-de-bens\/\",\"name\":\"Nova lei amplia poderes do testador na partilha de bens - Portal Tela Portugal\",\"isPartOf\":{\"@id\":\"https:\/\/portaltela.pt\/#website\"},\"primaryImageOfPage\":{\"@id\":\"https:\/\/portaltela.pt\/noticias\/2026\/03\/28\/nova-lei-amplia-poderes-do-testador-na-partilha-de-bens\/#primaryimage\"},\"image\":{\"@id\":\"https:\/\/portaltela.pt\/noticias\/2026\/03\/28\/nova-lei-amplia-poderes-do-testador-na-partilha-de-bens\/#primaryimage\"},\"thumbnailUrl\":\"https:\/\/portaltela.pt\/s.01k8rhncp4jt1\/2026\/03\/img_1500x1000uu2022-03-29-21-16-26-1135324.jpg\",\"datePublished\":\"2026-03-29T01:47:11+00:00\",\"author\":{\"@id\":\"https:\/\/portaltela.pt\/#\/schema\/person\/c4278d4a6028830caff9ee44b42d32ed\"},\"breadcrumb\":{\"@id\":\"https:\/\/portaltela.pt\/noticias\/2026\/03\/28\/nova-lei-amplia-poderes-do-testador-na-partilha-de-bens\/#breadcrumb\"},\"inLanguage\":\"pt-PT\",\"potentialAction\":[{\"@type\":\"ReadAction\",\"target\":[\"https:\/\/portaltela.pt\/noticias\/2026\/03\/28\/nova-lei-amplia-poderes-do-testador-na-partilha-de-bens\/\"]}]},{\"@type\":\"ImageObject\",\"inLanguage\":\"pt-PT\",\"@id\":\"https:\/\/portaltela.pt\/noticias\/2026\/03\/28\/nova-lei-amplia-poderes-do-testador-na-partilha-de-bens\/#primaryimage\",\"url\":\"https:\/\/portaltela.pt\/s.01k8rhncp4jt1\/2026\/03\/img_1500x1000uu2022-03-29-21-16-26-1135324.jpg\",\"contentUrl\":\"https:\/\/portaltela.pt\/s.01k8rhncp4jt1\/2026\/03\/img_1500x1000uu2022-03-29-21-16-26-1135324.jpg\",\"width\":796,\"height\":448,\"caption\":\"Habita\u00e7\u00e3o\"},{\"@type\":\"BreadcrumbList\",\"@id\":\"https:\/\/portaltela.pt\/noticias\/2026\/03\/28\/nova-lei-amplia-poderes-do-testador-na-partilha-de-bens\/#breadcrumb\",\"itemListElement\":[{\"@type\":\"ListItem\",\"position\":1,\"name\":\"In\u00edcio\",\"item\":\"https:\/\/portaltela.pt\/\"},{\"@type\":\"ListItem\",\"position\":2,\"name\":\"Nova lei amplia poderes do testador na partilha de bens\"}]},{\"@type\":\"WebSite\",\"@id\":\"https:\/\/portaltela.pt\/#website\",\"url\":\"https:\/\/portaltela.pt\/\",\"name\":\"Portal Tela Portugal\",\"description\":\"\",\"potentialAction\":[{\"@type\":\"SearchAction\",\"target\":{\"@type\":\"EntryPoint\",\"urlTemplate\":\"https:\/\/portaltela.pt\/?s={search_term_string}\"},\"query-input\":{\"@type\":\"PropertyValueSpecification\",\"valueRequired\":true,\"valueName\":\"search_term_string\"}}],\"inLanguage\":\"pt-PT\"},{\"@type\":\"Person\",\"@id\":\"https:\/\/portaltela.pt\/#\/schema\/person\/c4278d4a6028830caff9ee44b42d32ed\",\"name\":\"Telinha\",\"image\":{\"@type\":\"ImageObject\",\"inLanguage\":\"pt-PT\",\"@id\":\"https:\/\/portaltela.pt\/s.01k8rhncp4jt1\/2025\/11\/talking-bot-125x125.png\",\"url\":\"https:\/\/portaltela.pt\/s.01k8rhncp4jt1\/2025\/11\/talking-bot-125x125.png\",\"contentUrl\":\"https:\/\/portaltela.pt\/s.01k8rhncp4jt1\/2025\/11\/talking-bot-125x125.png\",\"caption\":\"Telinha\"},\"sameAs\":[\"https:\/\/portaltela.pt\/\"],\"url\":\"https:\/\/portaltela.pt\/por\/367410592786\/\"}]}<\/script>\n<!-- \/ Yoast SEO plugin. -->","yoast_head_json":{"title":"Nova lei amplia poderes do testador na partilha de bens - Portal Tela Portugal","robots":{"index":"index","follow":"follow","max-snippet":"max-snippet:-1","max-image-preview":"max-image-preview:large","max-video-preview":"max-video-preview:-1"},"og_locale":"pt_PT","og_type":"article","og_title":"Nova lei amplia poderes do testador na partilha de bens - Portal Tela Portugal","og_description":"O Governo apresentou uma proposta de lei para acabar com as heran\u00e7as indivisas, dando mais poder ao testador na distribui\u00e7\u00e3o dos bens. O diploma, aprovado no Conselho de Ministros na \u00faltima quinta-feira, permite ao autor da sucess\u00e3o definir os bens da leg\u00edtima, refor\u00e7ando o planeamento sucess\u00f3rio. A reforma prev\u00ea que, desde que todos recebam a parte a que t\u00eam direito e n\u00e3o existam ren\u00fancias, a vontade do testador deve ser cumprida, mesmo sem acordo dos herdeiros leg\u00edtimos. Atualmente, por exemplo, um pai pode indicar o im\u00f3vel para determinado filho, mas n\u00e3o pode impor essa decis\u00e3o; a mudan\u00e7a altera esse cen\u00e1rio. A nova regra envolve uma altera\u00e7\u00e3o significativa em rela\u00e7\u00e3o ao regime existente, mantendo, no entanto, a prote\u00e7\u00e3o das parcelas legais dos herdeiros.","og_url":"https:\/\/portaltela.pt\/noticias\/2026\/03\/28\/nova-lei-amplia-poderes-do-testador-na-partilha-de-bens\/","og_site_name":"Portal Tela Portugal","article_published_time":"2026-03-29T01:47:11+00:00","author":"Telinha","twitter_card":"summary_large_image","twitter_misc":{"Escrito por":"Telinha","Tempo estimado de leitura":"1 minuto"},"schema":{"@context":"https:\/\/schema.org","@graph":[{"@type":"Article","@id":"https:\/\/portaltela.pt\/noticias\/2026\/03\/28\/nova-lei-amplia-poderes-do-testador-na-partilha-de-bens\/#article","isPartOf":{"@id":"https:\/\/portaltela.pt\/noticias\/2026\/03\/28\/nova-lei-amplia-poderes-do-testador-na-partilha-de-bens\/"},"author":{"name":"Telinha","@id":"https:\/\/portaltela.pt\/#\/schema\/person\/c4278d4a6028830caff9ee44b42d32ed"},"headline":"Nova lei amplia poderes do testador na partilha de bens","datePublished":"2026-03-29T01:47:11+00:00","mainEntityOfPage":{"@id":"https:\/\/portaltela.pt\/noticias\/2026\/03\/28\/nova-lei-amplia-poderes-do-testador-na-partilha-de-bens\/"},"wordCount":205,"image":{"@id":"https:\/\/portaltela.pt\/noticias\/2026\/03\/28\/nova-lei-amplia-poderes-do-testador-na-partilha-de-bens\/#primaryimage"},"thumbnailUrl":"https:\/\/portaltela.pt\/s.01k8rhncp4jt1\/2026\/03\/img_1500x1000uu2022-03-29-21-16-26-1135324.jpg","keywords":["direito","direitos","fam\u00edlia","Heran\u00e7a","propriedade"],"articleSection":["Justi\u00e7a","Not\u00edcias"],"inLanguage":"pt-PT"},{"@type":"WebPage","@id":"https:\/\/portaltela.pt\/noticias\/2026\/03\/28\/nova-lei-amplia-poderes-do-testador-na-partilha-de-bens\/","url":"https:\/\/portaltela.pt\/noticias\/2026\/03\/28\/nova-lei-amplia-poderes-do-testador-na-partilha-de-bens\/","name":"Nova lei amplia poderes do testador na partilha de bens - Portal Tela Portugal","isPartOf":{"@id":"https:\/\/portaltela.pt\/#website"},"primaryImageOfPage":{"@id":"https:\/\/portaltela.pt\/noticias\/2026\/03\/28\/nova-lei-amplia-poderes-do-testador-na-partilha-de-bens\/#primaryimage"},"image":{"@id":"https:\/\/portaltela.pt\/noticias\/2026\/03\/28\/nova-lei-amplia-poderes-do-testador-na-partilha-de-bens\/#primaryimage"},"thumbnailUrl":"https:\/\/portaltela.pt\/s.01k8rhncp4jt1\/2026\/03\/img_1500x1000uu2022-03-29-21-16-26-1135324.jpg","datePublished":"2026-03-29T01:47:11+00:00","author":{"@id":"https:\/\/portaltela.pt\/#\/schema\/person\/c4278d4a6028830caff9ee44b42d32ed"},"breadcrumb":{"@id":"https:\/\/portaltela.pt\/noticias\/2026\/03\/28\/nova-lei-amplia-poderes-do-testador-na-partilha-de-bens\/#breadcrumb"},"inLanguage":"pt-PT","potentialAction":[{"@type":"ReadAction","target":["https:\/\/portaltela.pt\/noticias\/2026\/03\/28\/nova-lei-amplia-poderes-do-testador-na-partilha-de-bens\/"]}]},{"@type":"ImageObject","inLanguage":"pt-PT","@id":"https:\/\/portaltela.pt\/noticias\/2026\/03\/28\/nova-lei-amplia-poderes-do-testador-na-partilha-de-bens\/#primaryimage","url":"https:\/\/portaltela.pt\/s.01k8rhncp4jt1\/2026\/03\/img_1500x1000uu2022-03-29-21-16-26-1135324.jpg","contentUrl":"https:\/\/portaltela.pt\/s.01k8rhncp4jt1\/2026\/03\/img_1500x1000uu2022-03-29-21-16-26-1135324.jpg","width":796,"height":448,"caption":"Habita\u00e7\u00e3o"},{"@type":"BreadcrumbList","@id":"https:\/\/portaltela.pt\/noticias\/2026\/03\/28\/nova-lei-amplia-poderes-do-testador-na-partilha-de-bens\/#breadcrumb","itemListElement":[{"@type":"ListItem","position":1,"name":"In\u00edcio","item":"https:\/\/portaltela.pt\/"},{"@type":"ListItem","position":2,"name":"Nova lei amplia poderes do testador na partilha de bens"}]},{"@type":"WebSite","@id":"https:\/\/portaltela.pt\/#website","url":"https:\/\/portaltela.pt\/","name":"Portal Tela Portugal","description":"","potentialAction":[{"@type":"SearchAction","target":{"@type":"EntryPoint","urlTemplate":"https:\/\/portaltela.pt\/?s={search_term_string}"},"query-input":{"@type":"PropertyValueSpecification","valueRequired":true,"valueName":"search_term_string"}}],"inLanguage":"pt-PT"},{"@type":"Person","@id":"https:\/\/portaltela.pt\/#\/schema\/person\/c4278d4a6028830caff9ee44b42d32ed","name":"Telinha","image":{"@type":"ImageObject","inLanguage":"pt-PT","@id":"https:\/\/portaltela.pt\/s.01k8rhncp4jt1\/2025\/11\/talking-bot-125x125.png","url":"https:\/\/portaltela.pt\/s.01k8rhncp4jt1\/2025\/11\/talking-bot-125x125.png","contentUrl":"https:\/\/portaltela.pt\/s.01k8rhncp4jt1\/2025\/11\/talking-bot-125x125.png","caption":"Telinha"},"sameAs":["https:\/\/portaltela.pt\/"],"url":"https:\/\/portaltela.pt\/por\/367410592786\/"}]}},"_links":{"self":[{"href":"https:\/\/portaltela.pt\/api\/wp\/v2\/posts\/425553","targetHints":{"allow":["GET"]}}],"collection":[{"href":"https:\/\/portaltela.pt\/api\/wp\/v2\/posts"}],"about":[{"href":"https:\/\/portaltela.pt\/api\/wp\/v2\/types\/post"}],"author":[{"embeddable":true,"href":"https:\/\/portaltela.pt\/api\/wp\/v2\/users\/2"}],"replies":[{"embeddable":true,"href":"https:\/\/portaltela.pt\/api\/wp\/v2\/comments?post=425553"}],"version-history":[{"count":0,"href":"https:\/\/portaltela.pt\/api\/wp\/v2\/posts\/425553\/revisions"}],"wp:featuredmedia":[{"embeddable":true,"href":"https:\/\/portaltela.pt\/api\/wp\/v2\/media\/425564"}],"wp:attachment":[{"href":"https:\/\/portaltela.pt\/api\/wp\/v2\/media?parent=425553"}],"wp:term":[{"taxonomy":"category","embeddable":true,"href":"https:\/\/portaltela.pt\/api\/wp\/v2\/categories?post=425553"},{"taxonomy":"post_tag","embeddable":true,"href":"https:\/\/portaltela.pt\/api\/wp\/v2\/tags?post=425553"}],"curies":[{"name":"wp","href":"https:\/\/api.w.org\/{rel}","templated":true}]}}