{"id":425548,"date":"2026-03-28T22:32:28","date_gmt":"2026-03-29T01:32:28","guid":{"rendered":"https:\/\/portaltela.pt\/noticias\/2026\/03\/28\/israel-mata-reporteres-e-socorristas-no-sul-do-libano\/"},"modified":"2026-03-28T22:32:28","modified_gmt":"2026-03-29T01:32:28","slug":"israel-mata-reporteres-e-socorristas-no-sul-do-libano","status":"publish","type":"post","link":"https:\/\/portaltela.pt\/guerra\/2026\/03\/28\/israel-mata-reporteres-e-socorristas-no-sul-do-libano\/","title":{"rendered":"Israel mata rep\u00f3rteres e socorristas no sul do L\u00edbano"},"content":{"rendered":"<p>O Sul do L\u00edbano foi palco de ataques da avia\u00e7\u00e3o israelita neste s\u00e1bado, que resultaram na morte de dois jornalistas libaneses e de nove socorristas. As v\u00edtimas estavam numa viatura identificada com a palavra PRESS.<\/p>\n<p>Ali Hassan Shaib, jornalista da televis\u00e3o al-Manar, Fatima Ftouni, correspondente do al-Mayadeen, e o irm\u00e3o desta, o fot\u00f3grafo Mohamed Ftouni, viajavam no mesmo ve\u00edculo quando foram atingidos por tr\u00eas m\u00edsseis. O ataque aconteceu em \u00e1reas sob fogo de conflitos na regi\u00e3o.<\/p>\n<p>Aoun, presidente do L\u00edbano, condenou o ocorrido, qualificando-o de crime flagrante e viola\u00e7\u00e3o do direito internacional. Aoun destacou que jornalistas t\u00eam prote\u00e7\u00e3o internacional em tempo de guerra.<\/p>\n<p>O Ex\u00e9rcito de Israel apresentou uma vers\u00e3o contr\u00e1ria, alegando que Ali Hassan Shaib estava infiltrado na estrutura do Hezbollah, disfar\u00e7ado de jornalista, e que atuava para expor militares israelitas no sul do L\u00edbano. N\u00e3o houve men\u00e7\u00e3o \u00e0s outras v\u00edtimas.<\/p>\n<p>Do total de socorristas, cinco pertenciam ao Comit\u00e9 Isl\u00e2mico do Hezbollah, envolvido em miss\u00f5es de resgate em bombardeamentos israelitas, segundo o ministro da Sa\u00fade do L\u00edbano. Os restantes quatro eram param\u00e9dicos do Movimento Amal.<\/p>\n","protected":false},"excerpt":{"rendered":"<ul>\n<li>As For\u00e7as de Defesa de Israel lan\u00e7aram tr\u00eas m\u00edsseis contra o sul do L\u00edbano, causando a morte de dois jornalistas libaneses, Fatima Ftouni e Ali Hassan Shaib, bem como do irm\u00e3o da jornalista, Mohamed Ftouni, num \u00fanico ve\u00edculo identificado como PRESS.<\/li>\n<li>Al\u00e9m dos jornalistas, morreram nove socorristas que participavam em a\u00e7\u00f5es de resgate durante o ataque.<\/li>\n<li>O Presidente do L\u00edbano, Joseph Aoun, condenou o ataque, qualificando-o de crime flagrante e viola\u00e7\u00e3o do direito internacional, recordando que jornalistas gozam de prote\u00e7\u00e3o em tempo de guerra.<\/li>\n<li>O Ex\u00e9rcito israelita apresentou uma vers\u00e3o divergente, afirmando que Ali Hassan Shaib atuava dentro da organiza\u00e7\u00e3o Hezbollah disfar\u00e7ado de jornalista, e que o respons\u00e1vel expunha a localiza\u00e7\u00e3o de soldados israelitas; o comunicado n\u00e3o menciona as outras mortes entre profissionais de comunica\u00e7\u00e3o e socorristas.<\/li>\n<li>Segundo o comunicado, cinco dos socorristas pertenciam ao Comit\u00e9 Isl\u00e2mico do Hezbollah e quatro eram param\u00e9dicos do Movimento Amal, ambos envolvidos em miss\u00f5es de resgate ap\u00f3s bombardeamentos.<\/li>\n<\/ul>\n","protected":false},"author":2,"featured_media":425549,"comment_status":"closed","ping_status":"closed","sticky":false,"template":"","format":"standard","meta":{"footnotes":""},"categories":[6790,6804],"tags":[2633,1465,62,3708,5707,6635],"class_list":["post-425548","post","type-post","status-publish","format-standard","has-post-thumbnail","hentry","category-conflitos","category-guerra","tag-direitos-humanos","tag-direitos-internacionais","tag-guerra","tag-israel","tag-jornalistas","tag-libano"],"yoast_head":"<!-- This site is optimized with the Yoast SEO plugin v27.2 - https:\/\/yoast.com\/product\/yoast-seo-wordpress\/ -->\n<title>Israel mata rep\u00f3rteres e socorristas no sul do L\u00edbano - Portal Tela Portugal<\/title>\n<meta name=\"robots\" content=\"index, follow, max-snippet:-1, max-image-preview:large, max-video-preview:-1\" \/>\n<meta property=\"og:locale\" content=\"pt_PT\" \/>\n<meta property=\"og:type\" content=\"article\" \/>\n<meta property=\"og:title\" content=\"Israel mata rep\u00f3rteres e socorristas no sul do L\u00edbano - Portal Tela Portugal\" \/>\n<meta property=\"og:description\" content=\"As For\u00e7as de Defesa de Israel lan\u00e7aram tr\u00eas m\u00edsseis contra o sul do L\u00edbano, causando a morte de dois jornalistas libaneses, Fatima Ftouni e Ali Hassan Shaib, bem como do irm\u00e3o da jornalista, Mohamed Ftouni, num \u00fanico ve\u00edculo identificado como PRESS. Al\u00e9m dos jornalistas, morreram nove socorristas que participavam em a\u00e7\u00f5es de resgate durante o ataque. O Presidente do L\u00edbano, Joseph Aoun, condenou o ataque, qualificando-o de crime flagrante e viola\u00e7\u00e3o do direito internacional, recordando que jornalistas gozam de prote\u00e7\u00e3o em tempo de guerra. O Ex\u00e9rcito israelita apresentou uma vers\u00e3o divergente, afirmando que Ali Hassan Shaib atuava dentro da organiza\u00e7\u00e3o Hezbollah disfar\u00e7ado de jornalista, e que o respons\u00e1vel expunha a localiza\u00e7\u00e3o de soldados israelitas; o comunicado n\u00e3o menciona as outras mortes entre profissionais de comunica\u00e7\u00e3o e socorristas. Segundo o comunicado, cinco dos socorristas pertenciam ao Comit\u00e9 Isl\u00e2mico do Hezbollah e quatro eram param\u00e9dicos do Movimento Amal, ambos envolvidos em miss\u00f5es de resgate ap\u00f3s bombardeamentos.\" \/>\n<meta property=\"og:url\" content=\"https:\/\/portaltela.pt\/noticias\/2026\/03\/28\/israel-mata-reporteres-e-socorristas-no-sul-do-libano\/\" \/>\n<meta property=\"og:site_name\" content=\"Portal Tela Portugal\" \/>\n<meta property=\"article:published_time\" content=\"2026-03-29T01:32:28+00:00\" \/>\n<meta name=\"author\" content=\"Telinha\" \/>\n<meta name=\"twitter:card\" content=\"summary_large_image\" \/>\n<meta name=\"twitter:label1\" content=\"Escrito por\" \/>\n\t<meta name=\"twitter:data1\" content=\"Telinha\" \/>\n\t<meta name=\"twitter:label2\" content=\"Tempo estimado de leitura\" \/>\n\t<meta name=\"twitter:data2\" content=\"1 minuto\" \/>\n<script type=\"application\/ld+json\" class=\"yoast-schema-graph\">{\"@context\":\"https:\/\/schema.org\",\"@graph\":[{\"@type\":\"Article\",\"@id\":\"https:\/\/portaltela.pt\/noticias\/2026\/03\/28\/israel-mata-reporteres-e-socorristas-no-sul-do-libano\/#article\",\"isPartOf\":{\"@id\":\"https:\/\/portaltela.pt\/noticias\/2026\/03\/28\/israel-mata-reporteres-e-socorristas-no-sul-do-libano\/\"},\"author\":{\"name\":\"Telinha\",\"@id\":\"https:\/\/portaltela.pt\/#\/schema\/person\/c4278d4a6028830caff9ee44b42d32ed\"},\"headline\":\"Israel mata rep\u00f3rteres e socorristas no sul do L\u00edbano\",\"datePublished\":\"2026-03-29T01:32:28+00:00\",\"mainEntityOfPage\":{\"@id\":\"https:\/\/portaltela.pt\/noticias\/2026\/03\/28\/israel-mata-reporteres-e-socorristas-no-sul-do-libano\/\"},\"wordCount\":215,\"image\":{\"@id\":\"https:\/\/portaltela.pt\/noticias\/2026\/03\/28\/israel-mata-reporteres-e-socorristas-no-sul-do-libano\/#primaryimage\"},\"thumbnailUrl\":\"https:\/\/portaltela.pt\/s.01k8rhncp4jt1\/2026\/03\/img_1500x1000uu2026-03-28-21-04-40-2275367.jpg\",\"keywords\":[\"direitos humanos\",\"direitos internacionais\",\"guerra\",\"Israel\",\"jornalistas\",\"L\u00edbano\"],\"articleSection\":[\"Conflitos\",\"Guerra\"],\"inLanguage\":\"pt-PT\"},{\"@type\":\"WebPage\",\"@id\":\"https:\/\/portaltela.pt\/noticias\/2026\/03\/28\/israel-mata-reporteres-e-socorristas-no-sul-do-libano\/\",\"url\":\"https:\/\/portaltela.pt\/noticias\/2026\/03\/28\/israel-mata-reporteres-e-socorristas-no-sul-do-libano\/\",\"name\":\"Israel mata rep\u00f3rteres e socorristas no sul do L\u00edbano - Portal Tela Portugal\",\"isPartOf\":{\"@id\":\"https:\/\/portaltela.pt\/#website\"},\"primaryImageOfPage\":{\"@id\":\"https:\/\/portaltela.pt\/noticias\/2026\/03\/28\/israel-mata-reporteres-e-socorristas-no-sul-do-libano\/#primaryimage\"},\"image\":{\"@id\":\"https:\/\/portaltela.pt\/noticias\/2026\/03\/28\/israel-mata-reporteres-e-socorristas-no-sul-do-libano\/#primaryimage\"},\"thumbnailUrl\":\"https:\/\/portaltela.pt\/s.01k8rhncp4jt1\/2026\/03\/img_1500x1000uu2026-03-28-21-04-40-2275367.jpg\",\"datePublished\":\"2026-03-29T01:32:28+00:00\",\"author\":{\"@id\":\"https:\/\/portaltela.pt\/#\/schema\/person\/c4278d4a6028830caff9ee44b42d32ed\"},\"breadcrumb\":{\"@id\":\"https:\/\/portaltela.pt\/noticias\/2026\/03\/28\/israel-mata-reporteres-e-socorristas-no-sul-do-libano\/#breadcrumb\"},\"inLanguage\":\"pt-PT\",\"potentialAction\":[{\"@type\":\"ReadAction\",\"target\":[\"https:\/\/portaltela.pt\/noticias\/2026\/03\/28\/israel-mata-reporteres-e-socorristas-no-sul-do-libano\/\"]}]},{\"@type\":\"ImageObject\",\"inLanguage\":\"pt-PT\",\"@id\":\"https:\/\/portaltela.pt\/noticias\/2026\/03\/28\/israel-mata-reporteres-e-socorristas-no-sul-do-libano\/#primaryimage\",\"url\":\"https:\/\/portaltela.pt\/s.01k8rhncp4jt1\/2026\/03\/img_1500x1000uu2026-03-28-21-04-40-2275367.jpg\",\"contentUrl\":\"https:\/\/portaltela.pt\/s.01k8rhncp4jt1\/2026\/03\/img_1500x1000uu2026-03-28-21-04-40-2275367.jpg\",\"width\":796,\"height\":448,\"caption\":\"V\u00edtimas foram atingidas por tr\u00eas m\u00edsseis disparados pela avia\u00e7\u00e3o israelita\"},{\"@type\":\"BreadcrumbList\",\"@id\":\"https:\/\/portaltela.pt\/noticias\/2026\/03\/28\/israel-mata-reporteres-e-socorristas-no-sul-do-libano\/#breadcrumb\",\"itemListElement\":[{\"@type\":\"ListItem\",\"position\":1,\"name\":\"In\u00edcio\",\"item\":\"https:\/\/portaltela.pt\/\"},{\"@type\":\"ListItem\",\"position\":2,\"name\":\"Israel mata rep\u00f3rteres e socorristas no sul do L\u00edbano\"}]},{\"@type\":\"WebSite\",\"@id\":\"https:\/\/portaltela.pt\/#website\",\"url\":\"https:\/\/portaltela.pt\/\",\"name\":\"Portal Tela Portugal\",\"description\":\"\",\"potentialAction\":[{\"@type\":\"SearchAction\",\"target\":{\"@type\":\"EntryPoint\",\"urlTemplate\":\"https:\/\/portaltela.pt\/?s={search_term_string}\"},\"query-input\":{\"@type\":\"PropertyValueSpecification\",\"valueRequired\":true,\"valueName\":\"search_term_string\"}}],\"inLanguage\":\"pt-PT\"},{\"@type\":\"Person\",\"@id\":\"https:\/\/portaltela.pt\/#\/schema\/person\/c4278d4a6028830caff9ee44b42d32ed\",\"name\":\"Telinha\",\"image\":{\"@type\":\"ImageObject\",\"inLanguage\":\"pt-PT\",\"@id\":\"https:\/\/portaltela.pt\/s.01k8rhncp4jt1\/2025\/11\/talking-bot-125x125.png\",\"url\":\"https:\/\/portaltela.pt\/s.01k8rhncp4jt1\/2025\/11\/talking-bot-125x125.png\",\"contentUrl\":\"https:\/\/portaltela.pt\/s.01k8rhncp4jt1\/2025\/11\/talking-bot-125x125.png\",\"caption\":\"Telinha\"},\"sameAs\":[\"https:\/\/portaltela.pt\/\"],\"url\":\"https:\/\/portaltela.pt\/por\/367410592786\/\"}]}<\/script>\n<!-- \/ Yoast SEO plugin. -->","yoast_head_json":{"title":"Israel mata rep\u00f3rteres e socorristas no sul do L\u00edbano - Portal Tela Portugal","robots":{"index":"index","follow":"follow","max-snippet":"max-snippet:-1","max-image-preview":"max-image-preview:large","max-video-preview":"max-video-preview:-1"},"og_locale":"pt_PT","og_type":"article","og_title":"Israel mata rep\u00f3rteres e socorristas no sul do L\u00edbano - Portal Tela Portugal","og_description":"As For\u00e7as de Defesa de Israel lan\u00e7aram tr\u00eas m\u00edsseis contra o sul do L\u00edbano, causando a morte de dois jornalistas libaneses, Fatima Ftouni e Ali Hassan Shaib, bem como do irm\u00e3o da jornalista, Mohamed Ftouni, num \u00fanico ve\u00edculo identificado como PRESS. Al\u00e9m dos jornalistas, morreram nove socorristas que participavam em a\u00e7\u00f5es de resgate durante o ataque. O Presidente do L\u00edbano, Joseph Aoun, condenou o ataque, qualificando-o de crime flagrante e viola\u00e7\u00e3o do direito internacional, recordando que jornalistas gozam de prote\u00e7\u00e3o em tempo de guerra. O Ex\u00e9rcito israelita apresentou uma vers\u00e3o divergente, afirmando que Ali Hassan Shaib atuava dentro da organiza\u00e7\u00e3o Hezbollah disfar\u00e7ado de jornalista, e que o respons\u00e1vel expunha a localiza\u00e7\u00e3o de soldados israelitas; o comunicado n\u00e3o menciona as outras mortes entre profissionais de comunica\u00e7\u00e3o e socorristas. Segundo o comunicado, cinco dos socorristas pertenciam ao Comit\u00e9 Isl\u00e2mico do Hezbollah e quatro eram param\u00e9dicos do Movimento Amal, ambos envolvidos em miss\u00f5es de resgate ap\u00f3s bombardeamentos.","og_url":"https:\/\/portaltela.pt\/noticias\/2026\/03\/28\/israel-mata-reporteres-e-socorristas-no-sul-do-libano\/","og_site_name":"Portal Tela Portugal","article_published_time":"2026-03-29T01:32:28+00:00","author":"Telinha","twitter_card":"summary_large_image","twitter_misc":{"Escrito por":"Telinha","Tempo estimado de leitura":"1 minuto"},"schema":{"@context":"https:\/\/schema.org","@graph":[{"@type":"Article","@id":"https:\/\/portaltela.pt\/noticias\/2026\/03\/28\/israel-mata-reporteres-e-socorristas-no-sul-do-libano\/#article","isPartOf":{"@id":"https:\/\/portaltela.pt\/noticias\/2026\/03\/28\/israel-mata-reporteres-e-socorristas-no-sul-do-libano\/"},"author":{"name":"Telinha","@id":"https:\/\/portaltela.pt\/#\/schema\/person\/c4278d4a6028830caff9ee44b42d32ed"},"headline":"Israel mata rep\u00f3rteres e socorristas no sul do L\u00edbano","datePublished":"2026-03-29T01:32:28+00:00","mainEntityOfPage":{"@id":"https:\/\/portaltela.pt\/noticias\/2026\/03\/28\/israel-mata-reporteres-e-socorristas-no-sul-do-libano\/"},"wordCount":215,"image":{"@id":"https:\/\/portaltela.pt\/noticias\/2026\/03\/28\/israel-mata-reporteres-e-socorristas-no-sul-do-libano\/#primaryimage"},"thumbnailUrl":"https:\/\/portaltela.pt\/s.01k8rhncp4jt1\/2026\/03\/img_1500x1000uu2026-03-28-21-04-40-2275367.jpg","keywords":["direitos humanos","direitos internacionais","guerra","Israel","jornalistas","L\u00edbano"],"articleSection":["Conflitos","Guerra"],"inLanguage":"pt-PT"},{"@type":"WebPage","@id":"https:\/\/portaltela.pt\/noticias\/2026\/03\/28\/israel-mata-reporteres-e-socorristas-no-sul-do-libano\/","url":"https:\/\/portaltela.pt\/noticias\/2026\/03\/28\/israel-mata-reporteres-e-socorristas-no-sul-do-libano\/","name":"Israel mata rep\u00f3rteres e socorristas no sul do L\u00edbano - Portal Tela Portugal","isPartOf":{"@id":"https:\/\/portaltela.pt\/#website"},"primaryImageOfPage":{"@id":"https:\/\/portaltela.pt\/noticias\/2026\/03\/28\/israel-mata-reporteres-e-socorristas-no-sul-do-libano\/#primaryimage"},"image":{"@id":"https:\/\/portaltela.pt\/noticias\/2026\/03\/28\/israel-mata-reporteres-e-socorristas-no-sul-do-libano\/#primaryimage"},"thumbnailUrl":"https:\/\/portaltela.pt\/s.01k8rhncp4jt1\/2026\/03\/img_1500x1000uu2026-03-28-21-04-40-2275367.jpg","datePublished":"2026-03-29T01:32:28+00:00","author":{"@id":"https:\/\/portaltela.pt\/#\/schema\/person\/c4278d4a6028830caff9ee44b42d32ed"},"breadcrumb":{"@id":"https:\/\/portaltela.pt\/noticias\/2026\/03\/28\/israel-mata-reporteres-e-socorristas-no-sul-do-libano\/#breadcrumb"},"inLanguage":"pt-PT","potentialAction":[{"@type":"ReadAction","target":["https:\/\/portaltela.pt\/noticias\/2026\/03\/28\/israel-mata-reporteres-e-socorristas-no-sul-do-libano\/"]}]},{"@type":"ImageObject","inLanguage":"pt-PT","@id":"https:\/\/portaltela.pt\/noticias\/2026\/03\/28\/israel-mata-reporteres-e-socorristas-no-sul-do-libano\/#primaryimage","url":"https:\/\/portaltela.pt\/s.01k8rhncp4jt1\/2026\/03\/img_1500x1000uu2026-03-28-21-04-40-2275367.jpg","contentUrl":"https:\/\/portaltela.pt\/s.01k8rhncp4jt1\/2026\/03\/img_1500x1000uu2026-03-28-21-04-40-2275367.jpg","width":796,"height":448,"caption":"V\u00edtimas foram atingidas por tr\u00eas m\u00edsseis disparados pela avia\u00e7\u00e3o israelita"},{"@type":"BreadcrumbList","@id":"https:\/\/portaltela.pt\/noticias\/2026\/03\/28\/israel-mata-reporteres-e-socorristas-no-sul-do-libano\/#breadcrumb","itemListElement":[{"@type":"ListItem","position":1,"name":"In\u00edcio","item":"https:\/\/portaltela.pt\/"},{"@type":"ListItem","position":2,"name":"Israel mata rep\u00f3rteres e socorristas no sul do L\u00edbano"}]},{"@type":"WebSite","@id":"https:\/\/portaltela.pt\/#website","url":"https:\/\/portaltela.pt\/","name":"Portal Tela Portugal","description":"","potentialAction":[{"@type":"SearchAction","target":{"@type":"EntryPoint","urlTemplate":"https:\/\/portaltela.pt\/?s={search_term_string}"},"query-input":{"@type":"PropertyValueSpecification","valueRequired":true,"valueName":"search_term_string"}}],"inLanguage":"pt-PT"},{"@type":"Person","@id":"https:\/\/portaltela.pt\/#\/schema\/person\/c4278d4a6028830caff9ee44b42d32ed","name":"Telinha","image":{"@type":"ImageObject","inLanguage":"pt-PT","@id":"https:\/\/portaltela.pt\/s.01k8rhncp4jt1\/2025\/11\/talking-bot-125x125.png","url":"https:\/\/portaltela.pt\/s.01k8rhncp4jt1\/2025\/11\/talking-bot-125x125.png","contentUrl":"https:\/\/portaltela.pt\/s.01k8rhncp4jt1\/2025\/11\/talking-bot-125x125.png","caption":"Telinha"},"sameAs":["https:\/\/portaltela.pt\/"],"url":"https:\/\/portaltela.pt\/por\/367410592786\/"}]}},"_links":{"self":[{"href":"https:\/\/portaltela.pt\/api\/wp\/v2\/posts\/425548","targetHints":{"allow":["GET"]}}],"collection":[{"href":"https:\/\/portaltela.pt\/api\/wp\/v2\/posts"}],"about":[{"href":"https:\/\/portaltela.pt\/api\/wp\/v2\/types\/post"}],"author":[{"embeddable":true,"href":"https:\/\/portaltela.pt\/api\/wp\/v2\/users\/2"}],"replies":[{"embeddable":true,"href":"https:\/\/portaltela.pt\/api\/wp\/v2\/comments?post=425548"}],"version-history":[{"count":0,"href":"https:\/\/portaltela.pt\/api\/wp\/v2\/posts\/425548\/revisions"}],"wp:featuredmedia":[{"embeddable":true,"href":"https:\/\/portaltela.pt\/api\/wp\/v2\/media\/425549"}],"wp:attachment":[{"href":"https:\/\/portaltela.pt\/api\/wp\/v2\/media?parent=425548"}],"wp:term":[{"taxonomy":"category","embeddable":true,"href":"https:\/\/portaltela.pt\/api\/wp\/v2\/categories?post=425548"},{"taxonomy":"post_tag","embeddable":true,"href":"https:\/\/portaltela.pt\/api\/wp\/v2\/tags?post=425548"}],"curies":[{"name":"wp","href":"https:\/\/api.w.org\/{rel}","templated":true}]}}