{"id":425540,"date":"2026-03-28T22:32:03","date_gmt":"2026-03-29T01:32:03","guid":{"rendered":"https:\/\/portaltela.pt\/noticias\/2026\/03\/28\/jose-saramago-deixa-de-ser-materia-obrigatoria-no-ensino-em-portugal\/"},"modified":"2026-03-28T22:32:03","modified_gmt":"2026-03-29T01:32:03","slug":"jose-saramago-deixa-de-ser-materia-obrigatoria-no-ensino-em-portugal","status":"publish","type":"post","link":"https:\/\/portaltela.pt\/noticias\/2026\/03\/28\/jose-saramago-deixa-de-ser-materia-obrigatoria-no-ensino-em-portugal\/","title":{"rendered":"Jos\u00e9 Saramago deixa de ser mat\u00e9ria obrigat\u00f3ria no ensino em Portugal"},"content":{"rendered":"<p>O ensino de Jos\u00e9 Saramago deixa de ser obrigat\u00f3rio no curr\u00edculo escolar de Portugal. A mudan\u00e7a faz parte da proposta de revis\u00e3o do documento Aprendizagens Essenciais (AE), atualmente em discuss\u00e3o p\u00fablica pelo Minist\u00e9rio da Educa\u00e7\u00e3o, Ci\u00eancia e Inova\u00e7\u00e3o (MECI).<\/p>\n<p>Segundo a proposta, as obras do \u00fanico Pr\u00e9mio Nobel da Literatura Portuguesa j\u00e1 n\u00e3o obrigar\u00e3o as escolas a ensin\u00e1-las de forma central no 12\u00ba ano. Mant\u00eam-se, por\u00e9m, op\u00e7\u00f5es de leitura recomendadas conforme o estabelecimento.<\/p>\n<p>Atualmente, os alunos do 12\u00ba ano t\u00eam de abordar Memorial do Convento ou O Ano da Morte de Ricardo Reis, com as escolas a escolher entre a leitura integral de uma das obras. A revis\u00e3o visa ajustar o modelo de conte\u00fados aos objetivos de aprendizagem.<\/p>\n<h3>Contexto atual<\/h3>\n<p>As mudan\u00e7as inserem-se numa altera\u00e7\u00e3o mais ampla do conjunto de aprendizagens essenciais, que pode impactar planos curriculares, metodologias de ensino e avalia\u00e7\u00e3o. O MECI abriu o processo de consulta p\u00fablica para recolher contributos.<\/p>\n<p>As autoridades indicam que a retirada da obrigatoriedade n\u00e3o implica aus\u00eancia de Saramago no curr\u00edculo, mas sim maior flexibilidade para escolha de obras conforme o desenho pedag\u00f3gico de cada escola.<\/p>\n","protected":false},"excerpt":{"rendered":"<ul>\n<li>Jos\u00e9 Saramago deixa de ser obrigat\u00f3rio no ensino em Portugal, conforme a proposta de revis\u00e3o das Aprendizagens Essenciais (AE).<\/li>\n<li>A proposta est\u00e1 em discuss\u00e3o p\u00fablica pelo Minist\u00e9rio da Educa\u00e7\u00e3o, Ci\u00eancia e Inova\u00e7\u00e3o (MECI).<\/li>\n<li>Atualmente, as obras do \u00fanico Pr\u00e9mio Nobel da literatura portugu\u00eas s\u00e3o lecionadas no 12.\u00ba ano.<\/li>\n<li>As escolas podem escolher entre a leitura integral do Memorial do Convento ou de O Ano da Morte de Ricardo Reis.<\/li>\n<li>A mudan\u00e7a insere-se numa revis\u00e3o curricular em curso no \u00e2mbito das AE.<\/li>\n<\/ul>\n","protected":false},"author":2,"featured_media":425541,"comment_status":"closed","ping_status":"closed","sticky":false,"template":"","format":"standard","meta":{"footnotes":""},"categories":[7375,1],"tags":[163,2443,92,106,3030,1014],"class_list":["post-425540","post","type-post","status-publish","format-standard","has-post-thumbnail","hentry","category-cultura","category-noticias","tag-educacao","tag-educacao-publica","tag-ensino","tag-literatura","tag-memoria-literaria","tag-portugal"],"yoast_head":"<!-- This site is optimized with the Yoast SEO plugin v27.2 - https:\/\/yoast.com\/product\/yoast-seo-wordpress\/ -->\n<title>Jos\u00e9 Saramago deixa de ser mat\u00e9ria obrigat\u00f3ria no ensino em Portugal - Portal Tela Portugal<\/title>\n<meta name=\"robots\" content=\"index, follow, max-snippet:-1, max-image-preview:large, max-video-preview:-1\" \/>\n<meta property=\"og:locale\" content=\"pt_PT\" \/>\n<meta property=\"og:type\" content=\"article\" \/>\n<meta property=\"og:title\" content=\"Jos\u00e9 Saramago deixa de ser mat\u00e9ria obrigat\u00f3ria no ensino em Portugal - Portal Tela Portugal\" \/>\n<meta property=\"og:description\" content=\"Jos\u00e9 Saramago deixa de ser obrigat\u00f3rio no ensino em Portugal, conforme a proposta de revis\u00e3o das Aprendizagens Essenciais (AE). A proposta est\u00e1 em discuss\u00e3o p\u00fablica pelo Minist\u00e9rio da Educa\u00e7\u00e3o, Ci\u00eancia e Inova\u00e7\u00e3o (MECI). Atualmente, as obras do \u00fanico Pr\u00e9mio Nobel da literatura portugu\u00eas s\u00e3o lecionadas no 12.\u00ba ano. As escolas podem escolher entre a leitura integral do Memorial do Convento ou de O Ano da Morte de Ricardo Reis. A mudan\u00e7a insere-se numa revis\u00e3o curricular em curso no \u00e2mbito das AE.\" \/>\n<meta property=\"og:url\" content=\"https:\/\/portaltela.pt\/noticias\/2026\/03\/28\/jose-saramago-deixa-de-ser-materia-obrigatoria-no-ensino-em-portugal\/\" \/>\n<meta property=\"og:site_name\" content=\"Portal Tela Portugal\" \/>\n<meta property=\"article:published_time\" content=\"2026-03-29T01:32:03+00:00\" \/>\n<meta name=\"author\" content=\"Telinha\" \/>\n<meta name=\"twitter:card\" content=\"summary_large_image\" \/>\n<meta name=\"twitter:label1\" content=\"Escrito por\" \/>\n\t<meta name=\"twitter:data1\" content=\"Telinha\" \/>\n\t<meta name=\"twitter:label2\" content=\"Tempo estimado de leitura\" \/>\n\t<meta name=\"twitter:data2\" content=\"1 minuto\" \/>\n<script type=\"application\/ld+json\" class=\"yoast-schema-graph\">{\"@context\":\"https:\/\/schema.org\",\"@graph\":[{\"@type\":\"Article\",\"@id\":\"https:\/\/portaltela.pt\/noticias\/2026\/03\/28\/jose-saramago-deixa-de-ser-materia-obrigatoria-no-ensino-em-portugal\/#article\",\"isPartOf\":{\"@id\":\"https:\/\/portaltela.pt\/noticias\/2026\/03\/28\/jose-saramago-deixa-de-ser-materia-obrigatoria-no-ensino-em-portugal\/\"},\"author\":{\"name\":\"Telinha\",\"@id\":\"https:\/\/portaltela.pt\/#\/schema\/person\/c4278d4a6028830caff9ee44b42d32ed\"},\"headline\":\"Jos\u00e9 Saramago deixa de ser mat\u00e9ria obrigat\u00f3ria no ensino em Portugal\",\"datePublished\":\"2026-03-29T01:32:03+00:00\",\"mainEntityOfPage\":{\"@id\":\"https:\/\/portaltela.pt\/noticias\/2026\/03\/28\/jose-saramago-deixa-de-ser-materia-obrigatoria-no-ensino-em-portugal\/\"},\"wordCount\":222,\"image\":{\"@id\":\"https:\/\/portaltela.pt\/noticias\/2026\/03\/28\/jose-saramago-deixa-de-ser-materia-obrigatoria-no-ensino-em-portugal\/#primaryimage\"},\"thumbnailUrl\":\"https:\/\/portaltela.pt\/s.01k8rhncp4jt1\/2026\/03\/img_1500x1000uu2020-10-08-20-09-00-981356.jpg\",\"keywords\":[\"educa\u00e7\u00e3o\",\"educa\u00e7\u00e3o p\u00fablica\",\"ensino\",\"literatura\",\"mem\u00f3ria liter\u00e1ria\",\"Portugal\"],\"articleSection\":[\"Cultura\",\"Not\u00edcias\"],\"inLanguage\":\"pt-PT\"},{\"@type\":\"WebPage\",\"@id\":\"https:\/\/portaltela.pt\/noticias\/2026\/03\/28\/jose-saramago-deixa-de-ser-materia-obrigatoria-no-ensino-em-portugal\/\",\"url\":\"https:\/\/portaltela.pt\/noticias\/2026\/03\/28\/jose-saramago-deixa-de-ser-materia-obrigatoria-no-ensino-em-portugal\/\",\"name\":\"Jos\u00e9 Saramago deixa de ser mat\u00e9ria obrigat\u00f3ria no ensino em Portugal - Portal Tela Portugal\",\"isPartOf\":{\"@id\":\"https:\/\/portaltela.pt\/#website\"},\"primaryImageOfPage\":{\"@id\":\"https:\/\/portaltela.pt\/noticias\/2026\/03\/28\/jose-saramago-deixa-de-ser-materia-obrigatoria-no-ensino-em-portugal\/#primaryimage\"},\"image\":{\"@id\":\"https:\/\/portaltela.pt\/noticias\/2026\/03\/28\/jose-saramago-deixa-de-ser-materia-obrigatoria-no-ensino-em-portugal\/#primaryimage\"},\"thumbnailUrl\":\"https:\/\/portaltela.pt\/s.01k8rhncp4jt1\/2026\/03\/img_1500x1000uu2020-10-08-20-09-00-981356.jpg\",\"datePublished\":\"2026-03-29T01:32:03+00:00\",\"author\":{\"@id\":\"https:\/\/portaltela.pt\/#\/schema\/person\/c4278d4a6028830caff9ee44b42d32ed\"},\"breadcrumb\":{\"@id\":\"https:\/\/portaltela.pt\/noticias\/2026\/03\/28\/jose-saramago-deixa-de-ser-materia-obrigatoria-no-ensino-em-portugal\/#breadcrumb\"},\"inLanguage\":\"pt-PT\",\"potentialAction\":[{\"@type\":\"ReadAction\",\"target\":[\"https:\/\/portaltela.pt\/noticias\/2026\/03\/28\/jose-saramago-deixa-de-ser-materia-obrigatoria-no-ensino-em-portugal\/\"]}]},{\"@type\":\"ImageObject\",\"inLanguage\":\"pt-PT\",\"@id\":\"https:\/\/portaltela.pt\/noticias\/2026\/03\/28\/jose-saramago-deixa-de-ser-materia-obrigatoria-no-ensino-em-portugal\/#primaryimage\",\"url\":\"https:\/\/portaltela.pt\/s.01k8rhncp4jt1\/2026\/03\/img_1500x1000uu2020-10-08-20-09-00-981356.jpg\",\"contentUrl\":\"https:\/\/portaltela.pt\/s.01k8rhncp4jt1\/2026\/03\/img_1500x1000uu2020-10-08-20-09-00-981356.jpg\",\"width\":796,\"height\":448,\"caption\":\"Jos\u00e9 Saramago ganhou o pr\u00e9mio Nobel da literatura em 1998\"},{\"@type\":\"BreadcrumbList\",\"@id\":\"https:\/\/portaltela.pt\/noticias\/2026\/03\/28\/jose-saramago-deixa-de-ser-materia-obrigatoria-no-ensino-em-portugal\/#breadcrumb\",\"itemListElement\":[{\"@type\":\"ListItem\",\"position\":1,\"name\":\"In\u00edcio\",\"item\":\"https:\/\/portaltela.pt\/\"},{\"@type\":\"ListItem\",\"position\":2,\"name\":\"Jos\u00e9 Saramago deixa de ser mat\u00e9ria obrigat\u00f3ria no ensino em Portugal\"}]},{\"@type\":\"WebSite\",\"@id\":\"https:\/\/portaltela.pt\/#website\",\"url\":\"https:\/\/portaltela.pt\/\",\"name\":\"Portal Tela Portugal\",\"description\":\"\",\"potentialAction\":[{\"@type\":\"SearchAction\",\"target\":{\"@type\":\"EntryPoint\",\"urlTemplate\":\"https:\/\/portaltela.pt\/?s={search_term_string}\"},\"query-input\":{\"@type\":\"PropertyValueSpecification\",\"valueRequired\":true,\"valueName\":\"search_term_string\"}}],\"inLanguage\":\"pt-PT\"},{\"@type\":\"Person\",\"@id\":\"https:\/\/portaltela.pt\/#\/schema\/person\/c4278d4a6028830caff9ee44b42d32ed\",\"name\":\"Telinha\",\"image\":{\"@type\":\"ImageObject\",\"inLanguage\":\"pt-PT\",\"@id\":\"https:\/\/portaltela.pt\/s.01k8rhncp4jt1\/2025\/11\/talking-bot-125x125.png\",\"url\":\"https:\/\/portaltela.pt\/s.01k8rhncp4jt1\/2025\/11\/talking-bot-125x125.png\",\"contentUrl\":\"https:\/\/portaltela.pt\/s.01k8rhncp4jt1\/2025\/11\/talking-bot-125x125.png\",\"caption\":\"Telinha\"},\"sameAs\":[\"https:\/\/portaltela.pt\/\"],\"url\":\"https:\/\/portaltela.pt\/por\/367410592786\/\"}]}<\/script>\n<!-- \/ Yoast SEO plugin. -->","yoast_head_json":{"title":"Jos\u00e9 Saramago deixa de ser mat\u00e9ria obrigat\u00f3ria no ensino em Portugal - Portal Tela Portugal","robots":{"index":"index","follow":"follow","max-snippet":"max-snippet:-1","max-image-preview":"max-image-preview:large","max-video-preview":"max-video-preview:-1"},"og_locale":"pt_PT","og_type":"article","og_title":"Jos\u00e9 Saramago deixa de ser mat\u00e9ria obrigat\u00f3ria no ensino em Portugal - Portal Tela Portugal","og_description":"Jos\u00e9 Saramago deixa de ser obrigat\u00f3rio no ensino em Portugal, conforme a proposta de revis\u00e3o das Aprendizagens Essenciais (AE). A proposta est\u00e1 em discuss\u00e3o p\u00fablica pelo Minist\u00e9rio da Educa\u00e7\u00e3o, Ci\u00eancia e Inova\u00e7\u00e3o (MECI). Atualmente, as obras do \u00fanico Pr\u00e9mio Nobel da literatura portugu\u00eas s\u00e3o lecionadas no 12.\u00ba ano. As escolas podem escolher entre a leitura integral do Memorial do Convento ou de O Ano da Morte de Ricardo Reis. A mudan\u00e7a insere-se numa revis\u00e3o curricular em curso no \u00e2mbito das AE.","og_url":"https:\/\/portaltela.pt\/noticias\/2026\/03\/28\/jose-saramago-deixa-de-ser-materia-obrigatoria-no-ensino-em-portugal\/","og_site_name":"Portal Tela Portugal","article_published_time":"2026-03-29T01:32:03+00:00","author":"Telinha","twitter_card":"summary_large_image","twitter_misc":{"Escrito por":"Telinha","Tempo estimado de leitura":"1 minuto"},"schema":{"@context":"https:\/\/schema.org","@graph":[{"@type":"Article","@id":"https:\/\/portaltela.pt\/noticias\/2026\/03\/28\/jose-saramago-deixa-de-ser-materia-obrigatoria-no-ensino-em-portugal\/#article","isPartOf":{"@id":"https:\/\/portaltela.pt\/noticias\/2026\/03\/28\/jose-saramago-deixa-de-ser-materia-obrigatoria-no-ensino-em-portugal\/"},"author":{"name":"Telinha","@id":"https:\/\/portaltela.pt\/#\/schema\/person\/c4278d4a6028830caff9ee44b42d32ed"},"headline":"Jos\u00e9 Saramago deixa de ser mat\u00e9ria obrigat\u00f3ria no ensino em Portugal","datePublished":"2026-03-29T01:32:03+00:00","mainEntityOfPage":{"@id":"https:\/\/portaltela.pt\/noticias\/2026\/03\/28\/jose-saramago-deixa-de-ser-materia-obrigatoria-no-ensino-em-portugal\/"},"wordCount":222,"image":{"@id":"https:\/\/portaltela.pt\/noticias\/2026\/03\/28\/jose-saramago-deixa-de-ser-materia-obrigatoria-no-ensino-em-portugal\/#primaryimage"},"thumbnailUrl":"https:\/\/portaltela.pt\/s.01k8rhncp4jt1\/2026\/03\/img_1500x1000uu2020-10-08-20-09-00-981356.jpg","keywords":["educa\u00e7\u00e3o","educa\u00e7\u00e3o p\u00fablica","ensino","literatura","mem\u00f3ria liter\u00e1ria","Portugal"],"articleSection":["Cultura","Not\u00edcias"],"inLanguage":"pt-PT"},{"@type":"WebPage","@id":"https:\/\/portaltela.pt\/noticias\/2026\/03\/28\/jose-saramago-deixa-de-ser-materia-obrigatoria-no-ensino-em-portugal\/","url":"https:\/\/portaltela.pt\/noticias\/2026\/03\/28\/jose-saramago-deixa-de-ser-materia-obrigatoria-no-ensino-em-portugal\/","name":"Jos\u00e9 Saramago deixa de ser mat\u00e9ria obrigat\u00f3ria no ensino em Portugal - Portal Tela Portugal","isPartOf":{"@id":"https:\/\/portaltela.pt\/#website"},"primaryImageOfPage":{"@id":"https:\/\/portaltela.pt\/noticias\/2026\/03\/28\/jose-saramago-deixa-de-ser-materia-obrigatoria-no-ensino-em-portugal\/#primaryimage"},"image":{"@id":"https:\/\/portaltela.pt\/noticias\/2026\/03\/28\/jose-saramago-deixa-de-ser-materia-obrigatoria-no-ensino-em-portugal\/#primaryimage"},"thumbnailUrl":"https:\/\/portaltela.pt\/s.01k8rhncp4jt1\/2026\/03\/img_1500x1000uu2020-10-08-20-09-00-981356.jpg","datePublished":"2026-03-29T01:32:03+00:00","author":{"@id":"https:\/\/portaltela.pt\/#\/schema\/person\/c4278d4a6028830caff9ee44b42d32ed"},"breadcrumb":{"@id":"https:\/\/portaltela.pt\/noticias\/2026\/03\/28\/jose-saramago-deixa-de-ser-materia-obrigatoria-no-ensino-em-portugal\/#breadcrumb"},"inLanguage":"pt-PT","potentialAction":[{"@type":"ReadAction","target":["https:\/\/portaltela.pt\/noticias\/2026\/03\/28\/jose-saramago-deixa-de-ser-materia-obrigatoria-no-ensino-em-portugal\/"]}]},{"@type":"ImageObject","inLanguage":"pt-PT","@id":"https:\/\/portaltela.pt\/noticias\/2026\/03\/28\/jose-saramago-deixa-de-ser-materia-obrigatoria-no-ensino-em-portugal\/#primaryimage","url":"https:\/\/portaltela.pt\/s.01k8rhncp4jt1\/2026\/03\/img_1500x1000uu2020-10-08-20-09-00-981356.jpg","contentUrl":"https:\/\/portaltela.pt\/s.01k8rhncp4jt1\/2026\/03\/img_1500x1000uu2020-10-08-20-09-00-981356.jpg","width":796,"height":448,"caption":"Jos\u00e9 Saramago ganhou o pr\u00e9mio Nobel da literatura em 1998"},{"@type":"BreadcrumbList","@id":"https:\/\/portaltela.pt\/noticias\/2026\/03\/28\/jose-saramago-deixa-de-ser-materia-obrigatoria-no-ensino-em-portugal\/#breadcrumb","itemListElement":[{"@type":"ListItem","position":1,"name":"In\u00edcio","item":"https:\/\/portaltela.pt\/"},{"@type":"ListItem","position":2,"name":"Jos\u00e9 Saramago deixa de ser mat\u00e9ria obrigat\u00f3ria no ensino em Portugal"}]},{"@type":"WebSite","@id":"https:\/\/portaltela.pt\/#website","url":"https:\/\/portaltela.pt\/","name":"Portal Tela Portugal","description":"","potentialAction":[{"@type":"SearchAction","target":{"@type":"EntryPoint","urlTemplate":"https:\/\/portaltela.pt\/?s={search_term_string}"},"query-input":{"@type":"PropertyValueSpecification","valueRequired":true,"valueName":"search_term_string"}}],"inLanguage":"pt-PT"},{"@type":"Person","@id":"https:\/\/portaltela.pt\/#\/schema\/person\/c4278d4a6028830caff9ee44b42d32ed","name":"Telinha","image":{"@type":"ImageObject","inLanguage":"pt-PT","@id":"https:\/\/portaltela.pt\/s.01k8rhncp4jt1\/2025\/11\/talking-bot-125x125.png","url":"https:\/\/portaltela.pt\/s.01k8rhncp4jt1\/2025\/11\/talking-bot-125x125.png","contentUrl":"https:\/\/portaltela.pt\/s.01k8rhncp4jt1\/2025\/11\/talking-bot-125x125.png","caption":"Telinha"},"sameAs":["https:\/\/portaltela.pt\/"],"url":"https:\/\/portaltela.pt\/por\/367410592786\/"}]}},"_links":{"self":[{"href":"https:\/\/portaltela.pt\/api\/wp\/v2\/posts\/425540","targetHints":{"allow":["GET"]}}],"collection":[{"href":"https:\/\/portaltela.pt\/api\/wp\/v2\/posts"}],"about":[{"href":"https:\/\/portaltela.pt\/api\/wp\/v2\/types\/post"}],"author":[{"embeddable":true,"href":"https:\/\/portaltela.pt\/api\/wp\/v2\/users\/2"}],"replies":[{"embeddable":true,"href":"https:\/\/portaltela.pt\/api\/wp\/v2\/comments?post=425540"}],"version-history":[{"count":0,"href":"https:\/\/portaltela.pt\/api\/wp\/v2\/posts\/425540\/revisions"}],"wp:featuredmedia":[{"embeddable":true,"href":"https:\/\/portaltela.pt\/api\/wp\/v2\/media\/425541"}],"wp:attachment":[{"href":"https:\/\/portaltela.pt\/api\/wp\/v2\/media?parent=425540"}],"wp:term":[{"taxonomy":"category","embeddable":true,"href":"https:\/\/portaltela.pt\/api\/wp\/v2\/categories?post=425540"},{"taxonomy":"post_tag","embeddable":true,"href":"https:\/\/portaltela.pt\/api\/wp\/v2\/tags?post=425540"}],"curies":[{"name":"wp","href":"https:\/\/api.w.org\/{rel}","templated":true}]}}