{"id":425538,"date":"2026-03-28T21:53:51","date_gmt":"2026-03-29T00:53:51","guid":{"rendered":"https:\/\/portaltela.pt\/noticias\/2026\/03\/28\/sofia-araujo-e-claudia-fernandez-eliminadas-nas-meias-finais-do-miami-p1\/"},"modified":"2026-03-28T21:53:51","modified_gmt":"2026-03-29T00:53:51","slug":"sofia-araujo-e-claudia-fernandez-eliminadas-nas-meias-finais-do-miami-p1","status":"publish","type":"post","link":"https:\/\/portaltela.pt\/desporto\/futebol\/2026\/03\/28\/sofia-araujo-e-claudia-fernandez-eliminadas-nas-meias-finais-do-miami-p1\/","title":{"rendered":"Sofia Ara\u00fajo e Claudia Fern\u00e1ndez eliminadas nas meias-finais do Miami P1"},"content":{"rendered":"<p>Sofia Ara\u00fajo e Claudia Fern\u00e1ndez foram eliminadas nas meias-finais do Miami P1, diante das l\u00edderes mundiais, Gema Triay e Delfi Brea, com parciais de 6-3 e 6-2. A dupla espanhola-argentina levou vantagem ao longo do encontro e garantiu o lugar na final.<\/p>\n<p>O confronto come\u00e7ou equilibrado, com cada equipa a confirmar os servi\u00e7os. A meio do primeiro set, Triay e Brea subiram o n\u00edvel e passaram a controlar o ritmo da partidas.<\/p>\n<h3>Dom\u00ednio das favoritas<\/h3>\n<p>Com consist\u00eancia e quase sem erros, Triay e Brea abriram uma vantagem s\u00f3lida e fecharam o primeiro set em 6-3. No segundo parcial, mantiveram o dom\u00ednio e venceram por 6-2, sem permitir rea\u00e7\u00e3o \u00e0s advers\u00e1rias.<\/p>\n<p>Apesar da derrota, Sofia Ara\u00fajo e Claudia Fern\u00e1ndez terminam a participa\u00e7\u00e3o em Miami com o objetivo alcan\u00e7ado, repetindo as meias-finais da prova inaugural do ano, disputada em Riade.<\/p>\n","protected":false},"excerpt":{"rendered":"<ul>\n<li>Sofia Ara\u00fajo e Claudia Fern\u00e1ndez foram eliminadas nas meias-finais do Miami P1 frente \u00e0s l\u00edderes mundiais Gema Triay e Delfi Brea, por seis-tr\u00eas e seis-duas.<\/li>\n<li>O encontro come\u00e7ou equilibrado, com as duplas a segurarem os servi\u00e7os at\u00e9 \u00e0 metade do primeiro set.<\/li>\n<li>A partir da\u00ed, Triay e Brea subiram o n\u00edvel e assumiram o controlo da partida com uma exibi\u00e7\u00e3o consistente.<\/li>\n<li>Apesar da derrota, as portuguesas terminaram o torneio nas meias-finais, repetindo a fa\u00e7anha de Riade, primeira prova do ano.<\/li>\n<\/ul>\n","protected":false},"author":2,"featured_media":425539,"comment_status":"closed","ping_status":"closed","sticky":false,"template":"","format":"standard","meta":{"footnotes":""},"categories":[21,24],"tags":[152,2681,4083,94,7232],"class_list":["post-425538","post","type-post","status-publish","format-standard","has-post-thumbnail","hentry","category-desporto","category-futebol","tag-desporto","tag-desporto-internacional","tag-riade","tag-tenis","tag-tenistas-internacionais"],"yoast_head":"<!-- This site is optimized with the Yoast SEO plugin v27.2 - https:\/\/yoast.com\/product\/yoast-seo-wordpress\/ -->\n<title>Sofia Ara\u00fajo e Claudia Fern\u00e1ndez eliminadas nas meias-finais do Miami P1 - Portal Tela Portugal<\/title>\n<meta name=\"robots\" content=\"index, follow, max-snippet:-1, max-image-preview:large, max-video-preview:-1\" \/>\n<meta property=\"og:locale\" content=\"pt_PT\" \/>\n<meta property=\"og:type\" content=\"article\" \/>\n<meta property=\"og:title\" content=\"Sofia Ara\u00fajo e Claudia Fern\u00e1ndez eliminadas nas meias-finais do Miami P1 - Portal Tela Portugal\" \/>\n<meta property=\"og:description\" content=\"Sofia Ara\u00fajo e Claudia Fern\u00e1ndez foram eliminadas nas meias-finais do Miami P1 frente \u00e0s l\u00edderes mundiais Gema Triay e Delfi Brea, por seis-tr\u00eas e seis-duas. O encontro come\u00e7ou equilibrado, com as duplas a segurarem os servi\u00e7os at\u00e9 \u00e0 metade do primeiro set. A partir da\u00ed, Triay e Brea subiram o n\u00edvel e assumiram o controlo da partida com uma exibi\u00e7\u00e3o consistente. Apesar da derrota, as portuguesas terminaram o torneio nas meias-finais, repetindo a fa\u00e7anha de Riade, primeira prova do ano.\" \/>\n<meta property=\"og:url\" content=\"https:\/\/portaltela.pt\/noticias\/2026\/03\/28\/sofia-araujo-e-claudia-fernandez-eliminadas-nas-meias-finais-do-miami-p1\/\" \/>\n<meta property=\"og:site_name\" content=\"Portal Tela Portugal\" \/>\n<meta property=\"article:published_time\" content=\"2026-03-29T00:53:51+00:00\" \/>\n<meta name=\"author\" content=\"Telinha\" \/>\n<meta name=\"twitter:card\" content=\"summary_large_image\" \/>\n<meta name=\"twitter:label1\" content=\"Escrito por\" \/>\n\t<meta name=\"twitter:data1\" content=\"Telinha\" \/>\n\t<meta name=\"twitter:label2\" content=\"Tempo estimado de leitura\" \/>\n\t<meta name=\"twitter:data2\" content=\"1 minuto\" \/>\n<script type=\"application\/ld+json\" class=\"yoast-schema-graph\">{\"@context\":\"https:\/\/schema.org\",\"@graph\":[{\"@type\":\"Article\",\"@id\":\"https:\/\/portaltela.pt\/noticias\/2026\/03\/28\/sofia-araujo-e-claudia-fernandez-eliminadas-nas-meias-finais-do-miami-p1\/#article\",\"isPartOf\":{\"@id\":\"https:\/\/portaltela.pt\/noticias\/2026\/03\/28\/sofia-araujo-e-claudia-fernandez-eliminadas-nas-meias-finais-do-miami-p1\/\"},\"author\":{\"name\":\"Telinha\",\"@id\":\"https:\/\/portaltela.pt\/#\/schema\/person\/c4278d4a6028830caff9ee44b42d32ed\"},\"headline\":\"Sofia Ara\u00fajo e Claudia Fern\u00e1ndez eliminadas nas meias-finais do Miami P1\",\"datePublished\":\"2026-03-29T00:53:51+00:00\",\"mainEntityOfPage\":{\"@id\":\"https:\/\/portaltela.pt\/noticias\/2026\/03\/28\/sofia-araujo-e-claudia-fernandez-eliminadas-nas-meias-finais-do-miami-p1\/\"},\"wordCount\":167,\"image\":{\"@id\":\"https:\/\/portaltela.pt\/noticias\/2026\/03\/28\/sofia-araujo-e-claudia-fernandez-eliminadas-nas-meias-finais-do-miami-p1\/#primaryimage\"},\"thumbnailUrl\":\"https:\/\/portaltela.pt\/s.01k8rhncp4jt1\/2026\/03\/img_920x518uu2026-03-29-00-53-39-2429937.jpg\",\"keywords\":[\"desporto\",\"desporto internacional\",\"Riade\",\"t\u00eanis\",\"tenistas internacionais\"],\"articleSection\":[\"Desporto\",\"Futebol\"],\"inLanguage\":\"pt-PT\"},{\"@type\":\"WebPage\",\"@id\":\"https:\/\/portaltela.pt\/noticias\/2026\/03\/28\/sofia-araujo-e-claudia-fernandez-eliminadas-nas-meias-finais-do-miami-p1\/\",\"url\":\"https:\/\/portaltela.pt\/noticias\/2026\/03\/28\/sofia-araujo-e-claudia-fernandez-eliminadas-nas-meias-finais-do-miami-p1\/\",\"name\":\"Sofia Ara\u00fajo e Claudia Fern\u00e1ndez eliminadas nas meias-finais do Miami P1 - Portal Tela Portugal\",\"isPartOf\":{\"@id\":\"https:\/\/portaltela.pt\/#website\"},\"primaryImageOfPage\":{\"@id\":\"https:\/\/portaltela.pt\/noticias\/2026\/03\/28\/sofia-araujo-e-claudia-fernandez-eliminadas-nas-meias-finais-do-miami-p1\/#primaryimage\"},\"image\":{\"@id\":\"https:\/\/portaltela.pt\/noticias\/2026\/03\/28\/sofia-araujo-e-claudia-fernandez-eliminadas-nas-meias-finais-do-miami-p1\/#primaryimage\"},\"thumbnailUrl\":\"https:\/\/portaltela.pt\/s.01k8rhncp4jt1\/2026\/03\/img_920x518uu2026-03-29-00-53-39-2429937.jpg\",\"datePublished\":\"2026-03-29T00:53:51+00:00\",\"author\":{\"@id\":\"https:\/\/portaltela.pt\/#\/schema\/person\/c4278d4a6028830caff9ee44b42d32ed\"},\"breadcrumb\":{\"@id\":\"https:\/\/portaltela.pt\/noticias\/2026\/03\/28\/sofia-araujo-e-claudia-fernandez-eliminadas-nas-meias-finais-do-miami-p1\/#breadcrumb\"},\"inLanguage\":\"pt-PT\",\"potentialAction\":[{\"@type\":\"ReadAction\",\"target\":[\"https:\/\/portaltela.pt\/noticias\/2026\/03\/28\/sofia-araujo-e-claudia-fernandez-eliminadas-nas-meias-finais-do-miami-p1\/\"]}]},{\"@type\":\"ImageObject\",\"inLanguage\":\"pt-PT\",\"@id\":\"https:\/\/portaltela.pt\/noticias\/2026\/03\/28\/sofia-araujo-e-claudia-fernandez-eliminadas-nas-meias-finais-do-miami-p1\/#primaryimage\",\"url\":\"https:\/\/portaltela.pt\/s.01k8rhncp4jt1\/2026\/03\/img_920x518uu2026-03-29-00-53-39-2429937.jpg\",\"contentUrl\":\"https:\/\/portaltela.pt\/s.01k8rhncp4jt1\/2026\/03\/img_920x518uu2026-03-29-00-53-39-2429937.jpg\",\"width\":796,\"height\":448,\"caption\":\"Sofia Ara\u00fajo em a\u00e7\u00e3o em Miami\"},{\"@type\":\"BreadcrumbList\",\"@id\":\"https:\/\/portaltela.pt\/noticias\/2026\/03\/28\/sofia-araujo-e-claudia-fernandez-eliminadas-nas-meias-finais-do-miami-p1\/#breadcrumb\",\"itemListElement\":[{\"@type\":\"ListItem\",\"position\":1,\"name\":\"In\u00edcio\",\"item\":\"https:\/\/portaltela.pt\/\"},{\"@type\":\"ListItem\",\"position\":2,\"name\":\"Sofia Ara\u00fajo e Claudia Fern\u00e1ndez eliminadas nas meias-finais do Miami P1\"}]},{\"@type\":\"WebSite\",\"@id\":\"https:\/\/portaltela.pt\/#website\",\"url\":\"https:\/\/portaltela.pt\/\",\"name\":\"Portal Tela Portugal\",\"description\":\"\",\"potentialAction\":[{\"@type\":\"SearchAction\",\"target\":{\"@type\":\"EntryPoint\",\"urlTemplate\":\"https:\/\/portaltela.pt\/?s={search_term_string}\"},\"query-input\":{\"@type\":\"PropertyValueSpecification\",\"valueRequired\":true,\"valueName\":\"search_term_string\"}}],\"inLanguage\":\"pt-PT\"},{\"@type\":\"Person\",\"@id\":\"https:\/\/portaltela.pt\/#\/schema\/person\/c4278d4a6028830caff9ee44b42d32ed\",\"name\":\"Telinha\",\"image\":{\"@type\":\"ImageObject\",\"inLanguage\":\"pt-PT\",\"@id\":\"https:\/\/portaltela.pt\/s.01k8rhncp4jt1\/2025\/11\/talking-bot-125x125.png\",\"url\":\"https:\/\/portaltela.pt\/s.01k8rhncp4jt1\/2025\/11\/talking-bot-125x125.png\",\"contentUrl\":\"https:\/\/portaltela.pt\/s.01k8rhncp4jt1\/2025\/11\/talking-bot-125x125.png\",\"caption\":\"Telinha\"},\"sameAs\":[\"https:\/\/portaltela.pt\/\"],\"url\":\"https:\/\/portaltela.pt\/por\/367410592786\/\"}]}<\/script>\n<!-- \/ Yoast SEO plugin. -->","yoast_head_json":{"title":"Sofia Ara\u00fajo e Claudia Fern\u00e1ndez eliminadas nas meias-finais do Miami P1 - Portal Tela Portugal","robots":{"index":"index","follow":"follow","max-snippet":"max-snippet:-1","max-image-preview":"max-image-preview:large","max-video-preview":"max-video-preview:-1"},"og_locale":"pt_PT","og_type":"article","og_title":"Sofia Ara\u00fajo e Claudia Fern\u00e1ndez eliminadas nas meias-finais do Miami P1 - Portal Tela Portugal","og_description":"Sofia Ara\u00fajo e Claudia Fern\u00e1ndez foram eliminadas nas meias-finais do Miami P1 frente \u00e0s l\u00edderes mundiais Gema Triay e Delfi Brea, por seis-tr\u00eas e seis-duas. O encontro come\u00e7ou equilibrado, com as duplas a segurarem os servi\u00e7os at\u00e9 \u00e0 metade do primeiro set. A partir da\u00ed, Triay e Brea subiram o n\u00edvel e assumiram o controlo da partida com uma exibi\u00e7\u00e3o consistente. Apesar da derrota, as portuguesas terminaram o torneio nas meias-finais, repetindo a fa\u00e7anha de Riade, primeira prova do ano.","og_url":"https:\/\/portaltela.pt\/noticias\/2026\/03\/28\/sofia-araujo-e-claudia-fernandez-eliminadas-nas-meias-finais-do-miami-p1\/","og_site_name":"Portal Tela Portugal","article_published_time":"2026-03-29T00:53:51+00:00","author":"Telinha","twitter_card":"summary_large_image","twitter_misc":{"Escrito por":"Telinha","Tempo estimado de leitura":"1 minuto"},"schema":{"@context":"https:\/\/schema.org","@graph":[{"@type":"Article","@id":"https:\/\/portaltela.pt\/noticias\/2026\/03\/28\/sofia-araujo-e-claudia-fernandez-eliminadas-nas-meias-finais-do-miami-p1\/#article","isPartOf":{"@id":"https:\/\/portaltela.pt\/noticias\/2026\/03\/28\/sofia-araujo-e-claudia-fernandez-eliminadas-nas-meias-finais-do-miami-p1\/"},"author":{"name":"Telinha","@id":"https:\/\/portaltela.pt\/#\/schema\/person\/c4278d4a6028830caff9ee44b42d32ed"},"headline":"Sofia Ara\u00fajo e Claudia Fern\u00e1ndez eliminadas nas meias-finais do Miami P1","datePublished":"2026-03-29T00:53:51+00:00","mainEntityOfPage":{"@id":"https:\/\/portaltela.pt\/noticias\/2026\/03\/28\/sofia-araujo-e-claudia-fernandez-eliminadas-nas-meias-finais-do-miami-p1\/"},"wordCount":167,"image":{"@id":"https:\/\/portaltela.pt\/noticias\/2026\/03\/28\/sofia-araujo-e-claudia-fernandez-eliminadas-nas-meias-finais-do-miami-p1\/#primaryimage"},"thumbnailUrl":"https:\/\/portaltela.pt\/s.01k8rhncp4jt1\/2026\/03\/img_920x518uu2026-03-29-00-53-39-2429937.jpg","keywords":["desporto","desporto internacional","Riade","t\u00eanis","tenistas internacionais"],"articleSection":["Desporto","Futebol"],"inLanguage":"pt-PT"},{"@type":"WebPage","@id":"https:\/\/portaltela.pt\/noticias\/2026\/03\/28\/sofia-araujo-e-claudia-fernandez-eliminadas-nas-meias-finais-do-miami-p1\/","url":"https:\/\/portaltela.pt\/noticias\/2026\/03\/28\/sofia-araujo-e-claudia-fernandez-eliminadas-nas-meias-finais-do-miami-p1\/","name":"Sofia Ara\u00fajo e Claudia Fern\u00e1ndez eliminadas nas meias-finais do Miami P1 - Portal Tela Portugal","isPartOf":{"@id":"https:\/\/portaltela.pt\/#website"},"primaryImageOfPage":{"@id":"https:\/\/portaltela.pt\/noticias\/2026\/03\/28\/sofia-araujo-e-claudia-fernandez-eliminadas-nas-meias-finais-do-miami-p1\/#primaryimage"},"image":{"@id":"https:\/\/portaltela.pt\/noticias\/2026\/03\/28\/sofia-araujo-e-claudia-fernandez-eliminadas-nas-meias-finais-do-miami-p1\/#primaryimage"},"thumbnailUrl":"https:\/\/portaltela.pt\/s.01k8rhncp4jt1\/2026\/03\/img_920x518uu2026-03-29-00-53-39-2429937.jpg","datePublished":"2026-03-29T00:53:51+00:00","author":{"@id":"https:\/\/portaltela.pt\/#\/schema\/person\/c4278d4a6028830caff9ee44b42d32ed"},"breadcrumb":{"@id":"https:\/\/portaltela.pt\/noticias\/2026\/03\/28\/sofia-araujo-e-claudia-fernandez-eliminadas-nas-meias-finais-do-miami-p1\/#breadcrumb"},"inLanguage":"pt-PT","potentialAction":[{"@type":"ReadAction","target":["https:\/\/portaltela.pt\/noticias\/2026\/03\/28\/sofia-araujo-e-claudia-fernandez-eliminadas-nas-meias-finais-do-miami-p1\/"]}]},{"@type":"ImageObject","inLanguage":"pt-PT","@id":"https:\/\/portaltela.pt\/noticias\/2026\/03\/28\/sofia-araujo-e-claudia-fernandez-eliminadas-nas-meias-finais-do-miami-p1\/#primaryimage","url":"https:\/\/portaltela.pt\/s.01k8rhncp4jt1\/2026\/03\/img_920x518uu2026-03-29-00-53-39-2429937.jpg","contentUrl":"https:\/\/portaltela.pt\/s.01k8rhncp4jt1\/2026\/03\/img_920x518uu2026-03-29-00-53-39-2429937.jpg","width":796,"height":448,"caption":"Sofia Ara\u00fajo em a\u00e7\u00e3o em Miami"},{"@type":"BreadcrumbList","@id":"https:\/\/portaltela.pt\/noticias\/2026\/03\/28\/sofia-araujo-e-claudia-fernandez-eliminadas-nas-meias-finais-do-miami-p1\/#breadcrumb","itemListElement":[{"@type":"ListItem","position":1,"name":"In\u00edcio","item":"https:\/\/portaltela.pt\/"},{"@type":"ListItem","position":2,"name":"Sofia Ara\u00fajo e Claudia Fern\u00e1ndez eliminadas nas meias-finais do Miami P1"}]},{"@type":"WebSite","@id":"https:\/\/portaltela.pt\/#website","url":"https:\/\/portaltela.pt\/","name":"Portal Tela Portugal","description":"","potentialAction":[{"@type":"SearchAction","target":{"@type":"EntryPoint","urlTemplate":"https:\/\/portaltela.pt\/?s={search_term_string}"},"query-input":{"@type":"PropertyValueSpecification","valueRequired":true,"valueName":"search_term_string"}}],"inLanguage":"pt-PT"},{"@type":"Person","@id":"https:\/\/portaltela.pt\/#\/schema\/person\/c4278d4a6028830caff9ee44b42d32ed","name":"Telinha","image":{"@type":"ImageObject","inLanguage":"pt-PT","@id":"https:\/\/portaltela.pt\/s.01k8rhncp4jt1\/2025\/11\/talking-bot-125x125.png","url":"https:\/\/portaltela.pt\/s.01k8rhncp4jt1\/2025\/11\/talking-bot-125x125.png","contentUrl":"https:\/\/portaltela.pt\/s.01k8rhncp4jt1\/2025\/11\/talking-bot-125x125.png","caption":"Telinha"},"sameAs":["https:\/\/portaltela.pt\/"],"url":"https:\/\/portaltela.pt\/por\/367410592786\/"}]}},"_links":{"self":[{"href":"https:\/\/portaltela.pt\/api\/wp\/v2\/posts\/425538","targetHints":{"allow":["GET"]}}],"collection":[{"href":"https:\/\/portaltela.pt\/api\/wp\/v2\/posts"}],"about":[{"href":"https:\/\/portaltela.pt\/api\/wp\/v2\/types\/post"}],"author":[{"embeddable":true,"href":"https:\/\/portaltela.pt\/api\/wp\/v2\/users\/2"}],"replies":[{"embeddable":true,"href":"https:\/\/portaltela.pt\/api\/wp\/v2\/comments?post=425538"}],"version-history":[{"count":0,"href":"https:\/\/portaltela.pt\/api\/wp\/v2\/posts\/425538\/revisions"}],"wp:featuredmedia":[{"embeddable":true,"href":"https:\/\/portaltela.pt\/api\/wp\/v2\/media\/425539"}],"wp:attachment":[{"href":"https:\/\/portaltela.pt\/api\/wp\/v2\/media?parent=425538"}],"wp:term":[{"taxonomy":"category","embeddable":true,"href":"https:\/\/portaltela.pt\/api\/wp\/v2\/categories?post=425538"},{"taxonomy":"post_tag","embeddable":true,"href":"https:\/\/portaltela.pt\/api\/wp\/v2\/tags?post=425538"}],"curies":[{"name":"wp","href":"https:\/\/api.w.org\/{rel}","templated":true}]}}