{"id":425515,"date":"2026-03-28T20:42:55","date_gmt":"2026-03-28T23:42:55","guid":{"rendered":"https:\/\/portaltela.pt\/noticias\/2026\/03\/28\/jorge-amaral-comenta-cheiro-intenso-se-foi-propositado-e-parvoice\/"},"modified":"2026-03-28T20:42:55","modified_gmt":"2026-03-28T23:42:55","slug":"jorge-amaral-comenta-cheiro-intenso-se-foi-propositado-e-parvoice","status":"publish","type":"post","link":"https:\/\/portaltela.pt\/desporto\/futebol\/2026\/03\/28\/jorge-amaral-comenta-cheiro-intenso-se-foi-propositado-e-parvoice\/","title":{"rendered":"Jorge Amaral comenta cheiro intenso; se foi propositado, \u00e9 parvo\u00edce"},"content":{"rendered":"<p>O Sporting viu um epis\u00f3dio abrupto no balne\u00e1rio do Drag\u00e3o Arena, na noite de 28 de mar\u00e7o de 2026, durante uma sess\u00e3o no recinto. Segundo a CM Jornal, houve um cheiro intenso no espa\u00e7o, que levou a uma interven\u00e7\u00e3o m\u00e9dica de emerg\u00eancia. Os envolvidos inclu\u00edram o treinador e um jogador da equipa de Andebol do Sporting.<\/p>\n<p>De acordo com as informa\u00e7\u00f5es, o treinador e o jogador, identificados pela fonte como Moga, chegaram a ser assistidos por equipas m\u00e9dicas antes de seguirem para uma ambul\u00e2ncia. O epis\u00f3dio ocorreu junto ao balne\u00e1rio e provocou a retirada de ambos do espa\u00e7o para avalia\u00e7\u00e3o m\u00e9dica adicional.<\/p>\n<p>A situa\u00e7\u00e3o gerou rea\u00e7\u00f5es no meio desportivo. Fontes ligadas ao caso indicaram que a ocorr\u00eancia poder\u00e1 voltar a ser discutida pelas entidades competentes, dependendo dos resultados da avalia\u00e7\u00e3o m\u00e9dica. A situa\u00e7\u00e3o ainda n\u00e3o teve desdobramentos disciplinares anunciados publicamente.<\/p>\n<h3>Rea\u00e7\u00f5es iniciais<\/h3>\n<p>Analistas e quadros da \u00e1rea lamentaram o sucedido e sublinharam a necessidade de apuramento claro das causas. Coment\u00e1rios p\u00fablicos sobre o tema variaram entre defesa de procedimentos rigorosos e a expectativa de quem produz informa\u00e7\u00f5es oficiais. N\u00e3o houve confirma\u00e7\u00e3o de culpabilidade ou de inten\u00e7\u00f5es associadas ao epis\u00f3dio.<\/p>\n","protected":false},"excerpt":{"rendered":"<ul>\n<li>No balne\u00e1rio do Drag\u00e3o Arena, Moga recebeu assist\u00eancia m\u00e9dica devido a cheiro intenso durante o emblemas jogo.<\/li>\n<li>Jorge Amaral afirmou que, se o cheiro for propositado, \u00e9 uma parvo\u00edce.<\/li>\n<li>Fernando Mendes classificou a situa\u00e7\u00e3o como nojo e afirmou que pode terminar mal.<\/li>\n<li>Sobre o aceite de Su\u00e1rez, Lu\u00eds Miguel Henrique disse que pode n\u00e3o ser o melhor momento para cumprir a pena m\u00ednima, e Fernando Mendes acrescentou que o Sporting n\u00e3o tem necessidade de recorrer.<\/li>\n<li>V\u00edtor Pinto observou que \u00e9 muito dif\u00edcil revogar quando existem imagens.<\/li>\n<\/ul>\n","protected":false},"author":2,"featured_media":425516,"comment_status":"closed","ping_status":"closed","sticky":false,"template":"","format":"standard","meta":{"footnotes":""},"categories":[21,24],"tags":[180,152,215,4090,982,1014],"class_list":["post-425515","post","type-post","status-publish","format-standard","has-post-thumbnail","hentry","category-desporto","category-futebol","tag-andebol","tag-desporto","tag-investigacao","tag-ocorrencias","tag-porto","tag-portugal"],"yoast_head":"<!-- This site is optimized with the Yoast SEO plugin v27.2 - https:\/\/yoast.com\/product\/yoast-seo-wordpress\/ -->\n<title>Jorge Amaral comenta cheiro intenso; se foi propositado, \u00e9 parvo\u00edce - Portal Tela Portugal<\/title>\n<meta name=\"robots\" content=\"index, follow, max-snippet:-1, max-image-preview:large, max-video-preview:-1\" \/>\n<meta property=\"og:locale\" content=\"pt_PT\" \/>\n<meta property=\"og:type\" content=\"article\" \/>\n<meta property=\"og:title\" content=\"Jorge Amaral comenta cheiro intenso; se foi propositado, \u00e9 parvo\u00edce - Portal Tela Portugal\" \/>\n<meta property=\"og:description\" content=\"No balne\u00e1rio do Drag\u00e3o Arena, Moga recebeu assist\u00eancia m\u00e9dica devido a cheiro intenso durante o emblemas jogo. Jorge Amaral afirmou que, se o cheiro for propositado, \u00e9 uma parvo\u00edce. Fernando Mendes classificou a situa\u00e7\u00e3o como nojo e afirmou que pode terminar mal. Sobre o aceite de Su\u00e1rez, Lu\u00eds Miguel Henrique disse que pode n\u00e3o ser o melhor momento para cumprir a pena m\u00ednima, e Fernando Mendes acrescentou que o Sporting n\u00e3o tem necessidade de recorrer. V\u00edtor Pinto observou que \u00e9 muito dif\u00edcil revogar quando existem imagens.\" \/>\n<meta property=\"og:url\" content=\"https:\/\/portaltela.pt\/noticias\/2026\/03\/28\/jorge-amaral-comenta-cheiro-intenso-se-foi-propositado-e-parvoice\/\" \/>\n<meta property=\"og:site_name\" content=\"Portal Tela Portugal\" \/>\n<meta property=\"article:published_time\" content=\"2026-03-28T23:42:55+00:00\" \/>\n<meta name=\"author\" content=\"Telinha\" \/>\n<meta name=\"twitter:card\" content=\"summary_large_image\" \/>\n<meta name=\"twitter:label1\" content=\"Escrito por\" \/>\n\t<meta name=\"twitter:data1\" content=\"Telinha\" \/>\n\t<meta name=\"twitter:label2\" content=\"Tempo estimado de leitura\" \/>\n\t<meta name=\"twitter:data2\" content=\"1 minuto\" \/>\n<script type=\"application\/ld+json\" class=\"yoast-schema-graph\">{\"@context\":\"https:\/\/schema.org\",\"@graph\":[{\"@type\":\"Article\",\"@id\":\"https:\/\/portaltela.pt\/noticias\/2026\/03\/28\/jorge-amaral-comenta-cheiro-intenso-se-foi-propositado-e-parvoice\/#article\",\"isPartOf\":{\"@id\":\"https:\/\/portaltela.pt\/noticias\/2026\/03\/28\/jorge-amaral-comenta-cheiro-intenso-se-foi-propositado-e-parvoice\/\"},\"author\":{\"name\":\"Telinha\",\"@id\":\"https:\/\/portaltela.pt\/#\/schema\/person\/c4278d4a6028830caff9ee44b42d32ed\"},\"headline\":\"Jorge Amaral comenta cheiro intenso; se foi propositado, \u00e9 parvo\u00edce\",\"datePublished\":\"2026-03-28T23:42:55+00:00\",\"mainEntityOfPage\":{\"@id\":\"https:\/\/portaltela.pt\/noticias\/2026\/03\/28\/jorge-amaral-comenta-cheiro-intenso-se-foi-propositado-e-parvoice\/\"},\"wordCount\":230,\"image\":{\"@id\":\"https:\/\/portaltela.pt\/noticias\/2026\/03\/28\/jorge-amaral-comenta-cheiro-intenso-se-foi-propositado-e-parvoice\/#primaryimage\"},\"thumbnailUrl\":\"https:\/\/portaltela.pt\/s.01k8rhncp4jt1\/2026\/03\/img_1280x722uu2026-03-28-23-42-41-2275420.jpg\",\"keywords\":[\"andebol\",\"desporto\",\"investiga\u00e7\u00e3o\",\"ocorr\u00eancias\",\"Porto\",\"Portugal\"],\"articleSection\":[\"Desporto\",\"Futebol\"],\"inLanguage\":\"pt-PT\"},{\"@type\":\"WebPage\",\"@id\":\"https:\/\/portaltela.pt\/noticias\/2026\/03\/28\/jorge-amaral-comenta-cheiro-intenso-se-foi-propositado-e-parvoice\/\",\"url\":\"https:\/\/portaltela.pt\/noticias\/2026\/03\/28\/jorge-amaral-comenta-cheiro-intenso-se-foi-propositado-e-parvoice\/\",\"name\":\"Jorge Amaral comenta cheiro intenso; se foi propositado, \u00e9 parvo\u00edce - Portal Tela Portugal\",\"isPartOf\":{\"@id\":\"https:\/\/portaltela.pt\/#website\"},\"primaryImageOfPage\":{\"@id\":\"https:\/\/portaltela.pt\/noticias\/2026\/03\/28\/jorge-amaral-comenta-cheiro-intenso-se-foi-propositado-e-parvoice\/#primaryimage\"},\"image\":{\"@id\":\"https:\/\/portaltela.pt\/noticias\/2026\/03\/28\/jorge-amaral-comenta-cheiro-intenso-se-foi-propositado-e-parvoice\/#primaryimage\"},\"thumbnailUrl\":\"https:\/\/portaltela.pt\/s.01k8rhncp4jt1\/2026\/03\/img_1280x722uu2026-03-28-23-42-41-2275420.jpg\",\"datePublished\":\"2026-03-28T23:42:55+00:00\",\"author\":{\"@id\":\"https:\/\/portaltela.pt\/#\/schema\/person\/c4278d4a6028830caff9ee44b42d32ed\"},\"breadcrumb\":{\"@id\":\"https:\/\/portaltela.pt\/noticias\/2026\/03\/28\/jorge-amaral-comenta-cheiro-intenso-se-foi-propositado-e-parvoice\/#breadcrumb\"},\"inLanguage\":\"pt-PT\",\"potentialAction\":[{\"@type\":\"ReadAction\",\"target\":[\"https:\/\/portaltela.pt\/noticias\/2026\/03\/28\/jorge-amaral-comenta-cheiro-intenso-se-foi-propositado-e-parvoice\/\"]}]},{\"@type\":\"ImageObject\",\"inLanguage\":\"pt-PT\",\"@id\":\"https:\/\/portaltela.pt\/noticias\/2026\/03\/28\/jorge-amaral-comenta-cheiro-intenso-se-foi-propositado-e-parvoice\/#primaryimage\",\"url\":\"https:\/\/portaltela.pt\/s.01k8rhncp4jt1\/2026\/03\/img_1280x722uu2026-03-28-23-42-41-2275420.jpg\",\"contentUrl\":\"https:\/\/portaltela.pt\/s.01k8rhncp4jt1\/2026\/03\/img_1280x722uu2026-03-28-23-42-41-2275420.jpg\",\"width\":796,\"height\":448,\"caption\":\"Photo\"},{\"@type\":\"BreadcrumbList\",\"@id\":\"https:\/\/portaltela.pt\/noticias\/2026\/03\/28\/jorge-amaral-comenta-cheiro-intenso-se-foi-propositado-e-parvoice\/#breadcrumb\",\"itemListElement\":[{\"@type\":\"ListItem\",\"position\":1,\"name\":\"In\u00edcio\",\"item\":\"https:\/\/portaltela.pt\/\"},{\"@type\":\"ListItem\",\"position\":2,\"name\":\"Jorge Amaral comenta cheiro intenso; se foi propositado, \u00e9 parvo\u00edce\"}]},{\"@type\":\"WebSite\",\"@id\":\"https:\/\/portaltela.pt\/#website\",\"url\":\"https:\/\/portaltela.pt\/\",\"name\":\"Portal Tela Portugal\",\"description\":\"\",\"potentialAction\":[{\"@type\":\"SearchAction\",\"target\":{\"@type\":\"EntryPoint\",\"urlTemplate\":\"https:\/\/portaltela.pt\/?s={search_term_string}\"},\"query-input\":{\"@type\":\"PropertyValueSpecification\",\"valueRequired\":true,\"valueName\":\"search_term_string\"}}],\"inLanguage\":\"pt-PT\"},{\"@type\":\"Person\",\"@id\":\"https:\/\/portaltela.pt\/#\/schema\/person\/c4278d4a6028830caff9ee44b42d32ed\",\"name\":\"Telinha\",\"image\":{\"@type\":\"ImageObject\",\"inLanguage\":\"pt-PT\",\"@id\":\"https:\/\/portaltela.pt\/s.01k8rhncp4jt1\/2025\/11\/talking-bot-125x125.png\",\"url\":\"https:\/\/portaltela.pt\/s.01k8rhncp4jt1\/2025\/11\/talking-bot-125x125.png\",\"contentUrl\":\"https:\/\/portaltela.pt\/s.01k8rhncp4jt1\/2025\/11\/talking-bot-125x125.png\",\"caption\":\"Telinha\"},\"sameAs\":[\"https:\/\/portaltela.pt\/\"],\"url\":\"https:\/\/portaltela.pt\/por\/367410592786\/\"}]}<\/script>\n<!-- \/ Yoast SEO plugin. -->","yoast_head_json":{"title":"Jorge Amaral comenta cheiro intenso; se foi propositado, \u00e9 parvo\u00edce - Portal Tela Portugal","robots":{"index":"index","follow":"follow","max-snippet":"max-snippet:-1","max-image-preview":"max-image-preview:large","max-video-preview":"max-video-preview:-1"},"og_locale":"pt_PT","og_type":"article","og_title":"Jorge Amaral comenta cheiro intenso; se foi propositado, \u00e9 parvo\u00edce - Portal Tela Portugal","og_description":"No balne\u00e1rio do Drag\u00e3o Arena, Moga recebeu assist\u00eancia m\u00e9dica devido a cheiro intenso durante o emblemas jogo. Jorge Amaral afirmou que, se o cheiro for propositado, \u00e9 uma parvo\u00edce. Fernando Mendes classificou a situa\u00e7\u00e3o como nojo e afirmou que pode terminar mal. Sobre o aceite de Su\u00e1rez, Lu\u00eds Miguel Henrique disse que pode n\u00e3o ser o melhor momento para cumprir a pena m\u00ednima, e Fernando Mendes acrescentou que o Sporting n\u00e3o tem necessidade de recorrer. V\u00edtor Pinto observou que \u00e9 muito dif\u00edcil revogar quando existem imagens.","og_url":"https:\/\/portaltela.pt\/noticias\/2026\/03\/28\/jorge-amaral-comenta-cheiro-intenso-se-foi-propositado-e-parvoice\/","og_site_name":"Portal Tela Portugal","article_published_time":"2026-03-28T23:42:55+00:00","author":"Telinha","twitter_card":"summary_large_image","twitter_misc":{"Escrito por":"Telinha","Tempo estimado de leitura":"1 minuto"},"schema":{"@context":"https:\/\/schema.org","@graph":[{"@type":"Article","@id":"https:\/\/portaltela.pt\/noticias\/2026\/03\/28\/jorge-amaral-comenta-cheiro-intenso-se-foi-propositado-e-parvoice\/#article","isPartOf":{"@id":"https:\/\/portaltela.pt\/noticias\/2026\/03\/28\/jorge-amaral-comenta-cheiro-intenso-se-foi-propositado-e-parvoice\/"},"author":{"name":"Telinha","@id":"https:\/\/portaltela.pt\/#\/schema\/person\/c4278d4a6028830caff9ee44b42d32ed"},"headline":"Jorge Amaral comenta cheiro intenso; se foi propositado, \u00e9 parvo\u00edce","datePublished":"2026-03-28T23:42:55+00:00","mainEntityOfPage":{"@id":"https:\/\/portaltela.pt\/noticias\/2026\/03\/28\/jorge-amaral-comenta-cheiro-intenso-se-foi-propositado-e-parvoice\/"},"wordCount":230,"image":{"@id":"https:\/\/portaltela.pt\/noticias\/2026\/03\/28\/jorge-amaral-comenta-cheiro-intenso-se-foi-propositado-e-parvoice\/#primaryimage"},"thumbnailUrl":"https:\/\/portaltela.pt\/s.01k8rhncp4jt1\/2026\/03\/img_1280x722uu2026-03-28-23-42-41-2275420.jpg","keywords":["andebol","desporto","investiga\u00e7\u00e3o","ocorr\u00eancias","Porto","Portugal"],"articleSection":["Desporto","Futebol"],"inLanguage":"pt-PT"},{"@type":"WebPage","@id":"https:\/\/portaltela.pt\/noticias\/2026\/03\/28\/jorge-amaral-comenta-cheiro-intenso-se-foi-propositado-e-parvoice\/","url":"https:\/\/portaltela.pt\/noticias\/2026\/03\/28\/jorge-amaral-comenta-cheiro-intenso-se-foi-propositado-e-parvoice\/","name":"Jorge Amaral comenta cheiro intenso; se foi propositado, \u00e9 parvo\u00edce - Portal Tela Portugal","isPartOf":{"@id":"https:\/\/portaltela.pt\/#website"},"primaryImageOfPage":{"@id":"https:\/\/portaltela.pt\/noticias\/2026\/03\/28\/jorge-amaral-comenta-cheiro-intenso-se-foi-propositado-e-parvoice\/#primaryimage"},"image":{"@id":"https:\/\/portaltela.pt\/noticias\/2026\/03\/28\/jorge-amaral-comenta-cheiro-intenso-se-foi-propositado-e-parvoice\/#primaryimage"},"thumbnailUrl":"https:\/\/portaltela.pt\/s.01k8rhncp4jt1\/2026\/03\/img_1280x722uu2026-03-28-23-42-41-2275420.jpg","datePublished":"2026-03-28T23:42:55+00:00","author":{"@id":"https:\/\/portaltela.pt\/#\/schema\/person\/c4278d4a6028830caff9ee44b42d32ed"},"breadcrumb":{"@id":"https:\/\/portaltela.pt\/noticias\/2026\/03\/28\/jorge-amaral-comenta-cheiro-intenso-se-foi-propositado-e-parvoice\/#breadcrumb"},"inLanguage":"pt-PT","potentialAction":[{"@type":"ReadAction","target":["https:\/\/portaltela.pt\/noticias\/2026\/03\/28\/jorge-amaral-comenta-cheiro-intenso-se-foi-propositado-e-parvoice\/"]}]},{"@type":"ImageObject","inLanguage":"pt-PT","@id":"https:\/\/portaltela.pt\/noticias\/2026\/03\/28\/jorge-amaral-comenta-cheiro-intenso-se-foi-propositado-e-parvoice\/#primaryimage","url":"https:\/\/portaltela.pt\/s.01k8rhncp4jt1\/2026\/03\/img_1280x722uu2026-03-28-23-42-41-2275420.jpg","contentUrl":"https:\/\/portaltela.pt\/s.01k8rhncp4jt1\/2026\/03\/img_1280x722uu2026-03-28-23-42-41-2275420.jpg","width":796,"height":448,"caption":"Photo"},{"@type":"BreadcrumbList","@id":"https:\/\/portaltela.pt\/noticias\/2026\/03\/28\/jorge-amaral-comenta-cheiro-intenso-se-foi-propositado-e-parvoice\/#breadcrumb","itemListElement":[{"@type":"ListItem","position":1,"name":"In\u00edcio","item":"https:\/\/portaltela.pt\/"},{"@type":"ListItem","position":2,"name":"Jorge Amaral comenta cheiro intenso; se foi propositado, \u00e9 parvo\u00edce"}]},{"@type":"WebSite","@id":"https:\/\/portaltela.pt\/#website","url":"https:\/\/portaltela.pt\/","name":"Portal Tela Portugal","description":"","potentialAction":[{"@type":"SearchAction","target":{"@type":"EntryPoint","urlTemplate":"https:\/\/portaltela.pt\/?s={search_term_string}"},"query-input":{"@type":"PropertyValueSpecification","valueRequired":true,"valueName":"search_term_string"}}],"inLanguage":"pt-PT"},{"@type":"Person","@id":"https:\/\/portaltela.pt\/#\/schema\/person\/c4278d4a6028830caff9ee44b42d32ed","name":"Telinha","image":{"@type":"ImageObject","inLanguage":"pt-PT","@id":"https:\/\/portaltela.pt\/s.01k8rhncp4jt1\/2025\/11\/talking-bot-125x125.png","url":"https:\/\/portaltela.pt\/s.01k8rhncp4jt1\/2025\/11\/talking-bot-125x125.png","contentUrl":"https:\/\/portaltela.pt\/s.01k8rhncp4jt1\/2025\/11\/talking-bot-125x125.png","caption":"Telinha"},"sameAs":["https:\/\/portaltela.pt\/"],"url":"https:\/\/portaltela.pt\/por\/367410592786\/"}]}},"_links":{"self":[{"href":"https:\/\/portaltela.pt\/api\/wp\/v2\/posts\/425515","targetHints":{"allow":["GET"]}}],"collection":[{"href":"https:\/\/portaltela.pt\/api\/wp\/v2\/posts"}],"about":[{"href":"https:\/\/portaltela.pt\/api\/wp\/v2\/types\/post"}],"author":[{"embeddable":true,"href":"https:\/\/portaltela.pt\/api\/wp\/v2\/users\/2"}],"replies":[{"embeddable":true,"href":"https:\/\/portaltela.pt\/api\/wp\/v2\/comments?post=425515"}],"version-history":[{"count":0,"href":"https:\/\/portaltela.pt\/api\/wp\/v2\/posts\/425515\/revisions"}],"wp:featuredmedia":[{"embeddable":true,"href":"https:\/\/portaltela.pt\/api\/wp\/v2\/media\/425516"}],"wp:attachment":[{"href":"https:\/\/portaltela.pt\/api\/wp\/v2\/media?parent=425515"}],"wp:term":[{"taxonomy":"category","embeddable":true,"href":"https:\/\/portaltela.pt\/api\/wp\/v2\/categories?post=425515"},{"taxonomy":"post_tag","embeddable":true,"href":"https:\/\/portaltela.pt\/api\/wp\/v2\/tags?post=425515"}],"curies":[{"name":"wp","href":"https:\/\/api.w.org\/{rel}","templated":true}]}}