{"id":425504,"date":"2026-03-28T20:36:40","date_gmt":"2026-03-28T23:36:40","guid":{"rendered":"https:\/\/portaltela.pt\/noticias\/2026\/03\/28\/benfica-lamenta-incidente-com-lucas-franca-no-jogo-com-o-espinho\/"},"modified":"2026-03-28T20:36:40","modified_gmt":"2026-03-28T23:36:40","slug":"benfica-lamenta-incidente-com-lucas-franca-no-jogo-com-o-espinho","status":"publish","type":"post","link":"https:\/\/portaltela.pt\/desporto\/futebol\/2026\/03\/28\/benfica-lamenta-incidente-com-lucas-franca-no-jogo-com-o-espinho\/","title":{"rendered":"Benfica lamenta incidente com Lucas Fran\u00e7a no jogo com o Espinho"},"content":{"rendered":"<p>O Benfica lamentou o incidente ocorrido no jogo de voleibol frente ao SC Espinho, que motivou a interrup\u00e7\u00e3o da partida no quarto set, por cerca de 10 minutos, ap\u00f3s insultos dirigidos ao atleta Lucas Fran\u00e7a. O clube expressou total solidariedade com o jogador e com a restante equipa.<\/p>\n<p>O comunicado destaca que o comportamento violou os valores do desporto, nomeadamente o respeito entre atletas e p\u00fablico, e reiterou o compromisso com a promo\u00e7\u00e3o da dignidade desportiva. O Benfica sublinha ainda a coopera\u00e7\u00e3o dos elementos da equipa advers\u00e1ria para a resolu\u00e7\u00e3o da situa\u00e7\u00e3o.<\/p>\n<h3>Interven\u00e7\u00e3o e contexto<\/h3>\n<p>Foi destacada a atua\u00e7\u00e3o dos dirigentes do Sporting Clube de Espinho, que prontamente interv\u00eam para ajudar a restabelecer a normalidade da partida, num esp\u00edrito de responsabilidade desportiva. O documento n\u00e3o detalha medidas disciplinares ou consequ\u00eancias associadas ao ocorrido.<\/p>\n<p>Este incidente insere-se num contexto de  compromisso do clube com a promo\u00e7\u00e3o do respeito, da dignidade e dos valores fundamentais do desporto, conforme transmiss\u00e3o do comunicado oficial.<\/p>\n","protected":false},"excerpt":{"rendered":"<ul>\n<li>O Sport Lisboa e Benfica lamenta o incidente racista dirigido a Lucas Fran\u00e7a durante o jogo de voleibol frente ao Espinho, que levou \u00e0 interrup\u00e7\u00e3o da partida no quarto set.<\/li>\n<li>O epis\u00f3dio ocorreu no campeonato de voleibol entre o Benfica e o Clube Desportivo Espinho.<\/li>\n<li>O clube expressa total solidariedade com o jogador e com a equipa, reiterando o compromisso com o respeito, a dignidade e os valores do desporto.<\/li>\n<li>Os dirigentes do Sporting Clube de Espinho atuaram rapidamente para intervir e contribuir para a resolu\u00e7\u00e3o da situa\u00e7\u00e3o.<\/li>\n<li>O Benfica refor\u00e7a a luta contra o racismo e o desprezo por comportamentos que coloquem em causa a integridade das competi\u00e7\u00f5es desportivas.<\/li>\n<\/ul>\n","protected":false},"author":2,"featured_media":425509,"comment_status":"closed","ping_status":"closed","sticky":false,"template":"","format":"standard","meta":{"footnotes":""},"categories":[21,24],"tags":[1946,152,1839,5341,5886,181],"class_list":["post-425504","post","type-post","status-publish","format-standard","has-post-thumbnail","hentry","category-desporto","category-futebol","tag-benfica","tag-desporto","tag-espinho","tag-fair-play","tag-insultos","tag-voleibol"],"yoast_head":"<!-- This site is optimized with the Yoast SEO plugin v27.2 - https:\/\/yoast.com\/product\/yoast-seo-wordpress\/ -->\n<title>Benfica lamenta incidente com Lucas Fran\u00e7a no jogo com o Espinho - Portal Tela Portugal<\/title>\n<meta name=\"robots\" content=\"index, follow, max-snippet:-1, max-image-preview:large, max-video-preview:-1\" \/>\n<meta property=\"og:locale\" content=\"pt_PT\" \/>\n<meta property=\"og:type\" content=\"article\" \/>\n<meta property=\"og:title\" content=\"Benfica lamenta incidente com Lucas Fran\u00e7a no jogo com o Espinho - Portal Tela Portugal\" \/>\n<meta property=\"og:description\" content=\"O Sport Lisboa e Benfica lamenta o incidente racista dirigido a Lucas Fran\u00e7a durante o jogo de voleibol frente ao Espinho, que levou \u00e0 interrup\u00e7\u00e3o da partida no quarto set. O epis\u00f3dio ocorreu no campeonato de voleibol entre o Benfica e o Clube Desportivo Espinho. O clube expressa total solidariedade com o jogador e com a equipa, reiterando o compromisso com o respeito, a dignidade e os valores do desporto. Os dirigentes do Sporting Clube de Espinho atuaram rapidamente para intervir e contribuir para a resolu\u00e7\u00e3o da situa\u00e7\u00e3o. O Benfica refor\u00e7a a luta contra o racismo e o desprezo por comportamentos que coloquem em causa a integridade das competi\u00e7\u00f5es desportivas.\" \/>\n<meta property=\"og:url\" content=\"https:\/\/portaltela.pt\/noticias\/2026\/03\/28\/benfica-lamenta-incidente-com-lucas-franca-no-jogo-com-o-espinho\/\" \/>\n<meta property=\"og:site_name\" content=\"Portal Tela Portugal\" \/>\n<meta property=\"article:published_time\" content=\"2026-03-28T23:36:40+00:00\" \/>\n<meta name=\"author\" content=\"Telinha\" \/>\n<meta name=\"twitter:card\" content=\"summary_large_image\" \/>\n<meta name=\"twitter:label1\" content=\"Escrito por\" \/>\n\t<meta name=\"twitter:data1\" content=\"Telinha\" \/>\n\t<meta name=\"twitter:label2\" content=\"Tempo estimado de leitura\" \/>\n\t<meta name=\"twitter:data2\" content=\"1 minuto\" \/>\n<script type=\"application\/ld+json\" class=\"yoast-schema-graph\">{\"@context\":\"https:\/\/schema.org\",\"@graph\":[{\"@type\":\"Article\",\"@id\":\"https:\/\/portaltela.pt\/noticias\/2026\/03\/28\/benfica-lamenta-incidente-com-lucas-franca-no-jogo-com-o-espinho\/#article\",\"isPartOf\":{\"@id\":\"https:\/\/portaltela.pt\/noticias\/2026\/03\/28\/benfica-lamenta-incidente-com-lucas-franca-no-jogo-com-o-espinho\/\"},\"author\":{\"name\":\"Telinha\",\"@id\":\"https:\/\/portaltela.pt\/#\/schema\/person\/c4278d4a6028830caff9ee44b42d32ed\"},\"headline\":\"Benfica lamenta incidente com Lucas Fran\u00e7a no jogo com o Espinho\",\"datePublished\":\"2026-03-28T23:36:40+00:00\",\"mainEntityOfPage\":{\"@id\":\"https:\/\/portaltela.pt\/noticias\/2026\/03\/28\/benfica-lamenta-incidente-com-lucas-franca-no-jogo-com-o-espinho\/\"},\"wordCount\":188,\"image\":{\"@id\":\"https:\/\/portaltela.pt\/noticias\/2026\/03\/28\/benfica-lamenta-incidente-com-lucas-franca-no-jogo-com-o-espinho\/#primaryimage\"},\"thumbnailUrl\":\"https:\/\/portaltela.pt\/s.01k8rhncp4jt1\/2026\/03\/img_920x518uu2026-03-28-21-39-32-2429910.jpg\",\"keywords\":[\"Benfica\",\"desporto\",\"Espinho\",\"Fair Play\",\"insultos\",\"voleibol\"],\"articleSection\":[\"Desporto\",\"Futebol\"],\"inLanguage\":\"pt-PT\"},{\"@type\":\"WebPage\",\"@id\":\"https:\/\/portaltela.pt\/noticias\/2026\/03\/28\/benfica-lamenta-incidente-com-lucas-franca-no-jogo-com-o-espinho\/\",\"url\":\"https:\/\/portaltela.pt\/noticias\/2026\/03\/28\/benfica-lamenta-incidente-com-lucas-franca-no-jogo-com-o-espinho\/\",\"name\":\"Benfica lamenta incidente com Lucas Fran\u00e7a no jogo com o Espinho - Portal Tela Portugal\",\"isPartOf\":{\"@id\":\"https:\/\/portaltela.pt\/#website\"},\"primaryImageOfPage\":{\"@id\":\"https:\/\/portaltela.pt\/noticias\/2026\/03\/28\/benfica-lamenta-incidente-com-lucas-franca-no-jogo-com-o-espinho\/#primaryimage\"},\"image\":{\"@id\":\"https:\/\/portaltela.pt\/noticias\/2026\/03\/28\/benfica-lamenta-incidente-com-lucas-franca-no-jogo-com-o-espinho\/#primaryimage\"},\"thumbnailUrl\":\"https:\/\/portaltela.pt\/s.01k8rhncp4jt1\/2026\/03\/img_920x518uu2026-03-28-21-39-32-2429910.jpg\",\"datePublished\":\"2026-03-28T23:36:40+00:00\",\"author\":{\"@id\":\"https:\/\/portaltela.pt\/#\/schema\/person\/c4278d4a6028830caff9ee44b42d32ed\"},\"breadcrumb\":{\"@id\":\"https:\/\/portaltela.pt\/noticias\/2026\/03\/28\/benfica-lamenta-incidente-com-lucas-franca-no-jogo-com-o-espinho\/#breadcrumb\"},\"inLanguage\":\"pt-PT\",\"potentialAction\":[{\"@type\":\"ReadAction\",\"target\":[\"https:\/\/portaltela.pt\/noticias\/2026\/03\/28\/benfica-lamenta-incidente-com-lucas-franca-no-jogo-com-o-espinho\/\"]}]},{\"@type\":\"ImageObject\",\"inLanguage\":\"pt-PT\",\"@id\":\"https:\/\/portaltela.pt\/noticias\/2026\/03\/28\/benfica-lamenta-incidente-com-lucas-franca-no-jogo-com-o-espinho\/#primaryimage\",\"url\":\"https:\/\/portaltela.pt\/s.01k8rhncp4jt1\/2026\/03\/img_920x518uu2026-03-28-21-39-32-2429910.jpg\",\"contentUrl\":\"https:\/\/portaltela.pt\/s.01k8rhncp4jt1\/2026\/03\/img_920x518uu2026-03-28-21-39-32-2429910.jpg\",\"width\":796,\"height\":448,\"caption\":\"Lucas Fran\u00e7a\"},{\"@type\":\"BreadcrumbList\",\"@id\":\"https:\/\/portaltela.pt\/noticias\/2026\/03\/28\/benfica-lamenta-incidente-com-lucas-franca-no-jogo-com-o-espinho\/#breadcrumb\",\"itemListElement\":[{\"@type\":\"ListItem\",\"position\":1,\"name\":\"In\u00edcio\",\"item\":\"https:\/\/portaltela.pt\/\"},{\"@type\":\"ListItem\",\"position\":2,\"name\":\"Benfica lamenta incidente com Lucas Fran\u00e7a no jogo com o Espinho\"}]},{\"@type\":\"WebSite\",\"@id\":\"https:\/\/portaltela.pt\/#website\",\"url\":\"https:\/\/portaltela.pt\/\",\"name\":\"Portal Tela Portugal\",\"description\":\"\",\"potentialAction\":[{\"@type\":\"SearchAction\",\"target\":{\"@type\":\"EntryPoint\",\"urlTemplate\":\"https:\/\/portaltela.pt\/?s={search_term_string}\"},\"query-input\":{\"@type\":\"PropertyValueSpecification\",\"valueRequired\":true,\"valueName\":\"search_term_string\"}}],\"inLanguage\":\"pt-PT\"},{\"@type\":\"Person\",\"@id\":\"https:\/\/portaltela.pt\/#\/schema\/person\/c4278d4a6028830caff9ee44b42d32ed\",\"name\":\"Telinha\",\"image\":{\"@type\":\"ImageObject\",\"inLanguage\":\"pt-PT\",\"@id\":\"https:\/\/portaltela.pt\/s.01k8rhncp4jt1\/2025\/11\/talking-bot-125x125.png\",\"url\":\"https:\/\/portaltela.pt\/s.01k8rhncp4jt1\/2025\/11\/talking-bot-125x125.png\",\"contentUrl\":\"https:\/\/portaltela.pt\/s.01k8rhncp4jt1\/2025\/11\/talking-bot-125x125.png\",\"caption\":\"Telinha\"},\"sameAs\":[\"https:\/\/portaltela.pt\/\"],\"url\":\"https:\/\/portaltela.pt\/por\/367410592786\/\"}]}<\/script>\n<!-- \/ Yoast SEO plugin. -->","yoast_head_json":{"title":"Benfica lamenta incidente com Lucas Fran\u00e7a no jogo com o Espinho - Portal Tela Portugal","robots":{"index":"index","follow":"follow","max-snippet":"max-snippet:-1","max-image-preview":"max-image-preview:large","max-video-preview":"max-video-preview:-1"},"og_locale":"pt_PT","og_type":"article","og_title":"Benfica lamenta incidente com Lucas Fran\u00e7a no jogo com o Espinho - Portal Tela Portugal","og_description":"O Sport Lisboa e Benfica lamenta o incidente racista dirigido a Lucas Fran\u00e7a durante o jogo de voleibol frente ao Espinho, que levou \u00e0 interrup\u00e7\u00e3o da partida no quarto set. O epis\u00f3dio ocorreu no campeonato de voleibol entre o Benfica e o Clube Desportivo Espinho. O clube expressa total solidariedade com o jogador e com a equipa, reiterando o compromisso com o respeito, a dignidade e os valores do desporto. Os dirigentes do Sporting Clube de Espinho atuaram rapidamente para intervir e contribuir para a resolu\u00e7\u00e3o da situa\u00e7\u00e3o. O Benfica refor\u00e7a a luta contra o racismo e o desprezo por comportamentos que coloquem em causa a integridade das competi\u00e7\u00f5es desportivas.","og_url":"https:\/\/portaltela.pt\/noticias\/2026\/03\/28\/benfica-lamenta-incidente-com-lucas-franca-no-jogo-com-o-espinho\/","og_site_name":"Portal Tela Portugal","article_published_time":"2026-03-28T23:36:40+00:00","author":"Telinha","twitter_card":"summary_large_image","twitter_misc":{"Escrito por":"Telinha","Tempo estimado de leitura":"1 minuto"},"schema":{"@context":"https:\/\/schema.org","@graph":[{"@type":"Article","@id":"https:\/\/portaltela.pt\/noticias\/2026\/03\/28\/benfica-lamenta-incidente-com-lucas-franca-no-jogo-com-o-espinho\/#article","isPartOf":{"@id":"https:\/\/portaltela.pt\/noticias\/2026\/03\/28\/benfica-lamenta-incidente-com-lucas-franca-no-jogo-com-o-espinho\/"},"author":{"name":"Telinha","@id":"https:\/\/portaltela.pt\/#\/schema\/person\/c4278d4a6028830caff9ee44b42d32ed"},"headline":"Benfica lamenta incidente com Lucas Fran\u00e7a no jogo com o Espinho","datePublished":"2026-03-28T23:36:40+00:00","mainEntityOfPage":{"@id":"https:\/\/portaltela.pt\/noticias\/2026\/03\/28\/benfica-lamenta-incidente-com-lucas-franca-no-jogo-com-o-espinho\/"},"wordCount":188,"image":{"@id":"https:\/\/portaltela.pt\/noticias\/2026\/03\/28\/benfica-lamenta-incidente-com-lucas-franca-no-jogo-com-o-espinho\/#primaryimage"},"thumbnailUrl":"https:\/\/portaltela.pt\/s.01k8rhncp4jt1\/2026\/03\/img_920x518uu2026-03-28-21-39-32-2429910.jpg","keywords":["Benfica","desporto","Espinho","Fair Play","insultos","voleibol"],"articleSection":["Desporto","Futebol"],"inLanguage":"pt-PT"},{"@type":"WebPage","@id":"https:\/\/portaltela.pt\/noticias\/2026\/03\/28\/benfica-lamenta-incidente-com-lucas-franca-no-jogo-com-o-espinho\/","url":"https:\/\/portaltela.pt\/noticias\/2026\/03\/28\/benfica-lamenta-incidente-com-lucas-franca-no-jogo-com-o-espinho\/","name":"Benfica lamenta incidente com Lucas Fran\u00e7a no jogo com o Espinho - Portal Tela Portugal","isPartOf":{"@id":"https:\/\/portaltela.pt\/#website"},"primaryImageOfPage":{"@id":"https:\/\/portaltela.pt\/noticias\/2026\/03\/28\/benfica-lamenta-incidente-com-lucas-franca-no-jogo-com-o-espinho\/#primaryimage"},"image":{"@id":"https:\/\/portaltela.pt\/noticias\/2026\/03\/28\/benfica-lamenta-incidente-com-lucas-franca-no-jogo-com-o-espinho\/#primaryimage"},"thumbnailUrl":"https:\/\/portaltela.pt\/s.01k8rhncp4jt1\/2026\/03\/img_920x518uu2026-03-28-21-39-32-2429910.jpg","datePublished":"2026-03-28T23:36:40+00:00","author":{"@id":"https:\/\/portaltela.pt\/#\/schema\/person\/c4278d4a6028830caff9ee44b42d32ed"},"breadcrumb":{"@id":"https:\/\/portaltela.pt\/noticias\/2026\/03\/28\/benfica-lamenta-incidente-com-lucas-franca-no-jogo-com-o-espinho\/#breadcrumb"},"inLanguage":"pt-PT","potentialAction":[{"@type":"ReadAction","target":["https:\/\/portaltela.pt\/noticias\/2026\/03\/28\/benfica-lamenta-incidente-com-lucas-franca-no-jogo-com-o-espinho\/"]}]},{"@type":"ImageObject","inLanguage":"pt-PT","@id":"https:\/\/portaltela.pt\/noticias\/2026\/03\/28\/benfica-lamenta-incidente-com-lucas-franca-no-jogo-com-o-espinho\/#primaryimage","url":"https:\/\/portaltela.pt\/s.01k8rhncp4jt1\/2026\/03\/img_920x518uu2026-03-28-21-39-32-2429910.jpg","contentUrl":"https:\/\/portaltela.pt\/s.01k8rhncp4jt1\/2026\/03\/img_920x518uu2026-03-28-21-39-32-2429910.jpg","width":796,"height":448,"caption":"Lucas Fran\u00e7a"},{"@type":"BreadcrumbList","@id":"https:\/\/portaltela.pt\/noticias\/2026\/03\/28\/benfica-lamenta-incidente-com-lucas-franca-no-jogo-com-o-espinho\/#breadcrumb","itemListElement":[{"@type":"ListItem","position":1,"name":"In\u00edcio","item":"https:\/\/portaltela.pt\/"},{"@type":"ListItem","position":2,"name":"Benfica lamenta incidente com Lucas Fran\u00e7a no jogo com o Espinho"}]},{"@type":"WebSite","@id":"https:\/\/portaltela.pt\/#website","url":"https:\/\/portaltela.pt\/","name":"Portal Tela Portugal","description":"","potentialAction":[{"@type":"SearchAction","target":{"@type":"EntryPoint","urlTemplate":"https:\/\/portaltela.pt\/?s={search_term_string}"},"query-input":{"@type":"PropertyValueSpecification","valueRequired":true,"valueName":"search_term_string"}}],"inLanguage":"pt-PT"},{"@type":"Person","@id":"https:\/\/portaltela.pt\/#\/schema\/person\/c4278d4a6028830caff9ee44b42d32ed","name":"Telinha","image":{"@type":"ImageObject","inLanguage":"pt-PT","@id":"https:\/\/portaltela.pt\/s.01k8rhncp4jt1\/2025\/11\/talking-bot-125x125.png","url":"https:\/\/portaltela.pt\/s.01k8rhncp4jt1\/2025\/11\/talking-bot-125x125.png","contentUrl":"https:\/\/portaltela.pt\/s.01k8rhncp4jt1\/2025\/11\/talking-bot-125x125.png","caption":"Telinha"},"sameAs":["https:\/\/portaltela.pt\/"],"url":"https:\/\/portaltela.pt\/por\/367410592786\/"}]}},"_links":{"self":[{"href":"https:\/\/portaltela.pt\/api\/wp\/v2\/posts\/425504","targetHints":{"allow":["GET"]}}],"collection":[{"href":"https:\/\/portaltela.pt\/api\/wp\/v2\/posts"}],"about":[{"href":"https:\/\/portaltela.pt\/api\/wp\/v2\/types\/post"}],"author":[{"embeddable":true,"href":"https:\/\/portaltela.pt\/api\/wp\/v2\/users\/2"}],"replies":[{"embeddable":true,"href":"https:\/\/portaltela.pt\/api\/wp\/v2\/comments?post=425504"}],"version-history":[{"count":0,"href":"https:\/\/portaltela.pt\/api\/wp\/v2\/posts\/425504\/revisions"}],"wp:featuredmedia":[{"embeddable":true,"href":"https:\/\/portaltela.pt\/api\/wp\/v2\/media\/425509"}],"wp:attachment":[{"href":"https:\/\/portaltela.pt\/api\/wp\/v2\/media?parent=425504"}],"wp:term":[{"taxonomy":"category","embeddable":true,"href":"https:\/\/portaltela.pt\/api\/wp\/v2\/categories?post=425504"},{"taxonomy":"post_tag","embeddable":true,"href":"https:\/\/portaltela.pt\/api\/wp\/v2\/tags?post=425504"}],"curies":[{"name":"wp","href":"https:\/\/api.w.org\/{rel}","templated":true}]}}