{"id":425503,"date":"2026-03-28T20:21:00","date_gmt":"2026-03-28T23:21:00","guid":{"rendered":"https:\/\/portaltela.pt\/noticias\/2026\/03\/28\/ventura-aponta-oportunidade-historica-para-rever-a-constituicao\/"},"modified":"2026-03-28T20:21:00","modified_gmt":"2026-03-28T23:21:00","slug":"ventura-aponta-oportunidade-historica-para-rever-a-constituicao","status":"publish","type":"post","link":"https:\/\/portaltela.pt\/noticias\/politica\/2026\/03\/28\/ventura-aponta-oportunidade-historica-para-rever-a-constituicao\/","title":{"rendered":"Ventura aponta oportunidade hist\u00f3rica para rever a Constitui\u00e7\u00e3o"},"content":{"rendered":"<p>O presidente do Chega, Andr\u00e9 Ventura, afirmou em Santar\u00e9m, durante as jornadas aut\u00e1rquicas do partido, que Portugal tem uma oportunidade hist\u00f3rica para rever a Constitui\u00e7\u00e3o e romper com o que classifica como bloqueio permanente do Tribunal Constitucional. Defendeu que o processo deve avan\u00e7ar ainda este ano.<\/p>\n<p>Em discurso dirigido a autarcas, Ventura declarou que se tudo \u00e9 inconstitucional, ent\u00e3o \u00e9 a pr\u00f3pria Constitui\u00e7\u00e3o que est\u00e1 errada, e reiterou que a revis\u00e3o constitucional n\u00e3o mira qualquer partido, mas o pa\u00eds. Apelou ao PSD para cumprir uma responsabilidade hist\u00f3rica no processo.<\/p>\n<p>O l\u00edder do Chega sustenta que, para avan\u00e7ar, \u00e9 necess\u00e1rio concord\u00e2ncia com a Iniciativa Liberal e com o PSD, estimando que juntos devem atingir os dois ter\u00e7os no parlamento. Observou que h\u00e1 converg\u00eancia em \u00e1reas como economia de mercado, imigra\u00e7\u00e3o e efici\u00eancia da Administra\u00e7\u00e3o P\u00fablica.<\/p>\n<p>Ventura lembrou um compromisso de iniciar o processo de revis\u00e3o constitucional at\u00e9 ao fim do ano e fez refer\u00eancia a uma leitura de que haveria um alinhamento \u00e0 direita para uma eventual mudan\u00e7a. Assumiu ainda que o objetivo \u00e9 reduzir o peso do socialismo na Constitui\u00e7\u00e3o.<\/p>\n<p>O chefe do Chega criticou o que chamou de dom\u00ednio do Partido Socialista sobre as institui\u00e7\u00f5es nos \u00faltimos 50 anos, afirmando que isso precisa de terminar. Afirmou que o partido pretende transformar Portugal e que os seus eleitores n\u00e3o votaram para manter o status quo.<\/p>\n<p>Paralelamente, Ventura dedicou parte do discurso ao setor agr\u00edcola, considerado essencial para o futuro do pa\u00eds. Lembrou que a depend\u00eancia externa do setor prim\u00e1rio \u00e9 um fator de preocupa\u00e7\u00e3o e associou a valoriza\u00e7\u00e3o do mundo rural \u00e0 estabilidade econ\u00f3mica.<\/p>\n","protected":false},"excerpt":{"rendered":"<ul>\n<li>Ventura diz que Portugal tem uma \u201coportunidade hist\u00f3rica\u201d para rever a Constitui\u00e7\u00e3o, tentando avan\u00e7ar com o processo ainda este ano.<\/li>\n<li>Em Santar\u00e9m, o l\u00edder do Chega afirmou que, se tudo \u00e9 inconstitucional, ent\u00e3o a Constitui\u00e7\u00e3o est\u00e1 errada, defendendo mudan\u00e7as r\u00e1pidas.<\/li>\n<li>O Chega, a Iniciativa Liberal e o PSD assegurariam dois ter\u00e7os no Parlamento para altera\u00e7\u00f5es constitucionais, com foco em economia de mercado, imigra\u00e7\u00e3o, investimento e efici\u00eancia da Administra\u00e7\u00e3o P\u00fablica.<\/li>\n<li>Ventura comprometeu-se a iniciar o processo de revis\u00e3o constitucional at\u00e9 ao final do ano e pediu ao PSD para assumir responsabilidade hist\u00f3rica.<\/li>\n<li>O l\u00edder do Chega criticou o PS por dom\u00ednio de institui\u00e7\u00f5es nos \u00faltimos cinquenta anos e destacou a import\u00e2ncia do setor agr\u00edcola para o futuro do pa\u00eds.<\/li>\n<\/ul>\n","protected":false},"author":2,"featured_media":425506,"comment_status":"closed","ping_status":"closed","sticky":false,"template":"","format":"standard","meta":{"footnotes":""},"categories":[1,5],"tags":[2142,4057,1482,2832,3695,2558],"class_list":["post-425503","post","type-post","status-publish","format-standard","has-post-thumbnail","hentry","category-noticias","category-politica","tag-chega","tag-constituicao","tag-iniciativa-liberal","tag-politica","tag-psd","tag-ventura"],"yoast_head":"<!-- This site is optimized with the Yoast SEO plugin v27.2 - https:\/\/yoast.com\/product\/yoast-seo-wordpress\/ -->\n<title>Ventura aponta oportunidade hist\u00f3rica para rever a Constitui\u00e7\u00e3o - Portal Tela Portugal<\/title>\n<meta name=\"robots\" content=\"index, follow, max-snippet:-1, max-image-preview:large, max-video-preview:-1\" \/>\n<meta property=\"og:locale\" content=\"pt_PT\" \/>\n<meta property=\"og:type\" content=\"article\" \/>\n<meta property=\"og:title\" content=\"Ventura aponta oportunidade hist\u00f3rica para rever a Constitui\u00e7\u00e3o - Portal Tela Portugal\" \/>\n<meta property=\"og:description\" content=\"Ventura diz que Portugal tem uma \u201coportunidade hist\u00f3rica\u201d para rever a Constitui\u00e7\u00e3o, tentando avan\u00e7ar com o processo ainda este ano. Em Santar\u00e9m, o l\u00edder do Chega afirmou que, se tudo \u00e9 inconstitucional, ent\u00e3o a Constitui\u00e7\u00e3o est\u00e1 errada, defendendo mudan\u00e7as r\u00e1pidas. O Chega, a Iniciativa Liberal e o PSD assegurariam dois ter\u00e7os no Parlamento para altera\u00e7\u00f5es constitucionais, com foco em economia de mercado, imigra\u00e7\u00e3o, investimento e efici\u00eancia da Administra\u00e7\u00e3o P\u00fablica. Ventura comprometeu-se a iniciar o processo de revis\u00e3o constitucional at\u00e9 ao final do ano e pediu ao PSD para assumir responsabilidade hist\u00f3rica. O l\u00edder do Chega criticou o PS por dom\u00ednio de institui\u00e7\u00f5es nos \u00faltimos cinquenta anos e destacou a import\u00e2ncia do setor agr\u00edcola para o futuro do pa\u00eds.\" \/>\n<meta property=\"og:url\" content=\"https:\/\/portaltela.pt\/noticias\/2026\/03\/28\/ventura-aponta-oportunidade-historica-para-rever-a-constituicao\/\" \/>\n<meta property=\"og:site_name\" content=\"Portal Tela Portugal\" \/>\n<meta property=\"article:published_time\" content=\"2026-03-28T23:21:00+00:00\" \/>\n<meta name=\"author\" content=\"Telinha\" \/>\n<meta name=\"twitter:card\" content=\"summary_large_image\" \/>\n<meta name=\"twitter:label1\" content=\"Escrito por\" \/>\n\t<meta name=\"twitter:data1\" content=\"Telinha\" \/>\n\t<meta name=\"twitter:label2\" content=\"Tempo estimado de leitura\" \/>\n\t<meta name=\"twitter:data2\" content=\"1 minuto\" \/>\n<script type=\"application\/ld+json\" class=\"yoast-schema-graph\">{\"@context\":\"https:\/\/schema.org\",\"@graph\":[{\"@type\":\"Article\",\"@id\":\"https:\/\/portaltela.pt\/noticias\/2026\/03\/28\/ventura-aponta-oportunidade-historica-para-rever-a-constituicao\/#article\",\"isPartOf\":{\"@id\":\"https:\/\/portaltela.pt\/noticias\/2026\/03\/28\/ventura-aponta-oportunidade-historica-para-rever-a-constituicao\/\"},\"author\":{\"name\":\"Telinha\",\"@id\":\"https:\/\/portaltela.pt\/#\/schema\/person\/c4278d4a6028830caff9ee44b42d32ed\"},\"headline\":\"Ventura aponta oportunidade hist\u00f3rica para rever a Constitui\u00e7\u00e3o\",\"datePublished\":\"2026-03-28T23:21:00+00:00\",\"mainEntityOfPage\":{\"@id\":\"https:\/\/portaltela.pt\/noticias\/2026\/03\/28\/ventura-aponta-oportunidade-historica-para-rever-a-constituicao\/\"},\"wordCount\":302,\"image\":{\"@id\":\"https:\/\/portaltela.pt\/noticias\/2026\/03\/28\/ventura-aponta-oportunidade-historica-para-rever-a-constituicao\/#primaryimage\"},\"thumbnailUrl\":\"https:\/\/portaltela.pt\/s.01k8rhncp4jt1\/2026\/03\/2077727.jpg\",\"keywords\":[\"CHEGA\",\"constitui\u00e7\u00e3o\",\"Iniciativa Liberal\",\"pol\u00edtica\",\"PSD\",\"Ventura\"],\"articleSection\":[\"Not\u00edcias\",\"Pol\u00edtica\"],\"inLanguage\":\"pt-PT\"},{\"@type\":\"WebPage\",\"@id\":\"https:\/\/portaltela.pt\/noticias\/2026\/03\/28\/ventura-aponta-oportunidade-historica-para-rever-a-constituicao\/\",\"url\":\"https:\/\/portaltela.pt\/noticias\/2026\/03\/28\/ventura-aponta-oportunidade-historica-para-rever-a-constituicao\/\",\"name\":\"Ventura aponta oportunidade hist\u00f3rica para rever a Constitui\u00e7\u00e3o - Portal Tela Portugal\",\"isPartOf\":{\"@id\":\"https:\/\/portaltela.pt\/#website\"},\"primaryImageOfPage\":{\"@id\":\"https:\/\/portaltela.pt\/noticias\/2026\/03\/28\/ventura-aponta-oportunidade-historica-para-rever-a-constituicao\/#primaryimage\"},\"image\":{\"@id\":\"https:\/\/portaltela.pt\/noticias\/2026\/03\/28\/ventura-aponta-oportunidade-historica-para-rever-a-constituicao\/#primaryimage\"},\"thumbnailUrl\":\"https:\/\/portaltela.pt\/s.01k8rhncp4jt1\/2026\/03\/2077727.jpg\",\"datePublished\":\"2026-03-28T23:21:00+00:00\",\"author\":{\"@id\":\"https:\/\/portaltela.pt\/#\/schema\/person\/c4278d4a6028830caff9ee44b42d32ed\"},\"breadcrumb\":{\"@id\":\"https:\/\/portaltela.pt\/noticias\/2026\/03\/28\/ventura-aponta-oportunidade-historica-para-rever-a-constituicao\/#breadcrumb\"},\"inLanguage\":\"pt-PT\",\"potentialAction\":[{\"@type\":\"ReadAction\",\"target\":[\"https:\/\/portaltela.pt\/noticias\/2026\/03\/28\/ventura-aponta-oportunidade-historica-para-rever-a-constituicao\/\"]}]},{\"@type\":\"ImageObject\",\"inLanguage\":\"pt-PT\",\"@id\":\"https:\/\/portaltela.pt\/noticias\/2026\/03\/28\/ventura-aponta-oportunidade-historica-para-rever-a-constituicao\/#primaryimage\",\"url\":\"https:\/\/portaltela.pt\/s.01k8rhncp4jt1\/2026\/03\/2077727.jpg\",\"contentUrl\":\"https:\/\/portaltela.pt\/s.01k8rhncp4jt1\/2026\/03\/2077727.jpg\",\"width\":796,\"height\":448,\"caption\":\"Andr\u00e9 Ventura\"},{\"@type\":\"BreadcrumbList\",\"@id\":\"https:\/\/portaltela.pt\/noticias\/2026\/03\/28\/ventura-aponta-oportunidade-historica-para-rever-a-constituicao\/#breadcrumb\",\"itemListElement\":[{\"@type\":\"ListItem\",\"position\":1,\"name\":\"In\u00edcio\",\"item\":\"https:\/\/portaltela.pt\/\"},{\"@type\":\"ListItem\",\"position\":2,\"name\":\"Ventura aponta oportunidade hist\u00f3rica para rever a Constitui\u00e7\u00e3o\"}]},{\"@type\":\"WebSite\",\"@id\":\"https:\/\/portaltela.pt\/#website\",\"url\":\"https:\/\/portaltela.pt\/\",\"name\":\"Portal Tela Portugal\",\"description\":\"\",\"potentialAction\":[{\"@type\":\"SearchAction\",\"target\":{\"@type\":\"EntryPoint\",\"urlTemplate\":\"https:\/\/portaltela.pt\/?s={search_term_string}\"},\"query-input\":{\"@type\":\"PropertyValueSpecification\",\"valueRequired\":true,\"valueName\":\"search_term_string\"}}],\"inLanguage\":\"pt-PT\"},{\"@type\":\"Person\",\"@id\":\"https:\/\/portaltela.pt\/#\/schema\/person\/c4278d4a6028830caff9ee44b42d32ed\",\"name\":\"Telinha\",\"image\":{\"@type\":\"ImageObject\",\"inLanguage\":\"pt-PT\",\"@id\":\"https:\/\/portaltela.pt\/s.01k8rhncp4jt1\/2025\/11\/talking-bot-125x125.png\",\"url\":\"https:\/\/portaltela.pt\/s.01k8rhncp4jt1\/2025\/11\/talking-bot-125x125.png\",\"contentUrl\":\"https:\/\/portaltela.pt\/s.01k8rhncp4jt1\/2025\/11\/talking-bot-125x125.png\",\"caption\":\"Telinha\"},\"sameAs\":[\"https:\/\/portaltela.pt\/\"],\"url\":\"https:\/\/portaltela.pt\/por\/367410592786\/\"}]}<\/script>\n<!-- \/ Yoast SEO plugin. -->","yoast_head_json":{"title":"Ventura aponta oportunidade hist\u00f3rica para rever a Constitui\u00e7\u00e3o - Portal Tela Portugal","robots":{"index":"index","follow":"follow","max-snippet":"max-snippet:-1","max-image-preview":"max-image-preview:large","max-video-preview":"max-video-preview:-1"},"og_locale":"pt_PT","og_type":"article","og_title":"Ventura aponta oportunidade hist\u00f3rica para rever a Constitui\u00e7\u00e3o - Portal Tela Portugal","og_description":"Ventura diz que Portugal tem uma \u201coportunidade hist\u00f3rica\u201d para rever a Constitui\u00e7\u00e3o, tentando avan\u00e7ar com o processo ainda este ano. Em Santar\u00e9m, o l\u00edder do Chega afirmou que, se tudo \u00e9 inconstitucional, ent\u00e3o a Constitui\u00e7\u00e3o est\u00e1 errada, defendendo mudan\u00e7as r\u00e1pidas. O Chega, a Iniciativa Liberal e o PSD assegurariam dois ter\u00e7os no Parlamento para altera\u00e7\u00f5es constitucionais, com foco em economia de mercado, imigra\u00e7\u00e3o, investimento e efici\u00eancia da Administra\u00e7\u00e3o P\u00fablica. Ventura comprometeu-se a iniciar o processo de revis\u00e3o constitucional at\u00e9 ao final do ano e pediu ao PSD para assumir responsabilidade hist\u00f3rica. O l\u00edder do Chega criticou o PS por dom\u00ednio de institui\u00e7\u00f5es nos \u00faltimos cinquenta anos e destacou a import\u00e2ncia do setor agr\u00edcola para o futuro do pa\u00eds.","og_url":"https:\/\/portaltela.pt\/noticias\/2026\/03\/28\/ventura-aponta-oportunidade-historica-para-rever-a-constituicao\/","og_site_name":"Portal Tela Portugal","article_published_time":"2026-03-28T23:21:00+00:00","author":"Telinha","twitter_card":"summary_large_image","twitter_misc":{"Escrito por":"Telinha","Tempo estimado de leitura":"1 minuto"},"schema":{"@context":"https:\/\/schema.org","@graph":[{"@type":"Article","@id":"https:\/\/portaltela.pt\/noticias\/2026\/03\/28\/ventura-aponta-oportunidade-historica-para-rever-a-constituicao\/#article","isPartOf":{"@id":"https:\/\/portaltela.pt\/noticias\/2026\/03\/28\/ventura-aponta-oportunidade-historica-para-rever-a-constituicao\/"},"author":{"name":"Telinha","@id":"https:\/\/portaltela.pt\/#\/schema\/person\/c4278d4a6028830caff9ee44b42d32ed"},"headline":"Ventura aponta oportunidade hist\u00f3rica para rever a Constitui\u00e7\u00e3o","datePublished":"2026-03-28T23:21:00+00:00","mainEntityOfPage":{"@id":"https:\/\/portaltela.pt\/noticias\/2026\/03\/28\/ventura-aponta-oportunidade-historica-para-rever-a-constituicao\/"},"wordCount":302,"image":{"@id":"https:\/\/portaltela.pt\/noticias\/2026\/03\/28\/ventura-aponta-oportunidade-historica-para-rever-a-constituicao\/#primaryimage"},"thumbnailUrl":"https:\/\/portaltela.pt\/s.01k8rhncp4jt1\/2026\/03\/2077727.jpg","keywords":["CHEGA","constitui\u00e7\u00e3o","Iniciativa Liberal","pol\u00edtica","PSD","Ventura"],"articleSection":["Not\u00edcias","Pol\u00edtica"],"inLanguage":"pt-PT"},{"@type":"WebPage","@id":"https:\/\/portaltela.pt\/noticias\/2026\/03\/28\/ventura-aponta-oportunidade-historica-para-rever-a-constituicao\/","url":"https:\/\/portaltela.pt\/noticias\/2026\/03\/28\/ventura-aponta-oportunidade-historica-para-rever-a-constituicao\/","name":"Ventura aponta oportunidade hist\u00f3rica para rever a Constitui\u00e7\u00e3o - Portal Tela Portugal","isPartOf":{"@id":"https:\/\/portaltela.pt\/#website"},"primaryImageOfPage":{"@id":"https:\/\/portaltela.pt\/noticias\/2026\/03\/28\/ventura-aponta-oportunidade-historica-para-rever-a-constituicao\/#primaryimage"},"image":{"@id":"https:\/\/portaltela.pt\/noticias\/2026\/03\/28\/ventura-aponta-oportunidade-historica-para-rever-a-constituicao\/#primaryimage"},"thumbnailUrl":"https:\/\/portaltela.pt\/s.01k8rhncp4jt1\/2026\/03\/2077727.jpg","datePublished":"2026-03-28T23:21:00+00:00","author":{"@id":"https:\/\/portaltela.pt\/#\/schema\/person\/c4278d4a6028830caff9ee44b42d32ed"},"breadcrumb":{"@id":"https:\/\/portaltela.pt\/noticias\/2026\/03\/28\/ventura-aponta-oportunidade-historica-para-rever-a-constituicao\/#breadcrumb"},"inLanguage":"pt-PT","potentialAction":[{"@type":"ReadAction","target":["https:\/\/portaltela.pt\/noticias\/2026\/03\/28\/ventura-aponta-oportunidade-historica-para-rever-a-constituicao\/"]}]},{"@type":"ImageObject","inLanguage":"pt-PT","@id":"https:\/\/portaltela.pt\/noticias\/2026\/03\/28\/ventura-aponta-oportunidade-historica-para-rever-a-constituicao\/#primaryimage","url":"https:\/\/portaltela.pt\/s.01k8rhncp4jt1\/2026\/03\/2077727.jpg","contentUrl":"https:\/\/portaltela.pt\/s.01k8rhncp4jt1\/2026\/03\/2077727.jpg","width":796,"height":448,"caption":"Andr\u00e9 Ventura"},{"@type":"BreadcrumbList","@id":"https:\/\/portaltela.pt\/noticias\/2026\/03\/28\/ventura-aponta-oportunidade-historica-para-rever-a-constituicao\/#breadcrumb","itemListElement":[{"@type":"ListItem","position":1,"name":"In\u00edcio","item":"https:\/\/portaltela.pt\/"},{"@type":"ListItem","position":2,"name":"Ventura aponta oportunidade hist\u00f3rica para rever a Constitui\u00e7\u00e3o"}]},{"@type":"WebSite","@id":"https:\/\/portaltela.pt\/#website","url":"https:\/\/portaltela.pt\/","name":"Portal Tela Portugal","description":"","potentialAction":[{"@type":"SearchAction","target":{"@type":"EntryPoint","urlTemplate":"https:\/\/portaltela.pt\/?s={search_term_string}"},"query-input":{"@type":"PropertyValueSpecification","valueRequired":true,"valueName":"search_term_string"}}],"inLanguage":"pt-PT"},{"@type":"Person","@id":"https:\/\/portaltela.pt\/#\/schema\/person\/c4278d4a6028830caff9ee44b42d32ed","name":"Telinha","image":{"@type":"ImageObject","inLanguage":"pt-PT","@id":"https:\/\/portaltela.pt\/s.01k8rhncp4jt1\/2025\/11\/talking-bot-125x125.png","url":"https:\/\/portaltela.pt\/s.01k8rhncp4jt1\/2025\/11\/talking-bot-125x125.png","contentUrl":"https:\/\/portaltela.pt\/s.01k8rhncp4jt1\/2025\/11\/talking-bot-125x125.png","caption":"Telinha"},"sameAs":["https:\/\/portaltela.pt\/"],"url":"https:\/\/portaltela.pt\/por\/367410592786\/"}]}},"_links":{"self":[{"href":"https:\/\/portaltela.pt\/api\/wp\/v2\/posts\/425503","targetHints":{"allow":["GET"]}}],"collection":[{"href":"https:\/\/portaltela.pt\/api\/wp\/v2\/posts"}],"about":[{"href":"https:\/\/portaltela.pt\/api\/wp\/v2\/types\/post"}],"author":[{"embeddable":true,"href":"https:\/\/portaltela.pt\/api\/wp\/v2\/users\/2"}],"replies":[{"embeddable":true,"href":"https:\/\/portaltela.pt\/api\/wp\/v2\/comments?post=425503"}],"version-history":[{"count":0,"href":"https:\/\/portaltela.pt\/api\/wp\/v2\/posts\/425503\/revisions"}],"wp:featuredmedia":[{"embeddable":true,"href":"https:\/\/portaltela.pt\/api\/wp\/v2\/media\/425506"}],"wp:attachment":[{"href":"https:\/\/portaltela.pt\/api\/wp\/v2\/media?parent=425503"}],"wp:term":[{"taxonomy":"category","embeddable":true,"href":"https:\/\/portaltela.pt\/api\/wp\/v2\/categories?post=425503"},{"taxonomy":"post_tag","embeddable":true,"href":"https:\/\/portaltela.pt\/api\/wp\/v2\/tags?post=425503"}],"curies":[{"name":"wp","href":"https:\/\/api.w.org\/{rel}","templated":true}]}}