{"id":425498,"date":"2026-03-28T20:24:00","date_gmt":"2026-03-28T23:24:00","guid":{"rendered":"https:\/\/portaltela.pt\/noticias\/2026\/03\/28\/jorge-martin-vence-sprint-em-austin-e-assume-lideranca-no-motogp\/"},"modified":"2026-03-28T20:24:00","modified_gmt":"2026-03-28T23:24:00","slug":"jorge-martin-vence-sprint-em-austin-e-assume-lideranca-no-motogp","status":"publish","type":"post","link":"https:\/\/portaltela.pt\/desporto\/futebol\/2026\/03\/28\/jorge-martin-vence-sprint-em-austin-e-assume-lideranca-no-motogp\/","title":{"rendered":"Jorge Martin vence sprint em Austin e assume lideran\u00e7a no MotoGP"},"content":{"rendered":"<p>O piloto espanhol Jorge Mart\u00edn (Aprilia) venceu a corrida sprint do Grande Pr\u00e9mio das Am\u00e9ricas de MotoGP, terceira ronda da temporada, realizada em Austin. Mart\u00edn bateu o italiano Francesco Bagnaia (Ducati) por 0,755 segundos, com Pedro Acosta (KTM) em terceiro, a 2,484. A moto de Acosta est\u00e1 sob investiga\u00e7\u00e3o por poss\u00edvel press\u00e3o irregular nos pneus no final da prova.<\/p>\n<p>J\u00e1 no in\u00edcio, Fabio Di Giannantonio (Ducati) partiu da pole pela segunda vez, mas cedeu a lideran\u00e7a a Bagnaia. Marc M\u00e1rquez (Ducati), que partiu em sexto, tentou ultrapassar Di Giannantonio mas acabou por cair, arrastando o italiano.<\/p>\n<h3>Resultados e lideran\u00e7a no campeonato<\/h3>\n<p>Bagnaia manteve a lideran\u00e7a do campeonato no topo da corrida, com Mart\u00edn a recuperar posi\u00e7\u00e3o ap\u00f3s largar da s\u00e9tima para terminar no topo. Marco Bezzecchi (Aprilia) caiu a tr\u00eas voltas do fim, deixando Mart\u00edn a aproximar-se na \u00faltima volta e a ultrapassar na travagem para a curva 12 na derradeira passagem.<\/p>\n<p>A escolha de pneus foi determinante: Bagnaia montou um traseiro macio, enquanto Mart\u00edn utilizou um pneu m\u00e9dio. A diferen\u00e7a na estrat\u00e9gia permitiu \u00e0 \u03b1 Paulo da Aprilia vencer pela primeira vez numa sprint desde o GP da Mal\u00e1sia de 2024, h\u00e1 511 dias.<\/p>\n<p>Marc M\u00e1rquez concluiu na 17\u00aa posi\u00e7\u00e3o, fora dos pontos. No entanto, a prova principal est\u00e1 agendada para domingo, \u00e0s 21 horas, mantendo-se a expectativa de ac\u00e7\u00e3o em Austin.<\/p>\n","protected":false},"excerpt":{"rendered":"<ul>\n<li>Jorge Martin (Aprilia) venceu a sprint do Grande Pr\u00e9mio das Am\u00e9ricas, passando a liderar o campeonato com 57 pontos.<\/li>\n<li>Francesco Bagnaia (Ducati) ficou em segundo, a 0,755 segundos, e Pedro Acosta (KTM) foi terceiro, a 2,484, com a investiga\u00e7\u00e3o sobre poss\u00edvel press\u00e3o irregular nos pneus.<\/li>\n<li>Marco Bezzecchi (Aprilia) liderou parte da corrida, caiu a tr\u00eas voltas do fim, e Jorge Martin aproximou-se na fase decisiva.<\/li>\n<li>Karl M\u00e1rquez (Ducati) tamb\u00e9m houve de se envolver em incidente ao tentar ultrapassar Bezzecchi, acabando por abandonar a prova.<\/li>\n<li>A corrida principal est\u00e1 agendada para domingo \u00e0s 21 horas.<\/li>\n<\/ul>\n","protected":false},"author":2,"featured_media":425500,"comment_status":"closed","ping_status":"closed","sticky":false,"template":"","format":"standard","meta":{"footnotes":""},"categories":[21,24],"tags":[1285,2463,152,2467,2031,2487],"class_list":["post-425498","post","type-post","status-publish","format-standard","has-post-thumbnail","hentry","category-desporto","category-futebol","tag-competicao","tag-competicao-internacional","tag-desporto","tag-desportos-motorizados","tag-espanha","tag-europa"],"yoast_head":"<!-- This site is optimized with the Yoast SEO plugin v27.2 - https:\/\/yoast.com\/product\/yoast-seo-wordpress\/ -->\n<title>Jorge Martin vence sprint em Austin e assume lideran\u00e7a no MotoGP - Portal Tela Portugal<\/title>\n<meta name=\"robots\" content=\"index, follow, max-snippet:-1, max-image-preview:large, max-video-preview:-1\" \/>\n<meta property=\"og:locale\" content=\"pt_PT\" \/>\n<meta property=\"og:type\" content=\"article\" \/>\n<meta property=\"og:title\" content=\"Jorge Martin vence sprint em Austin e assume lideran\u00e7a no MotoGP - Portal Tela Portugal\" \/>\n<meta property=\"og:description\" content=\"Jorge Martin (Aprilia) venceu a sprint do Grande Pr\u00e9mio das Am\u00e9ricas, passando a liderar o campeonato com 57 pontos. Francesco Bagnaia (Ducati) ficou em segundo, a 0,755 segundos, e Pedro Acosta (KTM) foi terceiro, a 2,484, com a investiga\u00e7\u00e3o sobre poss\u00edvel press\u00e3o irregular nos pneus. Marco Bezzecchi (Aprilia) liderou parte da corrida, caiu a tr\u00eas voltas do fim, e Jorge Martin aproximou-se na fase decisiva. Karl M\u00e1rquez (Ducati) tamb\u00e9m houve de se envolver em incidente ao tentar ultrapassar Bezzecchi, acabando por abandonar a prova. A corrida principal est\u00e1 agendada para domingo \u00e0s 21 horas.\" \/>\n<meta property=\"og:url\" content=\"https:\/\/portaltela.pt\/noticias\/2026\/03\/28\/jorge-martin-vence-sprint-em-austin-e-assume-lideranca-no-motogp\/\" \/>\n<meta property=\"og:site_name\" content=\"Portal Tela Portugal\" \/>\n<meta property=\"article:published_time\" content=\"2026-03-28T23:24:00+00:00\" \/>\n<meta name=\"author\" content=\"Telinha\" \/>\n<meta name=\"twitter:card\" content=\"summary_large_image\" \/>\n<meta name=\"twitter:label1\" content=\"Escrito por\" \/>\n\t<meta name=\"twitter:data1\" content=\"Telinha\" \/>\n\t<meta name=\"twitter:label2\" content=\"Tempo estimado de leitura\" \/>\n\t<meta name=\"twitter:data2\" content=\"1 minuto\" \/>\n<script type=\"application\/ld+json\" class=\"yoast-schema-graph\">{\"@context\":\"https:\/\/schema.org\",\"@graph\":[{\"@type\":\"Article\",\"@id\":\"https:\/\/portaltela.pt\/noticias\/2026\/03\/28\/jorge-martin-vence-sprint-em-austin-e-assume-lideranca-no-motogp\/#article\",\"isPartOf\":{\"@id\":\"https:\/\/portaltela.pt\/noticias\/2026\/03\/28\/jorge-martin-vence-sprint-em-austin-e-assume-lideranca-no-motogp\/\"},\"author\":{\"name\":\"Telinha\",\"@id\":\"https:\/\/portaltela.pt\/#\/schema\/person\/c4278d4a6028830caff9ee44b42d32ed\"},\"headline\":\"Jorge Martin vence sprint em Austin e assume lideran\u00e7a no MotoGP\",\"datePublished\":\"2026-03-28T23:24:00+00:00\",\"mainEntityOfPage\":{\"@id\":\"https:\/\/portaltela.pt\/noticias\/2026\/03\/28\/jorge-martin-vence-sprint-em-austin-e-assume-lideranca-no-motogp\/\"},\"wordCount\":252,\"image\":{\"@id\":\"https:\/\/portaltela.pt\/noticias\/2026\/03\/28\/jorge-martin-vence-sprint-em-austin-e-assume-lideranca-no-motogp\/#primaryimage\"},\"thumbnailUrl\":\"https:\/\/portaltela.pt\/s.01k8rhncp4jt1\/2026\/03\/image-1714.jpg\",\"keywords\":[\"competi\u00e7\u00e3o\",\"competi\u00e7\u00e3o internacional\",\"desporto\",\"Desportos Motorizados\",\"Espanha\",\"Europa\"],\"articleSection\":[\"Desporto\",\"Futebol\"],\"inLanguage\":\"pt-PT\"},{\"@type\":\"WebPage\",\"@id\":\"https:\/\/portaltela.pt\/noticias\/2026\/03\/28\/jorge-martin-vence-sprint-em-austin-e-assume-lideranca-no-motogp\/\",\"url\":\"https:\/\/portaltela.pt\/noticias\/2026\/03\/28\/jorge-martin-vence-sprint-em-austin-e-assume-lideranca-no-motogp\/\",\"name\":\"Jorge Martin vence sprint em Austin e assume lideran\u00e7a no MotoGP - Portal Tela Portugal\",\"isPartOf\":{\"@id\":\"https:\/\/portaltela.pt\/#website\"},\"primaryImageOfPage\":{\"@id\":\"https:\/\/portaltela.pt\/noticias\/2026\/03\/28\/jorge-martin-vence-sprint-em-austin-e-assume-lideranca-no-motogp\/#primaryimage\"},\"image\":{\"@id\":\"https:\/\/portaltela.pt\/noticias\/2026\/03\/28\/jorge-martin-vence-sprint-em-austin-e-assume-lideranca-no-motogp\/#primaryimage\"},\"thumbnailUrl\":\"https:\/\/portaltela.pt\/s.01k8rhncp4jt1\/2026\/03\/image-1714.jpg\",\"datePublished\":\"2026-03-28T23:24:00+00:00\",\"author\":{\"@id\":\"https:\/\/portaltela.pt\/#\/schema\/person\/c4278d4a6028830caff9ee44b42d32ed\"},\"breadcrumb\":{\"@id\":\"https:\/\/portaltela.pt\/noticias\/2026\/03\/28\/jorge-martin-vence-sprint-em-austin-e-assume-lideranca-no-motogp\/#breadcrumb\"},\"inLanguage\":\"pt-PT\",\"potentialAction\":[{\"@type\":\"ReadAction\",\"target\":[\"https:\/\/portaltela.pt\/noticias\/2026\/03\/28\/jorge-martin-vence-sprint-em-austin-e-assume-lideranca-no-motogp\/\"]}]},{\"@type\":\"ImageObject\",\"inLanguage\":\"pt-PT\",\"@id\":\"https:\/\/portaltela.pt\/noticias\/2026\/03\/28\/jorge-martin-vence-sprint-em-austin-e-assume-lideranca-no-motogp\/#primaryimage\",\"url\":\"https:\/\/portaltela.pt\/s.01k8rhncp4jt1\/2026\/03\/image-1714.jpg\",\"contentUrl\":\"https:\/\/portaltela.pt\/s.01k8rhncp4jt1\/2026\/03\/image-1714.jpg\",\"width\":796,\"height\":448,\"caption\":\"Jorge Mart\u00edn saltou para o primeiro lugar na curva 12 da \u00faltima volta\"},{\"@type\":\"BreadcrumbList\",\"@id\":\"https:\/\/portaltela.pt\/noticias\/2026\/03\/28\/jorge-martin-vence-sprint-em-austin-e-assume-lideranca-no-motogp\/#breadcrumb\",\"itemListElement\":[{\"@type\":\"ListItem\",\"position\":1,\"name\":\"In\u00edcio\",\"item\":\"https:\/\/portaltela.pt\/\"},{\"@type\":\"ListItem\",\"position\":2,\"name\":\"Jorge Martin vence sprint em Austin e assume lideran\u00e7a no MotoGP\"}]},{\"@type\":\"WebSite\",\"@id\":\"https:\/\/portaltela.pt\/#website\",\"url\":\"https:\/\/portaltela.pt\/\",\"name\":\"Portal Tela Portugal\",\"description\":\"\",\"potentialAction\":[{\"@type\":\"SearchAction\",\"target\":{\"@type\":\"EntryPoint\",\"urlTemplate\":\"https:\/\/portaltela.pt\/?s={search_term_string}\"},\"query-input\":{\"@type\":\"PropertyValueSpecification\",\"valueRequired\":true,\"valueName\":\"search_term_string\"}}],\"inLanguage\":\"pt-PT\"},{\"@type\":\"Person\",\"@id\":\"https:\/\/portaltela.pt\/#\/schema\/person\/c4278d4a6028830caff9ee44b42d32ed\",\"name\":\"Telinha\",\"image\":{\"@type\":\"ImageObject\",\"inLanguage\":\"pt-PT\",\"@id\":\"https:\/\/portaltela.pt\/s.01k8rhncp4jt1\/2025\/11\/talking-bot-125x125.png\",\"url\":\"https:\/\/portaltela.pt\/s.01k8rhncp4jt1\/2025\/11\/talking-bot-125x125.png\",\"contentUrl\":\"https:\/\/portaltela.pt\/s.01k8rhncp4jt1\/2025\/11\/talking-bot-125x125.png\",\"caption\":\"Telinha\"},\"sameAs\":[\"https:\/\/portaltela.pt\/\"],\"url\":\"https:\/\/portaltela.pt\/por\/367410592786\/\"}]}<\/script>\n<!-- \/ Yoast SEO plugin. -->","yoast_head_json":{"title":"Jorge Martin vence sprint em Austin e assume lideran\u00e7a no MotoGP - Portal Tela Portugal","robots":{"index":"index","follow":"follow","max-snippet":"max-snippet:-1","max-image-preview":"max-image-preview:large","max-video-preview":"max-video-preview:-1"},"og_locale":"pt_PT","og_type":"article","og_title":"Jorge Martin vence sprint em Austin e assume lideran\u00e7a no MotoGP - Portal Tela Portugal","og_description":"Jorge Martin (Aprilia) venceu a sprint do Grande Pr\u00e9mio das Am\u00e9ricas, passando a liderar o campeonato com 57 pontos. Francesco Bagnaia (Ducati) ficou em segundo, a 0,755 segundos, e Pedro Acosta (KTM) foi terceiro, a 2,484, com a investiga\u00e7\u00e3o sobre poss\u00edvel press\u00e3o irregular nos pneus. Marco Bezzecchi (Aprilia) liderou parte da corrida, caiu a tr\u00eas voltas do fim, e Jorge Martin aproximou-se na fase decisiva. Karl M\u00e1rquez (Ducati) tamb\u00e9m houve de se envolver em incidente ao tentar ultrapassar Bezzecchi, acabando por abandonar a prova. A corrida principal est\u00e1 agendada para domingo \u00e0s 21 horas.","og_url":"https:\/\/portaltela.pt\/noticias\/2026\/03\/28\/jorge-martin-vence-sprint-em-austin-e-assume-lideranca-no-motogp\/","og_site_name":"Portal Tela Portugal","article_published_time":"2026-03-28T23:24:00+00:00","author":"Telinha","twitter_card":"summary_large_image","twitter_misc":{"Escrito por":"Telinha","Tempo estimado de leitura":"1 minuto"},"schema":{"@context":"https:\/\/schema.org","@graph":[{"@type":"Article","@id":"https:\/\/portaltela.pt\/noticias\/2026\/03\/28\/jorge-martin-vence-sprint-em-austin-e-assume-lideranca-no-motogp\/#article","isPartOf":{"@id":"https:\/\/portaltela.pt\/noticias\/2026\/03\/28\/jorge-martin-vence-sprint-em-austin-e-assume-lideranca-no-motogp\/"},"author":{"name":"Telinha","@id":"https:\/\/portaltela.pt\/#\/schema\/person\/c4278d4a6028830caff9ee44b42d32ed"},"headline":"Jorge Martin vence sprint em Austin e assume lideran\u00e7a no MotoGP","datePublished":"2026-03-28T23:24:00+00:00","mainEntityOfPage":{"@id":"https:\/\/portaltela.pt\/noticias\/2026\/03\/28\/jorge-martin-vence-sprint-em-austin-e-assume-lideranca-no-motogp\/"},"wordCount":252,"image":{"@id":"https:\/\/portaltela.pt\/noticias\/2026\/03\/28\/jorge-martin-vence-sprint-em-austin-e-assume-lideranca-no-motogp\/#primaryimage"},"thumbnailUrl":"https:\/\/portaltela.pt\/s.01k8rhncp4jt1\/2026\/03\/image-1714.jpg","keywords":["competi\u00e7\u00e3o","competi\u00e7\u00e3o internacional","desporto","Desportos Motorizados","Espanha","Europa"],"articleSection":["Desporto","Futebol"],"inLanguage":"pt-PT"},{"@type":"WebPage","@id":"https:\/\/portaltela.pt\/noticias\/2026\/03\/28\/jorge-martin-vence-sprint-em-austin-e-assume-lideranca-no-motogp\/","url":"https:\/\/portaltela.pt\/noticias\/2026\/03\/28\/jorge-martin-vence-sprint-em-austin-e-assume-lideranca-no-motogp\/","name":"Jorge Martin vence sprint em Austin e assume lideran\u00e7a no MotoGP - Portal Tela Portugal","isPartOf":{"@id":"https:\/\/portaltela.pt\/#website"},"primaryImageOfPage":{"@id":"https:\/\/portaltela.pt\/noticias\/2026\/03\/28\/jorge-martin-vence-sprint-em-austin-e-assume-lideranca-no-motogp\/#primaryimage"},"image":{"@id":"https:\/\/portaltela.pt\/noticias\/2026\/03\/28\/jorge-martin-vence-sprint-em-austin-e-assume-lideranca-no-motogp\/#primaryimage"},"thumbnailUrl":"https:\/\/portaltela.pt\/s.01k8rhncp4jt1\/2026\/03\/image-1714.jpg","datePublished":"2026-03-28T23:24:00+00:00","author":{"@id":"https:\/\/portaltela.pt\/#\/schema\/person\/c4278d4a6028830caff9ee44b42d32ed"},"breadcrumb":{"@id":"https:\/\/portaltela.pt\/noticias\/2026\/03\/28\/jorge-martin-vence-sprint-em-austin-e-assume-lideranca-no-motogp\/#breadcrumb"},"inLanguage":"pt-PT","potentialAction":[{"@type":"ReadAction","target":["https:\/\/portaltela.pt\/noticias\/2026\/03\/28\/jorge-martin-vence-sprint-em-austin-e-assume-lideranca-no-motogp\/"]}]},{"@type":"ImageObject","inLanguage":"pt-PT","@id":"https:\/\/portaltela.pt\/noticias\/2026\/03\/28\/jorge-martin-vence-sprint-em-austin-e-assume-lideranca-no-motogp\/#primaryimage","url":"https:\/\/portaltela.pt\/s.01k8rhncp4jt1\/2026\/03\/image-1714.jpg","contentUrl":"https:\/\/portaltela.pt\/s.01k8rhncp4jt1\/2026\/03\/image-1714.jpg","width":796,"height":448,"caption":"Jorge Mart\u00edn saltou para o primeiro lugar na curva 12 da \u00faltima volta"},{"@type":"BreadcrumbList","@id":"https:\/\/portaltela.pt\/noticias\/2026\/03\/28\/jorge-martin-vence-sprint-em-austin-e-assume-lideranca-no-motogp\/#breadcrumb","itemListElement":[{"@type":"ListItem","position":1,"name":"In\u00edcio","item":"https:\/\/portaltela.pt\/"},{"@type":"ListItem","position":2,"name":"Jorge Martin vence sprint em Austin e assume lideran\u00e7a no MotoGP"}]},{"@type":"WebSite","@id":"https:\/\/portaltela.pt\/#website","url":"https:\/\/portaltela.pt\/","name":"Portal Tela Portugal","description":"","potentialAction":[{"@type":"SearchAction","target":{"@type":"EntryPoint","urlTemplate":"https:\/\/portaltela.pt\/?s={search_term_string}"},"query-input":{"@type":"PropertyValueSpecification","valueRequired":true,"valueName":"search_term_string"}}],"inLanguage":"pt-PT"},{"@type":"Person","@id":"https:\/\/portaltela.pt\/#\/schema\/person\/c4278d4a6028830caff9ee44b42d32ed","name":"Telinha","image":{"@type":"ImageObject","inLanguage":"pt-PT","@id":"https:\/\/portaltela.pt\/s.01k8rhncp4jt1\/2025\/11\/talking-bot-125x125.png","url":"https:\/\/portaltela.pt\/s.01k8rhncp4jt1\/2025\/11\/talking-bot-125x125.png","contentUrl":"https:\/\/portaltela.pt\/s.01k8rhncp4jt1\/2025\/11\/talking-bot-125x125.png","caption":"Telinha"},"sameAs":["https:\/\/portaltela.pt\/"],"url":"https:\/\/portaltela.pt\/por\/367410592786\/"}]}},"_links":{"self":[{"href":"https:\/\/portaltela.pt\/api\/wp\/v2\/posts\/425498","targetHints":{"allow":["GET"]}}],"collection":[{"href":"https:\/\/portaltela.pt\/api\/wp\/v2\/posts"}],"about":[{"href":"https:\/\/portaltela.pt\/api\/wp\/v2\/types\/post"}],"author":[{"embeddable":true,"href":"https:\/\/portaltela.pt\/api\/wp\/v2\/users\/2"}],"replies":[{"embeddable":true,"href":"https:\/\/portaltela.pt\/api\/wp\/v2\/comments?post=425498"}],"version-history":[{"count":0,"href":"https:\/\/portaltela.pt\/api\/wp\/v2\/posts\/425498\/revisions"}],"wp:featuredmedia":[{"embeddable":true,"href":"https:\/\/portaltela.pt\/api\/wp\/v2\/media\/425500"}],"wp:attachment":[{"href":"https:\/\/portaltela.pt\/api\/wp\/v2\/media?parent=425498"}],"wp:term":[{"taxonomy":"category","embeddable":true,"href":"https:\/\/portaltela.pt\/api\/wp\/v2\/categories?post=425498"},{"taxonomy":"post_tag","embeddable":true,"href":"https:\/\/portaltela.pt\/api\/wp\/v2\/tags?post=425498"}],"curies":[{"name":"wp","href":"https:\/\/api.w.org\/{rel}","templated":true}]}}