{"id":425497,"date":"2026-03-28T20:18:00","date_gmt":"2026-03-28T23:18:00","guid":{"rendered":"https:\/\/portaltela.pt\/noticias\/2026\/03\/28\/lukebakio-emociona-se-apos-bisar-pela-belgica-e-revela-esforco-para-recuperar-forma\/"},"modified":"2026-03-28T20:18:00","modified_gmt":"2026-03-28T23:18:00","slug":"lukebakio-emociona-se-apos-bisar-pela-belgica-e-revela-esforco-para-recuperar-forma","status":"publish","type":"post","link":"https:\/\/portaltela.pt\/desporto\/futebol\/2026\/03\/28\/lukebakio-emociona-se-apos-bisar-pela-belgica-e-revela-esforco-para-recuperar-forma\/","title":{"rendered":"Lukebakio emociona-se ap\u00f3s bisar pela B\u00e9lgica e revela esfor\u00e7o para recuperar forma"},"content":{"rendered":"<p>Lukebakio emocionou-se ao bisar na vit\u00f3ria da B\u00e9lgica sobre os Estados Unidos, na vota\u00e7\u00e3o 5-2, num encontro particular. O extremo marcou pela primeira vez desde a recupera\u00e7\u00e3o de uma fratura no tornozelo esquerdo, ocorrida em novembro de 2025, destacando o percurso dif\u00edcil de reabilita\u00e7\u00e3o.<\/p>\n<p>O jogador do Benfica agradeceu ao corpo t\u00e9cnico pela chamada \u00e0 sele\u00e7\u00e3o belga e deixou elogios \u00e0 fam\u00edlia, em especial \u00e0 esposa, pelo apoio durante o per\u00edodo de recupera\u00e7\u00e3o.<\/p>\n<p>Ao completar o segundo golo, v\u00e1rias emo\u00e7\u00f5es estiveram \u00e0 flor da pele, refere-se \u00e0 imprensa belga. Lukebakio mostrou vontade de manter a humildade e usar o momento como motiva\u00e7\u00e3o para se manter relevante em todos os jogos futuros.<\/p>\n<p>O atleta voltou a recordar o trabalho intenso feito para regressar \u00e0 forma f\u00edsica, sublinhando o empenho no regresso aos relvados e a import\u00e2ncia de manter o foco nos pr\u00f3ximos desafios da carreira.<\/p>\n","protected":false},"excerpt":{"rendered":"<ul>\n<li>Lukebakio emocionado ap\u00f3s bisar na vit\u00f3ria de B\u00e9lgica frente aos Estados Unidos, por cinco a dois, num amig\u00e1vel.<\/li>\n<li>Extremo do Benfica marcou pela primeira vez desde a recupera\u00e7\u00e3o de uma fratura no tornozelo esquerdo, ocorrida em novembro de 2025.<\/li>\n<li>O jogador destacou o esfor\u00e7o para regressar \u00e0 forma f\u00edsica e agradeceu ao treinador pela convocat\u00f3ria, bem como \u00e0 fam\u00edlia, em especial \u00e0 esposa.<\/li>\n<li>Em declara\u00e7\u00f5es \u00e0 imprensa belga, admitiu ter sentido muitas emo\u00e7\u00f5es ao marco inicial e pretende manter a humildade e a motiva\u00e7\u00e3o para jogar sempre.<\/li>\n<li>Aten\u00e7\u00e3o ao facto de o epis\u00f3dio servir de motiva\u00e7\u00e3o para manter o foco e o contributo de forma constante em jogos futuros.<\/li>\n<\/ul>\n","protected":false},"author":2,"featured_media":425499,"comment_status":"closed","ping_status":"closed","sticky":false,"template":"","format":"standard","meta":{"footnotes":""},"categories":[21,24],"tags":[1599,1946,32,242,3761,2057],"class_list":["post-425497","post","type-post","status-publish","format-standard","has-post-thumbnail","hentry","category-desporto","category-futebol","tag-belgica","tag-benfica","tag-futebol","tag-jogadores","tag-lukebakio","tag-selecao-nacional"],"yoast_head":"<!-- This site is optimized with the Yoast SEO plugin v27.2 - https:\/\/yoast.com\/product\/yoast-seo-wordpress\/ -->\n<title>Lukebakio emociona-se ap\u00f3s bisar pela B\u00e9lgica e revela esfor\u00e7o para recuperar forma - Portal Tela Portugal<\/title>\n<meta name=\"robots\" content=\"index, follow, max-snippet:-1, max-image-preview:large, max-video-preview:-1\" \/>\n<meta property=\"og:locale\" content=\"pt_PT\" \/>\n<meta property=\"og:type\" content=\"article\" \/>\n<meta property=\"og:title\" content=\"Lukebakio emociona-se ap\u00f3s bisar pela B\u00e9lgica e revela esfor\u00e7o para recuperar forma - Portal Tela Portugal\" \/>\n<meta property=\"og:description\" content=\"Lukebakio emocionado ap\u00f3s bisar na vit\u00f3ria de B\u00e9lgica frente aos Estados Unidos, por cinco a dois, num amig\u00e1vel. Extremo do Benfica marcou pela primeira vez desde a recupera\u00e7\u00e3o de uma fratura no tornozelo esquerdo, ocorrida em novembro de 2025. O jogador destacou o esfor\u00e7o para regressar \u00e0 forma f\u00edsica e agradeceu ao treinador pela convocat\u00f3ria, bem como \u00e0 fam\u00edlia, em especial \u00e0 esposa. Em declara\u00e7\u00f5es \u00e0 imprensa belga, admitiu ter sentido muitas emo\u00e7\u00f5es ao marco inicial e pretende manter a humildade e a motiva\u00e7\u00e3o para jogar sempre. Aten\u00e7\u00e3o ao facto de o epis\u00f3dio servir de motiva\u00e7\u00e3o para manter o foco e o contributo de forma constante em jogos futuros.\" \/>\n<meta property=\"og:url\" content=\"https:\/\/portaltela.pt\/noticias\/2026\/03\/28\/lukebakio-emociona-se-apos-bisar-pela-belgica-e-revela-esforco-para-recuperar-forma\/\" \/>\n<meta property=\"og:site_name\" content=\"Portal Tela Portugal\" \/>\n<meta property=\"article:published_time\" content=\"2026-03-28T23:18:00+00:00\" \/>\n<meta name=\"author\" content=\"Telinha\" \/>\n<meta name=\"twitter:card\" content=\"summary_large_image\" \/>\n<meta name=\"twitter:label1\" content=\"Escrito por\" \/>\n\t<meta name=\"twitter:data1\" content=\"Telinha\" \/>\n\t<meta name=\"twitter:label2\" content=\"Tempo estimado de leitura\" \/>\n\t<meta name=\"twitter:data2\" content=\"1 minuto\" \/>\n<script type=\"application\/ld+json\" class=\"yoast-schema-graph\">{\"@context\":\"https:\/\/schema.org\",\"@graph\":[{\"@type\":\"Article\",\"@id\":\"https:\/\/portaltela.pt\/noticias\/2026\/03\/28\/lukebakio-emociona-se-apos-bisar-pela-belgica-e-revela-esforco-para-recuperar-forma\/#article\",\"isPartOf\":{\"@id\":\"https:\/\/portaltela.pt\/noticias\/2026\/03\/28\/lukebakio-emociona-se-apos-bisar-pela-belgica-e-revela-esforco-para-recuperar-forma\/\"},\"author\":{\"name\":\"Telinha\",\"@id\":\"https:\/\/portaltela.pt\/#\/schema\/person\/c4278d4a6028830caff9ee44b42d32ed\"},\"headline\":\"Lukebakio emociona-se ap\u00f3s bisar pela B\u00e9lgica e revela esfor\u00e7o para recuperar forma\",\"datePublished\":\"2026-03-28T23:18:00+00:00\",\"mainEntityOfPage\":{\"@id\":\"https:\/\/portaltela.pt\/noticias\/2026\/03\/28\/lukebakio-emociona-se-apos-bisar-pela-belgica-e-revela-esforco-para-recuperar-forma\/\"},\"wordCount\":169,\"image\":{\"@id\":\"https:\/\/portaltela.pt\/noticias\/2026\/03\/28\/lukebakio-emociona-se-apos-bisar-pela-belgica-e-revela-esforco-para-recuperar-forma\/#primaryimage\"},\"thumbnailUrl\":\"https:\/\/portaltela.pt\/s.01k8rhncp4jt1\/2026\/03\/img_293x165uu2026-03-28-21-29-05-2429908.jpg\",\"keywords\":[\"B\u00e9lgica\",\"Benfica\",\"futebol\",\"jogadores\",\"Lukebakio\",\"Sele\u00e7\u00e3o Nacional\"],\"articleSection\":[\"Desporto\",\"Futebol\"],\"inLanguage\":\"pt-PT\"},{\"@type\":\"WebPage\",\"@id\":\"https:\/\/portaltela.pt\/noticias\/2026\/03\/28\/lukebakio-emociona-se-apos-bisar-pela-belgica-e-revela-esforco-para-recuperar-forma\/\",\"url\":\"https:\/\/portaltela.pt\/noticias\/2026\/03\/28\/lukebakio-emociona-se-apos-bisar-pela-belgica-e-revela-esforco-para-recuperar-forma\/\",\"name\":\"Lukebakio emociona-se ap\u00f3s bisar pela B\u00e9lgica e revela esfor\u00e7o para recuperar forma - Portal Tela Portugal\",\"isPartOf\":{\"@id\":\"https:\/\/portaltela.pt\/#website\"},\"primaryImageOfPage\":{\"@id\":\"https:\/\/portaltela.pt\/noticias\/2026\/03\/28\/lukebakio-emociona-se-apos-bisar-pela-belgica-e-revela-esforco-para-recuperar-forma\/#primaryimage\"},\"image\":{\"@id\":\"https:\/\/portaltela.pt\/noticias\/2026\/03\/28\/lukebakio-emociona-se-apos-bisar-pela-belgica-e-revela-esforco-para-recuperar-forma\/#primaryimage\"},\"thumbnailUrl\":\"https:\/\/portaltela.pt\/s.01k8rhncp4jt1\/2026\/03\/img_293x165uu2026-03-28-21-29-05-2429908.jpg\",\"datePublished\":\"2026-03-28T23:18:00+00:00\",\"author\":{\"@id\":\"https:\/\/portaltela.pt\/#\/schema\/person\/c4278d4a6028830caff9ee44b42d32ed\"},\"breadcrumb\":{\"@id\":\"https:\/\/portaltela.pt\/noticias\/2026\/03\/28\/lukebakio-emociona-se-apos-bisar-pela-belgica-e-revela-esforco-para-recuperar-forma\/#breadcrumb\"},\"inLanguage\":\"pt-PT\",\"potentialAction\":[{\"@type\":\"ReadAction\",\"target\":[\"https:\/\/portaltela.pt\/noticias\/2026\/03\/28\/lukebakio-emociona-se-apos-bisar-pela-belgica-e-revela-esforco-para-recuperar-forma\/\"]}]},{\"@type\":\"ImageObject\",\"inLanguage\":\"pt-PT\",\"@id\":\"https:\/\/portaltela.pt\/noticias\/2026\/03\/28\/lukebakio-emociona-se-apos-bisar-pela-belgica-e-revela-esforco-para-recuperar-forma\/#primaryimage\",\"url\":\"https:\/\/portaltela.pt\/s.01k8rhncp4jt1\/2026\/03\/img_293x165uu2026-03-28-21-29-05-2429908.jpg\",\"contentUrl\":\"https:\/\/portaltela.pt\/s.01k8rhncp4jt1\/2026\/03\/img_293x165uu2026-03-28-21-29-05-2429908.jpg\",\"width\":796,\"height\":448,\"caption\":\"Lukebakio emocionado depois de bisar pela B\u00e9lgica: \u00abTrabalhei muito no duro para recuperar a forma\u00bb\"},{\"@type\":\"BreadcrumbList\",\"@id\":\"https:\/\/portaltela.pt\/noticias\/2026\/03\/28\/lukebakio-emociona-se-apos-bisar-pela-belgica-e-revela-esforco-para-recuperar-forma\/#breadcrumb\",\"itemListElement\":[{\"@type\":\"ListItem\",\"position\":1,\"name\":\"In\u00edcio\",\"item\":\"https:\/\/portaltela.pt\/\"},{\"@type\":\"ListItem\",\"position\":2,\"name\":\"Lukebakio emociona-se ap\u00f3s bisar pela B\u00e9lgica e revela esfor\u00e7o para recuperar forma\"}]},{\"@type\":\"WebSite\",\"@id\":\"https:\/\/portaltela.pt\/#website\",\"url\":\"https:\/\/portaltela.pt\/\",\"name\":\"Portal Tela Portugal\",\"description\":\"\",\"potentialAction\":[{\"@type\":\"SearchAction\",\"target\":{\"@type\":\"EntryPoint\",\"urlTemplate\":\"https:\/\/portaltela.pt\/?s={search_term_string}\"},\"query-input\":{\"@type\":\"PropertyValueSpecification\",\"valueRequired\":true,\"valueName\":\"search_term_string\"}}],\"inLanguage\":\"pt-PT\"},{\"@type\":\"Person\",\"@id\":\"https:\/\/portaltela.pt\/#\/schema\/person\/c4278d4a6028830caff9ee44b42d32ed\",\"name\":\"Telinha\",\"image\":{\"@type\":\"ImageObject\",\"inLanguage\":\"pt-PT\",\"@id\":\"https:\/\/portaltela.pt\/s.01k8rhncp4jt1\/2025\/11\/talking-bot-125x125.png\",\"url\":\"https:\/\/portaltela.pt\/s.01k8rhncp4jt1\/2025\/11\/talking-bot-125x125.png\",\"contentUrl\":\"https:\/\/portaltela.pt\/s.01k8rhncp4jt1\/2025\/11\/talking-bot-125x125.png\",\"caption\":\"Telinha\"},\"sameAs\":[\"https:\/\/portaltela.pt\/\"],\"url\":\"https:\/\/portaltela.pt\/por\/367410592786\/\"}]}<\/script>\n<!-- \/ Yoast SEO plugin. -->","yoast_head_json":{"title":"Lukebakio emociona-se ap\u00f3s bisar pela B\u00e9lgica e revela esfor\u00e7o para recuperar forma - Portal Tela Portugal","robots":{"index":"index","follow":"follow","max-snippet":"max-snippet:-1","max-image-preview":"max-image-preview:large","max-video-preview":"max-video-preview:-1"},"og_locale":"pt_PT","og_type":"article","og_title":"Lukebakio emociona-se ap\u00f3s bisar pela B\u00e9lgica e revela esfor\u00e7o para recuperar forma - Portal Tela Portugal","og_description":"Lukebakio emocionado ap\u00f3s bisar na vit\u00f3ria de B\u00e9lgica frente aos Estados Unidos, por cinco a dois, num amig\u00e1vel. Extremo do Benfica marcou pela primeira vez desde a recupera\u00e7\u00e3o de uma fratura no tornozelo esquerdo, ocorrida em novembro de 2025. O jogador destacou o esfor\u00e7o para regressar \u00e0 forma f\u00edsica e agradeceu ao treinador pela convocat\u00f3ria, bem como \u00e0 fam\u00edlia, em especial \u00e0 esposa. Em declara\u00e7\u00f5es \u00e0 imprensa belga, admitiu ter sentido muitas emo\u00e7\u00f5es ao marco inicial e pretende manter a humildade e a motiva\u00e7\u00e3o para jogar sempre. Aten\u00e7\u00e3o ao facto de o epis\u00f3dio servir de motiva\u00e7\u00e3o para manter o foco e o contributo de forma constante em jogos futuros.","og_url":"https:\/\/portaltela.pt\/noticias\/2026\/03\/28\/lukebakio-emociona-se-apos-bisar-pela-belgica-e-revela-esforco-para-recuperar-forma\/","og_site_name":"Portal Tela Portugal","article_published_time":"2026-03-28T23:18:00+00:00","author":"Telinha","twitter_card":"summary_large_image","twitter_misc":{"Escrito por":"Telinha","Tempo estimado de leitura":"1 minuto"},"schema":{"@context":"https:\/\/schema.org","@graph":[{"@type":"Article","@id":"https:\/\/portaltela.pt\/noticias\/2026\/03\/28\/lukebakio-emociona-se-apos-bisar-pela-belgica-e-revela-esforco-para-recuperar-forma\/#article","isPartOf":{"@id":"https:\/\/portaltela.pt\/noticias\/2026\/03\/28\/lukebakio-emociona-se-apos-bisar-pela-belgica-e-revela-esforco-para-recuperar-forma\/"},"author":{"name":"Telinha","@id":"https:\/\/portaltela.pt\/#\/schema\/person\/c4278d4a6028830caff9ee44b42d32ed"},"headline":"Lukebakio emociona-se ap\u00f3s bisar pela B\u00e9lgica e revela esfor\u00e7o para recuperar forma","datePublished":"2026-03-28T23:18:00+00:00","mainEntityOfPage":{"@id":"https:\/\/portaltela.pt\/noticias\/2026\/03\/28\/lukebakio-emociona-se-apos-bisar-pela-belgica-e-revela-esforco-para-recuperar-forma\/"},"wordCount":169,"image":{"@id":"https:\/\/portaltela.pt\/noticias\/2026\/03\/28\/lukebakio-emociona-se-apos-bisar-pela-belgica-e-revela-esforco-para-recuperar-forma\/#primaryimage"},"thumbnailUrl":"https:\/\/portaltela.pt\/s.01k8rhncp4jt1\/2026\/03\/img_293x165uu2026-03-28-21-29-05-2429908.jpg","keywords":["B\u00e9lgica","Benfica","futebol","jogadores","Lukebakio","Sele\u00e7\u00e3o Nacional"],"articleSection":["Desporto","Futebol"],"inLanguage":"pt-PT"},{"@type":"WebPage","@id":"https:\/\/portaltela.pt\/noticias\/2026\/03\/28\/lukebakio-emociona-se-apos-bisar-pela-belgica-e-revela-esforco-para-recuperar-forma\/","url":"https:\/\/portaltela.pt\/noticias\/2026\/03\/28\/lukebakio-emociona-se-apos-bisar-pela-belgica-e-revela-esforco-para-recuperar-forma\/","name":"Lukebakio emociona-se ap\u00f3s bisar pela B\u00e9lgica e revela esfor\u00e7o para recuperar forma - Portal Tela Portugal","isPartOf":{"@id":"https:\/\/portaltela.pt\/#website"},"primaryImageOfPage":{"@id":"https:\/\/portaltela.pt\/noticias\/2026\/03\/28\/lukebakio-emociona-se-apos-bisar-pela-belgica-e-revela-esforco-para-recuperar-forma\/#primaryimage"},"image":{"@id":"https:\/\/portaltela.pt\/noticias\/2026\/03\/28\/lukebakio-emociona-se-apos-bisar-pela-belgica-e-revela-esforco-para-recuperar-forma\/#primaryimage"},"thumbnailUrl":"https:\/\/portaltela.pt\/s.01k8rhncp4jt1\/2026\/03\/img_293x165uu2026-03-28-21-29-05-2429908.jpg","datePublished":"2026-03-28T23:18:00+00:00","author":{"@id":"https:\/\/portaltela.pt\/#\/schema\/person\/c4278d4a6028830caff9ee44b42d32ed"},"breadcrumb":{"@id":"https:\/\/portaltela.pt\/noticias\/2026\/03\/28\/lukebakio-emociona-se-apos-bisar-pela-belgica-e-revela-esforco-para-recuperar-forma\/#breadcrumb"},"inLanguage":"pt-PT","potentialAction":[{"@type":"ReadAction","target":["https:\/\/portaltela.pt\/noticias\/2026\/03\/28\/lukebakio-emociona-se-apos-bisar-pela-belgica-e-revela-esforco-para-recuperar-forma\/"]}]},{"@type":"ImageObject","inLanguage":"pt-PT","@id":"https:\/\/portaltela.pt\/noticias\/2026\/03\/28\/lukebakio-emociona-se-apos-bisar-pela-belgica-e-revela-esforco-para-recuperar-forma\/#primaryimage","url":"https:\/\/portaltela.pt\/s.01k8rhncp4jt1\/2026\/03\/img_293x165uu2026-03-28-21-29-05-2429908.jpg","contentUrl":"https:\/\/portaltela.pt\/s.01k8rhncp4jt1\/2026\/03\/img_293x165uu2026-03-28-21-29-05-2429908.jpg","width":796,"height":448,"caption":"Lukebakio emocionado depois de bisar pela B\u00e9lgica: \u00abTrabalhei muito no duro para recuperar a forma\u00bb"},{"@type":"BreadcrumbList","@id":"https:\/\/portaltela.pt\/noticias\/2026\/03\/28\/lukebakio-emociona-se-apos-bisar-pela-belgica-e-revela-esforco-para-recuperar-forma\/#breadcrumb","itemListElement":[{"@type":"ListItem","position":1,"name":"In\u00edcio","item":"https:\/\/portaltela.pt\/"},{"@type":"ListItem","position":2,"name":"Lukebakio emociona-se ap\u00f3s bisar pela B\u00e9lgica e revela esfor\u00e7o para recuperar forma"}]},{"@type":"WebSite","@id":"https:\/\/portaltela.pt\/#website","url":"https:\/\/portaltela.pt\/","name":"Portal Tela Portugal","description":"","potentialAction":[{"@type":"SearchAction","target":{"@type":"EntryPoint","urlTemplate":"https:\/\/portaltela.pt\/?s={search_term_string}"},"query-input":{"@type":"PropertyValueSpecification","valueRequired":true,"valueName":"search_term_string"}}],"inLanguage":"pt-PT"},{"@type":"Person","@id":"https:\/\/portaltela.pt\/#\/schema\/person\/c4278d4a6028830caff9ee44b42d32ed","name":"Telinha","image":{"@type":"ImageObject","inLanguage":"pt-PT","@id":"https:\/\/portaltela.pt\/s.01k8rhncp4jt1\/2025\/11\/talking-bot-125x125.png","url":"https:\/\/portaltela.pt\/s.01k8rhncp4jt1\/2025\/11\/talking-bot-125x125.png","contentUrl":"https:\/\/portaltela.pt\/s.01k8rhncp4jt1\/2025\/11\/talking-bot-125x125.png","caption":"Telinha"},"sameAs":["https:\/\/portaltela.pt\/"],"url":"https:\/\/portaltela.pt\/por\/367410592786\/"}]}},"_links":{"self":[{"href":"https:\/\/portaltela.pt\/api\/wp\/v2\/posts\/425497","targetHints":{"allow":["GET"]}}],"collection":[{"href":"https:\/\/portaltela.pt\/api\/wp\/v2\/posts"}],"about":[{"href":"https:\/\/portaltela.pt\/api\/wp\/v2\/types\/post"}],"author":[{"embeddable":true,"href":"https:\/\/portaltela.pt\/api\/wp\/v2\/users\/2"}],"replies":[{"embeddable":true,"href":"https:\/\/portaltela.pt\/api\/wp\/v2\/comments?post=425497"}],"version-history":[{"count":0,"href":"https:\/\/portaltela.pt\/api\/wp\/v2\/posts\/425497\/revisions"}],"wp:featuredmedia":[{"embeddable":true,"href":"https:\/\/portaltela.pt\/api\/wp\/v2\/media\/425499"}],"wp:attachment":[{"href":"https:\/\/portaltela.pt\/api\/wp\/v2\/media?parent=425497"}],"wp:term":[{"taxonomy":"category","embeddable":true,"href":"https:\/\/portaltela.pt\/api\/wp\/v2\/categories?post=425497"},{"taxonomy":"post_tag","embeddable":true,"href":"https:\/\/portaltela.pt\/api\/wp\/v2\/tags?post=425497"}],"curies":[{"name":"wp","href":"https:\/\/api.w.org\/{rel}","templated":true}]}}