{"id":425486,"date":"2026-03-28T19:52:27","date_gmt":"2026-03-28T22:52:27","guid":{"rendered":"https:\/\/portaltela.pt\/noticias\/2026\/03\/28\/prodigio-do-gremio-gabriel-mec-desperta-interesse-do-sporting\/"},"modified":"2026-03-28T19:52:27","modified_gmt":"2026-03-28T22:52:27","slug":"prodigio-do-gremio-gabriel-mec-desperta-interesse-do-sporting","status":"publish","type":"post","link":"https:\/\/portaltela.pt\/desporto\/futebol\/2026\/03\/28\/prodigio-do-gremio-gabriel-mec-desperta-interesse-do-sporting\/","title":{"rendered":"Prod\u00edgio do Gr\u00e9mio Gabriel Mec desperta interesse do Sporting"},"content":{"rendered":"<p>Gabriel Mec, m\u00e9dio ofensivo de 17 anos, \u00e9 uma das promessas nacionais a ligar-se ao Sporting. O hist\u00f3ria, segundo o Globoesporte, aponta o jovem do Gr\u00eamio como alvo de v\u00e1rios clubes europeus. O Sporting est\u00e1 entre as equipas referenciadas na imprensa brasileira.<\/p>\n<p>O prod\u00edgio brasileiro j\u00e1 faz parte do Gr\u00eamio, equipa orientada pelo treinador portugu\u00eas Lu\u00eds Castro. Mec \u00e9 ambidestro e pode atuar tanto no meio-campo como nas alas, destacando-se pela ascens\u00e3o mete\u00f3rica na linha de frente da forma\u00e7\u00e3o.<\/p>\n<p>Conforme o artigo, o interesse n\u00e3o se fica pelo Sporting. Diversas entidades europeias acompanham a evolu\u00e7\u00e3o de Mec, com clubes a analisar o seu desempenho nos termos de uma poss\u00edvel transfer\u00eancia. A not\u00edcia refor\u00e7a que o atleta ficou em evid\u00eancia durante a pausa de rigores das competi\u00e7\u00f5es.<\/p>\n","protected":false},"excerpt":{"rendered":"<ul>\n<li>Gabriel Mec, m\u00e9dio-ofensivo de 17 anos, atua pelo Gr\u00e9mio, orientado pelo treinador Lu\u00eds Castro.<\/li>\n<li>Internacional sub-17 pelo Brasil, Mec foi chamado para a equipa sub-20 durante a pausa internacional.<\/li>\n<li>Segundo o Globoesporte, o criativo est\u00e1 referenciado por v\u00e1rios clubes europeus e desperta interesse junto de clubes como o Sporting.<\/li>\n<li>Um desses interessados poder\u00e1 ser o Sporting, com o relat\u00f3rio a mencionar Rui Borges como o treinador envolvido.<\/li>\n<\/ul>\n","protected":false},"author":2,"featured_media":425488,"comment_status":"closed","ping_status":"closed","sticky":false,"template":"","format":"standard","meta":{"footnotes":""},"categories":[21,24],"tags":[152,32,6693,184,242,1633],"class_list":["post-425486","post","type-post","status-publish","format-standard","has-post-thumbnail","hentry","category-desporto","category-futebol","tag-desporto","tag-futebol","tag-futebol-brasileiro","tag-futebolista","tag-jogadores","tag-transferencias-internacionais"],"yoast_head":"<!-- This site is optimized with the Yoast SEO plugin v27.2 - https:\/\/yoast.com\/product\/yoast-seo-wordpress\/ -->\n<title>Prod\u00edgio do Gr\u00e9mio Gabriel Mec desperta interesse do Sporting - Portal Tela Portugal<\/title>\n<meta name=\"robots\" content=\"index, follow, max-snippet:-1, max-image-preview:large, max-video-preview:-1\" \/>\n<meta property=\"og:locale\" content=\"pt_PT\" \/>\n<meta property=\"og:type\" content=\"article\" \/>\n<meta property=\"og:title\" content=\"Prod\u00edgio do Gr\u00e9mio Gabriel Mec desperta interesse do Sporting - Portal Tela Portugal\" \/>\n<meta property=\"og:description\" content=\"Gabriel Mec, m\u00e9dio-ofensivo de 17 anos, atua pelo Gr\u00e9mio, orientado pelo treinador Lu\u00eds Castro. Internacional sub-17 pelo Brasil, Mec foi chamado para a equipa sub-20 durante a pausa internacional. Segundo o Globoesporte, o criativo est\u00e1 referenciado por v\u00e1rios clubes europeus e desperta interesse junto de clubes como o Sporting. Um desses interessados poder\u00e1 ser o Sporting, com o relat\u00f3rio a mencionar Rui Borges como o treinador envolvido.\" \/>\n<meta property=\"og:url\" content=\"https:\/\/portaltela.pt\/noticias\/2026\/03\/28\/prodigio-do-gremio-gabriel-mec-desperta-interesse-do-sporting\/\" \/>\n<meta property=\"og:site_name\" content=\"Portal Tela Portugal\" \/>\n<meta property=\"article:published_time\" content=\"2026-03-28T22:52:27+00:00\" \/>\n<meta name=\"author\" content=\"Telinha\" \/>\n<meta name=\"twitter:card\" content=\"summary_large_image\" \/>\n<meta name=\"twitter:label1\" content=\"Escrito por\" \/>\n\t<meta name=\"twitter:data1\" content=\"Telinha\" \/>\n\t<meta name=\"twitter:label2\" content=\"Tempo estimado de leitura\" \/>\n\t<meta name=\"twitter:data2\" content=\"1 minuto\" \/>\n<script type=\"application\/ld+json\" class=\"yoast-schema-graph\">{\"@context\":\"https:\/\/schema.org\",\"@graph\":[{\"@type\":\"Article\",\"@id\":\"https:\/\/portaltela.pt\/noticias\/2026\/03\/28\/prodigio-do-gremio-gabriel-mec-desperta-interesse-do-sporting\/#article\",\"isPartOf\":{\"@id\":\"https:\/\/portaltela.pt\/noticias\/2026\/03\/28\/prodigio-do-gremio-gabriel-mec-desperta-interesse-do-sporting\/\"},\"author\":{\"name\":\"Telinha\",\"@id\":\"https:\/\/portaltela.pt\/#\/schema\/person\/c4278d4a6028830caff9ee44b42d32ed\"},\"headline\":\"Prod\u00edgio do Gr\u00e9mio Gabriel Mec desperta interesse do Sporting\",\"datePublished\":\"2026-03-28T22:52:27+00:00\",\"mainEntityOfPage\":{\"@id\":\"https:\/\/portaltela.pt\/noticias\/2026\/03\/28\/prodigio-do-gremio-gabriel-mec-desperta-interesse-do-sporting\/\"},\"wordCount\":153,\"image\":{\"@id\":\"https:\/\/portaltela.pt\/noticias\/2026\/03\/28\/prodigio-do-gremio-gabriel-mec-desperta-interesse-do-sporting\/#primaryimage\"},\"thumbnailUrl\":\"https:\/\/portaltela.pt\/s.01k8rhncp4jt1\/2026\/03\/img_920x518uu2026-03-28-22-31-58-2429920.jpg\",\"keywords\":[\"desporto\",\"futebol\",\"futebol brasileiro\",\"futebolista\",\"jogadores\",\"transfer\u00eancias internacionais\"],\"articleSection\":[\"Desporto\",\"Futebol\"],\"inLanguage\":\"pt-PT\"},{\"@type\":\"WebPage\",\"@id\":\"https:\/\/portaltela.pt\/noticias\/2026\/03\/28\/prodigio-do-gremio-gabriel-mec-desperta-interesse-do-sporting\/\",\"url\":\"https:\/\/portaltela.pt\/noticias\/2026\/03\/28\/prodigio-do-gremio-gabriel-mec-desperta-interesse-do-sporting\/\",\"name\":\"Prod\u00edgio do Gr\u00e9mio Gabriel Mec desperta interesse do Sporting - Portal Tela Portugal\",\"isPartOf\":{\"@id\":\"https:\/\/portaltela.pt\/#website\"},\"primaryImageOfPage\":{\"@id\":\"https:\/\/portaltela.pt\/noticias\/2026\/03\/28\/prodigio-do-gremio-gabriel-mec-desperta-interesse-do-sporting\/#primaryimage\"},\"image\":{\"@id\":\"https:\/\/portaltela.pt\/noticias\/2026\/03\/28\/prodigio-do-gremio-gabriel-mec-desperta-interesse-do-sporting\/#primaryimage\"},\"thumbnailUrl\":\"https:\/\/portaltela.pt\/s.01k8rhncp4jt1\/2026\/03\/img_920x518uu2026-03-28-22-31-58-2429920.jpg\",\"datePublished\":\"2026-03-28T22:52:27+00:00\",\"author\":{\"@id\":\"https:\/\/portaltela.pt\/#\/schema\/person\/c4278d4a6028830caff9ee44b42d32ed\"},\"breadcrumb\":{\"@id\":\"https:\/\/portaltela.pt\/noticias\/2026\/03\/28\/prodigio-do-gremio-gabriel-mec-desperta-interesse-do-sporting\/#breadcrumb\"},\"inLanguage\":\"pt-PT\",\"potentialAction\":[{\"@type\":\"ReadAction\",\"target\":[\"https:\/\/portaltela.pt\/noticias\/2026\/03\/28\/prodigio-do-gremio-gabriel-mec-desperta-interesse-do-sporting\/\"]}]},{\"@type\":\"ImageObject\",\"inLanguage\":\"pt-PT\",\"@id\":\"https:\/\/portaltela.pt\/noticias\/2026\/03\/28\/prodigio-do-gremio-gabriel-mec-desperta-interesse-do-sporting\/#primaryimage\",\"url\":\"https:\/\/portaltela.pt\/s.01k8rhncp4jt1\/2026\/03\/img_920x518uu2026-03-28-22-31-58-2429920.jpg\",\"contentUrl\":\"https:\/\/portaltela.pt\/s.01k8rhncp4jt1\/2026\/03\/img_920x518uu2026-03-28-22-31-58-2429920.jpg\",\"width\":796,\"height\":448,\"caption\":\"Mec \u00e9 internacional sub-17 pelo Brasil, mas nesta pausa foi chamado aos sub-20\"},{\"@type\":\"BreadcrumbList\",\"@id\":\"https:\/\/portaltela.pt\/noticias\/2026\/03\/28\/prodigio-do-gremio-gabriel-mec-desperta-interesse-do-sporting\/#breadcrumb\",\"itemListElement\":[{\"@type\":\"ListItem\",\"position\":1,\"name\":\"In\u00edcio\",\"item\":\"https:\/\/portaltela.pt\/\"},{\"@type\":\"ListItem\",\"position\":2,\"name\":\"Prod\u00edgio do Gr\u00e9mio Gabriel Mec desperta interesse do Sporting\"}]},{\"@type\":\"WebSite\",\"@id\":\"https:\/\/portaltela.pt\/#website\",\"url\":\"https:\/\/portaltela.pt\/\",\"name\":\"Portal Tela Portugal\",\"description\":\"\",\"potentialAction\":[{\"@type\":\"SearchAction\",\"target\":{\"@type\":\"EntryPoint\",\"urlTemplate\":\"https:\/\/portaltela.pt\/?s={search_term_string}\"},\"query-input\":{\"@type\":\"PropertyValueSpecification\",\"valueRequired\":true,\"valueName\":\"search_term_string\"}}],\"inLanguage\":\"pt-PT\"},{\"@type\":\"Person\",\"@id\":\"https:\/\/portaltela.pt\/#\/schema\/person\/c4278d4a6028830caff9ee44b42d32ed\",\"name\":\"Telinha\",\"image\":{\"@type\":\"ImageObject\",\"inLanguage\":\"pt-PT\",\"@id\":\"https:\/\/portaltela.pt\/s.01k8rhncp4jt1\/2025\/11\/talking-bot-125x125.png\",\"url\":\"https:\/\/portaltela.pt\/s.01k8rhncp4jt1\/2025\/11\/talking-bot-125x125.png\",\"contentUrl\":\"https:\/\/portaltela.pt\/s.01k8rhncp4jt1\/2025\/11\/talking-bot-125x125.png\",\"caption\":\"Telinha\"},\"sameAs\":[\"https:\/\/portaltela.pt\/\"],\"url\":\"https:\/\/portaltela.pt\/por\/367410592786\/\"}]}<\/script>\n<!-- \/ Yoast SEO plugin. -->","yoast_head_json":{"title":"Prod\u00edgio do Gr\u00e9mio Gabriel Mec desperta interesse do Sporting - Portal Tela Portugal","robots":{"index":"index","follow":"follow","max-snippet":"max-snippet:-1","max-image-preview":"max-image-preview:large","max-video-preview":"max-video-preview:-1"},"og_locale":"pt_PT","og_type":"article","og_title":"Prod\u00edgio do Gr\u00e9mio Gabriel Mec desperta interesse do Sporting - Portal Tela Portugal","og_description":"Gabriel Mec, m\u00e9dio-ofensivo de 17 anos, atua pelo Gr\u00e9mio, orientado pelo treinador Lu\u00eds Castro. Internacional sub-17 pelo Brasil, Mec foi chamado para a equipa sub-20 durante a pausa internacional. Segundo o Globoesporte, o criativo est\u00e1 referenciado por v\u00e1rios clubes europeus e desperta interesse junto de clubes como o Sporting. Um desses interessados poder\u00e1 ser o Sporting, com o relat\u00f3rio a mencionar Rui Borges como o treinador envolvido.","og_url":"https:\/\/portaltela.pt\/noticias\/2026\/03\/28\/prodigio-do-gremio-gabriel-mec-desperta-interesse-do-sporting\/","og_site_name":"Portal Tela Portugal","article_published_time":"2026-03-28T22:52:27+00:00","author":"Telinha","twitter_card":"summary_large_image","twitter_misc":{"Escrito por":"Telinha","Tempo estimado de leitura":"1 minuto"},"schema":{"@context":"https:\/\/schema.org","@graph":[{"@type":"Article","@id":"https:\/\/portaltela.pt\/noticias\/2026\/03\/28\/prodigio-do-gremio-gabriel-mec-desperta-interesse-do-sporting\/#article","isPartOf":{"@id":"https:\/\/portaltela.pt\/noticias\/2026\/03\/28\/prodigio-do-gremio-gabriel-mec-desperta-interesse-do-sporting\/"},"author":{"name":"Telinha","@id":"https:\/\/portaltela.pt\/#\/schema\/person\/c4278d4a6028830caff9ee44b42d32ed"},"headline":"Prod\u00edgio do Gr\u00e9mio Gabriel Mec desperta interesse do Sporting","datePublished":"2026-03-28T22:52:27+00:00","mainEntityOfPage":{"@id":"https:\/\/portaltela.pt\/noticias\/2026\/03\/28\/prodigio-do-gremio-gabriel-mec-desperta-interesse-do-sporting\/"},"wordCount":153,"image":{"@id":"https:\/\/portaltela.pt\/noticias\/2026\/03\/28\/prodigio-do-gremio-gabriel-mec-desperta-interesse-do-sporting\/#primaryimage"},"thumbnailUrl":"https:\/\/portaltela.pt\/s.01k8rhncp4jt1\/2026\/03\/img_920x518uu2026-03-28-22-31-58-2429920.jpg","keywords":["desporto","futebol","futebol brasileiro","futebolista","jogadores","transfer\u00eancias internacionais"],"articleSection":["Desporto","Futebol"],"inLanguage":"pt-PT"},{"@type":"WebPage","@id":"https:\/\/portaltela.pt\/noticias\/2026\/03\/28\/prodigio-do-gremio-gabriel-mec-desperta-interesse-do-sporting\/","url":"https:\/\/portaltela.pt\/noticias\/2026\/03\/28\/prodigio-do-gremio-gabriel-mec-desperta-interesse-do-sporting\/","name":"Prod\u00edgio do Gr\u00e9mio Gabriel Mec desperta interesse do Sporting - Portal Tela Portugal","isPartOf":{"@id":"https:\/\/portaltela.pt\/#website"},"primaryImageOfPage":{"@id":"https:\/\/portaltela.pt\/noticias\/2026\/03\/28\/prodigio-do-gremio-gabriel-mec-desperta-interesse-do-sporting\/#primaryimage"},"image":{"@id":"https:\/\/portaltela.pt\/noticias\/2026\/03\/28\/prodigio-do-gremio-gabriel-mec-desperta-interesse-do-sporting\/#primaryimage"},"thumbnailUrl":"https:\/\/portaltela.pt\/s.01k8rhncp4jt1\/2026\/03\/img_920x518uu2026-03-28-22-31-58-2429920.jpg","datePublished":"2026-03-28T22:52:27+00:00","author":{"@id":"https:\/\/portaltela.pt\/#\/schema\/person\/c4278d4a6028830caff9ee44b42d32ed"},"breadcrumb":{"@id":"https:\/\/portaltela.pt\/noticias\/2026\/03\/28\/prodigio-do-gremio-gabriel-mec-desperta-interesse-do-sporting\/#breadcrumb"},"inLanguage":"pt-PT","potentialAction":[{"@type":"ReadAction","target":["https:\/\/portaltela.pt\/noticias\/2026\/03\/28\/prodigio-do-gremio-gabriel-mec-desperta-interesse-do-sporting\/"]}]},{"@type":"ImageObject","inLanguage":"pt-PT","@id":"https:\/\/portaltela.pt\/noticias\/2026\/03\/28\/prodigio-do-gremio-gabriel-mec-desperta-interesse-do-sporting\/#primaryimage","url":"https:\/\/portaltela.pt\/s.01k8rhncp4jt1\/2026\/03\/img_920x518uu2026-03-28-22-31-58-2429920.jpg","contentUrl":"https:\/\/portaltela.pt\/s.01k8rhncp4jt1\/2026\/03\/img_920x518uu2026-03-28-22-31-58-2429920.jpg","width":796,"height":448,"caption":"Mec \u00e9 internacional sub-17 pelo Brasil, mas nesta pausa foi chamado aos sub-20"},{"@type":"BreadcrumbList","@id":"https:\/\/portaltela.pt\/noticias\/2026\/03\/28\/prodigio-do-gremio-gabriel-mec-desperta-interesse-do-sporting\/#breadcrumb","itemListElement":[{"@type":"ListItem","position":1,"name":"In\u00edcio","item":"https:\/\/portaltela.pt\/"},{"@type":"ListItem","position":2,"name":"Prod\u00edgio do Gr\u00e9mio Gabriel Mec desperta interesse do Sporting"}]},{"@type":"WebSite","@id":"https:\/\/portaltela.pt\/#website","url":"https:\/\/portaltela.pt\/","name":"Portal Tela Portugal","description":"","potentialAction":[{"@type":"SearchAction","target":{"@type":"EntryPoint","urlTemplate":"https:\/\/portaltela.pt\/?s={search_term_string}"},"query-input":{"@type":"PropertyValueSpecification","valueRequired":true,"valueName":"search_term_string"}}],"inLanguage":"pt-PT"},{"@type":"Person","@id":"https:\/\/portaltela.pt\/#\/schema\/person\/c4278d4a6028830caff9ee44b42d32ed","name":"Telinha","image":{"@type":"ImageObject","inLanguage":"pt-PT","@id":"https:\/\/portaltela.pt\/s.01k8rhncp4jt1\/2025\/11\/talking-bot-125x125.png","url":"https:\/\/portaltela.pt\/s.01k8rhncp4jt1\/2025\/11\/talking-bot-125x125.png","contentUrl":"https:\/\/portaltela.pt\/s.01k8rhncp4jt1\/2025\/11\/talking-bot-125x125.png","caption":"Telinha"},"sameAs":["https:\/\/portaltela.pt\/"],"url":"https:\/\/portaltela.pt\/por\/367410592786\/"}]}},"_links":{"self":[{"href":"https:\/\/portaltela.pt\/api\/wp\/v2\/posts\/425486","targetHints":{"allow":["GET"]}}],"collection":[{"href":"https:\/\/portaltela.pt\/api\/wp\/v2\/posts"}],"about":[{"href":"https:\/\/portaltela.pt\/api\/wp\/v2\/types\/post"}],"author":[{"embeddable":true,"href":"https:\/\/portaltela.pt\/api\/wp\/v2\/users\/2"}],"replies":[{"embeddable":true,"href":"https:\/\/portaltela.pt\/api\/wp\/v2\/comments?post=425486"}],"version-history":[{"count":0,"href":"https:\/\/portaltela.pt\/api\/wp\/v2\/posts\/425486\/revisions"}],"wp:featuredmedia":[{"embeddable":true,"href":"https:\/\/portaltela.pt\/api\/wp\/v2\/media\/425488"}],"wp:attachment":[{"href":"https:\/\/portaltela.pt\/api\/wp\/v2\/media?parent=425486"}],"wp:term":[{"taxonomy":"category","embeddable":true,"href":"https:\/\/portaltela.pt\/api\/wp\/v2\/categories?post=425486"},{"taxonomy":"post_tag","embeddable":true,"href":"https:\/\/portaltela.pt\/api\/wp\/v2\/tags?post=425486"}],"curies":[{"name":"wp","href":"https:\/\/api.w.org\/{rel}","templated":true}]}}