{"id":425485,"date":"2026-03-28T19:54:00","date_gmt":"2026-03-28T22:54:00","guid":{"rendered":"https:\/\/portaltela.pt\/noticias\/2026\/03\/28\/gaivotas-ficam-mais-agressivas-indicam-especialistas\/"},"modified":"2026-03-28T19:54:00","modified_gmt":"2026-03-28T22:54:00","slug":"gaivotas-ficam-mais-agressivas-indicam-especialistas","status":"publish","type":"post","link":"https:\/\/portaltela.pt\/noticias\/2026\/03\/28\/gaivotas-ficam-mais-agressivas-indicam-especialistas\/","title":{"rendered":"Gaivotas ficam mais agressivas, indicam especialistas"},"content":{"rendered":"<p>Os golfinhos? N\u00e3o, as gaivotas. A perce\u00e7\u00e3o de maior agressividade n\u00e3o resulta de uma mudan\u00e7a global no comportamento da esp\u00e9cie, mas do crescimento extraordin\u00e1rio das popula\u00e7\u00f5es urbanas e da abund\u00e2ncia de alimento criado pela atividade humana. A explica\u00e7\u00e3o vem de especialistas.<\/p>\n<p>Para o bi\u00f3logo Nuno Oliveira, t\u00e9cnico de conserva\u00e7\u00e3o marinha da SPEA, o aumento da presen\u00e7a de gaivotas em \u00e1reas urbanas amplifica encontros com pessoas. O que se observa, diz, \u00e9 uma combina\u00e7\u00e3o de popula\u00e7\u00e3o maior e mais intera\u00e7\u00f5es.<\/p>\n<p>Dados do censo de gaivotas urbanas, entre 2021 e 2022, mostram expans\u00e3o para norte, com a \u00c1rea Metropolitana do Porto a registrar crescimento significativo desde o in\u00edcio dos anos 2000. Nidifica\u00e7\u00e3o urbana era quase inexistente h\u00e1 d\u00e9cadas.<\/p>\n<p>A disponibilidade alimentar \u00e9 o principal motor deste fen\u00f3meno. Aterros sanit\u00e1rios mal geridos, res\u00edduos dom\u00e9sticos acess\u00edveis e descartes de pesca criam fontes previs\u00edveis de alimento para as gaivotas, facilitando a adapta\u00e7\u00e3o \u00e0 cidade.<\/p>\n<p>Este contexto explica mais encontros entre pessoas e aves, mas n\u00e3o indica uma altera\u00e7\u00e3o global no comportamento da esp\u00e9cie. O aviso vem de Oliveira: algumas gaivotas j\u00e1 aprendem a explorar situa\u00e7\u00f5es de alimento pr\u00f3ximo de humanos.<\/p>\n<p>As gaivotas s\u00e3o aves de vida longa, entre 20 a 30 anos. Indiv\u00edduos experientes podem associar agressividade a ganhos, moldando comportamentos ao longo da vida. Contudo, isso n\u00e3o representa uma tend\u00eancia geral.<\/p>\n<p>Agressividade sazonal ocorre entre maio e agosto, durante a incuba\u00e7\u00e3o de ovos ou alimenta\u00e7\u00e3o de crias. Voos de afastamento pr\u00f3ximos de ninhos podem ocorrer quando as aves se sentem amea\u00e7adas.<\/p>\n<p>Al\u00e9m de variar entre indiv\u00edduos, a popula\u00e7\u00e3o apresenta col\u00f3nias com n\u00edveis diferentes de agressividade. Algumas aves aprendem a retirar alimento das m\u00e3os, outras mant\u00eam maior reserva.<\/p>\n<h3>Gest\u00e3o de res\u00edduos<\/h3>\n<p>A redu\u00e7\u00e3o de conflitos passa pela melhoria da gest\u00e3o de res\u00edduos urbanos. Aterros precisam de \u00e1reas menos expostas e cobertura r\u00e1pida de res\u00edduos. Nos portos, \u00e9 essencial tratar melhor os desperd\u00edcios.<\/p>\n<p>Nas zonas urbanas, o lixo deve permanecer inacess\u00edvel. Alimentar gaivotas deve ser evitado, pois incentiva procura ativa de alimento junto de pessoas.<\/p>\n<p>O caminho, diz Oliveira, n\u00e3o est\u00e1 em eliminar as gaivotas, mas em prevenir conflitos ao longo do ano. A preven\u00e7\u00e3o cont\u00ednua \u00e9 mais eficaz do que a\u00e7\u00f5es pontuais quando o calor chega.<\/p>\n","protected":false},"excerpt":{"rendered":"<ul>\n<li>A perce\u00e7\u00e3o de maior agressividade das gaivotas deve-se sobretudo ao aumento extraordin\u00e1rio da popula\u00e7\u00e3o urbana e \u00e0 abund\u00e2ncia de alimento criado pelas atividades humanas, n\u00e3o a uma mudan\u00e7a global no comportamento da esp\u00e9cie.<\/li>\n<li>Dados do censo de gaivotas urbanas (2021\/2022) mostram expans\u00e3o para norte, especialmente na \u00c1rea Metropolitana do Porto, com mais gaivotas em meio urbano desde in\u00edcio dos anos duzentos.<\/li>\n<li>Tr\u00eas fatores principais de alimenta\u00e7\u00e3o humana que sustentam o aumento s\u00e3o: aterros sanit\u00e1rios com gest\u00e3o deficiente, res\u00edduos dom\u00e9sticos ou comerciais acess\u00edveis e desperd\u00edcios da atividade piscat\u00f3ria.<\/li>\n<li>Fora da \u00e9poca reprodutiva, a agressividade n\u00e3o \u00e9 necessariamente maior; entre maio e agosto, durante incuba\u00e7\u00e3o e cria\u00e7\u00e3o de crias, as gaivotas apresentam comportamentos defensivos mais intensos.<\/li>\n<li>A gest\u00e3o adequada de res\u00edduos \u00e9 fundamental para reduzir conflitos: limitar disponibilidade de alimento, melhorar o tratamento de desperd\u00edcios em portos e manter lixo inacess\u00edvel no urbanismo.<\/li>\n<\/ul>\n","protected":false},"author":2,"featured_media":425487,"comment_status":"closed","ping_status":"closed","sticky":false,"template":"","format":"standard","meta":{"footnotes":""},"categories":[6725,1],"tags":[5228,4880,2667,45,3750,811],"class_list":["post-425485","post","type-post","status-publish","format-standard","has-post-thumbnail","hentry","category-meio-ambiente","category-noticias","tag-area-metropolitana-de-porto","tag-conservacao-ambiental","tag-gestao-de-residuos","tag-meio-ambiente","tag-poluicao-ambiental","tag-protecao-ambiental"],"yoast_head":"<!-- This site is optimized with the Yoast SEO plugin v27.2 - https:\/\/yoast.com\/product\/yoast-seo-wordpress\/ -->\n<title>Gaivotas ficam mais agressivas, indicam especialistas - Portal Tela Portugal<\/title>\n<meta name=\"robots\" content=\"index, follow, max-snippet:-1, max-image-preview:large, max-video-preview:-1\" \/>\n<meta property=\"og:locale\" content=\"pt_PT\" \/>\n<meta property=\"og:type\" content=\"article\" \/>\n<meta property=\"og:title\" content=\"Gaivotas ficam mais agressivas, indicam especialistas - Portal Tela Portugal\" \/>\n<meta property=\"og:description\" content=\"A perce\u00e7\u00e3o de maior agressividade das gaivotas deve-se sobretudo ao aumento extraordin\u00e1rio da popula\u00e7\u00e3o urbana e \u00e0 abund\u00e2ncia de alimento criado pelas atividades humanas, n\u00e3o a uma mudan\u00e7a global no comportamento da esp\u00e9cie. Dados do censo de gaivotas urbanas (2021\/2022) mostram expans\u00e3o para norte, especialmente na \u00c1rea Metropolitana do Porto, com mais gaivotas em meio urbano desde in\u00edcio dos anos duzentos. Tr\u00eas fatores principais de alimenta\u00e7\u00e3o humana que sustentam o aumento s\u00e3o: aterros sanit\u00e1rios com gest\u00e3o deficiente, res\u00edduos dom\u00e9sticos ou comerciais acess\u00edveis e desperd\u00edcios da atividade piscat\u00f3ria. Fora da \u00e9poca reprodutiva, a agressividade n\u00e3o \u00e9 necessariamente maior; entre maio e agosto, durante incuba\u00e7\u00e3o e cria\u00e7\u00e3o de crias, as gaivotas apresentam comportamentos defensivos mais intensos. A gest\u00e3o adequada de res\u00edduos \u00e9 fundamental para reduzir conflitos: limitar disponibilidade de alimento, melhorar o tratamento de desperd\u00edcios em portos e manter lixo inacess\u00edvel no urbanismo.\" \/>\n<meta property=\"og:url\" content=\"https:\/\/portaltela.pt\/noticias\/2026\/03\/28\/gaivotas-ficam-mais-agressivas-indicam-especialistas\/\" \/>\n<meta property=\"og:site_name\" content=\"Portal Tela Portugal\" \/>\n<meta property=\"article:published_time\" content=\"2026-03-28T22:54:00+00:00\" \/>\n<meta name=\"author\" content=\"Telinha\" \/>\n<meta name=\"twitter:card\" content=\"summary_large_image\" \/>\n<meta name=\"twitter:label1\" content=\"Escrito por\" \/>\n\t<meta name=\"twitter:data1\" content=\"Telinha\" \/>\n\t<meta name=\"twitter:label2\" content=\"Tempo estimado de leitura\" \/>\n\t<meta name=\"twitter:data2\" content=\"2 minutos\" \/>\n<script type=\"application\/ld+json\" class=\"yoast-schema-graph\">{\"@context\":\"https:\/\/schema.org\",\"@graph\":[{\"@type\":\"Article\",\"@id\":\"https:\/\/portaltela.pt\/noticias\/2026\/03\/28\/gaivotas-ficam-mais-agressivas-indicam-especialistas\/#article\",\"isPartOf\":{\"@id\":\"https:\/\/portaltela.pt\/noticias\/2026\/03\/28\/gaivotas-ficam-mais-agressivas-indicam-especialistas\/\"},\"author\":{\"name\":\"Telinha\",\"@id\":\"https:\/\/portaltela.pt\/#\/schema\/person\/c4278d4a6028830caff9ee44b42d32ed\"},\"headline\":\"Gaivotas ficam mais agressivas, indicam especialistas\",\"datePublished\":\"2026-03-28T22:54:00+00:00\",\"mainEntityOfPage\":{\"@id\":\"https:\/\/portaltela.pt\/noticias\/2026\/03\/28\/gaivotas-ficam-mais-agressivas-indicam-especialistas\/\"},\"wordCount\":417,\"image\":{\"@id\":\"https:\/\/portaltela.pt\/noticias\/2026\/03\/28\/gaivotas-ficam-mais-agressivas-indicam-especialistas\/#primaryimage\"},\"thumbnailUrl\":\"https:\/\/portaltela.pt\/s.01k8rhncp4jt1\/2026\/03\/2063719.jpg\",\"keywords\":[\"\u00c1rea Metropolitana de Porto\",\"conserva\u00e7\u00e3o ambiental\",\"gest\u00e3o de res\u00edduos\",\"meio-ambiente\",\"polui\u00e7\u00e3o ambiental\",\"prote\u00e7\u00e3o ambiental\"],\"articleSection\":[\"Meio Ambiente\",\"Not\u00edcias\"],\"inLanguage\":\"pt-PT\"},{\"@type\":\"WebPage\",\"@id\":\"https:\/\/portaltela.pt\/noticias\/2026\/03\/28\/gaivotas-ficam-mais-agressivas-indicam-especialistas\/\",\"url\":\"https:\/\/portaltela.pt\/noticias\/2026\/03\/28\/gaivotas-ficam-mais-agressivas-indicam-especialistas\/\",\"name\":\"Gaivotas ficam mais agressivas, indicam especialistas - Portal Tela Portugal\",\"isPartOf\":{\"@id\":\"https:\/\/portaltela.pt\/#website\"},\"primaryImageOfPage\":{\"@id\":\"https:\/\/portaltela.pt\/noticias\/2026\/03\/28\/gaivotas-ficam-mais-agressivas-indicam-especialistas\/#primaryimage\"},\"image\":{\"@id\":\"https:\/\/portaltela.pt\/noticias\/2026\/03\/28\/gaivotas-ficam-mais-agressivas-indicam-especialistas\/#primaryimage\"},\"thumbnailUrl\":\"https:\/\/portaltela.pt\/s.01k8rhncp4jt1\/2026\/03\/2063719.jpg\",\"datePublished\":\"2026-03-28T22:54:00+00:00\",\"author\":{\"@id\":\"https:\/\/portaltela.pt\/#\/schema\/person\/c4278d4a6028830caff9ee44b42d32ed\"},\"breadcrumb\":{\"@id\":\"https:\/\/portaltela.pt\/noticias\/2026\/03\/28\/gaivotas-ficam-mais-agressivas-indicam-especialistas\/#breadcrumb\"},\"inLanguage\":\"pt-PT\",\"potentialAction\":[{\"@type\":\"ReadAction\",\"target\":[\"https:\/\/portaltela.pt\/noticias\/2026\/03\/28\/gaivotas-ficam-mais-agressivas-indicam-especialistas\/\"]}]},{\"@type\":\"ImageObject\",\"inLanguage\":\"pt-PT\",\"@id\":\"https:\/\/portaltela.pt\/noticias\/2026\/03\/28\/gaivotas-ficam-mais-agressivas-indicam-especialistas\/#primaryimage\",\"url\":\"https:\/\/portaltela.pt\/s.01k8rhncp4jt1\/2026\/03\/2063719.jpg\",\"contentUrl\":\"https:\/\/portaltela.pt\/s.01k8rhncp4jt1\/2026\/03\/2063719.jpg\",\"width\":796,\"height\":448,\"caption\":\"A popula\u00e7\u00e3o de gaivotas aumentou significativamente nos \u00faltimos anos na \u00c1rea Metropolitana do Porto\"},{\"@type\":\"BreadcrumbList\",\"@id\":\"https:\/\/portaltela.pt\/noticias\/2026\/03\/28\/gaivotas-ficam-mais-agressivas-indicam-especialistas\/#breadcrumb\",\"itemListElement\":[{\"@type\":\"ListItem\",\"position\":1,\"name\":\"In\u00edcio\",\"item\":\"https:\/\/portaltela.pt\/\"},{\"@type\":\"ListItem\",\"position\":2,\"name\":\"Gaivotas ficam mais agressivas, indicam especialistas\"}]},{\"@type\":\"WebSite\",\"@id\":\"https:\/\/portaltela.pt\/#website\",\"url\":\"https:\/\/portaltela.pt\/\",\"name\":\"Portal Tela Portugal\",\"description\":\"\",\"potentialAction\":[{\"@type\":\"SearchAction\",\"target\":{\"@type\":\"EntryPoint\",\"urlTemplate\":\"https:\/\/portaltela.pt\/?s={search_term_string}\"},\"query-input\":{\"@type\":\"PropertyValueSpecification\",\"valueRequired\":true,\"valueName\":\"search_term_string\"}}],\"inLanguage\":\"pt-PT\"},{\"@type\":\"Person\",\"@id\":\"https:\/\/portaltela.pt\/#\/schema\/person\/c4278d4a6028830caff9ee44b42d32ed\",\"name\":\"Telinha\",\"image\":{\"@type\":\"ImageObject\",\"inLanguage\":\"pt-PT\",\"@id\":\"https:\/\/portaltela.pt\/s.01k8rhncp4jt1\/2025\/11\/talking-bot-125x125.png\",\"url\":\"https:\/\/portaltela.pt\/s.01k8rhncp4jt1\/2025\/11\/talking-bot-125x125.png\",\"contentUrl\":\"https:\/\/portaltela.pt\/s.01k8rhncp4jt1\/2025\/11\/talking-bot-125x125.png\",\"caption\":\"Telinha\"},\"sameAs\":[\"https:\/\/portaltela.pt\/\"],\"url\":\"https:\/\/portaltela.pt\/por\/367410592786\/\"}]}<\/script>\n<!-- \/ Yoast SEO plugin. -->","yoast_head_json":{"title":"Gaivotas ficam mais agressivas, indicam especialistas - Portal Tela Portugal","robots":{"index":"index","follow":"follow","max-snippet":"max-snippet:-1","max-image-preview":"max-image-preview:large","max-video-preview":"max-video-preview:-1"},"og_locale":"pt_PT","og_type":"article","og_title":"Gaivotas ficam mais agressivas, indicam especialistas - Portal Tela Portugal","og_description":"A perce\u00e7\u00e3o de maior agressividade das gaivotas deve-se sobretudo ao aumento extraordin\u00e1rio da popula\u00e7\u00e3o urbana e \u00e0 abund\u00e2ncia de alimento criado pelas atividades humanas, n\u00e3o a uma mudan\u00e7a global no comportamento da esp\u00e9cie. Dados do censo de gaivotas urbanas (2021\/2022) mostram expans\u00e3o para norte, especialmente na \u00c1rea Metropolitana do Porto, com mais gaivotas em meio urbano desde in\u00edcio dos anos duzentos. Tr\u00eas fatores principais de alimenta\u00e7\u00e3o humana que sustentam o aumento s\u00e3o: aterros sanit\u00e1rios com gest\u00e3o deficiente, res\u00edduos dom\u00e9sticos ou comerciais acess\u00edveis e desperd\u00edcios da atividade piscat\u00f3ria. Fora da \u00e9poca reprodutiva, a agressividade n\u00e3o \u00e9 necessariamente maior; entre maio e agosto, durante incuba\u00e7\u00e3o e cria\u00e7\u00e3o de crias, as gaivotas apresentam comportamentos defensivos mais intensos. A gest\u00e3o adequada de res\u00edduos \u00e9 fundamental para reduzir conflitos: limitar disponibilidade de alimento, melhorar o tratamento de desperd\u00edcios em portos e manter lixo inacess\u00edvel no urbanismo.","og_url":"https:\/\/portaltela.pt\/noticias\/2026\/03\/28\/gaivotas-ficam-mais-agressivas-indicam-especialistas\/","og_site_name":"Portal Tela Portugal","article_published_time":"2026-03-28T22:54:00+00:00","author":"Telinha","twitter_card":"summary_large_image","twitter_misc":{"Escrito por":"Telinha","Tempo estimado de leitura":"2 minutos"},"schema":{"@context":"https:\/\/schema.org","@graph":[{"@type":"Article","@id":"https:\/\/portaltela.pt\/noticias\/2026\/03\/28\/gaivotas-ficam-mais-agressivas-indicam-especialistas\/#article","isPartOf":{"@id":"https:\/\/portaltela.pt\/noticias\/2026\/03\/28\/gaivotas-ficam-mais-agressivas-indicam-especialistas\/"},"author":{"name":"Telinha","@id":"https:\/\/portaltela.pt\/#\/schema\/person\/c4278d4a6028830caff9ee44b42d32ed"},"headline":"Gaivotas ficam mais agressivas, indicam especialistas","datePublished":"2026-03-28T22:54:00+00:00","mainEntityOfPage":{"@id":"https:\/\/portaltela.pt\/noticias\/2026\/03\/28\/gaivotas-ficam-mais-agressivas-indicam-especialistas\/"},"wordCount":417,"image":{"@id":"https:\/\/portaltela.pt\/noticias\/2026\/03\/28\/gaivotas-ficam-mais-agressivas-indicam-especialistas\/#primaryimage"},"thumbnailUrl":"https:\/\/portaltela.pt\/s.01k8rhncp4jt1\/2026\/03\/2063719.jpg","keywords":["\u00c1rea Metropolitana de Porto","conserva\u00e7\u00e3o ambiental","gest\u00e3o de res\u00edduos","meio-ambiente","polui\u00e7\u00e3o ambiental","prote\u00e7\u00e3o ambiental"],"articleSection":["Meio Ambiente","Not\u00edcias"],"inLanguage":"pt-PT"},{"@type":"WebPage","@id":"https:\/\/portaltela.pt\/noticias\/2026\/03\/28\/gaivotas-ficam-mais-agressivas-indicam-especialistas\/","url":"https:\/\/portaltela.pt\/noticias\/2026\/03\/28\/gaivotas-ficam-mais-agressivas-indicam-especialistas\/","name":"Gaivotas ficam mais agressivas, indicam especialistas - Portal Tela Portugal","isPartOf":{"@id":"https:\/\/portaltela.pt\/#website"},"primaryImageOfPage":{"@id":"https:\/\/portaltela.pt\/noticias\/2026\/03\/28\/gaivotas-ficam-mais-agressivas-indicam-especialistas\/#primaryimage"},"image":{"@id":"https:\/\/portaltela.pt\/noticias\/2026\/03\/28\/gaivotas-ficam-mais-agressivas-indicam-especialistas\/#primaryimage"},"thumbnailUrl":"https:\/\/portaltela.pt\/s.01k8rhncp4jt1\/2026\/03\/2063719.jpg","datePublished":"2026-03-28T22:54:00+00:00","author":{"@id":"https:\/\/portaltela.pt\/#\/schema\/person\/c4278d4a6028830caff9ee44b42d32ed"},"breadcrumb":{"@id":"https:\/\/portaltela.pt\/noticias\/2026\/03\/28\/gaivotas-ficam-mais-agressivas-indicam-especialistas\/#breadcrumb"},"inLanguage":"pt-PT","potentialAction":[{"@type":"ReadAction","target":["https:\/\/portaltela.pt\/noticias\/2026\/03\/28\/gaivotas-ficam-mais-agressivas-indicam-especialistas\/"]}]},{"@type":"ImageObject","inLanguage":"pt-PT","@id":"https:\/\/portaltela.pt\/noticias\/2026\/03\/28\/gaivotas-ficam-mais-agressivas-indicam-especialistas\/#primaryimage","url":"https:\/\/portaltela.pt\/s.01k8rhncp4jt1\/2026\/03\/2063719.jpg","contentUrl":"https:\/\/portaltela.pt\/s.01k8rhncp4jt1\/2026\/03\/2063719.jpg","width":796,"height":448,"caption":"A popula\u00e7\u00e3o de gaivotas aumentou significativamente nos \u00faltimos anos na \u00c1rea Metropolitana do Porto"},{"@type":"BreadcrumbList","@id":"https:\/\/portaltela.pt\/noticias\/2026\/03\/28\/gaivotas-ficam-mais-agressivas-indicam-especialistas\/#breadcrumb","itemListElement":[{"@type":"ListItem","position":1,"name":"In\u00edcio","item":"https:\/\/portaltela.pt\/"},{"@type":"ListItem","position":2,"name":"Gaivotas ficam mais agressivas, indicam especialistas"}]},{"@type":"WebSite","@id":"https:\/\/portaltela.pt\/#website","url":"https:\/\/portaltela.pt\/","name":"Portal Tela Portugal","description":"","potentialAction":[{"@type":"SearchAction","target":{"@type":"EntryPoint","urlTemplate":"https:\/\/portaltela.pt\/?s={search_term_string}"},"query-input":{"@type":"PropertyValueSpecification","valueRequired":true,"valueName":"search_term_string"}}],"inLanguage":"pt-PT"},{"@type":"Person","@id":"https:\/\/portaltela.pt\/#\/schema\/person\/c4278d4a6028830caff9ee44b42d32ed","name":"Telinha","image":{"@type":"ImageObject","inLanguage":"pt-PT","@id":"https:\/\/portaltela.pt\/s.01k8rhncp4jt1\/2025\/11\/talking-bot-125x125.png","url":"https:\/\/portaltela.pt\/s.01k8rhncp4jt1\/2025\/11\/talking-bot-125x125.png","contentUrl":"https:\/\/portaltela.pt\/s.01k8rhncp4jt1\/2025\/11\/talking-bot-125x125.png","caption":"Telinha"},"sameAs":["https:\/\/portaltela.pt\/"],"url":"https:\/\/portaltela.pt\/por\/367410592786\/"}]}},"_links":{"self":[{"href":"https:\/\/portaltela.pt\/api\/wp\/v2\/posts\/425485","targetHints":{"allow":["GET"]}}],"collection":[{"href":"https:\/\/portaltela.pt\/api\/wp\/v2\/posts"}],"about":[{"href":"https:\/\/portaltela.pt\/api\/wp\/v2\/types\/post"}],"author":[{"embeddable":true,"href":"https:\/\/portaltela.pt\/api\/wp\/v2\/users\/2"}],"replies":[{"embeddable":true,"href":"https:\/\/portaltela.pt\/api\/wp\/v2\/comments?post=425485"}],"version-history":[{"count":0,"href":"https:\/\/portaltela.pt\/api\/wp\/v2\/posts\/425485\/revisions"}],"wp:featuredmedia":[{"embeddable":true,"href":"https:\/\/portaltela.pt\/api\/wp\/v2\/media\/425487"}],"wp:attachment":[{"href":"https:\/\/portaltela.pt\/api\/wp\/v2\/media?parent=425485"}],"wp:term":[{"taxonomy":"category","embeddable":true,"href":"https:\/\/portaltela.pt\/api\/wp\/v2\/categories?post=425485"},{"taxonomy":"post_tag","embeddable":true,"href":"https:\/\/portaltela.pt\/api\/wp\/v2\/tags?post=425485"}],"curies":[{"name":"wp","href":"https:\/\/api.w.org\/{rel}","templated":true}]}}